{"id":463336,"date":"2026-04-27T15:30:17","date_gmt":"2026-04-27T13:30:17","guid":{"rendered":"https:\/\/llyc.global\/ideas\/rafa-anton-reconocido-por-su-trayectoria-profesional-por-festival-jovenes-tocados-por-la-publicidad\/"},"modified":"2026-04-27T15:44:20","modified_gmt":"2026-04-27T13:44:20","slug":"rafa-anton-recognized-for-his-professional-career-by-the-festival-jovenes-tocados-por-la-publicidad","status":"publish","type":"post","link":"https:\/\/llyc.global\/en\/marketing\/tendencias\/rafa-anton-recognized-for-his-professional-career-by-the-festival-jovenes-tocados-por-la-publicidad\/","title":{"rendered":"Rafa Ant\u00f3n, recognized for his Professional Career by the Festival J\u00f3venes Tocados por la Publicidad"},"content":{"rendered":"<p><strong>Rafa Ant\u00f3n, Global Creative Director of LLYC<\/strong>, has been honored with the Lifetime Achievement Award at the Festival J\u00f3venes Tocados por la Publicidad at Nebrija University, establishing himself, once again, <strong>as one of the most influential figures in creativity in Spain.<\/strong><\/p>\n<p>His professional work, &#8220;applauded by many industry colleagues who did not hesitate to accompany him, remains an example for new generations,&#8221; the university argues.<\/p>\n<p>His career has also been recognized at international festivals such as Cannes Lions, as well as other prestigious industry competitions where his work has been repeatedly awarded and highlighted. Furthermore, he has participated as a juror in various advertising festivals, contributing his experience to the evaluation of creativity on an international level. His career was also recognized with the Award for Best Professional Career at the 2025 Eficacia Awards.<\/p>\n<p>With more than three decades of experience, Rafa is one of the most influential voices in contemporary creativity. He co-founded CHINA in 2010 after an extensive period as Creative Director at Leo Burnett Spain and his time on the Global Creative Council. He has developed campaigns for brands such as Coca-Cola, Levi\u2019s, VISA, Loewe, WWF, Alhambra, or Adolfo Dom\u00ednguez, consolidating a vision of creativity based on impact and meaning.<\/p>\n<p><strong>The Festival J\u00f3venes Tocados por la Publicidad reinforces the connection between university and industry,<\/strong> championing the learning by doing model since 1998 and establishing itself as a platform for emerging talent in the communication field.<\/p>\n<p>Congratulations to Rafa!<\/p>\n","protected":false},"excerpt":{"rendered":"<p>Rafa Ant\u00f3n, Global Creative Director of LLYC, has been honored with the Lifetime Achievement Award at the Festival J\u00f3venes Tocados por la Publicidad at Nebrija University, establishing himself, once again, as one of the most influential figures in creativity in Spain. His professional work, &#8220;applauded by many industry colleagues who did not hesitate to accompany [&hellip;]<\/p>\n","protected":false},"author":22,"featured_media":0,"comment_status":"closed","ping_status":"closed","sticky":false,"template":"","format":"standard","meta":{"_acf_changed":false,"_et_pb_use_builder":"","_et_pb_old_content":"","_et_gb_content_width":"","footnotes":""},"categories":[93],"class_list":["post-463336","post","type-post","status-publish","format-standard","hentry","category-marketing"],"acf":[],"yoast_head":"<!-- This site is optimized with the Yoast SEO Premium plugin v24.7 (Yoast SEO v24.7) - https:\/\/yoast.com\/wordpress\/plugins\/seo\/ -->\n<title>Rafa Ant\u00f3n, recognized for his Professional Career by the Festival J\u00f3venes Tocados por la Publicidad - LLYC<\/title>\n<meta name=\"description\" content=\"Rafa Ant\u00f3n, Global Chief Creative Officer at LLYC, is recognized for his career at the J\u00f3venes Tocados por la Publicidad Festival, consolidating his leadership in creativity.\" \/>\n<meta name=\"robots\" content=\"index, follow, max-snippet:-1, max-image-preview:large, max-video-preview:-1\" \/>\n<link rel=\"canonical\" href=\"https:\/\/llyc.global\/en\/marketing\/tendencias\/rafa-anton-recognized-for-his-professional-career-by-the-festival-jovenes-tocados-por-la-publicidad\/\" \/>\n<meta property=\"og:locale\" content=\"en_US\" \/>\n<meta property=\"og:type\" content=\"article\" \/>\n<meta property=\"og:title\" content=\"Rafa Ant\u00f3n, recognized for his Professional Career by the Festival J\u00f3venes Tocados por la Publicidad\" \/>\n<meta property=\"og:description\" content=\"Rafa Ant\u00f3n, Global Chief Creative Officer at LLYC, is recognized for his career at the J\u00f3venes Tocados por la Publicidad Festival, consolidating his leadership in creativity.\" \/>\n<meta property=\"og:url\" content=\"https:\/\/llyc.global\/en\/marketing\/tendencias\/rafa-anton-recognized-for-his-professional-career-by-the-festival-jovenes-tocados-por-la-publicidad\/\" \/>\n<meta property=\"og:site_name\" content=\"LLYC\" \/>\n<meta property=\"article:publisher\" content=\"https:\/\/www.facebook.com\/LLYC.Global\/\" \/>\n<meta property=\"article:published_time\" content=\"2026-04-27T13:30:17+00:00\" \/>\n<meta property=\"article:modified_time\" content=\"2026-04-27T13:44:20+00:00\" \/>\n<meta property=\"og:image\" content=\"https:\/\/llyc.global\/wp-content\/uploads\/2026\/04\/Tocados_Rafa_Anton_LLYC_mobile.jpg\" \/>\n\t<meta property=\"og:image:width\" content=\"354\" \/>\n\t<meta property=\"og:image:height\" content=\"316\" \/>\n\t<meta property=\"og:image:type\" content=\"image\/jpeg\" \/>\n<meta name=\"author\" content=\"Karla Cruz Cabrera\" \/>\n<meta name=\"twitter:card\" content=\"summary_large_image\" \/>\n<meta name=\"twitter:creator\" content=\"@llorenteycuenca\" \/>\n<meta name=\"twitter:site\" content=\"@llorenteycuenca\" \/>\n<meta name=\"twitter:label1\" content=\"Written by\" \/>\n\t<meta name=\"twitter:data1\" content=\"Karla Cruz Cabrera\" \/>\n\t<meta name=\"twitter:label2\" content=\"Est. reading time\" \/>\n\t<meta name=\"twitter:data2\" content=\"2 minutes\" \/>\n<!-- \/ Yoast SEO Premium plugin. -->","yoast_head_json":{"title":"Rafa Ant\u00f3n, recognized for his Professional Career by the Festival J\u00f3venes Tocados por la Publicidad - LLYC","description":"Rafa Ant\u00f3n, Global Chief Creative Officer at LLYC, is recognized for his career at the J\u00f3venes Tocados por la Publicidad Festival, consolidating his leadership in creativity.","robots":{"index":"index","follow":"follow","max-snippet":"max-snippet:-1","max-image-preview":"max-image-preview:large","max-video-preview":"max-video-preview:-1"},"canonical":"https:\/\/llyc.global\/en\/marketing\/tendencias\/rafa-anton-recognized-for-his-professional-career-by-the-festival-jovenes-tocados-por-la-publicidad\/","og_locale":"en_US","og_type":"article","og_title":"Rafa Ant\u00f3n, recognized for his Professional Career by the Festival J\u00f3venes Tocados por la Publicidad","og_description":"Rafa Ant\u00f3n, Global Chief Creative Officer at LLYC, is recognized for his career at the J\u00f3venes Tocados por la Publicidad Festival, consolidating his leadership in creativity.","og_url":"https:\/\/llyc.global\/en\/marketing\/tendencias\/rafa-anton-recognized-for-his-professional-career-by-the-festival-jovenes-tocados-por-la-publicidad\/","og_site_name":"LLYC","article_publisher":"https:\/\/www.facebook.com\/LLYC.Global\/","article_published_time":"2026-04-27T13:30:17+00:00","article_modified_time":"2026-04-27T13:44:20+00:00","og_image":[{"width":354,"height":316,"url":"https:\/\/llyc.global\/wp-content\/uploads\/2026\/04\/Tocados_Rafa_Anton_LLYC_mobile.jpg","type":"image\/jpeg"}],"author":"Karla Cruz Cabrera","twitter_card":"summary_large_image","twitter_creator":"@llorenteycuenca","twitter_site":"@llorenteycuenca","twitter_misc":{"Written by":"Karla Cruz Cabrera","Est. reading time":"2 minutes"},"schema":{"@context":"https:\/\/schema.org","@graph":[{"@type":"WebPage","@id":"https:\/\/llyc.global\/en\/marketing\/tendencias\/rafa-anton-recognized-for-his-professional-career-by-the-festival-jovenes-tocados-por-la-publicidad\/","url":"https:\/\/llyc.global\/en\/marketing\/tendencias\/rafa-anton-recognized-for-his-professional-career-by-the-festival-jovenes-tocados-por-la-publicidad\/","name":"Rafa Ant\u00f3n, recognized for his Professional Career by the Festival J\u00f3venes Tocados por la Publicidad - LLYC","isPartOf":{"@id":"https:\/\/llyc.global\/en\/#website"},"datePublished":"2026-04-27T13:30:17+00:00","dateModified":"2026-04-27T13:44:20+00:00","author":{"@id":"https:\/\/llyc.global\/en\/#\/schema\/person\/54becd68bec7ae94ccaaa5662a99fef9"},"description":"Rafa Ant\u00f3n, Global Chief Creative Officer at LLYC, is recognized for his career at the J\u00f3venes Tocados por la Publicidad Festival, consolidating his leadership in creativity.","breadcrumb":{"@id":"https:\/\/llyc.global\/en\/marketing\/tendencias\/rafa-anton-recognized-for-his-professional-career-by-the-festival-jovenes-tocados-por-la-publicidad\/#breadcrumb"},"inLanguage":"en-US","potentialAction":[{"@type":"ReadAction","target":["https:\/\/llyc.global\/en\/marketing\/tendencias\/rafa-anton-recognized-for-his-professional-career-by-the-festival-jovenes-tocados-por-la-publicidad\/"]}]},{"@type":"BreadcrumbList","@id":"https:\/\/llyc.global\/en\/marketing\/tendencias\/rafa-anton-recognized-for-his-professional-career-by-the-festival-jovenes-tocados-por-la-publicidad\/#breadcrumb","itemListElement":[{"@type":"ListItem","position":1,"name":"Home","item":"https:\/\/llyc.global\/en\/"},{"@type":"ListItem","position":2,"name":"Rafa Ant\u00f3n, recognized for his Professional Career by the Festival J\u00f3venes Tocados por la Publicidad"}]},{"@type":"WebSite","@id":"https:\/\/llyc.global\/en\/#website","url":"https:\/\/llyc.global\/en\/","name":"LLYC","description":"Consultoria de comunicaci\u00f3n marketing y asuntos p\u00fablicos","potentialAction":[{"@type":"SearchAction","target":{"@type":"EntryPoint","urlTemplate":"https:\/\/llyc.global\/en\/?s={search_term_string}"},"query-input":{"@type":"PropertyValueSpecification","valueRequired":true,"valueName":"search_term_string"}}],"inLanguage":"en-US"},{"@type":"Person","@id":"https:\/\/llyc.global\/en\/#\/schema\/person\/54becd68bec7ae94ccaaa5662a99fef9","name":"Karla Cruz Cabrera","image":{"@type":"ImageObject","inLanguage":"en-US","@id":"https:\/\/llyc.global\/en\/#\/schema\/person\/image\/","url":"https:\/\/secure.gravatar.com\/avatar\/7d7f7916b167732e8952fd54d1a28124?s=96&d=mm&r=g","contentUrl":"https:\/\/secure.gravatar.com\/avatar\/7d7f7916b167732e8952fd54d1a28124?s=96&d=mm&r=g","caption":"Karla Cruz Cabrera"}}]}},"_links":{"self":[{"href":"https:\/\/llyc.global\/en\/wp-json\/wp\/v2\/posts\/463336","targetHints":{"allow":["GET"]}}],"collection":[{"href":"https:\/\/llyc.global\/en\/wp-json\/wp\/v2\/posts"}],"about":[{"href":"https:\/\/llyc.global\/en\/wp-json\/wp\/v2\/types\/post"}],"author":[{"embeddable":true,"href":"https:\/\/llyc.global\/en\/wp-json\/wp\/v2\/users\/22"}],"replies":[{"embeddable":true,"href":"https:\/\/llyc.global\/en\/wp-json\/wp\/v2\/comments?post=463336"}],"version-history":[{"count":3,"href":"https:\/\/llyc.global\/en\/wp-json\/wp\/v2\/posts\/463336\/revisions"}],"predecessor-version":[{"id":463351,"href":"https:\/\/llyc.global\/en\/wp-json\/wp\/v2\/posts\/463336\/revisions\/463351"}],"wp:attachment":[{"href":"https:\/\/llyc.global\/en\/wp-json\/wp\/v2\/media?parent=463336"}],"wp:term":[{"taxonomy":"category","embeddable":true,"href":"https:\/\/llyc.global\/en\/wp-json\/wp\/v2\/categories?post=463336"}],"curies":[{"name":"wp","href":"https:\/\/api.w.org\/{rel}","templated":true}]}}