{"id":54081,"date":"2015-06-16T00:00:00","date_gmt":"2015-06-15T22:00:00","guid":{"rendered":"https:\/\/llyc.global\/2015\/06\/16\/european-union-mexico-working-together-to-face-global-challenges\/"},"modified":"2015-06-16T00:00:00","modified_gmt":"2015-06-15T22:00:00","slug":"european-union-mexico-working-together-to-face-global-challenges","status":"publish","type":"post","link":"https:\/\/llyc.global\/en\/ideas\/european-union-mexico-working-together-to-face-global-challenges\/","title":{"rendered":"European Union &#8211; Mexico: working together to face global challenges"},"content":{"rendered":"<p>Mexico\u2019s relationship with the EU has always been quite important thanks to the opportunities for economic growth it has entailed for both regions. For Mexico, it is one of the best options to further diversify its economic and trade relations, which mainly focus on the U.S. and Canada. For Europe, it is crucial to have a strategic partner like Mexico, both at international forums and in the Americas.<\/p>\n<p>This report analyses the relationship between the European Union and Mexico, highlighting the main challenges that both regions are facing after the summit of the last 12th of June in Brussels.<\/p>\n<p><b>Jos\u00e9 Isa\u00edas Rodr\u00edguez, <\/b><strong>Vice President of Public Affairs at LLORENTE &amp; CUENCA<\/strong><\/p>\n<p><a href=\"https:\/\/mx.linkedin.com\/pub\/guillermo-m%C3%A1ynez\/26\/411\/462\" target=\"_blank\" rel=\"noopener\"><b>Guillermo M\u00e1ynez<\/b><\/a>, <b>Senior Director of Public Affairs at LLORENTE &amp; CUENCA Mexico.<\/b><\/p>\n","protected":false},"excerpt":{"rendered":"<p>Mexico\u2019s relationship with the EU has always been quite important thanks to the opportunities for economic growth it has entailed for both regions. For Mexico, it is one of the best options to further diversify its economic and trade relations, which mainly focus on the U.S. and Canada. For Europe, it is crucial to have [&hellip;]<\/p>\n","protected":false},"author":4,"featured_media":39248,"comment_status":"closed","ping_status":"closed","sticky":false,"template":"","format":"standard","meta":{"_acf_changed":false,"_et_pb_use_builder":"","_et_pb_old_content":"","_et_gb_content_width":"","footnotes":""},"categories":[86],"class_list":["post-54081","post","type-post","status-publish","format-standard","has-post-thumbnail","hentry","category-ideas"],"acf":[],"yoast_head":"<!-- This site is optimized with the Yoast SEO Premium plugin v24.7 (Yoast SEO v24.7) - https:\/\/yoast.com\/wordpress\/plugins\/seo\/ -->\n<title>European Union - Mexico: working together to face global challenges - LLYC<\/title>\n<meta name=\"robots\" content=\"index, follow, max-snippet:-1, max-image-preview:large, max-video-preview:-1\" \/>\n<link rel=\"canonical\" href=\"https:\/\/llyc.global\/en\/ideas\/european-union-mexico-working-together-to-face-global-challenges\/\" \/>\n<meta property=\"og:locale\" content=\"en_US\" \/>\n<meta property=\"og:type\" content=\"article\" \/>\n<meta property=\"og:title\" content=\"European Union - Mexico: working together to face global challenges\" \/>\n<meta property=\"og:description\" content=\"Mexico\u2019s relationship with the EU has always been quite important thanks to the opportunities for economic growth it has entailed for both regions. For Mexico, it is one of the best options to further diversify its economic and trade relations, which mainly focus on the U.S. and Canada. For Europe, it is crucial to have [&hellip;]\" \/>\n<meta property=\"og:url\" content=\"https:\/\/llyc.global\/en\/ideas\/european-union-mexico-working-together-to-face-global-challenges\/\" \/>\n<meta property=\"og:site_name\" content=\"LLYC\" \/>\n<meta property=\"article:publisher\" content=\"https:\/\/www.facebook.com\/LLYC.Global\/\" \/>\n<meta property=\"article:published_time\" content=\"2015-06-15T22:00:00+00:00\" \/>\n<meta property=\"og:image\" content=\"https:\/\/llyc.global\/wp-content\/uploads\/2023\/10\/shutterstock_262627886.jpg\" \/>\n\t<meta property=\"og:image:width\" content=\"960\" \/>\n\t<meta property=\"og:image:height\" content=\"576\" \/>\n\t<meta property=\"og:image:type\" content=\"image\/jpeg\" \/>\n<meta name=\"author\" content=\"maguilar\" \/>\n<meta name=\"twitter:card\" content=\"summary_large_image\" \/>\n<meta name=\"twitter:creator\" content=\"@llorenteycuenca\" \/>\n<meta name=\"twitter:site\" content=\"@llorenteycuenca\" \/>\n<meta name=\"twitter:label1\" content=\"Written by\" \/>\n\t<meta name=\"twitter:data1\" content=\"maguilar\" \/>\n\t<meta name=\"twitter:label2\" content=\"Est. reading time\" \/>\n\t<meta name=\"twitter:data2\" content=\"1 minute\" \/>\n<!-- \/ Yoast SEO Premium plugin. -->","yoast_head_json":{"title":"European Union - Mexico: working together to face global challenges - LLYC","robots":{"index":"index","follow":"follow","max-snippet":"max-snippet:-1","max-image-preview":"max-image-preview:large","max-video-preview":"max-video-preview:-1"},"canonical":"https:\/\/llyc.global\/en\/ideas\/european-union-mexico-working-together-to-face-global-challenges\/","og_locale":"en_US","og_type":"article","og_title":"European Union - Mexico: working together to face global challenges","og_description":"Mexico\u2019s relationship with the EU has always been quite important thanks to the opportunities for economic growth it has entailed for both regions. For Mexico, it is one of the best options to further diversify its economic and trade relations, which mainly focus on the U.S. and Canada. For Europe, it is crucial to have [&hellip;]","og_url":"https:\/\/llyc.global\/en\/ideas\/european-union-mexico-working-together-to-face-global-challenges\/","og_site_name":"LLYC","article_publisher":"https:\/\/www.facebook.com\/LLYC.Global\/","article_published_time":"2015-06-15T22:00:00+00:00","og_image":[{"width":960,"height":576,"url":"https:\/\/llyc.global\/wp-content\/uploads\/2023\/10\/shutterstock_262627886.jpg","type":"image\/jpeg"}],"author":"maguilar","twitter_card":"summary_large_image","twitter_creator":"@llorenteycuenca","twitter_site":"@llorenteycuenca","twitter_misc":{"Written by":"maguilar","Est. reading time":"1 minute"},"schema":{"@context":"https:\/\/schema.org","@graph":[{"@type":"WebPage","@id":"https:\/\/llyc.global\/en\/ideas\/european-union-mexico-working-together-to-face-global-challenges\/","url":"https:\/\/llyc.global\/en\/ideas\/european-union-mexico-working-together-to-face-global-challenges\/","name":"European Union - Mexico: working together to face global challenges - LLYC","isPartOf":{"@id":"https:\/\/llyc.global\/en\/#website"},"primaryImageOfPage":{"@id":"https:\/\/llyc.global\/en\/ideas\/european-union-mexico-working-together-to-face-global-challenges\/#primaryimage"},"image":{"@id":"https:\/\/llyc.global\/en\/ideas\/european-union-mexico-working-together-to-face-global-challenges\/#primaryimage"},"thumbnailUrl":"https:\/\/llyc.global\/wp-content\/uploads\/2023\/10\/shutterstock_262627886.jpg","datePublished":"2015-06-15T22:00:00+00:00","author":{"@id":"https:\/\/llyc.global\/en\/#\/schema\/person\/8187160eba73b996b064cce622bd4541"},"breadcrumb":{"@id":"https:\/\/llyc.global\/en\/ideas\/european-union-mexico-working-together-to-face-global-challenges\/#breadcrumb"},"inLanguage":"en-US","potentialAction":[{"@type":"ReadAction","target":["https:\/\/llyc.global\/en\/ideas\/european-union-mexico-working-together-to-face-global-challenges\/"]}]},{"@type":"ImageObject","inLanguage":"en-US","@id":"https:\/\/llyc.global\/en\/ideas\/european-union-mexico-working-together-to-face-global-challenges\/#primaryimage","url":"https:\/\/llyc.global\/wp-content\/uploads\/2023\/10\/shutterstock_262627886.jpg","contentUrl":"https:\/\/llyc.global\/wp-content\/uploads\/2023\/10\/shutterstock_262627886.jpg","width":960,"height":576},{"@type":"BreadcrumbList","@id":"https:\/\/llyc.global\/en\/ideas\/european-union-mexico-working-together-to-face-global-challenges\/#breadcrumb","itemListElement":[{"@type":"ListItem","position":1,"name":"Home","item":"https:\/\/llyc.global\/en\/"},{"@type":"ListItem","position":2,"name":"European Union &#8211; Mexico: working together to face global challenges"}]},{"@type":"WebSite","@id":"https:\/\/llyc.global\/en\/#website","url":"https:\/\/llyc.global\/en\/","name":"LLYC","description":"Consultoria de comunicaci\u00f3n marketing y asuntos p\u00fablicos","potentialAction":[{"@type":"SearchAction","target":{"@type":"EntryPoint","urlTemplate":"https:\/\/llyc.global\/en\/?s={search_term_string}"},"query-input":{"@type":"PropertyValueSpecification","valueRequired":true,"valueName":"search_term_string"}}],"inLanguage":"en-US"},{"@type":"Person","@id":"https:\/\/llyc.global\/en\/#\/schema\/person\/8187160eba73b996b064cce622bd4541","name":"maguilar","image":{"@type":"ImageObject","inLanguage":"en-US","@id":"https:\/\/llyc.global\/en\/#\/schema\/person\/image\/","url":"https:\/\/secure.gravatar.com\/avatar\/2567cb4cb8cda24204d7f7cde2c10fbd?s=96&d=mm&r=g","contentUrl":"https:\/\/secure.gravatar.com\/avatar\/2567cb4cb8cda24204d7f7cde2c10fbd?s=96&d=mm&r=g","caption":"maguilar"}}]}},"_links":{"self":[{"href":"https:\/\/llyc.global\/en\/wp-json\/wp\/v2\/posts\/54081","targetHints":{"allow":["GET"]}}],"collection":[{"href":"https:\/\/llyc.global\/en\/wp-json\/wp\/v2\/posts"}],"about":[{"href":"https:\/\/llyc.global\/en\/wp-json\/wp\/v2\/types\/post"}],"author":[{"embeddable":true,"href":"https:\/\/llyc.global\/en\/wp-json\/wp\/v2\/users\/4"}],"replies":[{"embeddable":true,"href":"https:\/\/llyc.global\/en\/wp-json\/wp\/v2\/comments?post=54081"}],"version-history":[{"count":0,"href":"https:\/\/llyc.global\/en\/wp-json\/wp\/v2\/posts\/54081\/revisions"}],"wp:featuredmedia":[{"embeddable":true,"href":"https:\/\/llyc.global\/en\/wp-json\/wp\/v2\/media\/39248"}],"wp:attachment":[{"href":"https:\/\/llyc.global\/en\/wp-json\/wp\/v2\/media?parent=54081"}],"wp:term":[{"taxonomy":"category","embeddable":true,"href":"https:\/\/llyc.global\/en\/wp-json\/wp\/v2\/categories?post=54081"}],"curies":[{"name":"wp","href":"https:\/\/api.w.org\/{rel}","templated":true}]}}