{"id":56608,"date":"2017-09-14T00:00:00","date_gmt":"2017-09-13T22:00:00","guid":{"rendered":"https:\/\/llyc.global\/2017\/09\/14\/regional-view-populism-on-the-rise-in-latin-america\/"},"modified":"2023-10-26T04:11:33","modified_gmt":"2023-10-26T02:11:33","slug":"regional-view-populism-on-the-rise-in-latin-america","status":"publish","type":"post","link":"https:\/\/llyc.global\/en\/ideas\/regional-view-populism-on-the-rise-in-latin-america\/","title":{"rendered":"Latin America\u2019s new wave of populism-a movement more alive than ever before"},"content":{"rendered":"<p>[et_pb_section admin_label=&#8221;section&#8221;][et_pb_row admin_label=&#8221;row&#8221; make_fullwidth=&#8221;on&#8221; use_custom_width=&#8221;off&#8221; width_unit=&#8221;on&#8221; use_custom_gutter=&#8221;off&#8221; padding_mobile=&#8221;off&#8221; allow_player_pause=&#8221;off&#8221; parallax=&#8221;off&#8221; parallax_method=&#8221;off&#8221; make_equal=&#8221;off&#8221; parallax_1=&#8221;off&#8221; parallax_method_1=&#8221;off&#8221; column_padding_mobile=&#8221;on&#8221;][et_pb_column type=&#8221;4_4&#8243;][et_pb_image admin_label=&#8221;Image&#8221; src=&#8221;https:\/\/ideasen.llorenteycuenca.com\/wp-content\/uploads\/sites\/6\/2017\/09\/Nota-Descarga_ENG.png&#8221; show_in_lightbox=&#8221;off&#8221; url_new_window=&#8221;on&#8221; use_overlay=&#8221;off&#8221; animation=&#8221;off&#8221; sticky=&#8221;off&#8221; align=&#8221;left&#8221; force_fullwidth=&#8221;off&#8221; always_center_on_mobile=&#8221;on&#8221; use_border_color=&#8221;off&#8221; border_color=&#8221;#ffffff&#8221; border_style=&#8221;solid&#8221; url=&#8221;https:\/\/ideasen.llorenteycuenca.com\/wp-content\/uploads\/sites\/6\/2017\/09\/170914_Informe_Populismo_ENG_OK.pdf&#8221;] [\/et_pb_image][et_pb_text admin_label=&#8221;Introducci\u00f3n&#8221; background_layout=&#8221;light&#8221; text_orientation=&#8221;left&#8221; use_border_color=&#8221;off&#8221; border_color=&#8221;#ffffff&#8221; border_style=&#8221;solid&#8221;]<\/p>\n<p style=\"text-align: justify;\">Latin America prepares for an intense wave of elections in coming months, which will be decisive for the continent. While the region waits to see what will happen in Venezuela, countries like Chile, Honduras, Costa Rica, Paraguay, Colombia, Mexico and Brazil will hold their presidential elections by 2018. Against all odds, populism is still a factor in this political scenario, and instead of falling apart, it is more alive than ever. Beyond its wave of ideological momentum in Europe and the Americas, populism has started to produce similar leadership formulas wherever it sets up shop. New populist leaders have charisma, authoritarian leanings, political incorrectness and rhetoric around playing their part in the whole. They also share an aversion to nuance; a stark division into \u201cgood\u201d and \u201cevil;\u201d a visceral rejection of the political classes, which they consider merely a powerful mafia; and the surprising ability to capitalize on all types of protest votes, using them to their own benefit.<\/p>\n<p style=\"text-align: justify;\"><strong>Luisa Garc\u00eda<\/strong><br \/>\nPartner and COO for Latin America of LLORENTE &amp; CUENCA.<\/p>\n<p style=\"text-align: justify;\"><strong>Claudio Vallejo<\/strong><br \/>\nSenior Director of the Latam Desk at LLORENTE &amp; CUENCA Spain.<\/p>\n<p>[\/et_pb_text][\/et_pb_column][\/et_pb_row][\/et_pb_section][et_pb_section admin_label=&#8221;Secci\u00f3n&#8221; fullwidth=&#8221;off&#8221; specialty=&#8221;off&#8221; transparent_background=&#8221;off&#8221; background_color=&#8221;#f9f9f9&#8243; allow_player_pause=&#8221;off&#8221; inner_shadow=&#8221;off&#8221; parallax=&#8221;off&#8221; parallax_method=&#8221;off&#8221; padding_mobile=&#8221;off&#8221; make_fullwidth=&#8221;off&#8221; use_custom_width=&#8221;off&#8221; width_unit=&#8221;on&#8221; make_equal=&#8221;off&#8221; use_custom_gutter=&#8221;off&#8221;][et_pb_row admin_label=&#8221;Fila&#8221; make_fullwidth=&#8221;on&#8221; use_custom_width=&#8221;off&#8221; width_unit=&#8221;on&#8221; use_custom_gutter=&#8221;off&#8221; padding_mobile=&#8221;off&#8221; allow_player_pause=&#8221;off&#8221; parallax=&#8221;off&#8221; parallax_method=&#8221;off&#8221; make_equal=&#8221;off&#8221; parallax_1=&#8221;off&#8221; parallax_method_1=&#8221;off&#8221; column_padding_mobile=&#8221;on&#8221;][et_pb_column type=&#8221;4_4&#8243;][et_pb_text admin_label=&#8221;Introducci\u00f3n&#8221; background_layout=&#8221;light&#8221; text_orientation=&#8221;left&#8221; use_border_color=&#8221;off&#8221; border_color=&#8221;#ffffff&#8221; border_style=&#8221;solid&#8221;]<\/p>\n<h2><span style=\"color: #64a70b;\">INTRODUCTION\u00a0<\/span><\/h2>\n<p>The outcomes of various electoral votes since 2015 have caused the perception to spread that populism and populist demagogic movements at both ends of the spectrum\u2013at their peak in Europe and the United States with leaders such as Donald Trump, Marine Le Pen, Podemos and Syriza\u2013are actually beating a retreat in Latin America. Latin American elections in the last two years, beyond the specificities typical of each nation, would seem to reveal and confirm this ebb.<\/p>\n<p>As a result of Mauricio Macri\u2019s 2015 victory over \u201cKirchnerism,\u201d the idea of a populist withdrawal has already been aired by Italian academic Loris Zanatta, who wrote the following in the <em>La Naci\u00f3n<\/em> newspaper: \u201cNow that the favorable economic cycle is behind us, the open economies of the Pacific Alliance are generally proving to be more robust and dynamic than the nationalist and autocratic economies in the countries bordering the Atlantic. Thus, to understand the new climate that\u2013according to certain signs\u2013would seem to be blossoming in Latin America, it is better to measure by their nature the political regimes. By doing so, we can see the broad<br \/>\nsupport populist regimes have enjoyed until now deflating the demand for normal democracies, with no adjectives, growing.\u201d<\/p>\n<p>Nonetheless, as we will try to demonstrate in this article,\u00a0the looming end of populism in Latin America is actually a mirage, a false perception. Here, we will look at populism as a way of interpreting the political game, one in which populists claim the total representation of a \u201cpeople,\u201d formed only by the populist leader\u2019s supporters, while the opposition lacks legitimacy and is accused of being unpatriotic. This approach, far from being on the decline in Latin America,\u00a0continues to flourish, and is now brandished not only by parties,\u00a0movements and leaderships linked to 21st century socialism,\u00a0but also by groups on the right of the political spectrum,<br \/>\nproviding greater opportunities to win elections and obtain electoral impact.<\/p>\n<p>[\/et_pb_text][et_pb_video admin_label=&#8221;V\u00eddeo&#8221; src=&#8221;https:\/\/youtu.be\/Gf15Is3MEqY&#8221; image_src=&#8221;https:\/\/ideasen.llorenteycuenca.com\/wp-content\/uploads\/sites\/6\/2017\/09\/Video_Celag1.png&#8221;] [\/et_pb_video][et_pb_text admin_label=&#8221;Texto&#8221; background_layout=&#8221;light&#8221; text_orientation=&#8221;left&#8221; use_border_color=&#8221;off&#8221; border_color=&#8221;#ffffff&#8221; border_style=&#8221;solid&#8221;]<\/p>\n<p>Effectively, the strands Latin American populism is made of are enduring, persisting into the current regional situation. Indeed, there are clear signs of new populist forms and leaderships emerging from the fatigue certain governments are suffering, as well as the deceleration and growing disenchantment toward inefficient and ineffective states not suitably addressing the growing middle class\u2019s needs, leaving them feeling let down. This new face of populism, whose immense majority resides on the fringe of \u201c21st<br \/>\ncentury socialism,\u201d continue to be filled with authoritarianism, committed to protectionism, run by charismatic leaderships and characterized by institutionalization. As political expert Andres Malamud stresses:<\/p>\n<p>\u201cPopulism promotes a direct relationship between the leader and the masses. To evade parliaments and political parties, populist leaders build dissonance and take their stand firmly on one side: that of the people. The generic name for populism is Manicheism. More than institutions or the elite, the enemy of populism is nuance.&#8221;<\/p>\n<p>In short, though we have seen the defeat of Kirchnerism in Argentina and Chavism in Venezuela\u2019s legislature, as well as the difficulties Correa had holding onto power in Ecuador, these do not represent any kind of end to Latin American populism. It is actually the complete opposite\u2013as head researcher at the Royal Elcano Institute Carlos Malamud said, \u201cThere will be new types of populism in this new wave, although of a different character than what revailed since 1998 and continued with great strength until Hugo Chavez\u2019s death in March 2013.\u201d This article will analyze the changing political cycle the region is experiencing and how, along with the alternatives of the rising center-right and declining center-left, other types of positions begin to emerge from right-wing populism, developing parallel to the persisting shipwrecked remains of 21st century socialism\u2013left-wing populism.<\/p>\n<p>[\/et_pb_text][\/et_pb_column][\/et_pb_row][\/et_pb_section][et_pb_section admin_label=&#8221;Secci\u00f3n&#8221; fullwidth=&#8221;off&#8221; specialty=&#8221;off&#8221; transparent_background=&#8221;off&#8221; background_color=&#8221;#ffffff&#8221; allow_player_pause=&#8221;off&#8221; inner_shadow=&#8221;off&#8221; parallax=&#8221;off&#8221; parallax_method=&#8221;off&#8221; padding_mobile=&#8221;off&#8221; make_fullwidth=&#8221;off&#8221; use_custom_width=&#8221;off&#8221; width_unit=&#8221;on&#8221; make_equal=&#8221;off&#8221; use_custom_gutter=&#8221;off&#8221;][et_pb_row admin_label=&#8221;Fila&#8221; make_fullwidth=&#8221;on&#8221; use_custom_width=&#8221;off&#8221; width_unit=&#8221;on&#8221; use_custom_gutter=&#8221;off&#8221; padding_mobile=&#8221;off&#8221; allow_player_pause=&#8221;off&#8221; parallax=&#8221;off&#8221; parallax_method=&#8221;off&#8221; make_equal=&#8221;off&#8221; parallax_1=&#8221;off&#8221; parallax_method_1=&#8221;off&#8221; column_padding_mobile=&#8221;on&#8221;][et_pb_column type=&#8221;4_4&#8243;][et_pb_text admin_label=&#8221;Las etapas del populismo en Am\u00e9rica Latina&#8221; background_layout=&#8221;light&#8221; text_orientation=&#8221;left&#8221; use_border_color=&#8221;off&#8221; border_color=&#8221;#ffffff&#8221; border_style=&#8221;solid&#8221;]<\/p>\n<h2><strong><span style=\"color: #64a70b;\">THE STAGES OF POPULISM IN LATIN AMERICA\u00a0<\/span><\/strong><\/h2>\n<p>Populism in Latin America has historically proven highly resilient, skilled at mutating over the course of the 20th and 21st centuries. Susanne Gratius described how the original \u201cclassic\u201d populism emerged in the 1930s\u2019 and 40s\u2019 with Juan Domingo Peron and Getulio Vargas. It saw a revival after many analysts,\u00a0experts and academics considered it dead in the form of neoliberal populism in the 90s\u2019, marked by Carlos Menem, Alberto Fujimori and Abdala Bucaram. This led to a new facet of populism in the last decade, known as 21st century socialism, whose main face was Hugo Chavez. Thus, populism continued to show its ability to resist its demise, maturing in the fertile soil of political and institutional crises, as well as the economic and social crises that wound up becoming excellent breeding grounds, ideal for the germination, growth, development and even mutation of populist ideas.<\/p>\n<p>Some of the new world\u2019s populist paradigms, such as those of Donald Trump, the ultra-right Marine Le Pen and left-wing Podemos, cannot be explained without the context of the political and socioeconomic crises these countries have recently experienced. Likewise, the crises of the 30s\u2019 and ensuing changes in the social model (urbanization) and economic model (industrialization) are behind phenomena such as Peronism in Argentina and Vargism in Brazil. The current crisis, which\u00a0kicked off in 2008, explains the emergence of phenomena like Trump in the United States, Le Pen in France and Podemos in Spain, as well as Golden Dawn and Alexis Tsipras\u2013at least until he took office as prime minister\u2013in Greece.<\/p>\n<p>[\/et_pb_text][et_pb_text admin_label=&#8221;Ladillo 1&#8243; background_layout=&#8221;light&#8221; text_orientation=&#8221;left&#8221; background_color=&#8221;#e6eef4&#8243; use_border_color=&#8221;off&#8221; border_color=&#8221;#ffffff&#8221; border_style=&#8221;solid&#8221; custom_padding=&#8221;30px|30px|30px|30px&#8221; saved_tabs=&#8221;all&#8221;]<\/p>\n<h2 style=\"text-align: left;\"><em><span style=\"color: #53565a;\">&#8221; Populism has continued to show its ability to resist disappearance, maturing on suitable terrain&#8221;<\/span><\/em><\/h2>\n<p>[\/et_pb_text][et_pb_text admin_label=&#8221;Texto&#8221; background_layout=&#8221;light&#8221; text_orientation=&#8221;left&#8221; use_border_color=&#8221;off&#8221; border_color=&#8221;#ffffff&#8221; border_style=&#8221;solid&#8221;]<\/p>\n<p>The populist discourse is simple, direct and easy to understand, constructed by leaders with excellent oratory skills. It tends to be effective because it says aloud what many think to themselves. It does not appeal to reflection or analysis, but to instinct; it channels and fosters accumulated social rage and rancor. And Latin America is a hotbed that favors these forces; Citizens\u2019 are disenchanted and dissatisfied with an ineffective state and a corrupt party system that does not suitably meet their needs. There is a large population that has socially progressed but, with the current low economic growth, fears losing the terrain it has gained and not fully integrating into the emerging middle class. Populism may appear extinguished, as happened in the region in the 60s\u2019 and 70s, or receding, as it is now, but it contains a message that ends up seeping back through cracks left by cyclical crises and traumatic socioeconomic changes. After the crisis of the 80s\u2019 (the \u201cLost Decade\u201d), Menem\u2019s and Fujimori\u2019s<br \/>\n\u201cneo-populism\u201d arose; after the \u201cLost Half-Decade\u201d (1997-2002), Chavism and the \u201c21st century socialists\u201d appeared.<br \/>\nNow, as<a href=\"https:\/\/www.google.es\/url?sa=t&amp;rct=j&amp;q=&amp;esrc=s&amp;source=web&amp;cd=1&amp;cad=rja&amp;uact=8&amp;ved=0ahUKEwiTn4qvxLPVAhUIahoKHa3HBHkQFggoMAA&amp;url=http%3A%2F%2Fwww.abc.es%2Finternacional%2Fabci-populismo-entra-muerta-201512080239_noticia.html&amp;usg=AFQjCNFlYCVyjPZjUGMo8icYIgpqs-A8tQ\" target=\"_blank\" rel=\"noopener\"> Emili J. Blasco<\/a> points out:<\/p>\n<p>\u201cThere is a change in the economic situation, which is being reflected by political changes. This does not mean it will spread to all countries. Some governments will go through bad times and others<br \/>\nwill be definitively done away with, although I don\u2019t think we will see the end of populism at this time.\u201d<\/p>\n<p>[\/et_pb_text][et_pb_image admin_label=&#8221;Image&#8221; src=&#8221;https:\/\/ideasen.llorenteycuenca.com\/wp-content\/uploads\/sites\/6\/2017\/09\/cristina-kirchner1.jpg&#8221; show_in_lightbox=&#8221;off&#8221; url_new_window=&#8221;off&#8221; use_overlay=&#8221;off&#8221; animation=&#8221;off&#8221; sticky=&#8221;off&#8221; align=&#8221;left&#8221; force_fullwidth=&#8221;off&#8221; always_center_on_mobile=&#8221;on&#8221; use_border_color=&#8221;off&#8221; border_color=&#8221;#ffffff&#8221; border_style=&#8221;solid&#8221;] [\/et_pb_image][\/et_pb_column][\/et_pb_row][\/et_pb_section][et_pb_section admin_label=&#8221;Secci\u00f3n&#8221; fullwidth=&#8221;off&#8221; specialty=&#8221;off&#8221; transparent_background=&#8221;off&#8221; background_color=&#8221;#f9f9f9&#8243; allow_player_pause=&#8221;off&#8221; inner_shadow=&#8221;off&#8221; parallax=&#8221;off&#8221; parallax_method=&#8221;off&#8221; padding_mobile=&#8221;off&#8221; make_fullwidth=&#8221;off&#8221; use_custom_width=&#8221;off&#8221; width_unit=&#8221;on&#8221; make_equal=&#8221;off&#8221; use_custom_gutter=&#8221;off&#8221;][et_pb_row admin_label=&#8221;Fila&#8221; make_fullwidth=&#8221;on&#8221; use_custom_width=&#8221;off&#8221; width_unit=&#8221;on&#8221; use_custom_gutter=&#8221;off&#8221; padding_mobile=&#8221;off&#8221; allow_player_pause=&#8221;off&#8221; parallax=&#8221;off&#8221; parallax_method=&#8221;off&#8221; make_equal=&#8221;off&#8221; parallax_1=&#8221;off&#8221; parallax_method_1=&#8221;off&#8221; column_padding_mobile=&#8221;on&#8221;][et_pb_column type=&#8221;4_4&#8243;][et_pb_text admin_label=&#8221;EL APARENTE REFLUJO POPULISTA EN AM\u00c9RICA LATINA&#8221; background_layout=&#8221;light&#8221; text_orientation=&#8221;left&#8221; use_border_color=&#8221;off&#8221; border_color=&#8221;#ffffff&#8221; border_style=&#8221;solid&#8221;]<\/p>\n<h2><span style=\"color: #64a70b;\"><strong>THE APPARENT POPULIST DOWNTURN IN LATIN AMERICA<\/strong><\/span><\/h2>\n<p>The defeat of Kirchnerism during Argentina\u2019s 2015 presidential elections, of Chavism in Venezuela\u2019s legislative elections this year and of Evo Morales in Bolivia\u2019s referendum have all served to create a false sensation that populism was and is on the decline in a region where the majority of election results show defeats for governments close or linked to \u201c21st century socialism.\u201d The growing difficulties for Nicolas Maduro\u2019s government in Venezuela since 2016, or Len\u00edn Moreno\u2019s tight 2017 victory in Ecuador have only strengthened this feeling, ignoring Daniel Ortega\u2019s overwhelming reelection in Nicaragua.<\/p>\n<p>[\/et_pb_text][et_pb_text admin_label=&#8221;Texto&#8221; background_layout=&#8221;light&#8221; text_orientation=&#8221;left&#8221; use_border_color=&#8221;off&#8221; border_color=&#8221;#ffffff&#8221; border_style=&#8221;solid&#8221;]<\/p>\n<p>What is happening in the Latin American political panorama is the fall of a particular method of governing. In 2015, Mauricio Macri\u2019s victory over Peronist Daniel Scioli began a new era in the region, marked by the influx of center-right governments\u2013a trend only strengthened by Jimmy Morales\u2019 victory against \u201csocial democrat\u201d Sandra Torres in Guatemala and the triumph of the Democratic Unity Roundtable over the United Socialist Party of Venezuela (PSUV) in the Venezuelan legislative elections.<\/p>\n<p>As political scientist Steven Levitsky says: \u201c(This) withdrawal\u2026 has two main causes, (where) the first is\u2026 the natural fatigue engendered by three or four presidential terms of governance (\u2026). After three terms, governments lose their political reflexes; they become distanced from the people, and corruption grows. Even when they are not that corrupt, as is the case with Chile\u2019s Concertaci\u00f3n, the people get tired. Sooner or later, this weariness affects all governments. Twelve (Argentina) or 13 (Brazil) years in power is a lot. Nothing is permanent in democracy. Nobody governs forever.\u201d<\/p>\n<p>[\/et_pb_text][et_pb_image admin_label=&#8221;Gr\u00e1fico banderitas&#8221; src=&#8221;https:\/\/ideasen.llorenteycuenca.com\/wp-content\/uploads\/sites\/6\/2017\/09\/Figure1_Election_Results_ENG.png&#8221; show_in_lightbox=&#8221;off&#8221; url_new_window=&#8221;off&#8221; use_overlay=&#8221;off&#8221; animation=&#8221;off&#8221; sticky=&#8221;off&#8221; align=&#8221;left&#8221; force_fullwidth=&#8221;off&#8221; always_center_on_mobile=&#8221;on&#8221; use_border_color=&#8221;off&#8221; border_color=&#8221;#ffffff&#8221; border_style=&#8221;solid&#8221;] [\/et_pb_image][et_pb_text admin_label=&#8221;Texto&#8221; background_layout=&#8221;light&#8221; text_orientation=&#8221;left&#8221; use_border_color=&#8221;off&#8221; border_color=&#8221;#ffffff&#8221; border_style=&#8221;solid&#8221;]<\/p>\n<p>Populism, in the version connected to 21st century socialism, is experiencing a clear contraction, much more pronounced since 2013, following its progression since in 2005. Hugo Chavez was very much alone in Latin America for six years (1999-2005), aside from his alliance with Fidel Castro\u2019s Cuba. But in\u00a0the middle of the last decade, Chavism started to win allies in the region: Evo Morales in Bolivia in 2005, Daniel Ortega in Nicaragua in 2006 and Rafael Correa in Ecuador in 2007. Since 2009, Chavez\u2019s anti-imperialist and antineoliberal proposal, expressed in ALBA, Petrocaribe and more, continued to expand, with new allies like Manuel Zelaya in Honduras and Fernando Lugo in Paraguay. Furthermore, he had the sympathy of Lula da Silva in Brazil and a similarity to Kirchnerism in Argentina.<\/p>\n<p>The latest defeats or clear withdrawals indicate the burgeoning decline of this type of government in favor of an about-face. Now, there is a predominance of center-right political parties, movements and leaders, as well as the emergence of another class of demagogic and populist leadership, now distant from the 21st century socialists that preceded them. These new populists have\u2013as described by Flavia Freidenberg in her modern classic study titled La tentaci\u00f3n populista (The Populist Temptation)\u2013a series of precise characteristics:<\/p>\n<p>\u201cPopulism (is) a leadership style characterized by direct, personalist and paternalist leader follower relationships, in which the leader does not recognize organizational or institutional mediation, speaks on behalf of the people and discursively relegates their opposition to \u2018the others\u2019; followers are convinced of the leader\u2019s extraordinary qualities and believe that, because of them and\/or the material and symbolic value they have, the leader will improve their own personal status, or that of their surroundings.\u201d<\/p>\n<p>The populism linked to 21st century socialism may have stopped spreading or be in decline, though populism in general\u2013the emerging populism that follows more right-wing stances\u2013has optimal opportunities for development, as the political and socioeconomic conditions that spurred the last decade\u2019s populist surge continue to persist in the current situation, in one form or another. University of Salamanca Professor Manuel Alcantara recalls how the success of Chavism and similar movements was due to a number of contributing factors. Like the period from the end of the 90s\u2019 to the first decade of the 21st century, at present, Latin America continues to experience some of the particular shortcomings that fed\u2013and continue to feed\u2013a revival of different types of populism:<\/p>\n<p>[\/et_pb_text][\/et_pb_column][\/et_pb_row][\/et_pb_section][et_pb_section admin_label=&#8221;Secci\u00f3n&#8221; fullwidth=&#8221;off&#8221; specialty=&#8221;off&#8221; transparent_background=&#8221;off&#8221; background_color=&#8221;#00847d&#8221; allow_player_pause=&#8221;off&#8221; inner_shadow=&#8221;off&#8221; parallax=&#8221;off&#8221; parallax_method=&#8221;off&#8221; padding_mobile=&#8221;off&#8221; make_fullwidth=&#8221;off&#8221; use_custom_width=&#8221;off&#8221; width_unit=&#8221;on&#8221; make_equal=&#8221;off&#8221; use_custom_gutter=&#8221;off&#8221;][et_pb_row admin_label=&#8221;Fila&#8221; make_fullwidth=&#8221;on&#8221; use_custom_width=&#8221;off&#8221; width_unit=&#8221;on&#8221; use_custom_gutter=&#8221;off&#8221; padding_mobile=&#8221;off&#8221; allow_player_pause=&#8221;off&#8221; parallax=&#8221;off&#8221; parallax_method=&#8221;off&#8221; make_equal=&#8221;off&#8221; parallax_1=&#8221;off&#8221; parallax_method_1=&#8221;off&#8221; column_padding_mobile=&#8221;on&#8221;][et_pb_column type=&#8221;4_4&#8243;][et_pb_text admin_label=&#8221;La sistematizaci\u00f3n populista&#8221; background_layout=&#8221;light&#8221; text_orientation=&#8221;left&#8221; use_border_color=&#8221;off&#8221; border_color=&#8221;#ffffff&#8221; border_style=&#8221;solid&#8221;]<\/p>\n<h2 style=\"text-align: left;\"><strong><span style=\"color: #ffffff;\">POPULIST SYSTEMIZATION<\/span><\/strong><\/h2>\n<p style=\"text-align: left;\"><strong><span style=\"color: #ffffff;\">a<\/span><\/strong><span style=\"color: #ffffff;\"><strong>ccording to Manuel Alcantara<\/strong><\/span><\/p>\n<p>[\/et_pb_text][\/et_pb_column][\/et_pb_row][\/et_pb_section][et_pb_section admin_label=&#8221;Secci\u00f3n&#8221; fullwidth=&#8221;off&#8221; specialty=&#8221;off&#8221; transparent_background=&#8221;off&#8221; background_color=&#8221;#eaf1e0&#8243; allow_player_pause=&#8221;off&#8221; inner_shadow=&#8221;off&#8221; parallax=&#8221;off&#8221; parallax_method=&#8221;off&#8221; padding_mobile=&#8221;off&#8221; make_fullwidth=&#8221;off&#8221; use_custom_width=&#8221;off&#8221; width_unit=&#8221;on&#8221; make_equal=&#8221;off&#8221; use_custom_gutter=&#8221;off&#8221;][et_pb_row admin_label=&#8221;Fila&#8221; make_fullwidth=&#8221;on&#8221; use_custom_width=&#8221;off&#8221; width_unit=&#8221;on&#8221; use_custom_gutter=&#8221;off&#8221; padding_mobile=&#8221;off&#8221; allow_player_pause=&#8221;off&#8221; parallax=&#8221;off&#8221; parallax_method=&#8221;off&#8221; make_equal=&#8221;off&#8221; parallax_1=&#8221;off&#8221; parallax_method_1=&#8221;off&#8221; column_padding_mobile=&#8221;on&#8221;][et_pb_column type=&#8221;4_4&#8243;][et_pb_image admin_label=&#8221;1&#8243; src=&#8221;https:\/\/ideasen.llorenteycuenca.com\/wp-content\/uploads\/sites\/6\/2017\/09\/Linea_11.png&#8221; show_in_lightbox=&#8221;off&#8221; url_new_window=&#8221;off&#8221; use_overlay=&#8221;off&#8221; animation=&#8221;off&#8221; sticky=&#8221;off&#8221; align=&#8221;left&#8221; force_fullwidth=&#8221;off&#8221; always_center_on_mobile=&#8221;on&#8221; use_border_color=&#8221;off&#8221; border_color=&#8221;#ffffff&#8221; border_style=&#8221;solid&#8221; saved_tabs=&#8221;all&#8221;] [\/et_pb_image][et_pb_divider admin_label=&#8221;Separador&#8221; color=&#8221;#ffffff&#8221; show_divider=&#8221;off&#8221; divider_style=&#8221;solid&#8221; divider_position=&#8221;top&#8221; hide_on_mobile=&#8221;on&#8221;] [\/et_pb_divider][et_pb_text admin_label=&#8221;DESAFECCI\u00d3N POL\u00cdTICA &#8221; background_layout=&#8221;light&#8221; text_orientation=&#8221;left&#8221; use_border_color=&#8221;off&#8221; border_color=&#8221;#ffffff&#8221; border_style=&#8221;solid&#8221;]<\/p>\n<h2><span style=\"color: #64a70b;\"><strong>POLITICAL DISAFFECTION<\/strong><\/span><\/h2>\n<p>In the professor\u2019s words, the onset of the new millennium saw \u201c<strong>a severe crisis in political\u00a0<\/strong><strong>representation<\/strong>, which translates not only into a <strong>loss\u00a0<\/strong><strong>of society\u2019s trust in political\u00a0<\/strong><strong>parties, and thus a rejection of\u00a0<\/strong><strong>them, but also of traditional\u00a0<\/strong><strong>professional politicians<\/strong>.\u201d<\/p>\n<p>Similarly, today we are witnessing a distancing between representatives and the represented; There is an extreme mistrust of the \u201cpolitical class,\u201d disenchantment with parties and traditional participation routes and a marked lack of trust in governments. As UNAM Faculty of Political and Social Sciences Professor Jose Woldenberg states regarding Mexico:<\/p>\n<p>\u201cLike never before, I am seeing people with very little hope. You get the impression that,\u00a0for many, civic duty ends after voting\u2026 Clearly, we have a deficit of citizen responsibility as a country. Very few Mexican\u00a0citizens regularly participate in any organization, whether human rights, electoral observation or environmental\u00a0defense, making up a minority.\u201d<\/p>\n<p>Indeed, only around\u00a040 percent of the Latin American population expresses satisfaction with the democratic quality of\u00a0their respective countries, according to a study by Chilean consultancy <a href=\"https:\/\/www.google.es\/url?sa=t&amp;rct=j&amp;q=&amp;esrc=s&amp;source=web&amp;cd=1&amp;cad=rja&amp;uact=8&amp;ved=0ahUKEwj-i_D-17PVAhVI1hoKHcSUCn4QFggmMAA&amp;url=http%3A%2F%2Fwww.latinobarometro.org%2F&amp;usg=AFQjCNEP-FhWwzj2p0T01lwXrPsR0MSjmA\" target=\"_blank\" rel=\"noopener\">Latinobar\u00f3metro<\/a>. This is what French Political Scientist Pierre Rosanvallon describes as democratic malaise, characterized by the growing loss of the importance of elections, decreasing centrality of administrative power (and its public policies) and the lack of connection people feel with public servants and institutions.<\/p>\n<p><a href=\"#_ftnref1\" name=\"_ftn1\"><\/a><\/p>\n<p>[\/et_pb_text][et_pb_divider admin_label=&#8221;Separador&#8221; color=&#8221;#ffffff&#8221; show_divider=&#8221;off&#8221; divider_style=&#8221;solid&#8221; divider_position=&#8221;top&#8221; hide_on_mobile=&#8221;on&#8221;] [\/et_pb_divider][et_pb_image admin_label=&#8221;2&#8243; src=&#8221;https:\/\/ideasen.llorenteycuenca.com\/wp-content\/uploads\/sites\/6\/2017\/09\/Linea_21.png&#8221; show_in_lightbox=&#8221;off&#8221; url_new_window=&#8221;off&#8221; use_overlay=&#8221;off&#8221; animation=&#8221;off&#8221; sticky=&#8221;off&#8221; align=&#8221;left&#8221; force_fullwidth=&#8221;off&#8221; always_center_on_mobile=&#8221;on&#8221; use_border_color=&#8221;off&#8221; border_color=&#8221;#ffffff&#8221; border_style=&#8221;solid&#8221; saved_tabs=&#8221;all&#8221;] [\/et_pb_image][et_pb_divider admin_label=&#8221;Separador&#8221; color=&#8221;#ffffff&#8221; show_divider=&#8221;off&#8221; divider_style=&#8221;solid&#8221; divider_position=&#8221;top&#8221; hide_on_mobile=&#8221;on&#8221;] [\/et_pb_divider][et_pb_text admin_label=&#8221;DUDAS EN EL MODELO&#8221; background_layout=&#8221;light&#8221; text_orientation=&#8221;left&#8221; use_border_color=&#8221;off&#8221; border_color=&#8221;#ffffff&#8221; border_style=&#8221;solid&#8221;]<\/p>\n<h2><span style=\"color: #64a70b;\"><strong>DOUBTS ABOUT THE MODEL<\/strong><\/span><\/h2>\n<p>Although the region is not going through a severe economic crisis, like during the Lost Half-Decade (1998-2003), the current economic deceleration and slowdown has called into question the \u201coil company-export <a href=\"https:\/\/es.scribd.com\/document\/261039605\/Alcantara-Saez-M-America-Latina-Despues-de-Chavez\" target=\"_blank\" rel=\"noopener\">model<\/a>, in which the political class had the right to profit from rentier distribution channels.\u201d<\/p>\n<p>The Lost Half-Decade resulted in third-wave populism (\u201cthe new populism\u201d), and the current stagnation the region is suffering has caused dissatisfaction with an inefficient state and a stagnant economy that offers few opportunities for social improvement, creating a fertile breeding ground for a\u00a0new populist wave\u2013this one<br \/>\nsituated on the right side of the political spectrum.<\/p>\n<p>[\/et_pb_text][et_pb_divider admin_label=&#8221;Separador&#8221; color=&#8221;#ffffff&#8221; show_divider=&#8221;off&#8221; divider_style=&#8221;solid&#8221; divider_position=&#8221;top&#8221; hide_on_mobile=&#8221;on&#8221;] [\/et_pb_divider][et_pb_image admin_label=&#8221;3&#8243; src=&#8221;https:\/\/ideasen.llorenteycuenca.com\/wp-content\/uploads\/sites\/6\/2017\/09\/Linea_31.png&#8221; show_in_lightbox=&#8221;off&#8221; url_new_window=&#8221;off&#8221; use_overlay=&#8221;off&#8221; animation=&#8221;off&#8221; sticky=&#8221;off&#8221; align=&#8221;left&#8221; force_fullwidth=&#8221;off&#8221; always_center_on_mobile=&#8221;on&#8221; use_border_color=&#8221;off&#8221; border_color=&#8221;#ffffff&#8221; border_style=&#8221;solid&#8221; saved_tabs=&#8221;all&#8221;] [\/et_pb_image][et_pb_divider admin_label=&#8221;Separador&#8221; color=&#8221;#ffffff&#8221; show_divider=&#8221;off&#8221; divider_style=&#8221;solid&#8221; divider_position=&#8221;top&#8221; hide_on_mobile=&#8221;on&#8221;] [\/et_pb_divider][et_pb_text admin_label=&#8221;CRECIENTE BRECHA SOCIAL &#8221; background_layout=&#8221;light&#8221; text_orientation=&#8221;left&#8221; use_border_color=&#8221;off&#8221; border_color=&#8221;#ffffff&#8221; border_style=&#8221;solid&#8221;]<\/p>\n<h2><span style=\"color: #64a70b;\"><strong>GROWING SOCIAL DIVIDE<\/strong>\u00a0\u00a0<\/span><\/h2>\n<p>Alcantara states that, after the <a href=\"https:\/\/es.scribd.com\/document\/261039605\/Alcantara-Saez-M-America-Latina-Despues-de-Chavez\" target=\"_blank\" rel=\"noopener\">Lost Half-Decade<\/a>, \u201c<strong>a\u00a0<\/strong><strong>severe conflict regarding\u00a0<\/strong><strong>the relationship between the\u00a0<\/strong><strong>economy and society became\u00a0<\/strong><strong>clear<\/strong>, as well as regarding the state\u2019s role in handling them both.\u201d<\/p>\n<p>[\/et_pb_text][et_pb_image admin_label=&#8221;Imagen&#8221; src=&#8221;https:\/\/ideasen.llorenteycuenca.com\/wp-content\/uploads\/sites\/6\/2017\/09\/Ilustracion1.png&#8221; show_in_lightbox=&#8221;off&#8221; url_new_window=&#8221;off&#8221; use_overlay=&#8221;off&#8221; animation=&#8221;off&#8221; sticky=&#8221;off&#8221; align=&#8221;left&#8221; force_fullwidth=&#8221;off&#8221; always_center_on_mobile=&#8221;on&#8221; use_border_color=&#8221;off&#8221; border_color=&#8221;#ffffff&#8221; border_style=&#8221;solid&#8221;] [\/et_pb_image][et_pb_text admin_label=&#8221;Texto&#8221; background_layout=&#8221;light&#8221; text_orientation=&#8221;left&#8221; use_border_color=&#8221;off&#8221; border_color=&#8221;#ffffff&#8221; border_style=&#8221;solid&#8221;]<\/p>\n<p>In the present situation, social mobilizations led by the emerging middle class (as can be seen in Chile, Brazil and Guatemala) are applying pressure to obtain more effective and efficient states that channel their demands toward better public services\u2013such as transportation, security, education and health\u2013and greater transparency.<\/p>\n<p>[\/et_pb_text][et_pb_divider admin_label=&#8221;Separador&#8221; color=&#8221;#ffffff&#8221; show_divider=&#8221;off&#8221; divider_style=&#8221;solid&#8221; divider_position=&#8221;top&#8221; hide_on_mobile=&#8221;on&#8221;] [\/et_pb_divider][et_pb_image admin_label=&#8221;4&#8243; src=&#8221;https:\/\/ideasen.llorenteycuenca.com\/wp-content\/uploads\/sites\/6\/2017\/09\/Linea_41.png&#8221; show_in_lightbox=&#8221;off&#8221; url_new_window=&#8221;off&#8221; use_overlay=&#8221;off&#8221; animation=&#8221;off&#8221; sticky=&#8221;off&#8221; align=&#8221;left&#8221; force_fullwidth=&#8221;off&#8221; always_center_on_mobile=&#8221;on&#8221; use_border_color=&#8221;off&#8221; border_color=&#8221;#ffffff&#8221; border_style=&#8221;solid&#8221; saved_tabs=&#8221;all&#8221;] [\/et_pb_image][et_pb_divider admin_label=&#8221;Separador&#8221; color=&#8221;#ffffff&#8221; show_divider=&#8221;off&#8221; divider_style=&#8221;solid&#8221; divider_position=&#8221;top&#8221; hide_on_mobile=&#8221;on&#8221;] [\/et_pb_divider][et_pb_text admin_label=&#8221;REFORMAS DECEPCIONANTES &#8221; background_layout=&#8221;light&#8221; text_orientation=&#8221;left&#8221; use_border_color=&#8221;off&#8221; border_color=&#8221;#ffffff&#8221; border_style=&#8221;solid&#8221;]<\/p>\n<h2><span style=\"color: #64a70b;\"><strong>DISAPPOINTING REFORMS<\/strong>\u00a0<\/span><\/h2>\n<p>Two decades ago, <a href=\"https:\/\/es.scribd.com\/document\/261039605\/Alcantara-Saez-M-America-Latina-Despues-de-Chavez\" target=\"_blank\" rel=\"noopener\">according<\/a>\u00a0<a href=\"https:\/\/es.scribd.com\/document\/261039605\/Alcantara-Saez-M-America-Latina-Despues-de-Chavez\" target=\"_blank\" rel=\"noopener\">to Alcantara<\/a>, \u201c<strong>the failure\u00a0<\/strong><strong>to shrink the enormous\u00a0<\/strong><strong>inequality<\/strong> was recorded and had even deepened, partly due to disappointing application of structural reforms backed by international financial institutions.\u201d<\/p>\n<p>At present, the slowdown has endangered the social status and ground gained, not only regarding the reduction of poverty and inequality, but also the consolidation of the middle classes. The most vulnerable sectors of these middle classes run the risk of social setbacks due to lean economic growth.<\/p>\n<p>This overall context is what explains the current and future survival of populism, even though it is turning up under other guises and with<br \/>\ndifferent characteristics. Indeed, emerging center-right alternatives (Mauricio Macri in Argentina) now coexist with center-left parties and coalitions (Michelle Bachelet\u2019s New Majority government\u00a0in Chile) and two types of populist-leaning movements, as Alcantara summarizes in this <a href=\"https:\/\/es.scribd.com\/document\/261039605\/Alcantara-Saez-M-America-Latina-Despues-de-Chavez\" target=\"_blank\" rel=\"noopener\">chart<\/a>:<\/p>\n<p><a href=\"https:\/\/llyc.global\/wp-content\/uploads\/2023\/10\/Figure2_Ideological_Stance_Presidents_ENG-1.png\" rel=\"attachment wp-att-14253\"><img loading=\"lazy\" decoding=\"async\" class=\"alignnone size-full wp-image-14253\" src=\"https:\/\/llyc.global\/wp-content\/uploads\/2023\/10\/Figure2_Ideological_Stance_Presidents_ENG-1.png\" alt=\"Figure2_Ideological_Stance_Presidents_ENG\" width=\"900\" height=\"1487\" \/><\/a><\/p>\n<p>[\/et_pb_text][\/et_pb_column][\/et_pb_row][\/et_pb_section][et_pb_section admin_label=&#8221;Secci\u00f3n&#8221; fullwidth=&#8221;off&#8221; specialty=&#8221;off&#8221; transparent_background=&#8221;off&#8221; background_color=&#8221;#f9f9f9&#8243; allow_player_pause=&#8221;off&#8221; inner_shadow=&#8221;off&#8221; parallax=&#8221;off&#8221; parallax_method=&#8221;off&#8221; padding_mobile=&#8221;off&#8221; make_fullwidth=&#8221;off&#8221; use_custom_width=&#8221;off&#8221; width_unit=&#8221;on&#8221; make_equal=&#8221;off&#8221; use_custom_gutter=&#8221;off&#8221;][et_pb_row admin_label=&#8221;Fila&#8221; make_fullwidth=&#8221;on&#8221; use_custom_width=&#8221;off&#8221; width_unit=&#8221;on&#8221; use_custom_gutter=&#8221;off&#8221; padding_mobile=&#8221;off&#8221; allow_player_pause=&#8221;off&#8221; parallax=&#8221;off&#8221; parallax_method=&#8221;off&#8221; make_equal=&#8221;off&#8221; parallax_1=&#8221;off&#8221; parallax_method_1=&#8221;off&#8221; column_padding_mobile=&#8221;on&#8221;][et_pb_column type=&#8221;4_4&#8243;][et_pb_text admin_label=&#8221;PERVIVENCIA DE LOS MOVIMIENTOS Y LIDERAZGOS DEL %22NUEVO POPULISMO%22&#8243; background_layout=&#8221;light&#8221; text_orientation=&#8221;left&#8221; use_border_color=&#8221;off&#8221; border_color=&#8221;#ffffff&#8221; border_style=&#8221;solid&#8221;]<\/p>\n<h2><strong><span style=\"color: #64a70b;\">SURVIVAL OF NEW POPULIST MOVEMENTS AND GOVERNMENTS<\/span><\/strong><\/h2>\n<p>[\/et_pb_text][\/et_pb_column][\/et_pb_row][et_pb_row admin_label=&#8221;Fila&#8221;][et_pb_column type=&#8221;1_2&#8243;][et_pb_text admin_label=&#8221;Texto&#8221; background_layout=&#8221;light&#8221; text_orientation=&#8221;left&#8221; use_border_color=&#8221;off&#8221; border_color=&#8221;#ffffff&#8221; border_style=&#8221;solid&#8221;]<\/p>\n<p>Among the governments that rose during the explosion of Chavism in the last decade, each with their own characteristics and features (Evo Morales in Bolivia, Daniel Ortega in Nicaragua and Correa in Ecuador), there are surviving forces that clearly espouse the most recent populist tradition. This is the case with Mexico\u2019s Andres Manuel Lopez Obrador (AMLO) and with Kirchnerism in Argentina, represented by former president Cristina Kirchner, who ran for Senate this year to pave the way for her return to the Argentine presidential residence, the Casa Rosada, in 2019. They are the remains of what Susanne Gratius described as the <strong>third populist wave<\/strong>, or \u201cnew populism,\u201d which has ruled the political landscape over the last decade.<\/p>\n<p>AMLO, a favorite for winning the Mexican presidential elections in 2018, relies on demagogic discourse that encompasses all the features\u00a0common to this type of populism.<\/p>\n<p>[\/et_pb_text][\/et_pb_column][et_pb_column type=&#8221;1_2&#8243;][et_pb_text admin_label=&#8221;Texto&#8221; background_layout=&#8221;light&#8221; text_orientation=&#8221;left&#8221; use_border_color=&#8221;off&#8221; border_color=&#8221;#ffffff&#8221; border_style=&#8221;solid&#8221;]<\/p>\n<p>For example, the dichotomous and Manichean presentation of a reality fundamentally divided between \u201cgood and bad,\u201d exemplified by his accusation that the traditional political class is corrupt:<\/p>\n<p>\u201cAll of them have turned their backs on our movement, and I foresee new betrayals, because betrayal always comes in groups, never arriving alone. Those who betray are the zealots, the corrupt\u2013not the people.\u201d<\/p>\n<p>AMLO\u2019s discourse has been constructed with the goal of creating a common and easily-identifiable enemy: the \u201cpower mafia,\u201d made up of the traditional parties and political class. He presents them as a \u201cmafia\u201d that has betrayed the people, a mythologized abstract and symbol of Republican purity, for whom the leader\u2013in this case AMLO\u2013represents and embodies. After the election in Edomez this June, AMLO has seen his position for next year\u2019s elections strengthened.<\/p>\n<p>[\/et_pb_text][\/et_pb_column][\/et_pb_row][\/et_pb_section][et_pb_section admin_label=&#8221;Secci\u00f3n&#8221; fullwidth=&#8221;off&#8221; specialty=&#8221;off&#8221; transparent_background=&#8221;off&#8221; background_color=&#8221;#f9f9f9&#8243; allow_player_pause=&#8221;off&#8221; inner_shadow=&#8221;off&#8221; parallax=&#8221;off&#8221; parallax_method=&#8221;off&#8221; padding_mobile=&#8221;off&#8221; make_fullwidth=&#8221;off&#8221; use_custom_width=&#8221;off&#8221; width_unit=&#8221;on&#8221; make_equal=&#8221;off&#8221; use_custom_gutter=&#8221;off&#8221;][et_pb_row admin_label=&#8221;Fila&#8221; make_fullwidth=&#8221;on&#8221; use_custom_width=&#8221;off&#8221; width_unit=&#8221;on&#8221; use_custom_gutter=&#8221;off&#8221; padding_mobile=&#8221;off&#8221; allow_player_pause=&#8221;off&#8221; parallax=&#8221;off&#8221; parallax_method=&#8221;off&#8221; make_equal=&#8221;off&#8221; parallax_1=&#8221;off&#8221; parallax_method_1=&#8221;off&#8221; column_padding_mobile=&#8221;on&#8221;][et_pb_column type=&#8221;4_4&#8243;][et_pb_text admin_label=&#8221;AMLO AND HIS THREE PILLARS&#8221; background_layout=&#8221;light&#8221; text_orientation=&#8221;left&#8221; use_border_color=&#8221;off&#8221; border_color=&#8221;#ffffff&#8221; border_style=&#8221;solid&#8221;]<\/p>\n<h2><strong><span style=\"color: #64a70b;\">AMLO AND HIS THREE PILLARS<\/span><\/strong><\/h2>\n<p>His proposal is held up by the three pillars:<\/p>\n<p>[\/et_pb_text][et_pb_image admin_label=&#8221;Image&#8221; src=&#8221;https:\/\/ideasen.llorenteycuenca.com\/wp-content\/uploads\/sites\/6\/2017\/09\/Linea_11.png&#8221; show_in_lightbox=&#8221;off&#8221; url_new_window=&#8221;off&#8221; use_overlay=&#8221;off&#8221; animation=&#8221;off&#8221; sticky=&#8221;off&#8221; align=&#8221;left&#8221; force_fullwidth=&#8221;off&#8221; always_center_on_mobile=&#8221;on&#8221; use_border_color=&#8221;off&#8221; border_color=&#8221;#ffffff&#8221; border_style=&#8221;solid&#8221;] [\/et_pb_image][et_pb_text admin_label=&#8221;Text&#8221; background_layout=&#8221;light&#8221; text_orientation=&#8221;left&#8221; use_border_color=&#8221;off&#8221; border_color=&#8221;#ffffff&#8221; border_style=&#8221;solid&#8221;]<\/p>\n<p><strong>a. His great charisma.<\/strong> All populism requires charismatic leadership, with a direct and non-institutionalized relationship between the leader and their followers. Claiming that he speaks on behalf of and as the embodiment of the people, one of AMLO\u2019s great strengths is how attractive his discourse is to the working classes. It is based on pointing out faults in traditional political class, denouncing corruption and brandishing a message with an extreme nationalist flavor around defending itself\u2013very important in this situation, with Donald Trump right across the border, upholding policy that does not favor Mexico\u2019s interests).<\/p>\n<p>[\/et_pb_text][et_pb_image admin_label=&#8221;Image&#8221; src=&#8221;https:\/\/ideasen.llorenteycuenca.com\/wp-content\/uploads\/sites\/6\/2017\/09\/Linea_21.png&#8221; show_in_lightbox=&#8221;off&#8221; url_new_window=&#8221;off&#8221; use_overlay=&#8221;off&#8221; animation=&#8221;off&#8221; sticky=&#8221;off&#8221; align=&#8221;left&#8221; force_fullwidth=&#8221;off&#8221; always_center_on_mobile=&#8221;on&#8221; use_border_color=&#8221;off&#8221; border_color=&#8221;#ffffff&#8221; border_style=&#8221;solid&#8221;] [\/et_pb_image][et_pb_text admin_label=&#8221;Text&#8221; background_layout=&#8221;light&#8221; text_orientation=&#8221;left&#8221; use_border_color=&#8221;off&#8221; border_color=&#8221;#ffffff&#8221; border_style=&#8221;solid&#8221;]<\/p>\n<p><strong>b. Citizens disenfranchisement\u00a0<\/strong><strong>with traditional parties.\u00a0<\/strong>Populism grows to the extent that democratic institutions are weak, and a crisis setting supports the emergence of demagogic governments. In this regard, public exhaustion with all other political forces has elevated opinions about AMLO. The PAN governed for two six-year terms (2000-2012) and the PRI since 2012, but neither of the two administrations has managed to channel the population\u2019s desire for change or to carry Mexico toward sustained high-level growth. The prevailing belief seems to be that \u201cit\u2019s his turn,\u201d or \u201cnow it\u2019s AMLO\u2019s time,\u201d reflecting public\u00a0opinion that the time has come to give a party (Morena) that, along with the PRD, has not governed Mexico since the PRI government ended a chance to lead the country.<\/p>\n<p>[\/et_pb_text][et_pb_image admin_label=&#8221;Image&#8221; src=&#8221;https:\/\/ideasen.llorenteycuenca.com\/wp-content\/uploads\/sites\/6\/2017\/09\/Linea_31.png&#8221; show_in_lightbox=&#8221;off&#8221; url_new_window=&#8221;off&#8221; use_overlay=&#8221;off&#8221; animation=&#8221;off&#8221; sticky=&#8221;off&#8221; align=&#8221;left&#8221; force_fullwidth=&#8221;off&#8221; always_center_on_mobile=&#8221;on&#8221; use_border_color=&#8221;off&#8221; border_color=&#8221;#ffffff&#8221; border_style=&#8221;solid&#8221;] [\/et_pb_image][et_pb_text admin_label=&#8221;Text&#8221; background_layout=&#8221;light&#8221; text_orientation=&#8221;left&#8221; use_border_color=&#8221;off&#8221; border_color=&#8221;#ffffff&#8221; border_style=&#8221;solid&#8221;]<\/p>\n<p><strong>c. The mirage of expectations.\u00a0<\/strong>A possible AMLO government would start with a serious problem, arising from his populist pontification. His promises for change and regeneration create revolutionary expectations that would be very complex to realize. AMLO has created a party centered on himself (in reality, a political power that has nothing without him) that has an underdeveloped structure, with few and heterogeneous policies. This means an AMLO government would immediately run into the current complex<br \/>\nreality: He would not have a majority in the Chambers; he would have little backing among governors, as the majority are in the PRI and PAN parties; and he would face difficulties shaping a solid and coherent governing team.<\/p>\n<p>[\/et_pb_text][et_pb_text admin_label=&#8221;Text&#8221; background_layout=&#8221;light&#8221; text_orientation=&#8221;left&#8221; use_border_color=&#8221;off&#8221; border_color=&#8221;#ffffff&#8221; border_style=&#8221;solid&#8221;]<\/p>\n<p>AMLO would try to offset these weaknesses by relying on his ability to popularize a utopia based on a mythical reconstruction of Mexican history. He aspires to recreate a mythologized Republican past based on the Benito Juarez era, one in which moral and ethical values were placed above material interests and in which corruption\u2013theoretically\u2013did not exist. This utopian and mythical world, which many of his followers dream of recreating, would involve managing complex situations from the very start of his term, requiring significant compromises to deal with the tough Mexican, regional and global reality.<\/p>\n<p>These difficulties may lead AMLO to take short-term measures aimed solely at maintaining his levels of social support. It would be a government with continuous and dramatic hurdles to jump and he would try to compensate for the situational difficulties it would continuously run into: paralyzing the reforms from Pe\u00f1a Nieto\u2019s term, committing to raising nationalist social and political spending with regard to the United States, trying to prove itself firm and overreacting to Donald Trump\u2019s initiatives.<\/p>\n<p>It is unlikely AMLO will unleash a wave of expropriations or adopt a policy based on 21st century socialism if he takes office. It is much more probable his government team would be marked by improvisation and ups and downs, a result of the heterogeneity and collective inexperience of the people at his side. This would be especially true if his government, which would already remove foreign investments, is heightened by his first anti-reformist measures and espouses an official line almost certainly marked by a lack of a single and coherent narrative.<\/p>\n<p>[\/et_pb_text][\/et_pb_column][\/et_pb_row][\/et_pb_section][et_pb_section admin_label=&#8221;Secci\u00f3n&#8221; fullwidth=&#8221;off&#8221; specialty=&#8221;off&#8221; transparent_background=&#8221;off&#8221; background_color=&#8221;#ffffff&#8221; allow_player_pause=&#8221;off&#8221; inner_shadow=&#8221;off&#8221; parallax=&#8221;off&#8221; parallax_method=&#8221;off&#8221; padding_mobile=&#8221;off&#8221; make_fullwidth=&#8221;off&#8221; use_custom_width=&#8221;off&#8221; width_unit=&#8221;on&#8221; make_equal=&#8221;off&#8221; use_custom_gutter=&#8221;off&#8221;][et_pb_row admin_label=&#8221;Fila&#8221; make_fullwidth=&#8221;on&#8221; use_custom_width=&#8221;off&#8221; width_unit=&#8221;on&#8221; use_custom_gutter=&#8221;off&#8221; padding_mobile=&#8221;off&#8221; allow_player_pause=&#8221;off&#8221; parallax=&#8221;off&#8221; parallax_method=&#8221;off&#8221; make_equal=&#8221;off&#8221; parallax_1=&#8221;off&#8221; parallax_method_1=&#8221;off&#8221; column_padding_mobile=&#8221;on&#8221;][et_pb_column type=&#8221;4_4&#8243;][et_pb_text admin_label=&#8221;APARICI\u00d3N, EMERGENCIA Y ASCENSO DEL %22POPULISMO ANTI-\u00c9LITE%22 EN AM\u00c9RICA LATINA&#8221; background_layout=&#8221;light&#8221; text_orientation=&#8221;left&#8221; use_border_color=&#8221;off&#8221; border_color=&#8221;#ffffff&#8221; border_style=&#8221;solid&#8221;]<\/p>\n<h2><span style=\"color: #64a70b;\"><strong>APPEARANCE, EMERGENCE AND THE RISE OF ANTI-ELITE POPULISM IN LATIN AMERICA<\/strong><\/span><\/h2>\n<p>Alejandro Ordonez: \u201cI will brandish politically incorrect discourse, challenging the established powers.\u201d<\/p>\n<p>Populism linked to 21st century socialism prevailed in the region since 1998, followed by the left-wing rentier populism we have seen since 2015\u2013but this is now facing the appearance of a new wave of populism situated on the right side of the political spectrum. This has been strengthened by the international emergence of success stories to emulate, at least in part, such as the one embodied by Donald Trump in the United States. This populism is characterized by one concrete feature: a rejection of the ruling political class (the majority of which are linked to 21st century socialism) and traditional parties, which they feel are far from their roots. This element was present in the three previous types of populism, but it is extremely pronounced in this fourth wave.<\/p>\n<p>There have already been cases in the region that contained similar characteristics to those the new U.S. president later popularized: leaders coming from outside traditional parties, who were not involved in politics, were related\u2013in one way or another\u2014to mass media and grew alongside crises or out of the collapse of old party systems weighed down by corruption.<\/p>\n<p>[\/et_pb_text][et_pb_text admin_label=&#8221;Ladillo 1&#8243; background_layout=&#8221;light&#8221; text_orientation=&#8221;left&#8221; background_color=&#8221;#e6eef4&#8243; use_border_color=&#8221;off&#8221; border_color=&#8221;#ffffff&#8221; border_style=&#8221;solid&#8221; custom_padding=&#8221;30px|30px|30px|30px&#8221; saved_tabs=&#8221;all&#8221;]<\/p>\n<h2 style=\"text-align: left;\"><em><span style=\"color: #53565a;\">&#8220;<strong>I will brandish a politically incorrect discourse, challenging the established powers<\/strong>&#8220;<\/span><\/em><\/h2>\n<p>[\/et_pb_text][et_pb_text admin_label=&#8221;Texto&#8221; background_layout=&#8221;light&#8221; text_orientation=&#8221;left&#8221; use_border_color=&#8221;off&#8221; border_color=&#8221;#ffffff&#8221; border_style=&#8221;solid&#8221;]<\/p>\n<p>There have already been cases in the region that contained similar characteristics to those the new U.S. president later popularized: leaders coming from outside traditional parties, who were not involved in politics, were related\u2013in one way or another\u2014to mass media and grew alongside crises or out of the collapse of old party systems weighed down by corruption.<\/p>\n<p>Foreshadowing what was yet to come, the phenomenon of Jimmy Morales in Guatemala in 2015 was remarkable. Now, in the present scenario, there are other figures who could become populist leaders, emerging from an antiestablishment right wing. These include people like Jair Bolsonaro in Brazil, Alejandro Ordonez and, in some ways, Uribe in Colombia and Fujimori in Peru.<\/p>\n<p>[\/et_pb_text][et_pb_video admin_label=&#8221;V\u00eddeo&#8221; src=&#8221;http:\/\/www.semana.com\/nacion\/articulo\/elecciones-2018-entrevista-a-alejandro-ordonez\/528617 &#8221; image_src=&#8221;https:\/\/ideasen.llorenteycuenca.com\/wp-content\/uploads\/sites\/6\/2017\/09\/Video_Semana1.png&#8221;] [\/et_pb_video][et_pb_text admin_label=&#8221;Texto&#8221; background_layout=&#8221;light&#8221; text_orientation=&#8221;left&#8221; use_border_color=&#8221;off&#8221; border_color=&#8221;#ffffff&#8221; border_style=&#8221;solid&#8221;]<\/p>\n<p>These leaderships grow because there is a breeding ground: low economic growth and social and political malaise regarding inefficient administrations. This environment favors protest votes against whoever is in power: in the majority of cases, this is center-left or 21st century socialist governments, which explains the about-face toward right-wing options and options from outside the system. These leaders are born from the ennui of a large portion of the population, who felt like they were not considered in the decisions affecting them. As Peter Hessler wrote in his recent New Yorker article \u201cHow Trump is Transforming Rural America:<\/p>\n<p>\u201cThe calculus seemed to have shifted: Trump\u2019s negative qualities, which once had been described as a means to an end, now had value on their own. The point wasn\u2019t necessarily to get things done; it was to retaliate against the media and other enemies. This had always seemed fundamental to Trump\u2019s appeal, but people had been less likely to express it so starkly before he entered office.\u201d<\/p>\n<p>The protest vote is currently being channeled in two\u00a0\u00a0different ways in the region:\u00a0Via candidates from the traditional opposition parties<br \/>\nand support for outsider candidates.\u00a0Opposition victories in Latin<br \/>\nAmerica have been happening regularly in recent years,\u00a0especially since 2015, primarily (but not exclusively) affecting leaders and presidents considered left-wing (Kirchner in Argentina, for example). These defeats of the different lefts (Brazil&#8217;s PT and Chile&#8217;s New Majority in the 2016 local elections; Chavez in the 2015 Venezuelan legislative elections) are accompanied by the rise of center-right personalities, such as Mauricio Macri in Argentina and Pedro Pablo Kuczynski in Peru.<\/p>\n<p>[\/et_pb_text][et_pb_text admin_label=&#8221;Ladillo 1&#8243; background_layout=&#8221;light&#8221; text_orientation=&#8221;left&#8221; background_color=&#8221;#e6eef4&#8243; use_border_color=&#8221;off&#8221; border_color=&#8221;#ffffff&#8221; border_style=&#8221;solid&#8221; custom_padding=&#8221;30px|30px|30px|30px&#8221; saved_tabs=&#8221;all&#8221;]<\/p>\n<h2 style=\"text-align: left;\"><em><span style=\"color: #53565a;\">&#8220;The Trump phenomenon would ripple and expand throughout the world, also in Latin America&#8221;<\/span><\/em><\/h2>\n<p>[\/et_pb_text][et_pb_text admin_label=&#8221;TEXTO&#8221; background_layout=&#8221;light&#8221; text_orientation=&#8221;left&#8221; use_border_color=&#8221;off&#8221; border_color=&#8221;#ffffff&#8221; border_style=&#8221;solid&#8221;]<\/p>\n<p>An example of the second method\u2013support for outsiders\u2013was Jimmy Morales, who, facing the collapse of the Guatemalan party system and political class in 2015 due to the La Linea scandal, emerged from outside the system to take his victory in the second round of presidential elections. Morales became the dark horse in Guatemala\u2019s 2015 elections for three primary reasons, explaining the success of this television actor turned politician:<\/p>\n<p>1. Morales successfully positioned himself as the only candidate who could convey an image of renewal from old politics, which were linked to clientelism and corruption. He was, in some ways, the advance of Trump and the new wave of populist politicians in Latin America. Daniel Hearing, professor at Francisco Marroquin University, stated that a comedian with no money or political experience who tested the waters for the next election turned out to be in the middle of all of this. With the favor he was given for not being a politician, he only had to smile to become the most credible<br \/>\nof all candidates. He was not corrupt or a thief\u2013but not much more than that.<\/p>\n<p>[\/et_pb_text][et_pb_text admin_label=&#8221;TEXTO&#8221; background_layout=&#8221;light&#8221; text_orientation=&#8221;left&#8221; use_border_color=&#8221;off&#8221; border_color=&#8221;#ffffff&#8221; border_style=&#8221;solid&#8221;]<\/p>\n<p>2. He managed to channel citizen malaise regarding the political parties and class, with a message that particularly resonated with the urban electorate, especially in the capital and among the middle classes, which mobilized against corruption. Indeed, the discredit the Guatemalan political class suffered (and still suffers) due to numerous corruption cases and disenchantment with institutions is what eased the emergence of this new figure in the country\u2019s political panorama. Citizens\u2019 malaise, which caused a multitude of protests from April to September 2015\u2013as well as the fall of Otto Perez Molina\u2013ended up channeled by Jimmy Morales. With no political experience, his persona was enhanced by the image he projected: a\u00a0man distant from the elite, with no shadow of corruption. The faults he was accused of, including lack of political experience and knowledge about the state, he wisely knew to transform into virtues in his favor\u2013he was not involved with the reviled traditional politics.<\/p>\n<p>[\/et_pb_text][et_pb_text admin_label=&#8221;TEXTO&#8221; background_layout=&#8221;light&#8221; text_orientation=&#8221;left&#8221; use_border_color=&#8221;off&#8221; border_color=&#8221;#ffffff&#8221; border_style=&#8221;solid&#8221;]<\/p>\n<p>3. He placed corruption as a priority topic on the national agenda, an area where he was the clear winner when compared with Manuel Baldizon, who had a long history in politics; or Sandra Torres, who held important positions in previous administrations and was linked to political clientelism.<\/p>\n<p>The example of Morales, viewed from this perspective, becomes foreshadowing for what was to come. Popular players and political outsiders grew their electoral base by brandishing antiestablishment messages that impressed citizens tired of the traditional party system and its corruption. These types of leaders\u2013Morales in Guatemala; the governor of Nuevo Leon in Mexico, Jaime Rodriguez Calderon, aka \u201cEl Bronco;\u201d Trump in the United States\u2014raised great expectations for change and renewal but, over time, run aground when the current turns against them.<\/p>\n<p>The Trump phenomenon, an example of successful personal and non-institutional leadership, with a message that mobilized an electorate that felt alienated from traditional parties, has rippled and expanded across the world, including Latin America. He has become a paradigm to imitate for people who, distanced from large parties and popular due to their media presence, try to take office via direct, politically-incorrect discourses that are intentionally sensationalist and polarizing. Furthermore, the message is extremely personalist. Though it comes from the right wing, it maintains certain parallels to the methods\u2013and partly substance\u2013of the left-wing populisms of the past. This \u201cTrumpist\u201d or \u201canti-elite\u201d populism is currently on the rise in Latin America. It will progress strongly in some countries, others will continuously distance themselves from it and in yet more it may remain as a seed, to sprout in the future. Failing party systems burdened by corruption (Brazil), highlypolarized societies over certain topics (Colombia) and countries with brewing disaffection with an inefficient state and<br \/>\na political class that does not meet the population\u2019s needs (Peru) are all breeding grounds for the germination, maturation and success of this new type of populism.<\/p>\n<p>[\/et_pb_text][et_pb_text admin_label=&#8221;TEXTO&#8221; background_layout=&#8221;light&#8221; text_orientation=&#8221;left&#8221; use_border_color=&#8221;off&#8221; border_color=&#8221;#ffffff&#8221; border_style=&#8221;solid&#8221;]<\/p>\n<p>There is no shortage of examples of these types of leaders: in October 2015, the BBC\u2019s Brazil office warned that the 2018 presidential race \u201ccould have a Brazilian\u00a0Trump,\u201d speaking with respect to Federal Deputy of Rio de Janeiro Jair Bolsonaro, with surveys putting him among those with the highest number of intended votes, along with Marina Silva and Lula da Silva.\u00a0\u201cIn 2018, Brazil will continue in the same vein,\u201d said Bolsonaro after learning of Trump\u2019s win. One of the keys to his rise\u2013according to Datafolha<br \/>\nCEO Mauro Paulino\u2013is that over the years, Bolsonaro has managed to implant his messages and create a personal brand that incorporates extreme-right values: violent punishments for crime,homophobia, anti-feminism and the like.<\/p>\n<p>However, there are more contenders for the title of \u201cLatin American Trump.\u201dAlejandro Ordonez, former district attorney in Colombia, strives to lead\u2013or at least integrate\u2013a large right-wing coalition, starting with an antipeace agreement, to prevent Santos from winning again or a leftist turn in the country.<\/p>\n<p>His ideas, methods and mannerisms are in some reminiscent of Trump, who he did not hesitate to defend: \u201cIt is a proposal for conservative thought. It is\u00a0a conservative revolution, similar to the ones led by Reagan and Thatcher. And now we can say Trump is doing it, despite himself. As I have said, old orthodoxies and paradigms are breaking in Western democracies, and not a moment too soon. In the United Kingdom with Brexit; in France with Macron and Le Pen, who both came from outside the establishment; and in Colombia with the Oct. 2 plebiscite. Trump is a benchmark for political affairs, because he is one of the few politicians who does what he promises. He confronts the establishment. There are things we may not agree with in his personal life or eccentricities, but I aspire to say what I think, do what I say and fulfill what I promise. I have had the thoughts I do since I was a little boy, and I have never been ashamed of it or apologized for who I am. <strong>I will brandish a politically incorrect discourse, challenging the establishment. That will be my campaign<\/strong>.\u201d<\/p>\n<p>[\/et_pb_text][\/et_pb_column][\/et_pb_row][\/et_pb_section][et_pb_section admin_label=&#8221;Secci\u00f3n&#8221; fullwidth=&#8221;off&#8221; specialty=&#8221;off&#8221; transparent_background=&#8221;off&#8221; background_color=&#8221;#f9f9f9&#8243; allow_player_pause=&#8221;off&#8221; inner_shadow=&#8221;off&#8221; parallax=&#8221;off&#8221; parallax_method=&#8221;off&#8221; padding_mobile=&#8221;off&#8221; make_fullwidth=&#8221;off&#8221; use_custom_width=&#8221;off&#8221; width_unit=&#8221;on&#8221; make_equal=&#8221;off&#8221; use_custom_gutter=&#8221;off&#8221;][et_pb_row admin_label=&#8221;Fila&#8221; make_fullwidth=&#8221;on&#8221; use_custom_width=&#8221;off&#8221; width_unit=&#8221;on&#8221; use_custom_gutter=&#8221;off&#8221; padding_mobile=&#8221;off&#8221; allow_player_pause=&#8221;off&#8221; parallax=&#8221;off&#8221; parallax_method=&#8221;off&#8221; make_equal=&#8221;off&#8221; parallax_1=&#8221;off&#8221; parallax_method_1=&#8221;off&#8221; column_padding_mobile=&#8221;on&#8221;][et_pb_column type=&#8221;4_4&#8243;][et_pb_text admin_label=&#8221;Conclusiones&#8221; background_layout=&#8221;light&#8221; text_orientation=&#8221;left&#8221; use_border_color=&#8221;off&#8221; border_color=&#8221;#ffffff&#8221; border_style=&#8221;solid&#8221;]<\/p>\n<h2><span style=\"color: #64a70b;\"><strong>CONCLUSIONS<\/strong><\/span><\/h2>\n<p>Latin America is experiencing a new political cycle fed by economic prosperity and marked by three dynamic elements moving in parallel:<\/p>\n<p><strong>a.<\/strong> Weakening options linked to the various left-wing parties in the region.<br \/>\n<strong>b.<\/strong> Increased strength of center right options.<br \/>\n<strong>c.<\/strong> Survival of two types of populism, negating the hypothesis that this style is declining. One form of populism is close to the 21st century socialist approach, and the other is situated on the right, with a clear anti-elite message.<\/p>\n<p>&nbsp;<\/p>\n<p>These new populist movements may or may not win elections, but they are a palpable presence in the political arena\u2013and they are growing due to the worsening economic climate, which has threatened the social improvements achieved since 2003. It is also nourished by public disaffection with and criticisms of corrupt political parties and politicians, then further strengthened by states<br \/>\nand administrations that are ineffective and inefficient in designing public policies. Populism channels this desire for public services\u2013such as education, health and transportation and security\u2013to work and run better.<\/p>\n<p>The inefficiency, weakness and precariousness of institutionalization processes\u00a0has opened the door to rising populist sentiment, advocating for a strong, personalized concentration of power to stand against institutional weakness. The malaise around a dysfunctional state translates into backing alternatives with a heavy personalist outlook. These right-wing populisms base their success on brandishing flags left-wing parties have waved for over a decade: they build a dichotomy between \u201cgood and bad,\u201d people and oligarchy. Enrique Gil Calvo speaks of how populism aims to grow: \u201cCollective identity appeals to common aversions, as Laclau theorized. This creates a populist identity characterized by its negativity, as it needs to manufacture an enemy of the people\u2013this is the base on which its political success depends\u2026 Populist reasoning tends to exacerbate antagonistic conflicts.\u201d In short, demagogy and<br \/>\npopulism are far from falling into decline or disappearing from Latin America. Indeed, everything points to its reappearance with a different mask, as well as developing a global presence. This is thanks to the current fertile conditions of economic\u00a0stagnation, success stories to imitate (Donald Trump) and charismatic leaders who aspire to take advantage of this new populist momentum. In reality, there is nothing new under the sun, and as Moises Naim would point out: \u201cThe most interesting thing about Trump, as a political product,\u00a0is not how exceptional he is, but how common he is in these anti-political times. Terrible simplifications proliferate as society\u2019s uncertainty and anxiety grow, which is why they are a global trend today. They are everywhere. But Trump is the most dangerous manifestation of this trend. And that in itself is indeed exceptional.\u201d<\/p>\n<p>[\/et_pb_text][\/et_pb_column][\/et_pb_row][\/et_pb_section][et_pb_section admin_label=&#8221;Secci\u00f3n&#8221; fullwidth=&#8221;off&#8221; specialty=&#8221;off&#8221; transparent_background=&#8221;off&#8221; background_color=&#8221;#ffffff&#8221; allow_player_pause=&#8221;off&#8221; inner_shadow=&#8221;off&#8221; parallax=&#8221;off&#8221; parallax_method=&#8221;off&#8221; padding_mobile=&#8221;off&#8221; make_fullwidth=&#8221;off&#8221; use_custom_width=&#8221;off&#8221; width_unit=&#8221;on&#8221; make_equal=&#8221;off&#8221; use_custom_gutter=&#8221;off&#8221;][et_pb_row admin_label=&#8221;Fila&#8221; make_fullwidth=&#8221;on&#8221; use_custom_width=&#8221;off&#8221; width_unit=&#8221;on&#8221; use_custom_gutter=&#8221;off&#8221; padding_mobile=&#8221;off&#8221; allow_player_pause=&#8221;off&#8221; parallax=&#8221;off&#8221; parallax_method=&#8221;off&#8221; make_equal=&#8221;off&#8221; parallax_1=&#8221;off&#8221; parallax_method_1=&#8221;off&#8221; column_padding_mobile=&#8221;on&#8221;][et_pb_column type=&#8221;4_4&#8243;][et_pb_text admin_label=&#8221;Texto&#8221; background_layout=&#8221;light&#8221; text_orientation=&#8221;left&#8221; use_border_color=&#8221;off&#8221; border_color=&#8221;#ffffff&#8221; border_style=&#8221;solid&#8221;]<\/p>\n<p style=\"text-align: left;\"><strong><span style=\"color: #808080;\"><em>This report has been produced by the analysis team of LLORENTE &amp; CUENCA.\u00a0<\/em><\/span><\/strong><\/p>\n<p>[\/et_pb_text][et_pb_image admin_label=&#8221;Imagen&#8221; src=&#8221;https:\/\/ideasen.llorenteycuenca.com\/wp-content\/uploads\/sites\/6\/2017\/09\/Cr\u00e9ditos-ingl\u00e9s.png&#8221; show_in_lightbox=&#8221;off&#8221; url_new_window=&#8221;off&#8221; use_overlay=&#8221;off&#8221; animation=&#8221;off&#8221; sticky=&#8221;off&#8221; align=&#8221;left&#8221; force_fullwidth=&#8221;off&#8221; always_center_on_mobile=&#8221;on&#8221; use_border_color=&#8221;off&#8221; border_color=&#8221;#ffffff&#8221; border_style=&#8221;solid&#8221;] [\/et_pb_image][\/et_pb_column][\/et_pb_row][\/et_pb_section]<\/p>\n","protected":false},"excerpt":{"rendered":"<p>[et_pb_section admin_label=&#8221;section&#8221;][et_pb_row admin_label=&#8221;row&#8221; make_fullwidth=&#8221;on&#8221; use_custom_width=&#8221;off&#8221; width_unit=&#8221;on&#8221; use_custom_gutter=&#8221;off&#8221; padding_mobile=&#8221;off&#8221; allow_player_pause=&#8221;off&#8221; parallax=&#8221;off&#8221; parallax_method=&#8221;off&#8221; make_equal=&#8221;off&#8221; parallax_1=&#8221;off&#8221; parallax_method_1=&#8221;off&#8221; column_padding_mobile=&#8221;on&#8221;][et_pb_column type=&#8221;4_4&#8243;][et_pb_image admin_label=&#8221;Image&#8221; src=&#8221;https:\/\/ideasen.llorenteycuenca.com\/wp-content\/uploads\/sites\/6\/2017\/09\/Nota-Descarga_ENG.png&#8221; show_in_lightbox=&#8221;off&#8221; url_new_window=&#8221;on&#8221; use_overlay=&#8221;off&#8221; animation=&#8221;off&#8221; sticky=&#8221;off&#8221; align=&#8221;left&#8221; force_fullwidth=&#8221;off&#8221; always_center_on_mobile=&#8221;on&#8221; use_border_color=&#8221;off&#8221; border_color=&#8221;#ffffff&#8221; border_style=&#8221;solid&#8221; url=&#8221;https:\/\/ideasen.llorenteycuenca.com\/wp-content\/uploads\/sites\/6\/2017\/09\/170914_Informe_Populismo_ENG_OK.pdf&#8221;] [\/et_pb_image][et_pb_text admin_label=&#8221;Introducci\u00f3n&#8221; background_layout=&#8221;light&#8221; text_orientation=&#8221;left&#8221; use_border_color=&#8221;off&#8221; border_color=&#8221;#ffffff&#8221; border_style=&#8221;solid&#8221;] Latin America prepares for an intense wave of elections in coming months, which will be decisive for the [&hellip;]<\/p>\n","protected":false},"author":4,"featured_media":56612,"comment_status":"closed","ping_status":"closed","sticky":false,"template":"","format":"standard","meta":{"_acf_changed":false,"_et_pb_use_builder":"","_et_pb_old_content":"","_et_gb_content_width":"","footnotes":""},"categories":[86],"class_list":["post-56608","post","type-post","status-publish","format-standard","has-post-thumbnail","hentry","category-ideas"],"acf":[],"yoast_head":"<!-- This site is optimized with the Yoast SEO Premium plugin v24.7 (Yoast SEO v24.7) - https:\/\/yoast.com\/wordpress\/plugins\/seo\/ -->\n<title>Latin America\u2019s new wave of populism-a movement more alive than ever before - LLYC<\/title>\n<meta name=\"robots\" content=\"index, follow, max-snippet:-1, max-image-preview:large, max-video-preview:-1\" \/>\n<link rel=\"canonical\" href=\"https:\/\/llyc.global\/en\/ideas\/regional-view-populism-on-the-rise-in-latin-america\/\" \/>\n<meta property=\"og:locale\" content=\"en_US\" \/>\n<meta property=\"og:type\" content=\"article\" \/>\n<meta property=\"og:title\" content=\"Latin America\u2019s new wave of populism-a movement more alive than ever before\" \/>\n<meta property=\"og:description\" content=\"[et_pb_section admin_label=&#8221;section&#8221;][et_pb_row admin_label=&#8221;row&#8221; make_fullwidth=&#8221;on&#8221; use_custom_width=&#8221;off&#8221; width_unit=&#8221;on&#8221; use_custom_gutter=&#8221;off&#8221; padding_mobile=&#8221;off&#8221; allow_player_pause=&#8221;off&#8221; parallax=&#8221;off&#8221; parallax_method=&#8221;off&#8221; make_equal=&#8221;off&#8221; parallax_1=&#8221;off&#8221; parallax_method_1=&#8221;off&#8221; column_padding_mobile=&#8221;on&#8221;][et_pb_column type=&#8221;4_4&#8243;][et_pb_image admin_label=&#8221;Image&#8221; src=&#8221;https:\/\/ideasen.llorenteycuenca.com\/wp-content\/uploads\/sites\/6\/2017\/09\/Nota-Descarga_ENG.png&#8221; show_in_lightbox=&#8221;off&#8221; url_new_window=&#8221;on&#8221; use_overlay=&#8221;off&#8221; animation=&#8221;off&#8221; sticky=&#8221;off&#8221; align=&#8221;left&#8221; force_fullwidth=&#8221;off&#8221; always_center_on_mobile=&#8221;on&#8221; use_border_color=&#8221;off&#8221; border_color=&#8221;#ffffff&#8221; border_style=&#8221;solid&#8221; url=&#8221;https:\/\/ideasen.llorenteycuenca.com\/wp-content\/uploads\/sites\/6\/2017\/09\/170914_Informe_Populismo_ENG_OK.pdf&#8221;] [\/et_pb_image][et_pb_text admin_label=&#8221;Introducci\u00f3n&#8221; background_layout=&#8221;light&#8221; text_orientation=&#8221;left&#8221; use_border_color=&#8221;off&#8221; border_color=&#8221;#ffffff&#8221; border_style=&#8221;solid&#8221;] Latin America prepares for an intense wave of elections in coming months, which will be decisive for the [&hellip;]\" \/>\n<meta property=\"og:url\" content=\"https:\/\/llyc.global\/en\/ideas\/regional-view-populism-on-the-rise-in-latin-america\/\" \/>\n<meta property=\"og:site_name\" content=\"LLYC\" \/>\n<meta property=\"article:publisher\" content=\"https:\/\/www.facebook.com\/LLYC.Global\/\" \/>\n<meta property=\"article:published_time\" content=\"2017-09-13T22:00:00+00:00\" \/>\n<meta property=\"article:modified_time\" content=\"2023-10-26T02:11:33+00:00\" \/>\n<meta property=\"og:image\" content=\"https:\/\/llyc.global\/wp-content\/uploads\/2023\/10\/Destacada-9-scaled.jpg\" \/>\n\t<meta property=\"og:image:width\" content=\"2560\" \/>\n\t<meta property=\"og:image:height\" content=\"1708\" \/>\n\t<meta property=\"og:image:type\" content=\"image\/jpeg\" \/>\n<meta name=\"author\" content=\"maguilar\" \/>\n<meta name=\"twitter:card\" content=\"summary_large_image\" \/>\n<meta name=\"twitter:creator\" content=\"@llorenteycuenca\" \/>\n<meta name=\"twitter:site\" content=\"@llorenteycuenca\" \/>\n<meta name=\"twitter:label1\" content=\"Written by\" \/>\n\t<meta name=\"twitter:data1\" content=\"maguilar\" \/>\n\t<meta name=\"twitter:label2\" content=\"Est. reading time\" \/>\n\t<meta name=\"twitter:data2\" content=\"43 minutes\" \/>\n<!-- \/ Yoast SEO Premium plugin. -->","yoast_head_json":{"title":"Latin America\u2019s new wave of populism-a movement more alive than ever before - LLYC","robots":{"index":"index","follow":"follow","max-snippet":"max-snippet:-1","max-image-preview":"max-image-preview:large","max-video-preview":"max-video-preview:-1"},"canonical":"https:\/\/llyc.global\/en\/ideas\/regional-view-populism-on-the-rise-in-latin-america\/","og_locale":"en_US","og_type":"article","og_title":"Latin America\u2019s new wave of populism-a movement more alive than ever before","og_description":"[et_pb_section admin_label=&#8221;section&#8221;][et_pb_row admin_label=&#8221;row&#8221; make_fullwidth=&#8221;on&#8221; use_custom_width=&#8221;off&#8221; width_unit=&#8221;on&#8221; use_custom_gutter=&#8221;off&#8221; padding_mobile=&#8221;off&#8221; allow_player_pause=&#8221;off&#8221; parallax=&#8221;off&#8221; parallax_method=&#8221;off&#8221; make_equal=&#8221;off&#8221; parallax_1=&#8221;off&#8221; parallax_method_1=&#8221;off&#8221; column_padding_mobile=&#8221;on&#8221;][et_pb_column type=&#8221;4_4&#8243;][et_pb_image admin_label=&#8221;Image&#8221; src=&#8221;https:\/\/ideasen.llorenteycuenca.com\/wp-content\/uploads\/sites\/6\/2017\/09\/Nota-Descarga_ENG.png&#8221; show_in_lightbox=&#8221;off&#8221; url_new_window=&#8221;on&#8221; use_overlay=&#8221;off&#8221; animation=&#8221;off&#8221; sticky=&#8221;off&#8221; align=&#8221;left&#8221; force_fullwidth=&#8221;off&#8221; always_center_on_mobile=&#8221;on&#8221; use_border_color=&#8221;off&#8221; border_color=&#8221;#ffffff&#8221; border_style=&#8221;solid&#8221; url=&#8221;https:\/\/ideasen.llorenteycuenca.com\/wp-content\/uploads\/sites\/6\/2017\/09\/170914_Informe_Populismo_ENG_OK.pdf&#8221;] [\/et_pb_image][et_pb_text admin_label=&#8221;Introducci\u00f3n&#8221; background_layout=&#8221;light&#8221; text_orientation=&#8221;left&#8221; use_border_color=&#8221;off&#8221; border_color=&#8221;#ffffff&#8221; border_style=&#8221;solid&#8221;] Latin America prepares for an intense wave of elections in coming months, which will be decisive for the [&hellip;]","og_url":"https:\/\/llyc.global\/en\/ideas\/regional-view-populism-on-the-rise-in-latin-america\/","og_site_name":"LLYC","article_publisher":"https:\/\/www.facebook.com\/LLYC.Global\/","article_published_time":"2017-09-13T22:00:00+00:00","article_modified_time":"2023-10-26T02:11:33+00:00","og_image":[{"width":2560,"height":1708,"url":"https:\/\/llyc.global\/wp-content\/uploads\/2023\/10\/Destacada-9-scaled.jpg","type":"image\/jpeg"}],"author":"maguilar","twitter_card":"summary_large_image","twitter_creator":"@llorenteycuenca","twitter_site":"@llorenteycuenca","twitter_misc":{"Written by":"maguilar","Est. reading time":"43 minutes"},"schema":{"@context":"https:\/\/schema.org","@graph":[{"@type":"WebPage","@id":"https:\/\/llyc.global\/en\/ideas\/regional-view-populism-on-the-rise-in-latin-america\/","url":"https:\/\/llyc.global\/en\/ideas\/regional-view-populism-on-the-rise-in-latin-america\/","name":"Latin America\u2019s new wave of populism-a movement more alive than ever before - LLYC","isPartOf":{"@id":"https:\/\/llyc.global\/en\/#website"},"primaryImageOfPage":{"@id":"https:\/\/llyc.global\/en\/ideas\/regional-view-populism-on-the-rise-in-latin-america\/#primaryimage"},"image":{"@id":"https:\/\/llyc.global\/en\/ideas\/regional-view-populism-on-the-rise-in-latin-america\/#primaryimage"},"thumbnailUrl":"https:\/\/llyc.global\/wp-content\/uploads\/2023\/10\/Destacada-9-scaled.jpg","datePublished":"2017-09-13T22:00:00+00:00","dateModified":"2023-10-26T02:11:33+00:00","author":{"@id":"https:\/\/llyc.global\/en\/#\/schema\/person\/8187160eba73b996b064cce622bd4541"},"breadcrumb":{"@id":"https:\/\/llyc.global\/en\/ideas\/regional-view-populism-on-the-rise-in-latin-america\/#breadcrumb"},"inLanguage":"en-US","potentialAction":[{"@type":"ReadAction","target":["https:\/\/llyc.global\/en\/ideas\/regional-view-populism-on-the-rise-in-latin-america\/"]}]},{"@type":"ImageObject","inLanguage":"en-US","@id":"https:\/\/llyc.global\/en\/ideas\/regional-view-populism-on-the-rise-in-latin-america\/#primaryimage","url":"https:\/\/llyc.global\/wp-content\/uploads\/2023\/10\/Destacada-9-scaled.jpg","contentUrl":"https:\/\/llyc.global\/wp-content\/uploads\/2023\/10\/Destacada-9-scaled.jpg","width":2560,"height":1708},{"@type":"BreadcrumbList","@id":"https:\/\/llyc.global\/en\/ideas\/regional-view-populism-on-the-rise-in-latin-america\/#breadcrumb","itemListElement":[{"@type":"ListItem","position":1,"name":"Home","item":"https:\/\/llyc.global\/en\/"},{"@type":"ListItem","position":2,"name":"Latin America\u2019s new wave of populism-a movement more alive than ever before"}]},{"@type":"WebSite","@id":"https:\/\/llyc.global\/en\/#website","url":"https:\/\/llyc.global\/en\/","name":"LLYC","description":"Consultoria de comunicaci\u00f3n marketing y asuntos p\u00fablicos","potentialAction":[{"@type":"SearchAction","target":{"@type":"EntryPoint","urlTemplate":"https:\/\/llyc.global\/en\/?s={search_term_string}"},"query-input":{"@type":"PropertyValueSpecification","valueRequired":true,"valueName":"search_term_string"}}],"inLanguage":"en-US"},{"@type":"Person","@id":"https:\/\/llyc.global\/en\/#\/schema\/person\/8187160eba73b996b064cce622bd4541","name":"maguilar","image":{"@type":"ImageObject","inLanguage":"en-US","@id":"https:\/\/llyc.global\/en\/#\/schema\/person\/image\/","url":"https:\/\/secure.gravatar.com\/avatar\/2567cb4cb8cda24204d7f7cde2c10fbd?s=96&d=mm&r=g","contentUrl":"https:\/\/secure.gravatar.com\/avatar\/2567cb4cb8cda24204d7f7cde2c10fbd?s=96&d=mm&r=g","caption":"maguilar"}}]}},"_links":{"self":[{"href":"https:\/\/llyc.global\/en\/wp-json\/wp\/v2\/posts\/56608","targetHints":{"allow":["GET"]}}],"collection":[{"href":"https:\/\/llyc.global\/en\/wp-json\/wp\/v2\/posts"}],"about":[{"href":"https:\/\/llyc.global\/en\/wp-json\/wp\/v2\/types\/post"}],"author":[{"embeddable":true,"href":"https:\/\/llyc.global\/en\/wp-json\/wp\/v2\/users\/4"}],"replies":[{"embeddable":true,"href":"https:\/\/llyc.global\/en\/wp-json\/wp\/v2\/comments?post=56608"}],"version-history":[{"count":1,"href":"https:\/\/llyc.global\/en\/wp-json\/wp\/v2\/posts\/56608\/revisions"}],"predecessor-version":[{"id":56611,"href":"https:\/\/llyc.global\/en\/wp-json\/wp\/v2\/posts\/56608\/revisions\/56611"}],"wp:featuredmedia":[{"embeddable":true,"href":"https:\/\/llyc.global\/en\/wp-json\/wp\/v2\/media\/56612"}],"wp:attachment":[{"href":"https:\/\/llyc.global\/en\/wp-json\/wp\/v2\/media?parent=56608"}],"wp:term":[{"taxonomy":"category","embeddable":true,"href":"https:\/\/llyc.global\/en\/wp-json\/wp\/v2\/categories?post=56608"}],"curies":[{"name":"wp","href":"https:\/\/api.w.org\/{rel}","templated":true}]}}