{"id":56658,"date":"2017-09-27T00:00:00","date_gmt":"2017-09-26T22:00:00","guid":{"rendered":"https:\/\/llyc.global\/2017\/09\/27\/analysis-of-provisions-for-litigation-in-companies-of-the-ibex-35\/"},"modified":"2023-10-26T04:12:53","modified_gmt":"2023-10-26T02:12:53","slug":"analysis-of-provisions-for-litigation-in-companies-of-the-ibex-35","status":"publish","type":"post","link":"https:\/\/llyc.global\/en\/ideas\/analysis-of-provisions-for-litigation-in-companies-of-the-ibex-35\/","title":{"rendered":"Analysis of provisions for litigation in companies of the Ibex 35"},"content":{"rendered":"<p>[et_pb_section admin_label=&#8221;Section&#8221; fullwidth=&#8221;off&#8221; specialty=&#8221;off&#8221;][et_pb_row admin_label=&#8221;Row&#8221; make_fullwidth=&#8221;on&#8221; use_custom_width=&#8221;off&#8221; width_unit=&#8221;on&#8221; use_custom_gutter=&#8221;off&#8221; padding_mobile=&#8221;off&#8221; allow_player_pause=&#8221;off&#8221; parallax=&#8221;off&#8221; parallax_method=&#8221;off&#8221; make_equal=&#8221;off&#8221; parallax_1=&#8221;off&#8221; parallax_method_1=&#8221;off&#8221; column_padding_mobile=&#8221;on&#8221;][et_pb_column type=&#8221;4_4&#8243;][et_pb_image admin_label=&#8221;Image&#8221; src=&#8221;https:\/\/ideasen.llorenteycuenca.com\/wp-content\/uploads\/sites\/6\/2017\/09\/Nota-Descarga.png&#8221; show_in_lightbox=&#8221;off&#8221; url=&#8221;https:\/\/ideasen.llorenteycuenca.com\/wp-content\/uploads\/sites\/6\/2017\/09\/170927_DI_Estudio_Litigios_Ibex35_.pdf&#8221; url_new_window=&#8221;on&#8221; use_overlay=&#8221;off&#8221; animation=&#8221;off&#8221; sticky=&#8221;off&#8221; align=&#8221;left&#8221; force_fullwidth=&#8221;off&#8221; always_center_on_mobile=&#8221;on&#8221; use_border_color=&#8221;off&#8221; border_color=&#8221;#ffffff&#8221; border_style=&#8221;solid&#8221; title_text=&#8221;https:\/\/ideasen.llorenteycuenca.com\/wp-content\/uploads\/sites\/6\/2017\/09\/170927_DI_Estudio_Litigios_Ibex35_ENG-1.pdf&#8221;] [\/et_pb_image][\/et_pb_column][\/et_pb_row][\/et_pb_section][et_pb_section admin_label=&#8221;Secci\u00f3n&#8221; fullwidth=&#8221;off&#8221; specialty=&#8221;off&#8221; transparent_background=&#8221;off&#8221; background_color=&#8221;#00847d&#8221; allow_player_pause=&#8221;off&#8221; inner_shadow=&#8221;off&#8221; parallax=&#8221;off&#8221; parallax_method=&#8221;off&#8221; padding_mobile=&#8221;off&#8221; make_fullwidth=&#8221;off&#8221; use_custom_width=&#8221;off&#8221; width_unit=&#8221;on&#8221; make_equal=&#8221;off&#8221; use_custom_gutter=&#8221;off&#8221;][et_pb_row admin_label=&#8221;Fila&#8221; make_fullwidth=&#8221;on&#8221; use_custom_width=&#8221;off&#8221; width_unit=&#8221;on&#8221; use_custom_gutter=&#8221;off&#8221; padding_mobile=&#8221;off&#8221; allow_player_pause=&#8221;off&#8221; parallax=&#8221;off&#8221; parallax_method=&#8221;off&#8221; make_equal=&#8221;off&#8221; parallax_1=&#8221;off&#8221; parallax_method_1=&#8221;off&#8221; column_padding_mobile=&#8221;on&#8221;][et_pb_column type=&#8221;4_4&#8243;][et_pb_text admin_label=&#8221;FUNDS OF COMPANIES IN CASE THEY LOSE THE TRIAL&#8221; background_layout=&#8221;light&#8221; text_orientation=&#8221;left&#8221; use_border_color=&#8221;off&#8221; border_color=&#8221;#ffffff&#8221; border_style=&#8221;solid&#8221;]<\/p>\n<h1 style=\"text-align: left;\"><span style=\"color: #ffffff;\">COMPANIES&#8217; RESERVES IN CASE THEY LOSE THE LAWSUIT<\/span><\/h1>\n<p>[\/et_pb_text][\/et_pb_column][\/et_pb_row][\/et_pb_section][et_pb_section admin_label=&#8221;Secci\u00f3n&#8221; fullwidth=&#8221;off&#8221; specialty=&#8221;off&#8221; transparent_background=&#8221;off&#8221; background_color=&#8221;#f9f9f9&#8243; allow_player_pause=&#8221;off&#8221; inner_shadow=&#8221;off&#8221; parallax=&#8221;off&#8221; parallax_method=&#8221;off&#8221; padding_mobile=&#8221;off&#8221; make_fullwidth=&#8221;off&#8221; use_custom_width=&#8221;off&#8221; width_unit=&#8221;on&#8221; make_equal=&#8221;off&#8221; use_custom_gutter=&#8221;off&#8221;][et_pb_row admin_label=&#8221;Fila&#8221; make_fullwidth=&#8221;off&#8221; use_custom_width=&#8221;off&#8221; width_unit=&#8221;on&#8221; use_custom_gutter=&#8221;off&#8221; padding_mobile=&#8221;off&#8221; allow_player_pause=&#8221;off&#8221; parallax=&#8221;off&#8221; parallax_method=&#8221;off&#8221; make_equal=&#8221;off&#8221; parallax_1=&#8221;off&#8221; parallax_method_1=&#8221;off&#8221; column_padding_mobile=&#8221;on&#8221;][et_pb_column type=&#8221;4_4&#8243;][et_pb_text admin_label=&#8221;Texto&#8221; background_layout=&#8221;light&#8221; text_orientation=&#8221;left&#8221; use_border_color=&#8221;off&#8221; border_color=&#8221;#ffffff&#8221; border_style=&#8221;solid&#8221;]<\/p>\n<p>In recent years, we have witnessed a considerable increase in the litigiousness of public and private life in Spain. <strong>Society and companies are taking legal action more and more frequently and for a great variety of issues<\/strong>, which has led to severe overburdening of the courts. Especially during the years of the economic crisis, that increased caseload has been particularly evident in relation to <strong>banking issues<\/strong>. In July this year, the consumers&#8217; association FACUA <a href=\"https:\/\/www.facua.org\/es\/noticia.php?Id=11788\">reported<\/a> that the Courts of First Instance specializing in floor clauses are overwhelmed because they do not have sufficient means to cope with the claims filed in this regard. As reported in the newspaper <a href=\"https:\/\/economia.elpais.com\/economia\/2017\/07\/03\/actualidad\/1499099558_736864.html\">El Pa\u00eds<\/a>, according to data from the General Council of the Judiciary, in the month of June 2017 alone almost 16,000 claims were presented to those courts, and it is expected that, over the course of the year, they will receive more than 190,000 claims related to mortgage clauses.<\/p>\n<p>The <strong>need for companies to make financial provisions <\/strong>in order to pay the costs associated with these matters has increased very considerably.<\/p>\n<p>In this study, we have examined the <strong>public data which the companies of the IBEX 35<a href=\"#_ftn1\" name=\"_ftnref1\"><sup>[1]<\/sup><\/a> provide with regard to the amounts and concepts of provisions for legal risks<a href=\"#_ftn2\" name=\"_ftnref2\"><sup>[2]<\/sup><\/a><\/strong>. Those data can generally be obtained from <strong>the consolidated annual accounts<\/strong>, though they are also included in the corporate reports and audit reports.<\/p>\n<p><a href=\"#_ftnref1\" name=\"_ftn1\"><sup><sup>[1]<\/sup><\/sup><\/a> The IBEX 35 is composed of the 35 companies with the greatest liquidity listed in the Electronic Stock Market Interconnection System (SIBE) in the four Spanish stock exchanges (Madrid, Barcelona, Bilbao and Valencia).<\/p>\n<p><a href=\"#_ftnref2\" name=\"_ftn2\"><sup><sup>[2]<\/sup><\/sup><\/a> The amounts of funds allocated to provisions for litigation are those which the company considers could be necessary to meet the costs of ongoing litigation, or for any risks it has identified, even if there are no lawsuits in that regard.<\/p>\n<p>In this study, we have taken into account the data attributable to provisions of funds to cover probable lawsuits and other liabilities. Thus, we detail the amounts allocated by the <strong>companies of the IBEX 35<\/strong> to these provisions in <strong>2016<\/strong> if they were included in the annual accounts, and we outline the most relevant conclusions by <strong>sectors of activity <\/strong>and <strong>types of risks or lawsuits <\/strong>they must respond to in all the markets in which they are present, though they are listed in Spain. Likewise, in some of the most significant cases, we will consider their evolution compared to the previous year (2015) and will give some information on the provisions of 2017 which have already been published during the year to date.<\/p>\n<p>It is necessary to clarify that, as <strong>there is no specific nomenclature <\/strong>used by all companies to refer to the provision set aside for lawsuits, the concept taken into account for this study differs in many cases (some examples are &#8220;provision for liabilities&#8221;, &#8220;provisions for taxes and other legal contingencies and other provisions\u201d, \u201cjudicial matters and lawsuits for taxes pending&#8221; or &#8220;provisions for lawsuits, compensation and other legal or contractual obligations\u201d). Therefore, it should also be noted that it is possible that not all the companies include the same items in the selected provision. Thus, while some include, for example, the provisions deriving from the regulatory framework, others only mention the costs equal to the amounts claimed in the lawsuits.<\/p>\n<p>[\/et_pb_text][\/et_pb_column][\/et_pb_row][\/et_pb_section][et_pb_section admin_label=&#8221;section&#8221;][et_pb_row admin_label=&#8221;Fila&#8221;][et_pb_column type=&#8221;4_4&#8243;][et_pb_text admin_label=&#8221;OIL AND ENERGY SECTOR&#8221; background_layout=&#8221;light&#8221; text_orientation=&#8221;left&#8221; use_border_color=&#8221;off&#8221; border_color=&#8221;#ffffff&#8221; border_style=&#8221;solid&#8221;]<\/p>\n<h1><span style=\"color: #000000;\">OIL AND ENERGY SECTOR<\/span><\/h1>\n<p>[\/et_pb_text][et_pb_tabs admin_label=&#8221;Pesta\u00f1as&#8221; use_border_color=&#8221;off&#8221; border_color=&#8221;#ffffff&#8221; border_style=&#8221;solid&#8221; custom_css_tabs_controls=&#8221;margin-left: 0px !important;&#8221; custom_css_tab=&#8221;list-style: none !important;&#8221; saved_tabs=&#8221;all&#8221; module_class=&#8221;tab-close&#8221;] [et_pb_tab title=&#8221;ENAGAS &#8221; tab_font_select=&#8221;default&#8221; tab_font=&#8221;||||&#8221; tab_line_height=&#8221;2em&#8221; tab_line_height_tablet=&#8221;2em&#8221; tab_line_height_phone=&#8221;2em&#8221; body_font_select=&#8221;default&#8221; body_font=&#8221;||||&#8221; body_line_height=&#8221;2em&#8221; body_line_height_tablet=&#8221;2em&#8221; body_line_height_phone=&#8221;2em&#8221;]<\/p>\n<p><strong><span style=\"color: #000000;\">Provisions:<\/span> <\/strong>11.235,000 \u20ac<\/p>\n<h4><span style=\"color: #64a70b;\">Main litigations:<\/span><\/h4>\n<ul>\n<li>It does not disclose any litigation in 2016. It only refers to a litigation that the \u00a0Sociedad Compa\u00f1\u00eda Transportista de Gas Canaria had with the European Regional Development Fund (ERDF) that was concluded after the announcement of the TSJ of Madrid in January 2016.<\/li>\n<\/ul>\n<p><span style=\"color: #999999;\"><em>Deferred tax assets and liabilities: Provisions for litigation and others.<\/em><\/span><span style=\"color: #999999;\"><em><br \/>\n<\/em><\/span><span style=\"color: #999999;\"><i>Source used: Consolidated annual accounts.\u00a0<\/i><\/span><\/p>\n<p>[\/et_pb_tab][et_pb_tab title=&#8221;REPSOL&#8221; tab_font_select=&#8221;default&#8221; tab_font=&#8221;||||&#8221; tab_line_height=&#8221;2em&#8221; tab_line_height_tablet=&#8221;2em&#8221; tab_line_height_phone=&#8221;2em&#8221; body_font_select=&#8221;default&#8221; body_font=&#8221;||||&#8221; body_line_height=&#8221;2em&#8221; body_line_height_tablet=&#8221;2em&#8221; body_line_height_phone=&#8221;2em&#8221; background_color=&#8221;#00ab59&#8243;]<\/p>\n<p><strong>Provisions:\u00a0<\/strong>1.501,000,000 \u20ac<\/p>\n<h4><span style=\"color: #64a70b;\">Main litigations:<\/span><\/h4>\n<p style=\"padding-left: 30px;\"><strong><span style=\"color: #0085ca;\">United Kingdom:<\/span><\/strong> Arbitration against Talisman for the purchase of shares that required the repayment of the amount invested. Claim to Repsol for \u00a0the leakage in the Galley pipeline.<\/p>\n<p style=\"padding-left: 30px;\"><strong><span style=\"color: #0085ca;\">United States<\/span><\/strong>: Lawsuit against Repsol for polluting the Passaic River.<\/p>\n<p style=\"padding-left: 30px;\"><strong><span style=\"color: #0085ca;\">Spain:\u00a0<\/span><\/strong>Supreme Court recognizes the right of Repsol to be compensated for the setting of the maximum price of bottled LPG.<\/p>\n<h4><span style=\"color: #64a70b;\">Tax litigations:<\/span><\/h4>\n<p style=\"padding-left: 30px;\"><strong><span style=\"color: #0085ca;\">Bolivia:<\/span><\/strong>\u00a0\u00a0Litigation against administrative acts that deny the deductibility of certain concepts.<\/p>\n<p style=\"padding-left: 30px;\"><span style=\"color: #0085ca;\"><strong>Brazil:<\/strong><\/span> Formal breach of material movements from the mainland to the oil platform.<\/p>\n<p style=\"padding-left: 30px;\"><strong><span style=\"color: #0085ca;\">Canada<\/span>:<\/strong>\u00a0The Canadian Administration denied the application of tax inventions. In 2015, the Tax Court issued a favorable ruling for Repsol.<\/p>\n<p style=\"padding-left: 30px;\"><strong><span style=\"color: #0085ca;\">Ecuador:<\/span><\/strong>\u00a0The Internal Revenue Service of Ecuador denied the deductibility in the Income Tax of the tariff payments for transportation of crude oil.<\/p>\n<p style=\"padding-left: 30px;\"><span style=\"color: #0085ca;\"><strong>Spain:<\/strong><\/span> Irregularities in Corporate Tax and retentions related to transfer prices, deduction of losses due to investments abroad.<\/p>\n<p style=\"padding-left: 30px;\"><strong><span style=\"color: #0085ca;\">Indonesia:<\/span>\u00a0<\/strong>Various claims relative to the imposition on the benefit of the the group.<\/p>\n<p style=\"padding-left: 30px;\"><strong><span style=\"color: #0085ca;\">Malaysia:<\/span><\/strong> \u00a0Deductibility of certain expenditures.<\/p>\n<p style=\"padding-left: 30px;\"><strong><span style=\"color: #0085ca;\">Timor:<\/span><\/strong> Deductibility of certain expenses in the tax on benefits.<\/p>\n<p style=\"padding-left: 30px;\"><span style=\"color: #0085ca;\"><strong>Trinidad and Tobago:<\/strong> <\/span>\u00a0Taxes relative to the financial years of Impuestos relativos a los ejercicios 2003-2009.<\/p>\n<p>&nbsp;<\/p>\n<p>&nbsp;<\/p>\n<p><span style=\"color: #999999;\"><i>Visions:\u00a0This section includes tax claims, litigation and arbitration, among others.<\/i><\/span><\/p>\n<p><span style=\"color: #999999;\"><i>Source used: Consolidated annual accounts.\u00a0<\/i><\/span><\/p>\n<p>[\/et_pb_tab][et_pb_tab title=&#8221;ENDESA&#8221; tab_font_select=&#8221;default&#8221; tab_font=&#8221;||||&#8221; tab_line_height=&#8221;2em&#8221; tab_line_height_tablet=&#8221;2em&#8221; tab_line_height_phone=&#8221;2em&#8221; body_font_select=&#8221;default&#8221; body_font=&#8221;||||&#8221; body_line_height=&#8221;2em&#8221; body_line_height_tablet=&#8221;2em&#8221; body_line_height_phone=&#8221;2em&#8221;]<\/p>\n<p><strong>Provisions:<\/strong>\u00a0732.000,000 \u20ac<\/p>\n<h4><span style=\"color: #64a70b;\">RESOURCE AND CLAIMS:\u00a0<\/span><\/h4>\n<ul>\n<li style=\"padding-left: 30px;\">Appeal of cassation before AN related to a surplus value. There is no significant impact on the company.<\/li>\n<li style=\"padding-left: 30px;\">Claim for damages for breach of agreement when not constructing a substation (2013).<\/li>\n<li style=\"padding-left: 30px;\">Delivery of 25% of the energy produced by\u00a0the Ebro hydroelectric projects.<\/li>\n<\/ul>\n<h4><span style=\"color: #64a70b;\">FIRES:<\/span><\/h4>\n<ul>\n<li>2 procedimientos judiciales en curso contra Endesa por incendios forestales en Catalu\u00f1a de los que pudieran resultar reclamaciones por da\u00f1os y perjuicios por aproximadamente 23 millones de euros.<\/li>\n<li>La Junta de Andaluc\u00eda reclama a Endesa una indmenizaci\u00f3n por da\u00f1os y perjuicios derivada de un incendio (2016).<\/li>\n<li>2 ongoing legal proceedings against Endesa for forest fires in Catalonia which could result in claims for damages of approximately 23 million euros.<\/li>\n<li>The Junta de Andaluc\u00eda wants to be compensated by Endesa for the damages derived from a fire (2016).<\/li>\n<\/ul>\n<h4><span style=\"color: #64a70b;\">FINES:<\/span><\/h4>\n<ul>\n<li>Fine for a serious infringement in breach of the obligation to adapt to the new law on the regime of ownership of the operating authorizations of nuclear power plants.<\/li>\n<li>4 sanctions of the Ministry of Energy (2009) for the release of radioactive particles in 2007.<\/li>\n<li>Sanctioning file initiated in 2013 for non-compliance in the control of the unused radioactive sources.<\/li>\n<\/ul>\n<h4><span style=\"color: #64a70b;\">COMPETENCE:<\/span><\/h4>\n<ul>\n<li>The CNMC notifies a sanction against Endesa for abusing its\u00a0power.<\/li>\n<li>Fine for an abusive conduct in the electrical installations market (2012).<\/li>\n<\/ul>\n<h4><span style=\"color: #64a70b;\"><strong>FISCAL:\u00a0<\/strong><\/span><\/h4>\n<ul>\n<li>The Tax Agency notified the initiation of inspections (currently ongoing) in relation to the IS, VAT and withholding tax.<\/li>\n<\/ul>\n<p><span style=\"color: #999999;\"><i>Other provisions: Provisions for litigation, indemnities and other legal or contractual obligations.\u00a0<\/i><\/span><\/p>\n<p><span style=\"color: #999999;\"><i>Source used: Consolidated annual accounts.<\/i><\/span><\/p>\n<p>&nbsp;<\/p>\n<p>[\/et_pb_tab][et_pb_tab title=&#8221;GAS NATURAL &#8221; tab_font_select=&#8221;default&#8221; tab_font=&#8221;||||&#8221; tab_line_height=&#8221;2em&#8221; tab_line_height_tablet=&#8221;2em&#8221; tab_line_height_phone=&#8221;2em&#8221; body_font_select=&#8221;default&#8221; body_font=&#8221;||||&#8221; body_line_height=&#8221;2em&#8221; body_line_height_tablet=&#8221;2em&#8221; body_line_height_phone=&#8221;2em&#8221;]<\/p>\n<p><strong>Provisions:<\/strong> 345.000,000 \u20ac<\/p>\n<h4><span style=\"color: #64a70b;\">TAX LITIGATIONS:<\/span><\/h4>\n<ul>\n<li style=\"padding-left: 30px;\">It corresponds to the deduction for export activities in the fiscal years of 2003 to 2008.<\/li>\n<\/ul>\n<h4><span style=\"color: #64a70b;\">CONTINGENT LIABILITIES:<\/span><\/h4>\n<ul>\n<li>The Tax Administration of Rio de Janeiro does not recognize the offsetting of the credits for the contributions on certain sales.<\/li>\n<li>Claim of amount against the branch in Panama. The company, claiming damages, was awarded a public contest, although it was not finally able to comply with the guarantees required in the bidding documents.<\/li>\n<li>Arbitration proceedings against Qatar Liquified Gas Company with the aim of fixing the prices for the gas supplies that this company receives.<\/li>\n<li>Egyptian Natural Gas Holding ceased supplying gas to Uni\u00f3n Fenosa Gas (50% owned by Gas Natural Fenosa) as well as the plant&#8217;s usage fee. Union Fenosa Gas has initiated arbitration against Egypt and the supplier.<\/li>\n<\/ul>\n<p><span style=\"color: #999999;\"><i>Other provisions: Included in this section are tax claims, litigation, arbitration and contingent liabilities, among others.<\/i><\/span><\/p>\n<p><span style=\"color: #999999;\"><i>Source used: Consolidated annual accounts.\u00a0<\/i><\/span><\/p>\n<p>[\/et_pb_tab][et_pb_tab title=&#8221;IBERDROLA&#8221; tab_font_select=&#8221;default&#8221; tab_font=&#8221;||||&#8221; tab_line_height=&#8221;2em&#8221; tab_line_height_tablet=&#8221;2em&#8221; tab_line_height_phone=&#8221;2em&#8221; body_font_select=&#8221;default&#8221; body_font=&#8221;||||&#8221; body_line_height=&#8221;2em&#8221; body_line_height_tablet=&#8221;2em&#8221; body_line_height_phone=&#8221;2em&#8221;]<\/p>\n<p><strong>Provisions:<\/strong> 600.733,000 \u20ac<\/p>\n<h4><span style=\"color: #64a70b;\">QUANTITY CLAIMS\u00a0<\/span><\/h4>\n<ul>\n<li style=\"padding-left: 30px;\">Banco Mare Nostrum (BMN) files a lawsuit against Iberdrola requesting the nullity of the deed of sale of certain installments.<\/li>\n<li style=\"padding-left: 30px;\">Iberdrola files a lawsuit for a quantity against GESA Group, who replied requesting the payment of 4 million euros for the bonus of success left to pay, when processing and granting megawatts to Iberdrola in Andalusian wind contests.<\/li>\n<\/ul>\n<h4><span style=\"color: #64a70b;\">LITIGATIONS WITH OTHER COMPANIES<\/span><\/h4>\n<ul>\n<li>Iberdrola files a lawsuit against Bankia for losses suffered after investing in shares. Iberdrola claims that the information provided by Bankia in the prospectus was &#8220;seriously inaccurate, incorrect and false.&#8221;<\/li>\n<li>Iberdrola, together with other affected companies, claims to Euskaltel the payment of the variable price agreed in the purchase agreement when it acquired shares of the company in 2012.<\/li>\n<li>Scottish Power (of Iberdrola) has initiated legal proceedings against BP for breach of a gas supply contract.<\/li>\n<\/ul>\n<h4><span style=\"color: #64a70b;\">ADMINISTRATIVE PROCEEDINGS<\/span><\/h4>\n<ul>\n<li>Iberdrola has filed several contentious-administrative appeals against regulatory provisions.<\/li>\n<li>Administrative procedure inherited after the absorption of a Greek energy company. Iberdrola faces a fine from the Greek Securities Market Commission as part of the formulation of the takeover bid in 2008.<\/li>\n<li>Iberdrola considers &#8220;excessive and disproportionate&#8221; the provisional liquidation of the City of Lorca.<\/li>\n<\/ul>\n<p><strong><span style=\"color: #0085ca;\">Arbitration<\/span><\/strong><\/p>\n<ul>\n<li>Arbitration procedure before the International Chamber of Commerce initiated by the purchasing company of 30 wind farms that belong to Iberdrola. They claim the breach of the declarations and guarantees provided in the contract on the maximum allowed noise levels.<\/li>\n<li>Arbitration lawsuit against Iberdrola of a Canadian subcontractor for executed work, surcharges and delays.<\/li>\n<li>Iberdrola initiated an arbitration procedure in order to claim damages caused by the client&#8217;s actions in Kenya<\/li>\n<\/ul>\n<p><strong><span style=\"color: #0085ca;\">Others<\/span><\/strong><\/p>\n<ul>\n<li>Claims for environmental breach against Iberdrola.<\/li>\n<li>Iberdrola asks to be recognized the ownership of a plot against 18 co-owners who claim to have a title on the estate.<\/li>\n<li>Elektro (a subsidiary of Iberdrola in Brazil) is seeking annulment of the Court&#8217;s decision to include the company in the payment of highway use fees.<\/li>\n<li>The California Public Utilities Commission is claiming against several electricity-producing companies for market manipulation on the grounds that the prices of energy sales contracts were &#8220;unfair and unreasonable.&#8221;<\/li>\n<\/ul>\n<p><span style=\"color: #999999;\"><i>Other provisions: Provisions for litigations, compensation, and other contractual and legal obligations.<\/i><\/span><\/p>\n<p><span style=\"color: #999999;\"><i>Source used: Consolidated annual accounts.\u00a0<\/i><\/span><\/p>\n<p>[\/et_pb_tab][et_pb_tab title=&#8221;RED EL\u00c9CTRICA DE ESPA\u00d1A &#8221; tab_font_select=&#8221;default&#8221; tab_font=&#8221;||||&#8221; tab_line_height=&#8221;2em&#8221; tab_line_height_tablet=&#8221;2em&#8221; tab_line_height_phone=&#8221;2em&#8221; body_font_select=&#8221;default&#8221; body_font=&#8221;||||&#8221; body_line_height=&#8221;2em&#8221; body_line_height_tablet=&#8221;2em&#8221; body_line_height_phone=&#8221;2em&#8221;]<\/p>\n<p><strong>Provisions:<\/strong> 39.053,000 \u20ac<\/p>\n<h4><span style=\"color: #64a70b;\">LITIGATIONS<\/span><\/h4>\n<p>Only mentions that the Group &#8220;does not have litigations regarding protection and improvement of the environment&#8221;.<\/p>\n<p><span style=\"color: #999999;\"><i>Non-current provisions: Other provisions\u00a0<\/i><\/span><\/p>\n<p><span style=\"color: #999999;\"><i>Source used: Consolidated annual accounts.\u00a0<\/i><\/span><\/p>\n<p>[\/et_pb_tab] [\/et_pb_tabs][\/et_pb_column][\/et_pb_row][et_pb_row admin_label=&#8221;Fila&#8221;][et_pb_column type=&#8221;4_4&#8243;][et_pb_text admin_label=&#8221;BASIC MATERIALS. INDUSTRY AND CONSTRUCTION SECTOR&#8221; background_layout=&#8221;light&#8221; text_orientation=&#8221;left&#8221; use_border_color=&#8221;off&#8221; border_color=&#8221;#ffffff&#8221; border_style=&#8221;solid&#8221;]<\/p>\n<h1><span style=\"color: #000000;\">BASIC MATERIALS. INDUSTRY AND CONSTRUCTION SECTOR<\/span><\/h1>\n<p>[\/et_pb_text][et_pb_tabs admin_label=&#8221;Pesta\u00f1as&#8221; use_border_color=&#8221;off&#8221; border_color=&#8221;#ffffff&#8221; border_style=&#8221;solid&#8221; custom_css_tabs_controls=&#8221;margin-left: 0px !important;&#8221; custom_css_tab=&#8221;list-style: none !important;&#8221; module_class=&#8221;tab-close&#8221;] [et_pb_tab title=&#8221;ARCELORMITTAL&#8221; tab_font_select=&#8221;default&#8221; tab_font=&#8221;||||&#8221; tab_line_height=&#8221;2em&#8221; tab_line_height_tablet=&#8221;2em&#8221; tab_line_height_phone=&#8221;2em&#8221; body_font_select=&#8221;default&#8221; body_font=&#8221;||||&#8221; body_line_height=&#8221;2em&#8221; body_line_height_tablet=&#8221;2em&#8221; body_line_height_phone=&#8221;2em&#8221;]<\/p>\n<p><strong>Provisions:<\/strong> 351.000,000 (expressed\u00a0inUSD in their accounts: 413.000.000 USD \/\/ equivalent: 1 d\u00f3lar = 1.18 \u20ac)<\/p>\n<h4><span style=\"color: #64a70b;\">FISCAL AND COMPETENCE CLAIMS:<\/span><\/h4>\n<ul>\n<li>Tax claims of $ 211 in Brazil, France, Mexico, Ukraine.<\/li>\n<li>Competition \/ antitrust claims in the US, Brazil, Romania, South Africa and Germany.<\/li>\n<li>\u00a0Other legal claims valued at USD 202 in Argentina, Canada, Italy, Luxembourg, Senegal and France.<\/li>\n<\/ul>\n<p><span style=\"color: #999999;\"><i>Litigation and other<\/i><\/span><\/p>\n<p><span style=\"color: #999999;\"><i>Source used:\u00a0Annual Report<\/i><\/span><\/p>\n<p>[\/et_pb_tab][et_pb_tab title=&#8221;ACERINOX&#8221; tab_font_select=&#8221;default&#8221; tab_font=&#8221;||||&#8221; tab_line_height=&#8221;2em&#8221; tab_line_height_tablet=&#8221;2em&#8221; tab_line_height_phone=&#8221;2em&#8221; body_font_select=&#8221;default&#8221; body_font=&#8221;||||&#8221; body_line_height=&#8221;2em&#8221; body_line_height_tablet=&#8221;2em&#8221; body_line_height_phone=&#8221;2em&#8221;]<\/p>\n<p><span style=\"color: #000000;\"><strong>Provisions<\/strong>:<\/span> 387.000 \u20ac<\/p>\n<h4><span style=\"color: #64a70b;\">LITIGATIONS AND CLAIMS<\/span><\/h4>\n<ul>\n<li>Labor claim.<\/li>\n<li>Complaint of the CDTI (Centro de Desarrollo Tecnol\u00f3gico Industrial) for the reimbursement of a subsidy from a consortium of companies, including Acerinox.<\/li>\n<li>Litigation with the Port Authority of Algeciras and France&#8217;s electricity company.<br \/>\nLabor claim.<\/li>\n<li>Complaint of the CDTI (Industrial Technology Development Center) for the reimbursement of a subsidy from a consortium of companies, including Acerinox.<\/li>\n<\/ul>\n<p><span style=\"color: #999999;\"><em>Other provisions: Litigations\u00a0<\/em><\/span><\/p>\n<p><span style=\"color: #999999;\"><i>Source used: Consolidated annual accounts.<\/i><\/span><\/p>\n<p>[\/et_pb_tab][et_pb_tab title=&#8221;ACCIONA&#8221; tab_font_select=&#8221;default&#8221; tab_font=&#8221;||||&#8221; tab_line_height=&#8221;2em&#8221; tab_line_height_tablet=&#8221;2em&#8221; tab_line_height_phone=&#8221;2em&#8221; body_font_select=&#8221;default&#8221; body_font=&#8221;||||&#8221; body_line_height=&#8221;2em&#8221; body_line_height_tablet=&#8221;2em&#8221; body_line_height_phone=&#8221;2em&#8221;]<\/p>\n<p><strong>Provisions:<\/strong> 170.00,000 \u20ac<\/p>\n<h4><span style=\"color: #64a70b;\">CIVIL CLAIMS:\u00a0<\/span><\/h4>\n<ul>\n<li>For defects in construction of the works carried out and complaints regarding discrepancies in the provision of services, among others.<\/li>\n<li>Claims for construction defects against the company.<\/li>\n<\/ul>\n<h4><strong><span style=\"color: #64a70b;\">LAWSUITS:<\/span><\/strong><\/h4>\n<ul>\n<li>Against the energy division (contractual breach in the United States).<\/li>\n<li>In the area of infrastructure.<\/li>\n<\/ul>\n<h4><strong><span style=\"color: #64a70b;\">APPEAL:<\/span><\/strong><\/h4>\n<ul>\n<li>Contentious-administrative \u00a0interjected by ATLL (Catalonia).<\/li>\n<\/ul>\n<p><span style=\"color: #999999;\"><i>Non-current liabilities: Provisions and litigations.<\/i><\/span><\/p>\n<p><span style=\"color: #999999;\"><i>Source used: Consolidated annual accounts.\u00a0<\/i><\/span><\/p>\n<p>[\/et_pb_tab][et_pb_tab title=&#8221;GRUPO ACS&#8221; tab_font_select=&#8221;default&#8221; tab_font=&#8221;||||&#8221; tab_line_height=&#8221;2em&#8221; tab_line_height_tablet=&#8221;2em&#8221; tab_line_height_phone=&#8221;2em&#8221; body_font_select=&#8221;default&#8221; body_font=&#8221;||||&#8221; body_line_height=&#8221;2em&#8221; body_line_height_tablet=&#8221;2em&#8221; body_line_height_phone=&#8221;2em&#8221;]<\/p>\n<p><strong>Provisions<\/strong>: 831.807,000 \u20ac<\/p>\n<h4><span style=\"color: #64a70b;\">ARBITRATION: <\/span><\/h4>\n<ul>\n<li>Request by the concession company Metro de Lima L\u00ednea 2, S.A. against the Republic of Peru for the serious breach of the concession contract.<\/li>\n<\/ul>\n<h4><span style=\"color: #64a70b;\">COMPETENCIA:\u00a0<\/span><\/h4>\n<ul>\n<li>Appeal against the CNMC in relation to the modular building business.<\/li>\n<\/ul>\n<h4><span style=\"color: #64a70b;\">OTROS:<\/span><\/h4>\n<ul>\n<li>Litigation derived by a potential right of having the option of the sale of the &#8220;builder partners&#8221; of Alazor on &#8220;non-builders&#8221;.<\/li>\n<\/ul>\n<p><span style=\"color: #999999;\"><i>Provisions for responsibilities: The section includes litigations, environment, guarantees and contractual and legal obligations.<\/i><\/span><\/p>\n<p><span style=\"color: #999999;\"><i>Source used: Consolidated annual accounts.\u00a0\u00a0<\/i><\/span><\/p>\n<p>[\/et_pb_tab][et_pb_tab title=&#8221;GRUPO FERROVIAL&#8221; tab_font_select=&#8221;default&#8221; tab_font=&#8221;||||&#8221; tab_line_height=&#8221;2em&#8221; tab_line_height_tablet=&#8221;2em&#8221; tab_line_height_phone=&#8221;2em&#8221; body_font_select=&#8221;default&#8221; body_font=&#8221;||||&#8221; body_line_height=&#8221;2em&#8221; body_line_height_tablet=&#8221;2em&#8221; body_line_height_phone=&#8221;2em&#8221;]<\/p>\n<p><strong>Provisions:<\/strong> 415.000,000 \u20ac<\/p>\n<h4><span style=\"color: #64a70b;\">PROVISIONS OF FISCAL CHARACTER: <\/span>247 millions.<\/h4>\n<ul>\n<li>Taxes, taxes or local \/ state taxes for different interpretations that could be given to the tax rules in the different countries where the group operates.<\/li>\n<li>Tax claims by Promociones Habitat (20% of Ferrovial), pending resolution or payment. No amount is specified.<\/li>\n<\/ul>\n<h4><strong><span style=\"color: #64a70b;\">LITIGATIONS IN RELATION TO THE HIGHWAY BUSINESS: <\/span><\/strong><\/h4>\n<ul>\n<li>Demand for the Terresa Manresa (Autema) Motorway, controlled by Ferrovial, against the Generalitat de Catalunya by Decree 161\/2015. It is in the process of being answered by the Generalitat and the Regional Council of Bages.<\/li>\n<li>Demand for M-203 Motorway, Ferrovial concessionaire, against the Community of Madrid. Failure in appeal in favor of Ferrovial, is expected to enter 63 million of the CM.<\/li>\n<li>Lawsuit against I-77 North Carolina Highway (Ferrovial concessionaire). Appeal awaiting for sentence. Investment\u00a0of 1 million euros.<\/li>\n<li>Motorway AP36 Oca\u00f1a- La Roda. The company is still in settlement process. &#8211; Radial Motorway 4. Creditors contest process, settlement has not yet begun.<\/li>\n<\/ul>\n<h4><span style=\"color: #64a70b;\">LITIGATIONS RELATED TO THE CONSTRUCTION BUSINESS:<span style=\"color: #000000;\"> aprox. 127 litigations.<\/span><\/span><\/h4>\n<ul>\n<li>Possible defects in construction of the works carried out and claims for civil liability.<\/li>\n<li>Muelle del Prat. It is estimated the appeal filed by the companies where they are absolved. The Port of Barcelona presents an appeal. Currently pending resolution.<\/li>\n<li>Arbitration in relation to works at the Warsaw airport. It is a complaint addressed to the joint venture formed by Ferrovial and Budimex (Polish subsidiary of Ferrovial) for cancellation of the execution contract.<\/li>\n<li>Civil suit against Budimex by the General Directorate of Roads and Highways in Poland. February 2017 the lawsuit is withdrawn so there is no provision for this litigation.<\/li>\n<\/ul>\n<h4><strong><span style=\"color: #64a70b;\">LITIGATIONS RELATED TO THE SERVICES BUSINESS: <\/span><\/strong><\/h4>\n<p><span style=\"color: #0085ca;\"><b>United Kingdom<\/b><\/span><\/p>\n<ul>\n<li>Provision of 50 million for a litigation relating to the contract Amey (subsidiary) maintains with the Birmingham City Council. (Currently in negotiations with the City Council to reach a solution). There is a favorable sentence to Amey against which there is appeal by the City.<\/li>\n<li>Amey&#8217;s claim to a client (Cumbria County Council). Court sentence in favor of Amey. Currently, the parties discuss the final amount of legal costs (possibility of judicial appeal).<\/li>\n<\/ul>\n<p><strong><span style=\"color: #0085ca;\">Spain<\/span><\/strong><\/p>\n<ul>\n<li>Sanction of the National Council of Markets and Competition to the Cespa group (subsidiary of Ferrovial) for participation in a market-sharing agreement. They do not make provision, because they consider that there are legal arguments &#8220;very strong&#8221; to challenge the resolution.<\/li>\n<\/ul>\n<p><span style=\"color: #999999;\"><i>Provisions:\u00a0Disputes and taxes.\u00a0<\/i><\/span><\/p>\n<p><span style=\"color: #999999;\"><i>Source used: Consolidated annual accounts.\u00a0<\/i><\/span><\/p>\n<p>[\/et_pb_tab][et_pb_tab title=&#8221;T\u00c9CNICAS REUNIDAS&#8221; tab_font_select=&#8221;default&#8221; tab_font=&#8221;||||&#8221; tab_line_height=&#8221;2em&#8221; tab_line_height_tablet=&#8221;2em&#8221; tab_line_height_phone=&#8221;2em&#8221; body_font_select=&#8221;default&#8221; body_font=&#8221;||||&#8221; body_line_height=&#8221;2em&#8221; body_line_height_tablet=&#8221;2em&#8221; body_line_height_phone=&#8221;2em&#8221;]<\/p>\n<p>Provisions: not specified.<\/p>\n<p><span style=\"color: #999999;\"><i>Not specified concept.\u00a0<\/i><\/span><\/p>\n<p><span style=\"color: #999999;\"><i>Source used: Consolidated annual accounts.\u00a0<\/i><\/span><\/p>\n<p>[\/et_pb_tab][et_pb_tab title=&#8221;GAMESA&#8221; tab_font_select=&#8221;default&#8221; tab_font=&#8221;||||&#8221; tab_line_height=&#8221;2em&#8221; tab_line_height_tablet=&#8221;2em&#8221; tab_line_height_phone=&#8221;2em&#8221; body_font_select=&#8221;default&#8221; body_font=&#8221;||||&#8221; body_line_height=&#8221;2em&#8221; body_line_height_tablet=&#8221;2em&#8221; body_line_height_phone=&#8221;2em&#8221;]<\/p>\n<p><strong>Provisions:<\/strong> 16.649,000 \u20ac<\/p>\n<p>It does not specify more information.<\/p>\n<p><span style=\"color: #999999;\"><i>Provisions for risks and expenses: Litigationa, compensations, taxes and similar.\u00a0<\/i><\/span><\/p>\n<p><span style=\"color: #999999;\"><i>Source used: Consolidated annual accounts.<\/i><\/span><\/p>\n<p>[\/et_pb_tab][et_pb_tab title=&#8221;ABERTIS&#8221; tab_font_select=&#8221;default&#8221; tab_font=&#8221;||||&#8221; tab_line_height=&#8221;2em&#8221; tab_line_height_tablet=&#8221;2em&#8221; tab_line_height_phone=&#8221;2em&#8221; body_font_select=&#8221;default&#8221; body_font=&#8221;||||&#8221; body_line_height=&#8221;2em&#8221; body_line_height_tablet=&#8221;2em&#8221; body_line_height_phone=&#8221;2em&#8221;]<\/p>\n<p>Provisions: not specified.<\/p>\n<p><span style=\"color: #999999;\"><i>Not specified concept.\u00a0<\/i><\/span><\/p>\n<p><span style=\"color: #999999;\"><i>Source used: Consolidated annual accounts.\u00a0<\/i><\/span><\/p>\n<p>[\/et_pb_tab] [\/et_pb_tabs][\/et_pb_column][\/et_pb_row][et_pb_row admin_label=&#8221;Fila&#8221;][et_pb_column type=&#8221;4_4&#8243;][et_pb_text admin_label=&#8221;CONSUMER SERVICE SECTOR &#8221; background_layout=&#8221;light&#8221; text_orientation=&#8221;left&#8221; use_border_color=&#8221;off&#8221; border_color=&#8221;#ffffff&#8221; border_style=&#8221;solid&#8221;]<\/p>\n<h1><span style=\"color: #000000;\">CONSUMER SERVICE SECTOR\u00a0<\/span><\/h1>\n<p>[\/et_pb_text][et_pb_tabs admin_label=&#8221;Pesta\u00f1as&#8221; use_border_color=&#8221;off&#8221; border_color=&#8221;#ffffff&#8221; border_style=&#8221;solid&#8221; custom_css_tabs_controls=&#8221;margin-left: 0px !important;&#8221; custom_css_tab=&#8221;list-style: none !important;&#8221; module_class=&#8221;tab-close&#8221;] [et_pb_tab title=&#8221;SUPERMERCADOS DIA&#8221; tab_font_select=&#8221;default&#8221; tab_font=&#8221;||||&#8221; tab_line_height=&#8221;2em&#8221; tab_line_height_tablet=&#8221;2em&#8221; tab_line_height_phone=&#8221;2em&#8221; body_font_select=&#8221;default&#8221; body_font=&#8221;||||&#8221; body_line_height=&#8221;2em&#8221; body_line_height_tablet=&#8221;2em&#8221; body_line_height_phone=&#8221;2em&#8221;]<\/p>\n<p><strong>Provisions:<\/strong>\u00a041.430,000 \u20ac<\/p>\n<h4><span style=\"color: #64a70b;\">FISCAL AND COMPETENCE CLAIMS:<\/span><\/h4>\n<ul>\n<li><strong><span style=\"color: #0085ca;\">Fiscal provisions:<\/span> <\/strong>23.208,000 derived from risks by inspecting actions of the Administration.<\/li>\n<li><strong><span style=\"color: #0085ca;\">Social provisions:<\/span> <\/strong>11.499,000 related to litigation with workers.<\/li>\n<li><span style=\"color: #0085ca;\"><strong>Legal provisions<\/strong>:<\/span> 6.723,000 \u00a0risks arising mainly from the sale of D\u00cdA France.<\/li>\n<\/ul>\n<p><span style=\"color: #999999;\"><i>Provisions: Fiscal, social y legal.<\/i><\/span><\/p>\n<p><span style=\"color: #999999;\"><i>Source used: Consolidated annual accounts.\u00a0<\/i><\/span><\/p>\n<p>[\/et_pb_tab][et_pb_tab title=&#8221;IAG (IBERIA)&#8221; tab_font_select=&#8221;default&#8221; tab_font=&#8221;||||&#8221; tab_line_height=&#8221;2em&#8221; tab_line_height_tablet=&#8221;2em&#8221; tab_line_height_phone=&#8221;2em&#8221; body_font_select=&#8221;default&#8221; body_font=&#8221;||||&#8221; body_line_height=&#8221;2em&#8221; body_line_height_tablet=&#8221;2em&#8221; body_line_height_phone=&#8221;2em&#8221;]<\/p>\n<p><span style=\"color: #000000;\"><strong>Provisions<\/strong>:<\/span>\u00a0189.000,000 \u20ac<\/p>\n<h4><span style=\"color: #64a70b;\">CIVIL LAWSUITS:<\/span><\/h4>\n<ul>\n<li>Against British Airways for alleged anti-competitive practices (for pricing agreements with other airlines in the air freight transport).<\/li>\n<li>Pending in 2017 of the new decision adopted by the European Commission in this area<\/li>\n<\/ul>\n<h4><span style=\"color: #64a70b;\">CLAIMS:<\/span><\/h4>\n<ul>\n<li>\u00a0Por parte de grupos o empleados sobre unas cuestiones relacionadas con sus operaciones, incluidas pagas de vacaciones adicionales y por discriminaci\u00f3n de edad.<\/li>\n<\/ul>\n<h4><span style=\"color: #64a70b;\">COMPETENCIA:\u00a0<\/span><\/h4>\n<ul>\n<li>Provisions relating to inspections opened by a number of competition authorities in relation to practices of alleged unfair competition in the cargo and passenger transport business.<\/li>\n<\/ul>\n<h4><span style=\"color: #64a70b;\">FISCAL<\/span><\/h4>\n<ul>\n<li>Provisions related to the taxables bases.<\/li>\n<\/ul>\n<p><span style=\"color: #999999;\"><em>Other provisions: Litigations.\u00a0<\/em><\/span><\/p>\n<p><span style=\"color: #999999;\"><i>Source used: Report and annual accounts.\u00a0<\/i><\/span><\/p>\n<p>[\/et_pb_tab][et_pb_tab title=&#8221;MEDIASET&#8221; tab_font_select=&#8221;default&#8221; tab_font=&#8221;||||&#8221; tab_line_height=&#8221;2em&#8221; tab_line_height_tablet=&#8221;2em&#8221; tab_line_height_phone=&#8221;2em&#8221; body_font_select=&#8221;default&#8221; body_font=&#8221;||||&#8221; body_line_height=&#8221;2em&#8221; body_line_height_tablet=&#8221;2em&#8221; body_line_height_phone=&#8221;2em&#8221;]<\/p>\n<p><strong>Provisions:<\/strong> 9.151,000 \u20ac<\/p>\n<h4><span style=\"color: #64a70b;\">COMPETENCE<\/span><\/h4>\n<ul>\n<li>Procedure concerning the late submission of the action plan. New cassation appeal for the new sanction of the CNMC. Pending resolution, no provision is taken into account when considering that it is not likely to materialize.<\/li>\n<li>Procedure relating to the alleged breach of Mediaset&#8217;s commitments at the Telecinco-Cuatro concentration. Related to the above procedure. Provision is not estimated because it is not estimated to materialize if the one above does not meet requirements.<\/li>\n<\/ul>\n<h4><span style=\"color: #64a70b;\">OTHERS<\/span><\/h4>\n<ul>\n<li>Action brought by Mediaset against ITV, claiming that the contract for the use of the Pasapalabra form is declared null and void. Pending the appeal of the Supreme Court where Mediaset is expected to be acquitted.<\/li>\n<\/ul>\n<p><span style=\"color: #999999;\"><i>Provisions for risks and expenses: Litigations. \u00a0<\/i><\/span><\/p>\n<p><span style=\"color: #999999;\"><i>Source used: Consolidated annual accounts.\u00a0<\/i><\/span><\/p>\n<p>[\/et_pb_tab][et_pb_tab title=&#8221;AENA&#8221; tab_font_select=&#8221;default&#8221; tab_font=&#8221;||||&#8221; tab_line_height=&#8221;2em&#8221; tab_line_height_tablet=&#8221;2em&#8221; tab_line_height_phone=&#8221;2em&#8221; body_font_select=&#8221;default&#8221; body_font=&#8221;||||&#8221; body_line_height=&#8221;2em&#8221; body_line_height_tablet=&#8221;2em&#8221; body_line_height_phone=&#8221;2em&#8221;]<\/p>\n<p><strong>Provisions<\/strong>: 36.553,000 \u20ac<\/p>\n<h4><span style=\"color: #64a70b;\">CLAIMS<\/span><\/h4>\n<ul>\n<li>Provisions of\u00a04.111,000 \u20ac in relation to the unfavorable sentences regarding the airline claims.<\/li>\n<\/ul>\n<h4><span style=\"color: #64a70b;\">LABOR INSPECTION\u00a0<\/span><\/h4>\n<ul>\n<li>Provisions of\u00a03.017,000 \u20ac to confront a tax assessment notice of the labor and social security inspection.<\/li>\n<\/ul>\n<h4><span style=\"color: #64a70b;\">AUDIT PROCEDURES\u00a0<\/span><\/h4>\n<ul>\n<li>Reversals in the amount of 6,910,000 which correspond mainly to favorable sentences to Aena of litigation with constructors.<\/li>\n<li>Provision of 18,000,000 for other procedures with constructors.<\/li>\n<\/ul>\n<h4><span style=\"color: #64a70b;\">IT IS NOT POSSIBLE TO QUANTIFY<\/span><\/h4>\n<ul>\n<li>Claims for environmental actions (main Aena dispute: residents of Algete appealed because they consider their fundamental rights are violated due to excessive noise levels in their homes), expropriations, commercial activities with hotel companies and airport restoration and labor claims for dismissals of workers.<\/li>\n<\/ul>\n<p><span style=\"color: #999999;\"><i>Provisions and contingencies: Provisions for responsibilities.\u00a0<\/i><\/span><\/p>\n<p><span style=\"color: #999999;\"><i>Source used: Consolidated annual accounts.<\/i><\/span><\/p>\n<p><span style=\"color: #000000; font-family: Arial; font-size: 6.5px;\">\u00a0<\/span><\/p>\n<p>[\/et_pb_tab][et_pb_tab title=&#8221;MELIA HOTELS INTERNATIONAL&#8221; tab_font_select=&#8221;default&#8221; tab_font=&#8221;||||&#8221; tab_line_height=&#8221;2em&#8221; tab_line_height_tablet=&#8221;2em&#8221; tab_line_height_phone=&#8221;2em&#8221; body_font_select=&#8221;default&#8221; body_font=&#8221;||||&#8221; body_line_height=&#8221;2em&#8221; body_line_height_tablet=&#8221;2em&#8221; body_line_height_phone=&#8221;2em&#8221;]<\/p>\n<p><strong>Provisions:<\/strong> 16.071,000 \u20ac<\/p>\n<h4><span style=\"color: #64a70b;\">CONTRACTS\u00a0<\/span><\/h4>\n<ul>\n<li>Open litigations by the dependent entity Corporaci\u00f3n Hotelera Metor S.A with its minority partner because of the annulment of the agreements and transactions that were made.<\/li>\n<li>Open investigation by the European Commission to Meli\u00e1 for a series of determined agreements related to hotel reservations.<\/li>\n<\/ul>\n<p><span style=\"color: #999999;\"><i>Provisions for risks and expenses: Provision for responsibilities.\u00a0<\/i><\/span><\/p>\n<p><span style=\"color: #999999;\"><i>Source used: Consolidated annual account.\u00a0<\/i><\/span><\/p>\n<p>[\/et_pb_tab] [\/et_pb_tabs][\/et_pb_column][\/et_pb_row][et_pb_row admin_label=&#8221;Fila&#8221;][et_pb_column type=&#8221;4_4&#8243;][et_pb_text admin_label=&#8221;FINANCIAL AND REAL ESTATE SERVICE SECTOR&#8221; background_layout=&#8221;light&#8221; text_orientation=&#8221;left&#8221; use_border_color=&#8221;off&#8221; border_color=&#8221;#ffffff&#8221; border_style=&#8221;solid&#8221;]<\/p>\n<h1><span style=\"color: #000000;\">FINANCIAL AND REAL ESTATE SERVICE SECTOR<\/span><\/h1>\n<p>[\/et_pb_text][et_pb_tabs admin_label=&#8221;Pesta\u00f1as&#8221; use_border_color=&#8221;off&#8221; border_color=&#8221;#ffffff&#8221; border_style=&#8221;solid&#8221; custom_css_tabs_controls=&#8221;margin-left: 0px !important;&#8221; custom_css_tab=&#8221;list-style: none !important;&#8221; module_class=&#8221;tab-close&#8221;] [et_pb_tab title=&#8221;BBVA&#8221; tab_font_select=&#8221;default&#8221; tab_font=&#8221;||||&#8221; tab_line_height=&#8221;2em&#8221; tab_line_height_tablet=&#8221;2em&#8221; tab_line_height_phone=&#8221;2em&#8221; body_font_select=&#8221;default&#8221; body_font=&#8221;||||&#8221; body_line_height=&#8221;2em&#8221; body_line_height_tablet=&#8221;2em&#8221; body_line_height_phone=&#8221;2em&#8221;]<\/p>\n<p><strong>Provisions:<\/strong> 995.000,000 \u20ac<\/p>\n<h4><span style=\"color: #64a70b;\">GROUND CLAUSE:\u00a0<\/span>577 millions \u20ac<\/h4>\n<ul>\n<li>Collective action of the Supreme Court of Spain against the BBVA and others because of the clause.<\/li>\n<li>Individual demand by the Provincial Court of Alicante before the CJEU in relation to the temporary limitation of the return of the fixed amount.<\/li>\n<\/ul>\n<p><span style=\"color: #999999;\"><i>Provisions: Processes and litigations for pending taxes + remaining provisions.\u00a0<\/i><\/span><\/p>\n<p><span style=\"color: #999999;\"><i>Source used: Consolidated annual accounts.<\/i><\/span><\/p>\n<p>[\/et_pb_tab][et_pb_tab title=&#8221; INMOBILIARIA COLONIAL&#8221; tab_font_select=&#8221;default&#8221; tab_font=&#8221;||||&#8221; tab_line_height=&#8221;2em&#8221; tab_line_height_tablet=&#8221;2em&#8221; tab_line_height_phone=&#8221;2em&#8221; body_font_select=&#8221;default&#8221; body_font=&#8221;||||&#8221; body_line_height=&#8221;2em&#8221; body_line_height_tablet=&#8221;2em&#8221; body_line_height_phone=&#8221;2em&#8221;]<\/p>\n<p><span style=\"color: #000000;\"><strong>Provisions<\/strong>:<\/span> Not specified.<\/p>\n<h4><span style=\"color: #64a70b;\">RESPONSIBILITY ACTIONS AGAINST OLD ADMINISTRATORS:\u00a0<\/span><\/h4>\n<ul>\n<li>Social action against determined former managers for the purchase of assets of the Parent Company for reinvestment of the price.<\/li>\n<li>Social action of responsibility against certain former administrators for damages caused to the company by the acquisition of shares of Riofisa (2007)<\/li>\n<li>Social action of responsibility against former administrators for the purchase of own shares between March and December 2007.<\/li>\n<\/ul>\n<p><span style=\"color: #999999;\"><i>Provisions: Not specified. \u00a0<\/i><\/span><\/p>\n<p><span style=\"color: #999999;\"><i>Source used: Consolidated annual accounts.\u00a0<\/i><\/span><\/p>\n<p>[\/et_pb_tab][et_pb_tab title=&#8221;MERLIN PROPERTIES&#8221; tab_font_select=&#8221;default&#8221; tab_font=&#8221;||||&#8221; tab_line_height=&#8221;2em&#8221; tab_line_height_tablet=&#8221;2em&#8221; tab_line_height_phone=&#8221;2em&#8221; body_font_select=&#8221;default&#8221; body_font=&#8221;||||&#8221; body_line_height=&#8221;2em&#8221; body_line_height_tablet=&#8221;2em&#8221; body_line_height_phone=&#8221;2em&#8221;]<\/p>\n<p><strong>Provisions:<\/strong> 34.959,000 \u20ac<\/p>\n<h4><span style=\"color: #64a70b;\">LITIGATIONS<\/span><\/h4>\n<p>Not specified.<\/p>\n<p><span style=\"color: #999999;\"><i>Other provisions: Litigations and claims (current + non-current)\u00a0<\/i><\/span><\/p>\n<p><span style=\"color: #999999;\"><i>Source used: Consolidated annual accounts.\u00a0<\/i><\/span><\/p>\n<p>[\/et_pb_tab][et_pb_tab title=&#8221;BANCO SANTANDER&#8221; tab_font_select=&#8221;default&#8221; tab_font=&#8221;||||&#8221; tab_line_height=&#8221;2em&#8221; tab_line_height_tablet=&#8221;2em&#8221; tab_line_height_phone=&#8221;2em&#8221; body_font_select=&#8221;default&#8221; body_font=&#8221;||||&#8221; body_line_height=&#8221;2em&#8221; body_line_height_tablet=&#8221;2em&#8221; body_line_height_phone=&#8221;2em&#8221;]<\/p>\n<p><strong>Provisions<\/strong>: 2.994,000,000 \u20ac<\/p>\n<h4><span style=\"color: #64a70b;\">LITIGATIONS OF FISCAL NATURE\u00a0<\/span><\/h4>\n<p><strong><span style=\"color: #0085ca;\"> Brazil<\/span><\/strong><\/p>\n<ul>\n<li>Procesos administrativos y judiciales contra municipios que exigen el pago de Impuestos de Servicios.<\/li>\n<li>Procesos administrativos y judiciales contra las autoridades fiscales por cotizaciones laborales.<\/li>\n<li>Recurso de auto de infracci\u00f3n contra BS Brasil por los impuestos sobre beneficios de IRPJ y CSLL.<\/li>\n<li>Recurso contra el auto de infracci\u00f3n conta Santander Distribuidora de T\u00edtulos y DTVM.<\/li>\n<li>Recurso contra el auto de infracci\u00f3n a Santander Seguros, heredado por su fusi\u00f3n con ABN Amaro.<\/li>\n<li>Recurso contra el auto de infracci\u00f3n a BS Brasil como responsable del impuestro sobre la plusval\u00eda. obtenida en Brasil por la entidad no residente en Brasil Sterrebeeck BV.<\/li>\n<li>Recurso por el auto de infracci\u00f3n a BS Brasil por el impuesto sobre beneficios (IRPJ y CSLL) de 2009.<\/li>\n<li>Recurso contra el auto de infracci\u00f3n inocados por las autoridades fiscales en relaci\u00f3n al fondo de comercio generado al adquirir el Banco Comercial e de Investimento Sudameris, S.A.<\/li>\n<li>Legal actions imposed by BS Brasil against the increase of the tax rate in the Social Contribution on Net Income.<\/li>\n<li>Legal actions by the Group for their right to liquidate the mentioned contribution.<\/li>\n<li>Legal actions by BS Brazil to ensure the right to settle Social Contributions PIS and CONFINS.<\/li>\n<li>Legal actions by BS Brasil prior to September 2006 of Banco ABN AMRO.<\/li>\n<li>Appeal for the liquidations of the Brazilian tax authorities.<\/li>\n<li>Administrative and judicial processes against municipalities that demand the payment of Services Taxes.<\/li>\n<li>Administrative and judicial proceedings against the tax authorities for labor contributions.<\/li>\n<li>Appeal of violation of BS Brasil for taxes on IRPJ and CSLL benefits.<\/li>\n<li>Appeal against the infringement notice Santander Distribuidora de T\u00edtulos and DTVM.<\/li>\n<li>Appeal against the violation of Santander Seguros, inherited by its merger with ABN Amaro.<\/li>\n<li>Appeal against the violation of BS Brasil as responsible for the impoundment of surplus value. obtained in Brazil by the non-resident entity in Brazil Sterrebeeck BV.<\/li>\n<li>Appeal for the violation of BS Brasil for the income tax (IRPJ and CSLL) of 2009.<\/li>\n<li>Appeal against the notice of infraction filed by the tax authorities in relation to the goodwill generated by the acquisition of Banco Comercial e de Investimento Sudameris, S.A.<\/li>\n<\/ul>\n<p><strong><span style=\"color: #0085ca;\">United States<\/span><\/strong><\/p>\n<ul>\n<li>Legal action brought by Sovereing Bancorp claiming the application of a tax deduction by Santander Holdings USA and that it is waiting for limited judgment to possible sanctions.<\/li>\n<\/ul>\n<p><strong><span style=\"color: #0085ca;\">Spain<\/span><\/strong><\/p>\n<ul>\n<li>The European Commission opened an investigation on Spain in 2007 on the grounds that the Corporate Tax Law constituted illegal aid, which was appealed by Banco Santander and other companies. The case is pending an appeal by the General Court.<\/li>\n<\/ul>\n<h4><span style=\"color: #64a70b;\">LITIGATIONS OF LEGAL NATURE\u00a0<\/span><\/h4>\n<p><strong><span style=\"color: #0085ca;\">United Kingdom\u00a0<\/span><\/strong><\/p>\n<ul>\n<li>Claims about the compensation of clients for payment protection of sold products by Santander UK to its clients. 1.209 received lawsuits.<\/li>\n<\/ul>\n<p><strong><span style=\"color: #0085ca;\">Spain<\/span><\/strong><\/p>\n<ul>\n<li>Conflict with Delforca that has now been appealed by equity swarps contracted by Gaesco on shares of Inmobiliaria Colonial.<\/li>\n<li>Litigation with Occidental Bank of Discount for claiming for the resolution of an escrow agreement. Appeal for protection before the Constitutional Court by the plaintiff.<\/li>\n<\/ul>\n<p><strong><span style=\"color: #0085ca;\">Brazil<\/span><\/strong><\/p>\n<ul>\n<li>Appeal before the STF for the claim of late payments of bonuses to the Association of Retired Persons of Banespa.<\/li>\n<li>BS Brazil is the object of several customer demands and collective civil actions on the calculation of inflation. Awaiting the various appeals presented to the Supreme Court.<\/li>\n<\/ul>\n<p><strong><span style=\"color: #0085ca;\">United States\u00a0<\/span><\/strong><\/p>\n<ul>\n<li>Lawsuits related to the Grupo Lehman, in which the group had assets.<\/li>\n<li>Lawsuits related to the investments made by clients that belong to private banks of Madoff Securities.<\/li>\n<\/ul>\n<p><strong><span style=\"color: #0085ca;\">Others<\/span><\/strong><\/p>\n<ul>\n<li>Lawsuits for swap contracts \u00a0from which procedures may be derived for their credit, labor and other business or tax matters. (Portugal, United Kingdom, etc).<\/li>\n<\/ul>\n<p><span style=\"color: #999999;\"><i>Provisions: Processes and litigations for pending taxes.\u00a0<\/i><\/span><\/p>\n<p><span style=\"color: #999999;\"><i>Source used: Consolidated annual accounts.\u00a0<\/i><\/span><\/p>\n<p><span style=\"color: #000000; font-family: Arial; font-size: 6.5px;\">\u00a0<\/span><\/p>\n<p>[\/et_pb_tab][et_pb_tab title=&#8221;BANKINTER&#8221; tab_font_select=&#8221;default&#8221; tab_font=&#8221;||||&#8221; tab_line_height=&#8221;2em&#8221; tab_line_height_tablet=&#8221;2em&#8221; tab_line_height_phone=&#8221;2em&#8221; body_font_select=&#8221;default&#8221; body_font=&#8221;||||&#8221; body_line_height=&#8221;2em&#8221; body_line_height_tablet=&#8221;2em&#8221; body_line_height_phone=&#8221;2em&#8221;]<\/p>\n<p><strong>Provisions:<\/strong> 95.029,000 \u20ac<\/p>\n<h4><span style=\"color: #64a70b;\">LITIGATIONS<\/span><\/h4>\n<p>Not specified<\/p>\n<p><span style=\"color: #999999;\"><i>Provisions: Procedural issues and pending tax litigation.<\/i><\/span><\/p>\n<p><span style=\"color: #999999;\"><i>Source used: Consolidated annual accounts.<\/i><\/span><\/p>\n<p>[\/et_pb_tab][et_pb_tab title=&#8221;CAIXABANK&#8221; tab_font_select=&#8221;default&#8221; tab_font=&#8221;||||&#8221; tab_line_height=&#8221;2em&#8221; tab_line_height_tablet=&#8221;2em&#8221; tab_line_height_phone=&#8221;2em&#8221; body_font_select=&#8221;default&#8221; body_font=&#8221;||||&#8221; body_line_height=&#8221;2em&#8221; body_line_height_tablet=&#8221;2em&#8221; body_line_height_phone=&#8221;2em&#8221;]<\/p>\n<p><strong>Provisions:<\/strong> 1.458,462,000 \u20ac<\/p>\n<h4><span style=\"color: #64a70b;\">GROUND CLAUSES<\/span><\/h4>\n<p>Does not specify litigations. Only refers to ground clauses of 625.000,000 \u20ac.<\/p>\n<p><span style=\"color: #999999;\"><i>Provisions: Procedural issues and pending tax litigations + remaining provisions.\u00a0<\/i><\/span><\/p>\n<p><span style=\"color: #999999;\"><i>Source used: Consolidated annual accounts.\u00a0<\/i><\/span><\/p>\n<p>[\/et_pb_tab][et_pb_tab title=&#8221;MAPFRE&#8221; tab_font_select=&#8221;default&#8221; tab_font=&#8221;||||&#8221; tab_line_height=&#8221;2em&#8221; tab_line_height_tablet=&#8221;2em&#8221; tab_line_height_phone=&#8221;2em&#8221; body_font_select=&#8221;default&#8221; body_font=&#8221;||||&#8221; body_line_height=&#8221;2em&#8221; body_line_height_tablet=&#8221;2em&#8221; body_line_height_phone=&#8221;2em&#8221;]<\/p>\n<p><strong>Provisions:<\/strong>\u00a0Not specified.<\/p>\n<h4><span style=\"color: #64a70b;\">LITIGATIONS\u00a0<\/span><\/h4>\n<p>Not specified.<\/p>\n<p><span style=\"color: #999999;\"><i>Provisions:\u00a0Not specified.\u00a0<\/i><\/span><\/p>\n<p><span style=\"color: #999999;\"><i>Source used: Consolidated annual accounts.\u00a0<\/i><\/span><\/p>\n<p>[\/et_pb_tab][et_pb_tab title=&#8221;SABADELL&#8221; tab_font_select=&#8221;default&#8221; tab_font=&#8221;||||&#8221; tab_line_height=&#8221;2em&#8221; tab_line_height_tablet=&#8221;2em&#8221; tab_line_height_phone=&#8221;2em&#8221; body_font_select=&#8221;default&#8221; body_font=&#8221;||||&#8221; body_line_height=&#8221;2em&#8221; body_line_height_tablet=&#8221;2em&#8221; body_line_height_phone=&#8221;2em&#8221;]<\/p>\n<p><strong>Provisions:<\/strong> 79.404,000 \u20ac<\/p>\n<h4><span style=\"color: #64a70b;\">LITIGATIONS OF FISCAL NATURE<\/span><\/h4>\n<ul>\n<li>Inspection minutes of the tax administration signed in disagreement and tax assessments appealed. Amount of 49 million euros.<\/li>\n<\/ul>\n<h4><span style=\"color: #64a70b;\">LITIGATIONS OF LEGAL NATURE\u00a0<\/span><\/h4>\n<ul>\n<li>Amount of 30 million euros.<\/li>\n<\/ul>\n<p><strong><span style=\"color: #0085ca;\">Ground clause\u00a0<\/span><\/strong><\/p>\n<ul>\n<li>No creen que se les vaya a condenar a la devoluci\u00f3n por lo que no provisionan y solo hacen referencia a ellas destacando que el importe por la nulidad total de las cl\u00e1usulas ser\u00eda de 490 millones They do not believe that they are going to condemn to the forced return. This is why they do not refer to them emphasizing that the amount of the total nullity of the clauses would be of 490 million euros.<\/li>\n<\/ul>\n<p><span style=\"color: #999999;\"><i>Provisions: Procedural issues and litigations for pending taxes + remaining provisions.\u00a0<\/i><\/span><\/p>\n<p><span style=\"color: #999999;\"><i>Source used: Annual report.<\/i><\/span><\/p>\n<p>[\/et_pb_tab][et_pb_tab title=&#8221;BANKIA&#8221; tab_font_select=&#8221;default&#8221; tab_font=&#8221;||||&#8221; tab_line_height=&#8221;2em&#8221; tab_line_height_tablet=&#8221;2em&#8221; tab_line_height_phone=&#8221;2em&#8221; body_font_select=&#8221;default&#8221; body_font=&#8221;||||&#8221; body_line_height=&#8221;2em&#8221; body_line_height_tablet=&#8221;2em&#8221; body_line_height_phone=&#8221;2em&#8221;]<\/p>\n<p><strong>Provisions:\u00a0<\/strong>421.071,000 \u20ac<\/p>\n<h4><span style=\"color: #64a70b;\">PROVISION FOR LAWSUIT PAHO:\u00a0<\/span>60 millIons<\/h4>\n<ul>\n<li>Criminal procedure in the National Court for different judicial procedures associated with the listing on Bankia. Complaint filed by Union Progreso y Democracia against Bankia, BFA and former members of their respective Boards of Directors.<\/li>\n<li>7,776 civil proceedings regarding actions arising from PAHO and subsequent procurement, as well as certain extrajudicial claims. Civil claims of private investors.<\/li>\n<\/ul>\n<h4><span style=\"color: #64a70b;\">REMAINING:\u00a0<\/span>361 millions<\/h4>\n<ul>\n<li>Mainly floor clauses. 1,823 open court proceedings. Provisions to cover the return of the amounts would be 215 million.<\/li>\n<li>Provision for taxes. &#8211; Claims against the group: civil proceedings in matters of preferential and subordinated obligations.<\/li>\n<li>Three lawsuits brought by ING Belgium, BBVA, Banco Santander, Catalunya Banc and others, against Bankia for breach of obligations in support contracts. Total risk assumed, according to participation, is 165 million.<\/li>\n<li>Demand of Golf Habitats against, among others, Costa Eboris and Bankia Habitat for expenses arising from the Nuevo Mestalla project.<\/li>\n<li>Complaint by Apabankval (Association of Small Shareholders of the Bank of Valencia) for an offense of accounting misrepresentation and an offense of unfair, abusive and fraudulent administration.<\/li>\n<li>Lawsuits filed under Law 57\/68 on the collection of anticipated amounts in the construction and sale of homes whose risk amounts to 44.2 million. Demand filed by Dofil Two against Bankia and others amounting to 7.1 million euros. The cancellation of the mortgage in guarantee of the loan granted to the borrowers per student is requested. Judgment favorable to Bankia, has filed an appeal of the opponent.<\/li>\n<li>Contentious &#8211; administrative proceedings initiated against the FROB. They seek the annulment of the resolution ordering the recapitalization and management of hybrid tools and subordinated obligations under the BFA-Bankia Group Restructuring Plan.<\/li>\n<li>Demand brought by Eurocarri\u00f3n, against Caja Madrid, Tasamadrid and others, in claim of 6 million euros, for damages and losses derived from negligent compliance with the obligations assumed in the deed of promoter loan of 2007, granted to the defendant for the construction of houses in Carri\u00f3n de Calatrava. Judgment in favor of Caja Madrid, which has been appealed by the applicant.<\/li>\n<li>Other lawsuits filed against Bankia on construction, housing and stock issues.<\/li>\n<\/ul>\n<div dir=\"ltr\">\n<div class=\"input-box\">\n<div id=\"waffle-rich-text-editor\" class=\"cell-input editable\" dir=\"ltr\"><span style=\"color: #999999;\"><em>Provisions: Procedural issues and litigations for pending taxes.\u00a0\u00a0<\/em><\/span><\/div>\n<\/div>\n<\/div>\n<div>\n<p><span style=\"color: #999999;\"><em>Source used: Consolidated annual accounts.\u00a0<\/em><\/span><\/p>\n<div><\/div>\n<\/div>\n<p><span style=\"color: #000000; font-family: Arial; font-size: 6.5px;\">\u00a0<\/span><\/p>\n<p>[\/et_pb_tab] [\/et_pb_tabs][\/et_pb_column][\/et_pb_row][et_pb_row admin_label=&#8221;Fila&#8221;][et_pb_column type=&#8221;4_4&#8243;][et_pb_text admin_label=&#8221;TECHNOLOGY AND TELECOMMUNICATION SECTOR &#8221; background_layout=&#8221;light&#8221; text_orientation=&#8221;left&#8221; use_border_color=&#8221;off&#8221; border_color=&#8221;#ffffff&#8221; border_style=&#8221;solid&#8221;]<\/p>\n<h1><span style=\"color: #000000;\">TECHNOLOGY AND TELECOMMUNICATION SECTOR\u00a0<\/span><\/h1>\n<p>[\/et_pb_text][et_pb_tabs admin_label=&#8221;Pesta\u00f1as&#8221; use_border_color=&#8221;off&#8221; border_color=&#8221;#ffffff&#8221; border_style=&#8221;solid&#8221; custom_css_tabs_controls=&#8221;margin-left: 0px !important;&#8221; custom_css_tab=&#8221;list-style: none !important;&#8221; module_class=&#8221;tab-close&#8221;] [et_pb_tab title=&#8221;INDRA&#8221; tab_font_select=&#8221;default&#8221; tab_font=&#8221;||||&#8221; tab_line_height=&#8221;2em&#8221; tab_line_height_tablet=&#8221;2em&#8221; tab_line_height_phone=&#8221;2em&#8221; body_font_select=&#8221;default&#8221; body_font=&#8221;||||&#8221; body_line_height=&#8221;2em&#8221; body_line_height_tablet=&#8221;2em&#8221; body_line_height_phone=&#8221;2em&#8221;]<\/p>\n<p><strong>Provisions:<\/strong> 170.568,000 \u20ac<\/p>\n<h4><span style=\"color: #64a70b;\">COMPETENCE<\/span><\/h4>\n<ul>\n<li>The CNMV sanctioned 11 Spanish companies, including INDRA, for collusive practices.<\/li>\n<\/ul>\n<h4><span style=\"color: #64a70b;\">ADMINISTRATIVE AND CIVIL PROCEDURES BRAZIL\u00a0<\/span><\/h4>\n<ul>\n<li>Administrative process by Caixa Econ\u00f3mico Federal against Indra Brazil for the responsibility related to the massive credit card fraud.<\/li>\n<li>Resolution of the administrative cited by BNDES against Indra Brazil.<\/li>\n<li>Complaints by Human Resources due to the Record of employment regulation of\u00a02015.<\/li>\n<li>Complaints made by suppliers of the Brazilian subsidiaries.<\/li>\n<li>Administrative and civil contingencies (general).<\/li>\n<li><strong><span style=\"color: #0085ca;\">Ecuador: <\/span><\/strong>administrative litigation with the General Counsel of the State derived from a contract for the assessments of a system.<\/li>\n<\/ul>\n<h4><span style=\"color: #64a70b;\">LITIGATIONS REFERRED TO IN THE FACT FOR CNMV THAT DO NOT APPEAR IN THE ANNUAL ACCOUNTS\u00a0<\/span><\/h4>\n<ul>\n<li>Collective dismissal of Indra Sistemas and Indra BPO.<\/li>\n<li>Civil procedure for claiming damages caused to the Brazilian administration.<\/li>\n<li>Tax claim arising from the incorrect settlement of social security contributions.<\/li>\n<li>Tax inspection procedure.<\/li>\n<\/ul>\n<p><span style=\"color: #999999;\"><i>Provisions for risks and expenses: Contingencies.\u00a0<\/i><\/span><\/p>\n<p><span style=\"color: #999999;\"><i>Source used: Consolidated annual accounts.\u00a0<\/i><\/span><\/p>\n<p>[\/et_pb_tab][et_pb_tab title=&#8221;TELEF\u00d3NICA&#8221; tab_font_select=&#8221;default&#8221; tab_font=&#8221;||||&#8221; tab_line_height=&#8221;2em&#8221; tab_line_height_tablet=&#8221;2em&#8221; tab_line_height_phone=&#8221;2em&#8221; body_font_select=&#8221;default&#8221; body_font=&#8221;||||&#8221; body_line_height=&#8221;2em&#8221; body_line_height_tablet=&#8221;2em&#8221; body_line_height_phone=&#8221;2em&#8221;]<\/p>\n<p><span style=\"color: #000000;\"><strong>Provisions<\/strong>:<\/span>\u00a0An amount has not been detected. However, the development of the different litigations from various countries do appear, in which the company operates.<\/p>\n<h4><span style=\"color: #64a70b;\">LITIGATIONS OF FISCAL NATURE\u00a0<\/span><\/h4>\n<p><strong><span style=\"color: #0085ca;\">Spain\u00a0<\/span><\/strong><\/p>\n<ul>\n<li>Appeal of Telef\u00f3nica in the Central Economic Administrative Court for the Corporation Tax.<\/li>\n<\/ul>\n<p><strong><span style=\"color: #0085ca;\">Brazil<\/span><\/strong><\/p>\n<ul>\n<li>Litigations related to indirect and direct taxes.<\/li>\n<li>New inspections of the Tributary Administration for the liquidity of the ICMS tax.<\/li>\n<li>Litigation for the collection\u00a0of the ICMS Tax by\u00a0the administration that are being refuted\u00a0in the administrative and judicial stays by Telef\u00f3nica Brasil.<\/li>\n<\/ul>\n<p><strong><span style=\"color: #0085ca;\">Peru<\/span><\/strong><\/p>\n<ul>\n<li>Litigation still open for corporation tax (2001 and 2000) and account payments (2000). The offsetting of balances for 1998 and 1999, as well as interest and penalties, are being discussed in court. Appeal pending judicial proceedings.<\/li>\n<li>Waiting for final resolution on the payment to the Tax Administration of the corporate tax debt related to the previous litigation.<\/li>\n<\/ul>\n<h4><span style=\"color: #64a70b;\">LITIGATIONS OF LEGAL NATURE\u00a0<\/span><\/h4>\n<p><strong><span style=\"color: #0085ca;\">Brasil<\/span><\/strong><\/p>\n<ul>\n<li>Complaint against the ANATAL decision for inclusion in the FUST of interconnection revenues and network uses.<\/li>\n<li>Collective appeal against ABRAFIX (Brazilian Association of Concessionaires of Fixed Telephone Service Switched). This was a \u00a0success and the fixed operators claimed and finally lost (administrative litigation).<\/li>\n<li>Public civil action of the Public Prosecutor&#8217;s Office of Sao Paolo against Telef\u00f3nica Brasil for &#8220;repeated malfunction in the rendering of services&#8221;. The current state is that the Public Prosecutor&#8217;s Office has imposed an extraordinary appeal that has already been rejected but can be appealed again. (contentious &#8211; administrative).<\/li>\n<\/ul>\n<p><span style=\"color: #0085ca;\"><b>Spain\u00a0<\/b><\/span><\/p>\n<ul>\n<li>Appeal against the sanction of the European Commission for infringing Article 101 of the Treaty on the Functioning of the European Union for the purchase of Portugal Telecom. Cassation appeal\u00a0already filed and replicated by Telef\u00f3nica. (contentious &#8211; administrative).<\/li>\n<li>Lawsuit\u00a0from FACUA against Telef\u00f3nica for the rise in prices of Movistar Merger (civil).<\/li>\n<li>Extraordinary appeal filed by Telef\u00f3nica for the lawsuit of Venten and Lexburg to Telef\u00f3nica for the acquisition of shares of Cesky Telecom through a public offering (trade).<\/li>\n<\/ul>\n<p><span style=\"color: #999999;\"><i>Provisions: Not specified. \u00a0<\/i><\/span><\/p>\n<p><span style=\"color: #999999;\"><i>Source used: Consolidated annual accounts.\u00a0<\/i><\/span><\/p>\n<p>[\/et_pb_tab][et_pb_tab title=&#8221;AMADEUS &#8221; tab_font_select=&#8221;default&#8221; tab_font=&#8221;||||&#8221; tab_line_height=&#8221;2em&#8221; tab_line_height_tablet=&#8221;2em&#8221; tab_line_height_phone=&#8221;2em&#8221; body_font_select=&#8221;default&#8221; body_font=&#8221;||||&#8221; body_line_height=&#8221;2em&#8221; body_line_height_tablet=&#8221;2em&#8221; body_line_height_phone=&#8221;2em&#8221;]<\/p>\n<p><strong>Provisions:<\/strong> 24.900,000 \u20ac (carrying value)<\/p>\n<h4><span style=\"color: #64a70b;\">LITIGATION<\/span><\/h4>\n<ul>\n<li>Make a reference in order to dissolve determined disputes with clients and the provisions to meet the compensation obligations that the Group needs in the locations where it operates.<\/li>\n<\/ul>\n<p><span style=\"color: #999999;\"><i>Provisions:\u00a0<\/i><\/span><span style=\"color: #999999;\"><i>Complaints and litigations.<\/i><\/span><\/p>\n<p><span style=\"color: #999999;\"><i>Source used: Consolidated annual accounts.\u00a0<\/i><\/span><\/p>\n<p>[\/et_pb_tab][et_pb_tab title=&#8221;CELLNEX&#8221; tab_font_select=&#8221;default&#8221; tab_font=&#8221;||||&#8221; tab_line_height=&#8221;2em&#8221; tab_line_height_tablet=&#8221;2em&#8221; tab_line_height_phone=&#8221;2em&#8221; body_font_select=&#8221;default&#8221; body_font=&#8221;||||&#8221; body_line_height=&#8221;2em&#8221; body_line_height_tablet=&#8221;2em&#8221; body_line_height_phone=&#8221;2em&#8221;]<\/p>\n<p><strong>Provisions<\/strong>: 22.256,000 \u20ac<\/p>\n<h4><span style=\"color: #64a70b;\">CONTENTIOUS-ADMINISTRATIVE<\/span><\/h4>\n<ul>\n<li>Sanction of the CNC to Abertis Telecom for abusing the domain of the Spanish market of transport and diffusion of signal of TV. Appeal contested-administrative dismissed by the National Court, cassation appeal ordering the CNC to recalculate the sanction. In case of sanction, Retevisi\u00f3n I, S.A.U. will pay the amount.<\/li>\n<li>Penalty of the CNC for Abertis for a dominant position in the markets for wholesale services and issuance centers. Appeal to be brought before the Supreme Court and without this one, the CNMC will not quantify the fine.<\/li>\n<li>As a result of the appeal, the return of the aid for digitization and expansion gets annulled of terrestrial television networks to the regional government of Madrid.<\/li>\n<li>Appeal already brought to the Government of Castilla La Mancha for the matter of the return of aid and that annuls the order for recovery of aid.<\/li>\n<li>The appeal is against the decision of the General Court of the EU rejecting previous appeals against the decision that Retevisi\u00f3n-I had to repay the aid.<\/li>\n<\/ul>\n<h4><span style=\"color: #64a70b;\">FISCAL<\/span><\/h4>\n<ul>\n<li>Open inspections in 2015 to Abertis of general character due to the Corporation Tax and of Added Value.<\/li>\n<\/ul>\n<p><span style=\"color: #999999;\"><i>Provisions and other liabilities: \u00a0Deferred income and other assets (labor and civil litigation)<\/i><\/span><\/p>\n<p><span style=\"color: #999999;\"><i>Source used: Consolidated annual accounts.\u00a0<\/i><\/span><\/p>\n<p>[\/et_pb_tab] [\/et_pb_tabs][\/et_pb_column][\/et_pb_row][\/et_pb_section][et_pb_section admin_label=&#8221;Secci\u00f3n&#8221; fullwidth=&#8221;off&#8221; specialty=&#8221;off&#8221; transparent_background=&#8221;off&#8221; background_color=&#8221;#ffffff&#8221; allow_player_pause=&#8221;off&#8221; inner_shadow=&#8221;off&#8221; parallax=&#8221;off&#8221; parallax_method=&#8221;off&#8221; padding_mobile=&#8221;off&#8221; make_fullwidth=&#8221;off&#8221; use_custom_width=&#8221;off&#8221; width_unit=&#8221;on&#8221; make_equal=&#8221;off&#8221; use_custom_gutter=&#8221;off&#8221;][et_pb_row admin_label=&#8221;Fila&#8221; make_fullwidth=&#8221;on&#8221; use_custom_width=&#8221;off&#8221; width_unit=&#8221;on&#8221; use_custom_gutter=&#8221;off&#8221; padding_mobile=&#8221;off&#8221; allow_player_pause=&#8221;off&#8221; parallax=&#8221;off&#8221; parallax_method=&#8221;off&#8221; make_equal=&#8221;off&#8221; parallax_1=&#8221;off&#8221; parallax_method_1=&#8221;off&#8221; column_padding_mobile=&#8221;on&#8221;][et_pb_column type=&#8221;4_4&#8243;][et_pb_image admin_label=&#8221;Imagen&#8221; src=&#8221;https:\/\/ideasen.llorenteycuenca.com\/wp-content\/uploads\/sites\/6\/2017\/07\/ImagenCabecera_Authors.png&#8221; show_in_lightbox=&#8221;off&#8221; url_new_window=&#8221;off&#8221; use_overlay=&#8221;off&#8221; animation=&#8221;off&#8221; sticky=&#8221;off&#8221; align=&#8221;left&#8221; force_fullwidth=&#8221;off&#8221; always_center_on_mobile=&#8221;on&#8221; use_border_color=&#8221;off&#8221; border_color=&#8221;#ffffff&#8221; border_style=&#8221;solid&#8221;]<br \/>\n[\/et_pb_image][\/et_pb_column][\/et_pb_row][et_pb_row admin_label=&#8221;Fila&#8221; make_fullwidth=&#8221;on&#8221; use_custom_width=&#8221;off&#8221; width_unit=&#8221;on&#8221; use_custom_gutter=&#8221;off&#8221; padding_mobile=&#8221;off&#8221; allow_player_pause=&#8221;off&#8221; parallax=&#8221;off&#8221; parallax_method=&#8221;off&#8221; make_equal=&#8221;off&#8221; parallax_1=&#8221;off&#8221; parallax_method_1=&#8221;off&#8221; parallax_2=&#8221;off&#8221; parallax_method_2=&#8221;off&#8221; column_padding_mobile=&#8221;on&#8221;][et_pb_column type=&#8221;1_3&#8243;][et_pb_image admin_label=&#8221;Imagen&#8221; src=&#8221;https:\/\/ideasen.llorenteycuenca.com\/wp-content\/uploads\/sites\/6\/2017\/06\/Luis_Gonzalez.jpg&#8221; show_in_lightbox=&#8221;off&#8221; url_new_window=&#8221;off&#8221; use_overlay=&#8221;off&#8221; animation=&#8221;off&#8221; sticky=&#8221;off&#8221; align=&#8221;left&#8221; force_fullwidth=&#8221;off&#8221; always_center_on_mobile=&#8221;on&#8221; use_border_color=&#8221;off&#8221; border_color=&#8221;#ffffff&#8221; border_style=&#8221;solid&#8221;]<br \/>\n[\/et_pb_image][\/et_pb_column][et_pb_column type=&#8221;2_3&#8243;][et_pb_text admin_label=&#8221;Texto&#8221; background_layout=&#8221;light&#8221; text_orientation=&#8221;left&#8221; use_border_color=&#8221;off&#8221; border_color=&#8221;#ffffff&#8221; border_style=&#8221;solid&#8221;]<\/p>\n<p><strong>Luis Gonz\u00e1lez is manager of the Litigation and Restructuring departments of LLORENTE &amp; CUENCA<\/strong>. With 20 years&#8217; professional experience, he is an expert in crisis communication, restructuring and insolvencies, and relations with the media, with a history of specialization in the Infrastructure, Real Estate, Health and Industrial sectors. He was a Manager in the operations of LLORENTE &amp; CUENCA in Chile (2014-2016) and Portugal (2012). Before joining that company, he was an editor with the journal Diario M\u00e9dico, editor-in-chief of the local TV stations Teletoledo and TV Guadalajara, and \u00a0chief press officer and expansion manager at the advertising agency Tactics Europe. He is a journalist and graduate in media studies from the Complutense University of Madrid, and a guest lecturer on several Strategic Communication master&#8217;s programs.<\/p>\n<p>[\/et_pb_text][\/et_pb_column][\/et_pb_row][et_pb_row admin_label=&#8221;Fila&#8221; make_fullwidth=&#8221;on&#8221; use_custom_width=&#8221;off&#8221; width_unit=&#8221;on&#8221; use_custom_gutter=&#8221;off&#8221; padding_mobile=&#8221;off&#8221; allow_player_pause=&#8221;off&#8221; parallax=&#8221;off&#8221; parallax_method=&#8221;off&#8221; make_equal=&#8221;off&#8221; parallax_1=&#8221;off&#8221; parallax_method_1=&#8221;off&#8221; column_padding_mobile=&#8221;on&#8221;][et_pb_column type=&#8221;4_4&#8243;][et_pb_text admin_label=&#8221;BUENO&#8221; background_layout=&#8221;light&#8221; text_orientation=&#8221;left&#8221; use_border_color=&#8221;off&#8221; border_color=&#8221;#ffffff&#8221; border_style=&#8221;solid&#8221; saved_tabs=&#8221;all&#8221;]<\/p>\n<p><span style=\"color: #61a60e;\"><a href=\"https:\/\/llyc.global\/wp-content\/uploads\/2023\/10\/email3-1.png\" rel=\"attachment wp-att-13485\"><img loading=\"lazy\" decoding=\"async\" class=\"alignnone wp-image-13485\" src=\"https:\/\/llyc.global\/wp-content\/uploads\/2023\/10\/email3-1.png\" alt=\"email\" width=\"29\" height=\"29\" \/><\/a>\u00a0 lgonzalez@llorenteycuenca.com<\/span><\/p>\n<p><span style=\"color: #61a60e;\"><a href=\"https:\/\/es.linkedin.com\/in\/laura-martinez-cerro-bb742114\">\u00a0\u00a0<\/a><a class=\"icono-redes\" href=\"https:\/\/www.linkedin.com\/in\/jorgelopezzafra\/\" target=\"_blank\" rel=\"https:\/\/www.linkedin.com\/in\/albagarcialopez\/ noopener\"><img loading=\"lazy\" decoding=\"async\" class=\"icono-redes alignnone wp-image-13486\" src=\"https:\/\/llyc.global\/wp-content\/uploads\/2023\/10\/linkedin13.png\" alt=\"linkedin\" width=\"26\" height=\"26\" \/><\/a><a href=\"https:\/\/www.linkedin.com\/in\/luisgonzalezmartin\/\" target=\"_blank\" rel=\"noopener\">\u00a0Luis Gonz\u00e1lez Mart\u00edn \u00a0 \u00a0<\/a><\/span><span style=\"color: #61a60e;\"><a href=\"https:\/\/www.linkedin.com\/in\/albagarcialopez\/\" target=\"_blank\" rel=\"noopener\">\u00a0 \u00a0<\/a> \u00a0 \u00a0 \u00a0 \u00a0 \u00a0 \u00a0 \u00a0 \u00a0 \u00a0 \u00a0\u00a0<\/span><\/p>\n<p class=\"alignnone\"><a href=\"https:\/\/llyc.global\/wp-content\/uploads\/2023\/10\/Twitter_64x642.png\" rel=\"attachment wp-att-13986\"><img loading=\"lazy\" decoding=\"async\" class=\"size-full wp-image-13986 alignleft\" src=\"https:\/\/llyc.global\/wp-content\/uploads\/2023\/10\/Twitter_64x642.png\" alt=\"Twitter_64x64\" width=\"26\" height=\"26\" \/><\/a><a href=\"https:\/\/twitter.com\/luisglez?lang=es\" target=\"_blank\" rel=\"noopener\"><span style=\"color: #61a60e;\"><span class=\"username u-dir\" dir=\"ltr\" style=\"color: #61a60e;\">@luisglez<\/span><\/span><\/a><\/p>\n<p>[\/et_pb_text][et_pb_divider admin_label=&#8221;Separador&#8221; color=&#8221;#000000&#8243; show_divider=&#8221;on&#8221; divider_style=&#8221;solid&#8221; divider_position=&#8221;top&#8221; hide_on_mobile=&#8221;on&#8221;]<br \/>\n[\/et_pb_divider][\/et_pb_column][\/et_pb_row][et_pb_row admin_label=&#8221;Fila&#8221; make_fullwidth=&#8221;on&#8221; use_custom_width=&#8221;off&#8221; width_unit=&#8221;on&#8221; use_custom_gutter=&#8221;off&#8221; padding_mobile=&#8221;off&#8221; allow_player_pause=&#8221;off&#8221; parallax=&#8221;off&#8221; parallax_method=&#8221;off&#8221; make_equal=&#8221;off&#8221; parallax_1=&#8221;off&#8221; parallax_method_1=&#8221;off&#8221; parallax_2=&#8221;off&#8221; parallax_method_2=&#8221;off&#8221; column_padding_mobile=&#8221;on&#8221;][et_pb_column type=&#8221;1_3&#8243;][et_pb_image admin_label=&#8221;Imagen&#8221; src=&#8221;https:\/\/ideasen.llorenteycuenca.com\/wp-content\/uploads\/sites\/6\/2017\/06\/Alba_Garcia.jpg&#8221; show_in_lightbox=&#8221;off&#8221; url_new_window=&#8221;off&#8221; use_overlay=&#8221;off&#8221; animation=&#8221;off&#8221; sticky=&#8221;off&#8221; align=&#8221;left&#8221; force_fullwidth=&#8221;off&#8221; always_center_on_mobile=&#8221;on&#8221; use_border_color=&#8221;off&#8221; border_color=&#8221;#ffffff&#8221; border_style=&#8221;solid&#8221;]<br \/>\n[\/et_pb_image][\/et_pb_column][et_pb_column type=&#8221;2_3&#8243;][et_pb_text admin_label=&#8221;Texto&#8221; background_layout=&#8221;light&#8221; text_orientation=&#8221;left&#8221; use_border_color=&#8221;off&#8221; border_color=&#8221;#ffffff&#8221; border_style=&#8221;solid&#8221;]<\/p>\n<p><strong>Alba Garc\u00eda is a senior consultant in the Litigation and Restructuring departments of LLORENTE &amp; CUENCA.<\/strong> She is a graduate in Advertising and Public Relations and has a master&#8217;s degree in Corporate and Advertising Communication, both from the Complutense University of Madrid. She coordinated the following Master&#8217;s programs of the Complutense University of Madrid: \u201cCommunication of Public and Political Institutions\u201d; and \u201cCorporate and Advertising Communication\u201d. At LLORENTE &amp; CUENCA, she has in recent years worked on many different communication projects during judicial restructuring processes. In this sphere, the campaign carried out for the reputational crisis of the Vitaldent lawsuit received a Stevie Award in 2017. She has also performed different roles on corporate communication projects for clients such as Coca-Cola, Burger King, Mercadona, Atento and Faurecia.<\/p>\n<p>[\/et_pb_text][\/et_pb_column][\/et_pb_row][et_pb_row admin_label=&#8221;Fila&#8221; make_fullwidth=&#8221;on&#8221; use_custom_width=&#8221;off&#8221; width_unit=&#8221;on&#8221; use_custom_gutter=&#8221;off&#8221; padding_mobile=&#8221;off&#8221; allow_player_pause=&#8221;off&#8221; parallax=&#8221;off&#8221; parallax_method=&#8221;off&#8221; make_equal=&#8221;off&#8221; parallax_1=&#8221;off&#8221; parallax_method_1=&#8221;off&#8221; column_padding_mobile=&#8221;on&#8221;][et_pb_column type=&#8221;4_4&#8243;][et_pb_text admin_label=&#8221;Texto&#8221; background_layout=&#8221;light&#8221; text_orientation=&#8221;left&#8221; use_border_color=&#8221;off&#8221; border_color=&#8221;#ffffff&#8221; border_style=&#8221;solid&#8221; saved_tabs=&#8221;all&#8221;]<\/p>\n<p><span style=\"color: #61a60e;\"><a href=\"https:\/\/llyc.global\/wp-content\/uploads\/2023\/10\/email3-1.png\" rel=\"attachment wp-att-13485\"><img loading=\"lazy\" decoding=\"async\" class=\"alignnone wp-image-13485\" src=\"https:\/\/llyc.global\/wp-content\/uploads\/2023\/10\/email3-1.png\" alt=\"email\" width=\"29\" height=\"29\" \/><\/a>\u00a0 agarcial@llorenteycuenca.com<\/span><\/p>\n<p><span style=\"color: #61a60e;\"><a href=\"https:\/\/es.linkedin.com\/in\/laura-martinez-cerro-bb742114\">\u00a0\u00a0<\/a><a class=\"icono-redes\" href=\"https:\/\/www.linkedin.com\/in\/jorgelopezzafra\/\" target=\"_blank\" rel=\"https:\/\/www.linkedin.com\/in\/albagarcialopez\/ noopener\"><img loading=\"lazy\" decoding=\"async\" class=\"icono-redes alignnone wp-image-13486\" src=\"https:\/\/llyc.global\/wp-content\/uploads\/2023\/10\/linkedin13.png\" alt=\"linkedin\" width=\"26\" height=\"26\" \/><\/a><a href=\"https:\/\/www.linkedin.com\/in\/albagarcialopez\/\" target=\"_blank\" rel=\"noopener\">\u00a0Alba Garc\u00eda L\u00f3pez\u00a0 \u00a0\u00a0<\/a><\/span><span style=\"color: #61a60e;\"><a href=\"https:\/\/www.linkedin.com\/in\/albagarcialopez\/\" target=\"_blank\" rel=\"noopener\">\u00a0 \u00a0<\/a> \u00a0 \u00a0 \u00a0 \u00a0 \u00a0 \u00a0 \u00a0 \u00a0 \u00a0 \u00a0\u00a0<\/span><\/p>\n<p class=\"alignnone\"><a href=\"https:\/\/llyc.global\/wp-content\/uploads\/2023\/10\/Twitter_64x642.png\" rel=\"attachment wp-att-13986\"><img loading=\"lazy\" decoding=\"async\" class=\"size-full wp-image-13986 alignleft\" src=\"https:\/\/llyc.global\/wp-content\/uploads\/2023\/10\/Twitter_64x642.png\" alt=\"Twitter_64x64\" width=\"26\" height=\"26\" \/><\/a><a href=\"https:\/\/twitter.com\/alba_galope?lang=es\" target=\"_blank\" rel=\"noopener\"><span style=\"color: #61a60e;\"><span class=\"username u-dir\" dir=\"ltr\" style=\"color: #61a60e;\">@alba_galope<\/span><\/span><\/a><\/p>\n<p>[\/et_pb_text][et_pb_divider admin_label=&#8221;Separador&#8221; color=&#8221;#000000&#8243; show_divider=&#8221;on&#8221; divider_style=&#8221;solid&#8221; divider_position=&#8221;top&#8221; hide_on_mobile=&#8221;on&#8221;]<br \/>\n[\/et_pb_divider][et_pb_image admin_label=&#8221;Image&#8221; src=&#8221;https:\/\/ideasen.llorenteycuenca.com\/wp-content\/uploads\/sites\/6\/2017\/05\/boton_imagen_ENG_OK.png&#8221; show_in_lightbox=&#8221;off&#8221; url_new_window=&#8221;on&#8221; use_overlay=&#8221;off&#8221; animation=&#8221;off&#8221; sticky=&#8221;off&#8221; align=&#8221;left&#8221; force_fullwidth=&#8221;off&#8221; always_center_on_mobile=&#8221;on&#8221; use_border_color=&#8221;off&#8221; border_color=&#8221;#ffffff&#8221; border_style=&#8221;solid&#8221; url=&#8221;https:\/\/www.llorenteycuenca.com\/en\/contacto\/&#8221;] [\/et_pb_image][et_pb_image admin_label=&#8221;Image&#8221; src=&#8221;https:\/\/ideasen.llorenteycuenca.com\/wp-content\/uploads\/sites\/6\/2017\/09\/Cr\u00e9ditos-ingl\u00e9s.png&#8221; show_in_lightbox=&#8221;off&#8221; url_new_window=&#8221;off&#8221; use_overlay=&#8221;off&#8221; animation=&#8221;off&#8221; sticky=&#8221;off&#8221; align=&#8221;left&#8221; force_fullwidth=&#8221;off&#8221; always_center_on_mobile=&#8221;on&#8221; use_border_color=&#8221;off&#8221; border_color=&#8221;#ffffff&#8221; border_style=&#8221;solid&#8221; \/][\/et_pb_column][\/et_pb_row][\/et_pb_section]<\/p>\n","protected":false},"excerpt":{"rendered":"<p>[et_pb_section admin_label=&#8221;Section&#8221; fullwidth=&#8221;off&#8221; specialty=&#8221;off&#8221;][et_pb_row admin_label=&#8221;Row&#8221; make_fullwidth=&#8221;on&#8221; use_custom_width=&#8221;off&#8221; width_unit=&#8221;on&#8221; use_custom_gutter=&#8221;off&#8221; padding_mobile=&#8221;off&#8221; allow_player_pause=&#8221;off&#8221; parallax=&#8221;off&#8221; parallax_method=&#8221;off&#8221; make_equal=&#8221;off&#8221; parallax_1=&#8221;off&#8221; parallax_method_1=&#8221;off&#8221; column_padding_mobile=&#8221;on&#8221;][et_pb_column type=&#8221;4_4&#8243;][et_pb_image admin_label=&#8221;Image&#8221; src=&#8221;https:\/\/ideasen.llorenteycuenca.com\/wp-content\/uploads\/sites\/6\/2017\/09\/Nota-Descarga.png&#8221; show_in_lightbox=&#8221;off&#8221; url=&#8221;https:\/\/ideasen.llorenteycuenca.com\/wp-content\/uploads\/sites\/6\/2017\/09\/170927_DI_Estudio_Litigios_Ibex35_.pdf&#8221; url_new_window=&#8221;on&#8221; use_overlay=&#8221;off&#8221; animation=&#8221;off&#8221; sticky=&#8221;off&#8221; align=&#8221;left&#8221; force_fullwidth=&#8221;off&#8221; always_center_on_mobile=&#8221;on&#8221; use_border_color=&#8221;off&#8221; border_color=&#8221;#ffffff&#8221; border_style=&#8221;solid&#8221; title_text=&#8221;https:\/\/ideasen.llorenteycuenca.com\/wp-content\/uploads\/sites\/6\/2017\/09\/170927_DI_Estudio_Litigios_Ibex35_ENG-1.pdf&#8221;] [\/et_pb_image][\/et_pb_column][\/et_pb_row][\/et_pb_section][et_pb_section admin_label=&#8221;Secci\u00f3n&#8221; fullwidth=&#8221;off&#8221; specialty=&#8221;off&#8221; transparent_background=&#8221;off&#8221; background_color=&#8221;#00847d&#8221; allow_player_pause=&#8221;off&#8221; inner_shadow=&#8221;off&#8221; parallax=&#8221;off&#8221; parallax_method=&#8221;off&#8221; padding_mobile=&#8221;off&#8221; make_fullwidth=&#8221;off&#8221; use_custom_width=&#8221;off&#8221; width_unit=&#8221;on&#8221; make_equal=&#8221;off&#8221; use_custom_gutter=&#8221;off&#8221;][et_pb_row admin_label=&#8221;Fila&#8221; make_fullwidth=&#8221;on&#8221; use_custom_width=&#8221;off&#8221; width_unit=&#8221;on&#8221; use_custom_gutter=&#8221;off&#8221; padding_mobile=&#8221;off&#8221; [&hellip;]<\/p>\n","protected":false},"author":4,"featured_media":56663,"comment_status":"closed","ping_status":"closed","sticky":false,"template":"","format":"standard","meta":{"_acf_changed":false,"_et_pb_use_builder":"","_et_pb_old_content":"","_et_gb_content_width":"","footnotes":""},"categories":[86],"class_list":["post-56658","post","type-post","status-publish","format-standard","has-post-thumbnail","hentry","category-ideas"],"acf":[],"yoast_head":"<!-- This site is optimized with the Yoast SEO Premium plugin v24.7 (Yoast SEO v24.7) - https:\/\/yoast.com\/wordpress\/plugins\/seo\/ -->\n<title>Analysis of provisions for litigation in companies of the Ibex 35 - LLYC<\/title>\n<meta name=\"robots\" content=\"index, follow, max-snippet:-1, max-image-preview:large, max-video-preview:-1\" \/>\n<link rel=\"canonical\" href=\"https:\/\/llyc.global\/en\/ideas\/analysis-of-provisions-for-litigation-in-companies-of-the-ibex-35\/\" \/>\n<meta property=\"og:locale\" content=\"en_US\" \/>\n<meta property=\"og:type\" content=\"article\" \/>\n<meta property=\"og:title\" content=\"Analysis of provisions for litigation in companies of the Ibex 35\" \/>\n<meta property=\"og:description\" content=\"[et_pb_section admin_label=&#8221;Section&#8221; fullwidth=&#8221;off&#8221; specialty=&#8221;off&#8221;][et_pb_row admin_label=&#8221;Row&#8221; make_fullwidth=&#8221;on&#8221; use_custom_width=&#8221;off&#8221; width_unit=&#8221;on&#8221; use_custom_gutter=&#8221;off&#8221; padding_mobile=&#8221;off&#8221; allow_player_pause=&#8221;off&#8221; parallax=&#8221;off&#8221; parallax_method=&#8221;off&#8221; make_equal=&#8221;off&#8221; parallax_1=&#8221;off&#8221; parallax_method_1=&#8221;off&#8221; column_padding_mobile=&#8221;on&#8221;][et_pb_column type=&#8221;4_4&#8243;][et_pb_image admin_label=&#8221;Image&#8221; src=&#8221;https:\/\/ideasen.llorenteycuenca.com\/wp-content\/uploads\/sites\/6\/2017\/09\/Nota-Descarga.png&#8221; show_in_lightbox=&#8221;off&#8221; url=&#8221;https:\/\/ideasen.llorenteycuenca.com\/wp-content\/uploads\/sites\/6\/2017\/09\/170927_DI_Estudio_Litigios_Ibex35_.pdf&#8221; url_new_window=&#8221;on&#8221; use_overlay=&#8221;off&#8221; animation=&#8221;off&#8221; sticky=&#8221;off&#8221; align=&#8221;left&#8221; force_fullwidth=&#8221;off&#8221; always_center_on_mobile=&#8221;on&#8221; use_border_color=&#8221;off&#8221; border_color=&#8221;#ffffff&#8221; border_style=&#8221;solid&#8221; title_text=&#8221;https:\/\/ideasen.llorenteycuenca.com\/wp-content\/uploads\/sites\/6\/2017\/09\/170927_DI_Estudio_Litigios_Ibex35_ENG-1.pdf&#8221;] [\/et_pb_image][\/et_pb_column][\/et_pb_row][\/et_pb_section][et_pb_section admin_label=&#8221;Secci\u00f3n&#8221; fullwidth=&#8221;off&#8221; specialty=&#8221;off&#8221; transparent_background=&#8221;off&#8221; background_color=&#8221;#00847d&#8221; allow_player_pause=&#8221;off&#8221; inner_shadow=&#8221;off&#8221; parallax=&#8221;off&#8221; parallax_method=&#8221;off&#8221; padding_mobile=&#8221;off&#8221; make_fullwidth=&#8221;off&#8221; use_custom_width=&#8221;off&#8221; width_unit=&#8221;on&#8221; make_equal=&#8221;off&#8221; use_custom_gutter=&#8221;off&#8221;][et_pb_row admin_label=&#8221;Fila&#8221; make_fullwidth=&#8221;on&#8221; use_custom_width=&#8221;off&#8221; width_unit=&#8221;on&#8221; use_custom_gutter=&#8221;off&#8221; padding_mobile=&#8221;off&#8221; [&hellip;]\" \/>\n<meta property=\"og:url\" content=\"https:\/\/llyc.global\/en\/ideas\/analysis-of-provisions-for-litigation-in-companies-of-the-ibex-35\/\" \/>\n<meta property=\"og:site_name\" content=\"LLYC\" \/>\n<meta property=\"article:publisher\" content=\"https:\/\/www.facebook.com\/LLYC.Global\/\" \/>\n<meta property=\"article:published_time\" content=\"2017-09-26T22:00:00+00:00\" \/>\n<meta property=\"article:modified_time\" content=\"2023-10-26T02:12:53+00:00\" \/>\n<meta property=\"og:image\" content=\"https:\/\/llyc.global\/wp-content\/uploads\/2023\/10\/Destacado-6-scaled.jpg\" \/>\n\t<meta property=\"og:image:width\" content=\"2560\" \/>\n\t<meta property=\"og:image:height\" content=\"1707\" \/>\n\t<meta property=\"og:image:type\" content=\"image\/jpeg\" \/>\n<meta name=\"author\" content=\"maguilar\" \/>\n<meta name=\"twitter:card\" content=\"summary_large_image\" \/>\n<meta name=\"twitter:creator\" content=\"@llorenteycuenca\" \/>\n<meta name=\"twitter:site\" content=\"@llorenteycuenca\" \/>\n<meta name=\"twitter:label1\" content=\"Written by\" \/>\n\t<meta name=\"twitter:data1\" content=\"maguilar\" \/>\n\t<meta name=\"twitter:label2\" content=\"Est. reading time\" \/>\n\t<meta name=\"twitter:data2\" content=\"41 minutes\" \/>\n<!-- \/ Yoast SEO Premium plugin. -->","yoast_head_json":{"title":"Analysis of provisions for litigation in companies of the Ibex 35 - LLYC","robots":{"index":"index","follow":"follow","max-snippet":"max-snippet:-1","max-image-preview":"max-image-preview:large","max-video-preview":"max-video-preview:-1"},"canonical":"https:\/\/llyc.global\/en\/ideas\/analysis-of-provisions-for-litigation-in-companies-of-the-ibex-35\/","og_locale":"en_US","og_type":"article","og_title":"Analysis of provisions for litigation in companies of the Ibex 35","og_description":"[et_pb_section admin_label=&#8221;Section&#8221; fullwidth=&#8221;off&#8221; specialty=&#8221;off&#8221;][et_pb_row admin_label=&#8221;Row&#8221; make_fullwidth=&#8221;on&#8221; use_custom_width=&#8221;off&#8221; width_unit=&#8221;on&#8221; use_custom_gutter=&#8221;off&#8221; padding_mobile=&#8221;off&#8221; allow_player_pause=&#8221;off&#8221; parallax=&#8221;off&#8221; parallax_method=&#8221;off&#8221; make_equal=&#8221;off&#8221; parallax_1=&#8221;off&#8221; parallax_method_1=&#8221;off&#8221; column_padding_mobile=&#8221;on&#8221;][et_pb_column type=&#8221;4_4&#8243;][et_pb_image admin_label=&#8221;Image&#8221; src=&#8221;https:\/\/ideasen.llorenteycuenca.com\/wp-content\/uploads\/sites\/6\/2017\/09\/Nota-Descarga.png&#8221; show_in_lightbox=&#8221;off&#8221; url=&#8221;https:\/\/ideasen.llorenteycuenca.com\/wp-content\/uploads\/sites\/6\/2017\/09\/170927_DI_Estudio_Litigios_Ibex35_.pdf&#8221; url_new_window=&#8221;on&#8221; use_overlay=&#8221;off&#8221; animation=&#8221;off&#8221; sticky=&#8221;off&#8221; align=&#8221;left&#8221; force_fullwidth=&#8221;off&#8221; always_center_on_mobile=&#8221;on&#8221; use_border_color=&#8221;off&#8221; border_color=&#8221;#ffffff&#8221; border_style=&#8221;solid&#8221; title_text=&#8221;https:\/\/ideasen.llorenteycuenca.com\/wp-content\/uploads\/sites\/6\/2017\/09\/170927_DI_Estudio_Litigios_Ibex35_ENG-1.pdf&#8221;] [\/et_pb_image][\/et_pb_column][\/et_pb_row][\/et_pb_section][et_pb_section admin_label=&#8221;Secci\u00f3n&#8221; fullwidth=&#8221;off&#8221; specialty=&#8221;off&#8221; transparent_background=&#8221;off&#8221; background_color=&#8221;#00847d&#8221; allow_player_pause=&#8221;off&#8221; inner_shadow=&#8221;off&#8221; parallax=&#8221;off&#8221; parallax_method=&#8221;off&#8221; padding_mobile=&#8221;off&#8221; make_fullwidth=&#8221;off&#8221; use_custom_width=&#8221;off&#8221; width_unit=&#8221;on&#8221; make_equal=&#8221;off&#8221; use_custom_gutter=&#8221;off&#8221;][et_pb_row admin_label=&#8221;Fila&#8221; make_fullwidth=&#8221;on&#8221; use_custom_width=&#8221;off&#8221; width_unit=&#8221;on&#8221; use_custom_gutter=&#8221;off&#8221; padding_mobile=&#8221;off&#8221; [&hellip;]","og_url":"https:\/\/llyc.global\/en\/ideas\/analysis-of-provisions-for-litigation-in-companies-of-the-ibex-35\/","og_site_name":"LLYC","article_publisher":"https:\/\/www.facebook.com\/LLYC.Global\/","article_published_time":"2017-09-26T22:00:00+00:00","article_modified_time":"2023-10-26T02:12:53+00:00","og_image":[{"width":2560,"height":1707,"url":"https:\/\/llyc.global\/wp-content\/uploads\/2023\/10\/Destacado-6-scaled.jpg","type":"image\/jpeg"}],"author":"maguilar","twitter_card":"summary_large_image","twitter_creator":"@llorenteycuenca","twitter_site":"@llorenteycuenca","twitter_misc":{"Written by":"maguilar","Est. reading time":"41 minutes"},"schema":{"@context":"https:\/\/schema.org","@graph":[{"@type":"WebPage","@id":"https:\/\/llyc.global\/en\/ideas\/analysis-of-provisions-for-litigation-in-companies-of-the-ibex-35\/","url":"https:\/\/llyc.global\/en\/ideas\/analysis-of-provisions-for-litigation-in-companies-of-the-ibex-35\/","name":"Analysis of provisions for litigation in companies of the Ibex 35 - LLYC","isPartOf":{"@id":"https:\/\/llyc.global\/en\/#website"},"primaryImageOfPage":{"@id":"https:\/\/llyc.global\/en\/ideas\/analysis-of-provisions-for-litigation-in-companies-of-the-ibex-35\/#primaryimage"},"image":{"@id":"https:\/\/llyc.global\/en\/ideas\/analysis-of-provisions-for-litigation-in-companies-of-the-ibex-35\/#primaryimage"},"thumbnailUrl":"https:\/\/llyc.global\/wp-content\/uploads\/2023\/10\/Destacado-6-scaled.jpg","datePublished":"2017-09-26T22:00:00+00:00","dateModified":"2023-10-26T02:12:53+00:00","author":{"@id":"https:\/\/llyc.global\/en\/#\/schema\/person\/8187160eba73b996b064cce622bd4541"},"breadcrumb":{"@id":"https:\/\/llyc.global\/en\/ideas\/analysis-of-provisions-for-litigation-in-companies-of-the-ibex-35\/#breadcrumb"},"inLanguage":"en-US","potentialAction":[{"@type":"ReadAction","target":["https:\/\/llyc.global\/en\/ideas\/analysis-of-provisions-for-litigation-in-companies-of-the-ibex-35\/"]}]},{"@type":"ImageObject","inLanguage":"en-US","@id":"https:\/\/llyc.global\/en\/ideas\/analysis-of-provisions-for-litigation-in-companies-of-the-ibex-35\/#primaryimage","url":"https:\/\/llyc.global\/wp-content\/uploads\/2023\/10\/Destacado-6-scaled.jpg","contentUrl":"https:\/\/llyc.global\/wp-content\/uploads\/2023\/10\/Destacado-6-scaled.jpg","width":2560,"height":1707},{"@type":"BreadcrumbList","@id":"https:\/\/llyc.global\/en\/ideas\/analysis-of-provisions-for-litigation-in-companies-of-the-ibex-35\/#breadcrumb","itemListElement":[{"@type":"ListItem","position":1,"name":"Home","item":"https:\/\/llyc.global\/en\/"},{"@type":"ListItem","position":2,"name":"Analysis of provisions for litigation in companies of the Ibex 35"}]},{"@type":"WebSite","@id":"https:\/\/llyc.global\/en\/#website","url":"https:\/\/llyc.global\/en\/","name":"LLYC","description":"Consultoria de comunicaci\u00f3n marketing y asuntos p\u00fablicos","potentialAction":[{"@type":"SearchAction","target":{"@type":"EntryPoint","urlTemplate":"https:\/\/llyc.global\/en\/?s={search_term_string}"},"query-input":{"@type":"PropertyValueSpecification","valueRequired":true,"valueName":"search_term_string"}}],"inLanguage":"en-US"},{"@type":"Person","@id":"https:\/\/llyc.global\/en\/#\/schema\/person\/8187160eba73b996b064cce622bd4541","name":"maguilar","image":{"@type":"ImageObject","inLanguage":"en-US","@id":"https:\/\/llyc.global\/en\/#\/schema\/person\/image\/","url":"https:\/\/secure.gravatar.com\/avatar\/2567cb4cb8cda24204d7f7cde2c10fbd?s=96&d=mm&r=g","contentUrl":"https:\/\/secure.gravatar.com\/avatar\/2567cb4cb8cda24204d7f7cde2c10fbd?s=96&d=mm&r=g","caption":"maguilar"}}]}},"_links":{"self":[{"href":"https:\/\/llyc.global\/en\/wp-json\/wp\/v2\/posts\/56658","targetHints":{"allow":["GET"]}}],"collection":[{"href":"https:\/\/llyc.global\/en\/wp-json\/wp\/v2\/posts"}],"about":[{"href":"https:\/\/llyc.global\/en\/wp-json\/wp\/v2\/types\/post"}],"author":[{"embeddable":true,"href":"https:\/\/llyc.global\/en\/wp-json\/wp\/v2\/users\/4"}],"replies":[{"embeddable":true,"href":"https:\/\/llyc.global\/en\/wp-json\/wp\/v2\/comments?post=56658"}],"version-history":[{"count":1,"href":"https:\/\/llyc.global\/en\/wp-json\/wp\/v2\/posts\/56658\/revisions"}],"predecessor-version":[{"id":56662,"href":"https:\/\/llyc.global\/en\/wp-json\/wp\/v2\/posts\/56658\/revisions\/56662"}],"wp:featuredmedia":[{"embeddable":true,"href":"https:\/\/llyc.global\/en\/wp-json\/wp\/v2\/media\/56663"}],"wp:attachment":[{"href":"https:\/\/llyc.global\/en\/wp-json\/wp\/v2\/media?parent=56658"}],"wp:term":[{"taxonomy":"category","embeddable":true,"href":"https:\/\/llyc.global\/en\/wp-json\/wp\/v2\/categories?post=56658"}],"curies":[{"name":"wp","href":"https:\/\/api.w.org\/{rel}","templated":true}]}}