{"id":56734,"date":"2017-10-31T00:00:00","date_gmt":"2017-10-30T23:00:00","guid":{"rendered":"https:\/\/llyc.global\/2017\/10\/31\/argentina17-the-future-starts-with-an-m-of-macri\/"},"modified":"2023-10-26T04:15:37","modified_gmt":"2023-10-26T02:15:37","slug":"argentina17-the-future-starts-with-an-m-of-macri","status":"publish","type":"post","link":"https:\/\/llyc.global\/en\/ideas\/argentina17-the-future-starts-with-an-m-of-macri\/","title":{"rendered":"Argentina17: The future starts with an M of Macri"},"content":{"rendered":"<p>[et_pb_section admin_label=&#8221;section&#8221; transparent_background=&#8221;off&#8221; background_color=&#8221;#ffffff&#8221; allow_player_pause=&#8221;off&#8221; inner_shadow=&#8221;off&#8221; parallax=&#8221;off&#8221; parallax_method=&#8221;off&#8221; padding_mobile=&#8221;off&#8221; make_fullwidth=&#8221;off&#8221; use_custom_width=&#8221;off&#8221; width_unit=&#8221;on&#8221; make_equal=&#8221;off&#8221; use_custom_gutter=&#8221;off&#8221;][et_pb_row admin_label=&#8221;row&#8221; make_fullwidth=&#8221;on&#8221; use_custom_width=&#8221;off&#8221; width_unit=&#8221;on&#8221; use_custom_gutter=&#8221;off&#8221; padding_mobile=&#8221;off&#8221; allow_player_pause=&#8221;off&#8221; parallax=&#8221;off&#8221; parallax_method=&#8221;off&#8221; make_equal=&#8221;off&#8221; parallax_1=&#8221;off&#8221; parallax_method_1=&#8221;off&#8221; column_padding_mobile=&#8221;on&#8221;][et_pb_column type=&#8221;4_4&#8243;][et_pb_text admin_label=&#8221;INTRODUCTION &#8221; background_layout=&#8221;light&#8221; text_orientation=&#8221;left&#8221; use_border_color=&#8221;off&#8221; border_color=&#8221;#ffffff&#8221; border_style=&#8221;solid&#8221;]<\/p>\n<p>The <span style=\"color: #0085ca;\"><a style=\"color: #0085ca;\" href=\"https:\/\/www.facebook.com\/mauriciomacri\/videos\/10155953420473478\/\" target=\"_blank\" rel=\"noopener\">ruling party (&#8220;Cambiemos&#8221;) clinched a win<\/a><\/span> in Argentina\u2019s five main electoral districts, the first time this has happened since before the country returned to democracy in 1983. It strengthened its position in August\u2019s elections and <span style=\"color: #0085ca;\"><a style=\"color: #0085ca;\" href=\"https:\/\/elpais.com\/internacional\/2017\/10\/22\/argentina\/1508692417_827980.html\" target=\"_blank\" rel=\"noopener\">gained more seats in both houses of Congress<\/a><\/span>, although it will still have to negotiate with other parties to reach <em>quorum<\/em>. The flip side was Peronism, which lost its grip on Argentine politics: its main candidates lost.<\/p>\n<p>[\/et_pb_text][et_pb_image admin_label=&#8221;Imagen&#8221; src=&#8221;https:\/\/ideasen.llorenteycuenca.com\/wp-content\/uploads\/sites\/6\/2017\/10\/Figure1.jpg&#8221; show_in_lightbox=&#8221;off&#8221; url_new_window=&#8221;off&#8221; use_overlay=&#8221;off&#8221; animation=&#8221;off&#8221; sticky=&#8221;off&#8221; align=&#8221;left&#8221; force_fullwidth=&#8221;off&#8221; always_center_on_mobile=&#8221;on&#8221; use_border_color=&#8221;off&#8221; border_color=&#8221;#ffffff&#8221; border_style=&#8221;solid&#8221;] [\/et_pb_image][\/et_pb_column][\/et_pb_row][\/et_pb_section][et_pb_section admin_label=&#8221;section&#8221; transparent_background=&#8221;off&#8221; background_color=&#8221;#f9f9f9&#8243; allow_player_pause=&#8221;off&#8221; inner_shadow=&#8221;off&#8221; parallax=&#8221;off&#8221; parallax_method=&#8221;off&#8221; padding_mobile=&#8221;off&#8221; make_fullwidth=&#8221;off&#8221; use_custom_width=&#8221;off&#8221; width_unit=&#8221;on&#8221; make_equal=&#8221;off&#8221; use_custom_gutter=&#8221;off&#8221;][et_pb_row admin_label=&#8221;row&#8221; make_fullwidth=&#8221;on&#8221; use_custom_width=&#8221;off&#8221; width_unit=&#8221;on&#8221; use_custom_gutter=&#8221;off&#8221; padding_mobile=&#8221;off&#8221; allow_player_pause=&#8221;off&#8221; parallax=&#8221;off&#8221; parallax_method=&#8221;off&#8221; make_equal=&#8221;off&#8221; parallax_1=&#8221;off&#8221; parallax_method_1=&#8221;off&#8221; column_padding_mobile=&#8221;on&#8221;][et_pb_column type=&#8221;4_4&#8243;][et_pb_text admin_label=&#8221;A FEW KEY POINTS&#8221; background_layout=&#8221;light&#8221; text_orientation=&#8221;left&#8221; use_border_color=&#8221;off&#8221; border_color=&#8221;#ffffff&#8221; border_style=&#8221;solid&#8221;]<\/p>\n<h1><span style=\"color: #64a70b;\">A FEW KEY POINTS<\/span><\/h1>\n<p><strong>Overwhelming national victory.<\/strong> The government coalition was the most voted across the country: it won over 10 million votes (out of 24 million). It won in 13 of the 24 provinces, with resounding victories in the country\u2019s five main districts (province of Buenos Aires, city of Buenos Aires, C\u00f3rdoba, Santa Fe and Mendoza). It also won in historically Peronist districts like Chaco, Entre R\u00edos, La Rioja, Neuqu\u00e9n and Salta.<\/p>\n<blockquote class=\"twitter-tweet\" data-width=\"500\" data-dnt=\"true\">\n<p lang=\"zxx\" dir=\"ltr\"><a href=\"https:\/\/t.co\/e8ksgTLbC9\">pic.twitter.com\/e8ksgTLbC9<\/a><\/p>\n<p>&mdash; Mauricio Macri (@mauriciomacri) <a href=\"https:\/\/twitter.com\/mauriciomacri\/status\/922445951725461504?ref_src=twsrc%5Etfw\">October 23, 2017<\/a><\/p><\/blockquote>\n<p><script async src=\"https:\/\/platform.twitter.com\/widgets.js\" charset=\"utf-8\"><\/script><\/p>\n<p><strong>Gaining ground in the Conurbano bonaerense (metropolitan area of Buenos Aires).<\/strong> In the region where Cristina Kirchner\u2019s influence is strongest, the ruling party improved <a href=\"https:\/\/ideas.llorenteycuenca.com\/2017\/08\/primarias-legislativas-en-argentina-macri-se-consolida-ante-la-cita-electoral-de-octubre\/\" target=\"_blank\" rel=\"noopener\"><span style=\"color: #0085ca;\">the results of the PASO<\/span> <\/a>(Open, Simultaneous and Compulsory Primaries): it grew the advantage it had gained in the first voting district (from 0.4 % to 5.3 %) and closed the gap in the third (from losing by 13 to 8 points). Leveraged by these results, Bullrich managed to beat Cristina Kirchner by four points, after having fallen by 0.21 % in the PASO.<\/p>\n<blockquote class=\"twitter-tweet\" data-width=\"500\" data-dnt=\"true\">\n<p lang=\"es\" dir=\"ltr\">[AHORA] Declaraciones a la prensa <a href=\"https:\/\/t.co\/qwlyKdX34L\">https:\/\/t.co\/qwlyKdX34L<\/a><\/p>\n<p>&mdash; Cristina Kirchner (@CFKArgentina) <a href=\"https:\/\/twitter.com\/CFKArgentina\/status\/923562016563896321?ref_src=twsrc%5Etfw\">October 26, 2017<\/a><\/p><\/blockquote>\n<p><script async src=\"https:\/\/platform.twitter.com\/widgets.js\" charset=\"utf-8\"><\/script><\/p>\n<p><strong>Bad election for Peronism.<\/strong> It was a bad day for the movement&#8217;s main leaders: Cristina Kirchner, Massa, Randazzo (province of Buenos Aires) and candidates from Schiaretti (C\u00f3rdoba) and Urtubey (Salta) lost, and no clear leader needed to rebuild the party ahead of 2019 emerged. However, gubernatorial candidates Rodr\u00edguez Sa\u00e1 (San Luis) and Verna (La Pampa) reversed the result of the PASO and managed a win.<\/p>\n<p><strong>Still no implications in the Maldonado case. <\/strong>In the weeks leading up to the election, the body of Santiago Maldonado, a young activist who had participated in a protest in the south and had been missing for 70 days, was found. The opposition used the case as a key issue in the campaign and the discovery of the body days before the election raised concerns about how it would influence the outcome. However, with no significant differences between pre-election polls and the results, it is unlikely that the case had an impact.<\/p>\n<p>&nbsp;<\/p>\n<p>[\/et_pb_text][\/et_pb_column][\/et_pb_row][\/et_pb_section][et_pb_section admin_label=&#8221;section&#8221; transparent_background=&#8221;off&#8221; background_color=&#8221;#ffffff&#8221; allow_player_pause=&#8221;off&#8221; inner_shadow=&#8221;off&#8221; parallax=&#8221;off&#8221; parallax_method=&#8221;off&#8221; padding_mobile=&#8221;off&#8221; make_fullwidth=&#8221;off&#8221; use_custom_width=&#8221;off&#8221; width_unit=&#8221;on&#8221; make_equal=&#8221;off&#8221; use_custom_gutter=&#8221;off&#8221;][et_pb_row admin_label=&#8221;row&#8221; make_fullwidth=&#8221;on&#8221; use_custom_width=&#8221;off&#8221; width_unit=&#8221;on&#8221; use_custom_gutter=&#8221;off&#8221; padding_mobile=&#8221;off&#8221; allow_player_pause=&#8221;off&#8221; parallax=&#8221;off&#8221; parallax_method=&#8221;off&#8221; make_equal=&#8221;off&#8221; parallax_1=&#8221;off&#8221; parallax_method_1=&#8221;off&#8221; column_padding_mobile=&#8221;on&#8221;][et_pb_column type=&#8221;4_4&#8243;][et_pb_text admin_label=&#8221;WHAT IS NEXT FOR THE CONGRESS? &#8221; background_layout=&#8221;light&#8221; text_orientation=&#8221;left&#8221; use_border_color=&#8221;off&#8221; border_color=&#8221;#ffffff&#8221; border_style=&#8221;solid&#8221;]<\/p>\n<h1><span style=\"color: #64a70b;\">WHAT IS NEXT FOR THE CONGRESS?\u00a0<\/span><\/h1>\n<p>&nbsp;<\/p>\n<p>[\/et_pb_text][et_pb_image admin_label=&#8221;Imagen&#8221; src=&#8221;https:\/\/ideasen.llorenteycuenca.com\/wp-content\/uploads\/sites\/6\/2017\/10\/Figure2.jpg&#8221; show_in_lightbox=&#8221;off&#8221; url_new_window=&#8221;off&#8221; use_overlay=&#8221;off&#8221; animation=&#8221;off&#8221; sticky=&#8221;off&#8221; align=&#8221;left&#8221; force_fullwidth=&#8221;off&#8221; always_center_on_mobile=&#8221;on&#8221; use_border_color=&#8221;off&#8221; border_color=&#8221;#ffffff&#8221; border_style=&#8221;solid&#8221;] [\/et_pb_image][et_pb_text admin_label=&#8221;DEPUTIES, SENATE, PARLIAMENTARY &#8221; background_layout=&#8221;light&#8221; text_orientation=&#8221;left&#8221; use_border_color=&#8221;off&#8221; border_color=&#8221;#ffffff&#8221; border_style=&#8221;solid&#8221;]<\/p>\n<p><strong>Deputies.<\/strong> The Chamber had been divided into thirds during the 2015-17 <em>biennium<\/em>: the ruling party (about 86 seats), Kirchner\u2019s PJ party (around 80 seats) and other parties (about 90). After this election, Cambiemos will have between 107 and 109 seats and would be one step away from quorum (129 seats) if it manages to secure backing by allies. Of the 127 seats at stake, the government coalition was left with 59 seats.<\/p>\n<p><strong>Senate.<\/strong> The Peronists will lose the majority they have enjoyed for years. The block has 40 seats (37 are needed for quorum), but they only managed to secure 36 and are on the verge of a split between the senators who backed Pichetto (PJ) \u2013just over 20\u2013 and Cristina Kirchner (FPV), who counted on around 10. The ruling party gains considerable ground, from 17 to 25 senators, and could sweep the Lower Chamber of the House if the PJ loses.<\/p>\n<p><strong>2017 parliamentary activity.<\/strong> The new legislators will be sworn in to Congress on December 10, 2017. The new government will seek to advance economic initiatives like the 2018 budget, deferring the tax on checks, fiscal reform and the Fiscal Responsibility Law before the end of the year.<\/p>\n<p>[\/et_pb_text][\/et_pb_column][\/et_pb_row][\/et_pb_section][et_pb_section fullwidth=&#8221;off&#8221; specialty=&#8221;off&#8221; admin_label=&#8221;Section&#8221;][et_pb_row admin_label=&#8221;Row&#8221;][et_pb_column type=&#8221;4_4&#8243;][et_pb_image admin_label=&#8221;Image&#8221; src=&#8221;https:\/\/ideasen.llorenteycuenca.com\/wp-content\/uploads\/sites\/6\/2017\/10\/171102_CAP_Ganadores-y-perdedores_ENG.png&#8221; show_in_lightbox=&#8221;off&#8221; url_new_window=&#8221;off&#8221; use_overlay=&#8221;off&#8221; animation=&#8221;off&#8221; sticky=&#8221;off&#8221; align=&#8221;left&#8221; force_fullwidth=&#8221;off&#8221; always_center_on_mobile=&#8221;on&#8221; use_border_color=&#8221;off&#8221; border_color=&#8221;#ffffff&#8221; border_style=&#8221;solid&#8221; \/][\/et_pb_column][\/et_pb_row][\/et_pb_section][et_pb_section admin_label=&#8221;Secci\u00f3n&#8221; fullwidth=&#8221;off&#8221; specialty=&#8221;off&#8221; transparent_background=&#8221;off&#8221; background_color=&#8221;#00847d&#8221; allow_player_pause=&#8221;off&#8221; inner_shadow=&#8221;off&#8221; parallax=&#8221;off&#8221; parallax_method=&#8221;off&#8221; padding_mobile=&#8221;off&#8221; make_fullwidth=&#8221;off&#8221; use_custom_width=&#8221;off&#8221; width_unit=&#8221;on&#8221; make_equal=&#8221;off&#8221; use_custom_gutter=&#8221;off&#8221;][et_pb_row admin_label=&#8221;Fila&#8221; make_fullwidth=&#8221;on&#8221; use_custom_width=&#8221;off&#8221; width_unit=&#8221;on&#8221; use_custom_gutter=&#8221;off&#8221; padding_mobile=&#8221;off&#8221; allow_player_pause=&#8221;off&#8221; parallax=&#8221;off&#8221; parallax_method=&#8221;off&#8221; make_equal=&#8221;off&#8221; parallax_1=&#8221;off&#8221; parallax_method_1=&#8221;off&#8221; column_padding_mobile=&#8221;on&#8221;][et_pb_column type=&#8221;4_4&#8243;][et_pb_text admin_label=&#8221;THE PROJECTS THAT MACRI HOPES ARE APPROVED&#8221; background_layout=&#8221;light&#8221; text_orientation=&#8221;left&#8221; use_border_color=&#8221;off&#8221; border_color=&#8221;#ffffff&#8221; border_style=&#8221;solid&#8221; text_text_color=&#8221;#ffffff&#8221; custom_padding=&#8221;15px|15px|15px|15px&#8221;]<\/p>\n<h2><span style=\"color: #ffffff;\">THE PROJECTS THAT MACRI HOPES ARE APPROVED<\/span><\/h2>\n<p>[\/et_pb_text][\/et_pb_column][\/et_pb_row][\/et_pb_section][et_pb_section admin_label=&#8221;Secci\u00f3n&#8221; fullwidth=&#8221;off&#8221; specialty=&#8221;off&#8221; transparent_background=&#8221;off&#8221; background_color=&#8221;#eaf1e0&#8243; allow_player_pause=&#8221;off&#8221; inner_shadow=&#8221;off&#8221; parallax=&#8221;off&#8221; parallax_method=&#8221;off&#8221; padding_mobile=&#8221;off&#8221; make_fullwidth=&#8221;off&#8221; use_custom_width=&#8221;off&#8221; width_unit=&#8221;on&#8221; make_equal=&#8221;off&#8221; use_custom_gutter=&#8221;off&#8221;][et_pb_row admin_label=&#8221;Fila&#8221; make_fullwidth=&#8221;on&#8221; use_custom_width=&#8221;off&#8221; width_unit=&#8221;on&#8221; use_custom_gutter=&#8221;off&#8221; padding_mobile=&#8221;off&#8221; allow_player_pause=&#8221;off&#8221; parallax=&#8221;off&#8221; parallax_method=&#8221;off&#8221; make_equal=&#8221;off&#8221; parallax_1=&#8221;off&#8221; parallax_method_1=&#8221;off&#8221; column_padding_mobile=&#8221;on&#8221;][et_pb_column type=&#8221;4_4&#8243;][et_pb_image admin_label=&#8221;1&#8243; src=&#8221;https:\/\/ideasen.llorenteycuenca.com\/wp-content\/uploads\/sites\/6\/2017\/10\/011.png&#8221; show_in_lightbox=&#8221;off&#8221; url_new_window=&#8221;off&#8221; use_overlay=&#8221;off&#8221; animation=&#8221;off&#8221; sticky=&#8221;off&#8221; align=&#8221;left&#8221; force_fullwidth=&#8221;off&#8221; always_center_on_mobile=&#8221;on&#8221; use_border_color=&#8221;off&#8221; border_color=&#8221;#ffffff&#8221; border_style=&#8221;solid&#8221; saved_tabs=&#8221;all&#8221;] [\/et_pb_image][et_pb_text admin_label=&#8221;CRIMINAL CORPORATE LIABILITY &#8221; background_layout=&#8221;light&#8221; text_orientation=&#8221;left&#8221; use_border_color=&#8221;off&#8221; border_color=&#8221;#ffffff&#8221; border_style=&#8221;solid&#8221;]<\/p>\n<p><a href=\"https:\/\/llyc.global\/wp-content\/uploads\/2023\/10\/031-1.png\" rel=\"attachment wp-att-15294\"><img loading=\"lazy\" decoding=\"async\" class=\"wp-image-15294 alignleft\" src=\"https:\/\/llyc.global\/wp-content\/uploads\/2023\/10\/031-1.png\" alt=\"03\" width=\"56\" height=\"56\" \/><\/a><\/p>\n<p><strong><span style=\"color: #64a70b;\"><br \/>\nCRIMINAL CORPORATE LIABILITY\u00a0<\/span><\/strong><\/p>\n<p>The Chamber of Deputies approved the initiative that aims to penalize individuals for crimes of corruption. However, the text the Deputies drafted was approved in the Upper Chamber with modifications, putting it back in the hands of the Lower Chamber. The legislation is expected to be passed after the elections.<\/p>\n<p>[\/et_pb_text][et_pb_image admin_label=&#8221;2&#8243; src=&#8221;https:\/\/ideasen.llorenteycuenca.com\/wp-content\/uploads\/sites\/6\/2017\/10\/021.png&#8221; show_in_lightbox=&#8221;off&#8221; url_new_window=&#8221;off&#8221; use_overlay=&#8221;off&#8221; animation=&#8221;off&#8221; sticky=&#8221;off&#8221; align=&#8221;left&#8221; force_fullwidth=&#8221;off&#8221; always_center_on_mobile=&#8221;on&#8221; use_border_color=&#8221;off&#8221; border_color=&#8221;#ffffff&#8221; border_style=&#8221;solid&#8221; saved_tabs=&#8221;all&#8221;] [\/et_pb_image][et_pb_text admin_label=&#8221;BUY ARGENTINE&#8221; background_layout=&#8221;light&#8221; text_orientation=&#8221;left&#8221; use_border_color=&#8221;off&#8221; border_color=&#8221;#ffffff&#8221; border_style=&#8221;solid&#8221;]<\/p>\n<p><a href=\"https:\/\/llyc.global\/wp-content\/uploads\/2023\/10\/071-1.png\" rel=\"attachment wp-att-15320\"><img loading=\"lazy\" decoding=\"async\" class=\"wp-image-15320 alignleft\" src=\"https:\/\/llyc.global\/wp-content\/uploads\/2023\/10\/071-1.png\" alt=\"07\" width=\"68\" height=\"68\" \/><\/a><\/p>\n<p><strong><span style=\"color: #64a70b;\"><br \/>\nBUY ARGENTINE<\/span><\/strong><\/p>\n<p>In June of this year, the ruling party\u2019s project was defended in the Chamber of Deputies by officials of the Executive branch during a plenary session of the Commissions of Public Works, SMEs and Budget and Finance. Meanwhile, lawmakers meet with representatives from business and industrial chambers in early July in what was the last meeting on the issue to date.<\/p>\n<p>[\/et_pb_text][et_pb_image admin_label=&#8221;3&#8243; src=&#8221;https:\/\/ideasen.llorenteycuenca.com\/wp-content\/uploads\/sites\/6\/2017\/10\/032.png&#8221; show_in_lightbox=&#8221;off&#8221; url_new_window=&#8221;off&#8221; use_overlay=&#8221;off&#8221; animation=&#8221;off&#8221; sticky=&#8221;off&#8221; align=&#8221;left&#8221; force_fullwidth=&#8221;off&#8221; always_center_on_mobile=&#8221;on&#8221; use_border_color=&#8221;off&#8221; border_color=&#8221;#ffffff&#8221; border_style=&#8221;solid&#8221; saved_tabs=&#8221;all&#8221;] [\/et_pb_image][et_pb_text admin_label=&#8221;2018 BUDGET&#8221; background_layout=&#8221;light&#8221; text_orientation=&#8221;left&#8221; use_border_color=&#8221;off&#8221; border_color=&#8221;#ffffff&#8221; border_style=&#8221;solid&#8221;]<\/p>\n<p><a href=\"https:\/\/llyc.global\/wp-content\/uploads\/2023\/10\/091-1.png\" rel=\"attachment wp-att-15158\"><img loading=\"lazy\" decoding=\"async\" class=\" wp-image-15158 alignleft\" src=\"https:\/\/llyc.global\/wp-content\/uploads\/2023\/10\/091-1.png\" alt=\"09\" width=\"86\" height=\"86\" \/><\/a><\/p>\n<p>&nbsp;<\/p>\n<p><span style=\"color: #64a70b;\"><strong>2018 BUDGET<\/strong><\/span><\/p>\n<p>The draft presented by the Executive branch in September would be approved by the Congress this year in extraordinary sessions. The government believes that the \u201cLaw of Laws\u201d will easily be approved.<\/p>\n<p>[\/et_pb_text][et_pb_image admin_label=&#8221;4&#8243; src=&#8221;https:\/\/ideasen.llorenteycuenca.com\/wp-content\/uploads\/sites\/6\/2017\/10\/041.png&#8221; show_in_lightbox=&#8221;off&#8221; url_new_window=&#8221;off&#8221; use_overlay=&#8221;off&#8221; animation=&#8221;off&#8221; sticky=&#8221;off&#8221; align=&#8221;left&#8221; force_fullwidth=&#8221;off&#8221; always_center_on_mobile=&#8221;on&#8221; use_border_color=&#8221;off&#8221; border_color=&#8221;#ffffff&#8221; border_style=&#8221;solid&#8221; saved_tabs=&#8221;all&#8221;] [\/et_pb_image][et_pb_text admin_label=&#8221;PROTECTION OF COMPETITION&#8221; background_layout=&#8221;light&#8221; text_orientation=&#8221;left&#8221; use_border_color=&#8221;off&#8221; border_color=&#8221;#ffffff&#8221; border_style=&#8221;solid&#8221;]<\/p>\n<p><a href=\"https:\/\/llyc.global\/wp-content\/uploads\/2023\/10\/051-1.png\" rel=\"attachment wp-att-15296\"><img loading=\"lazy\" decoding=\"async\" class=\"wp-image-15296 alignleft\" src=\"https:\/\/llyc.global\/wp-content\/uploads\/2023\/10\/051-1.png\" alt=\"05\" width=\"72\" height=\"72\" \/><\/a><\/p>\n<p>&nbsp;<\/p>\n<p><strong><span style=\"color: #64a70b;\">PROTECTION OF COMPETITION<\/span><\/strong><\/p>\n<p>The unified projects of Cambiemos deputies, Mario Negri and Elisa Carri\u00f3, were addressed by committee over the year. In any case, the project has a total of four committees \u2013Consumer Defense, Commerce, Penal Legislation and Budget\u2013 making agreement even more difficult.<\/p>\n<p>[\/et_pb_text][et_pb_image admin_label=&#8221;5&#8243; src=&#8221;https:\/\/ideasen.llorenteycuenca.com\/wp-content\/uploads\/sites\/6\/2017\/10\/052.png&#8221; show_in_lightbox=&#8221;off&#8221; url_new_window=&#8221;off&#8221; use_overlay=&#8221;off&#8221; animation=&#8221;off&#8221; sticky=&#8221;off&#8221; align=&#8221;left&#8221; force_fullwidth=&#8221;off&#8221; always_center_on_mobile=&#8221;on&#8221; use_border_color=&#8221;off&#8221; border_color=&#8221;#ffffff&#8221; border_style=&#8221;solid&#8221; saved_tabs=&#8221;all&#8221;] [\/et_pb_image][et_pb_text admin_label=&#8221;TAX REFORM &#8221; background_layout=&#8221;light&#8221; text_orientation=&#8221;left&#8221; use_border_color=&#8221;off&#8221; border_color=&#8221;#ffffff&#8221; border_style=&#8221;solid&#8221;]<\/p>\n<p><a href=\"https:\/\/llyc.global\/wp-content\/uploads\/2023\/10\/0111.png\" rel=\"attachment wp-att-15318\"><img loading=\"lazy\" decoding=\"async\" class=\"wp-image-15318 alignleft\" src=\"https:\/\/llyc.global\/wp-content\/uploads\/2023\/10\/0111.png\" alt=\"01\" width=\"64\" height=\"64\" \/><\/a><\/p>\n<p><span style=\"color: #64a70b;\"><strong><br \/>\nTAX REFORM<br \/>\n<\/strong><\/span><\/p>\n<p>The Government will seek to reduce employers&#8217; contributions and the burden of tax on checks. The tax reform would be presented to the Legislative branch in the coming weeks to promote productive investment and formal employment.<\/p>\n<p>[\/et_pb_text][et_pb_image admin_label=&#8221;6&#8243; src=&#8221;https:\/\/ideasen.llorenteycuenca.com\/wp-content\/uploads\/sites\/6\/2017\/06\/numeros_Seccion6.png&#8221; show_in_lightbox=&#8221;off&#8221; url_new_window=&#8221;off&#8221; use_overlay=&#8221;off&#8221; animation=&#8221;off&#8221; sticky=&#8221;off&#8221; align=&#8221;left&#8221; force_fullwidth=&#8221;off&#8221; always_center_on_mobile=&#8221;on&#8221; use_border_color=&#8221;off&#8221; border_color=&#8221;#ffffff&#8221; border_style=&#8221;solid&#8221; saved_tabs=&#8221;all&#8221;] [\/et_pb_image][et_pb_text admin_label=&#8221;CAPITAL MARKETS &#8221; background_layout=&#8221;light&#8221; text_orientation=&#8221;left&#8221; use_border_color=&#8221;off&#8221; border_color=&#8221;#ffffff&#8221; border_style=&#8221;solid&#8221;]<\/p>\n<p><a href=\"https:\/\/llyc.global\/wp-content\/uploads\/2023\/10\/0211.png\" rel=\"attachment wp-att-15293\"><img loading=\"lazy\" decoding=\"async\" class=\"wp-image-15293 alignleft\" src=\"https:\/\/llyc.global\/wp-content\/uploads\/2023\/10\/0211.png\" alt=\"02\" width=\"71\" height=\"71\" \/><\/a><\/p>\n<p>&nbsp;<\/p>\n<p><span style=\"color: #64a70b;\"><b>CAPITAL MARKETS\u00a0<\/b><\/span><\/p>\n<p>This measure was not addressed in 2017 but is one of the initiatives that could gain <em>momentum<\/em> at the end of this year.<\/p>\n<p>[\/et_pb_text][et_pb_image admin_label=&#8221;7&#8243; src=&#8221;https:\/\/ideasen.llorenteycuenca.com\/wp-content\/uploads\/sites\/6\/2017\/06\/numero7.png&#8221; show_in_lightbox=&#8221;off&#8221; url_new_window=&#8221;off&#8221; use_overlay=&#8221;off&#8221; animation=&#8221;off&#8221; sticky=&#8221;off&#8221; align=&#8221;left&#8221; force_fullwidth=&#8221;off&#8221; always_center_on_mobile=&#8221;on&#8221; use_border_color=&#8221;off&#8221; border_color=&#8221;#ffffff&#8221; border_style=&#8221;solid&#8221; saved_tabs=&#8221;all&#8221;] [\/et_pb_image][et_pb_text admin_label=&#8221;LABOR REFORM &#8221; background_layout=&#8221;light&#8221; text_orientation=&#8221;left&#8221; use_border_color=&#8221;off&#8221; border_color=&#8221;#ffffff&#8221; border_style=&#8221;solid&#8221;]<\/p>\n<p><a href=\"https:\/\/llyc.global\/wp-content\/uploads\/2023\/10\/081-1.png\" rel=\"attachment wp-att-15321\"><img loading=\"lazy\" decoding=\"async\" class=\"wp-image-15321 alignleft\" src=\"https:\/\/llyc.global\/wp-content\/uploads\/2023\/10\/081-1.png\" alt=\"08\" width=\"77\" height=\"77\" \/><\/a><\/p>\n<p><strong><span style=\"color: #64a70b;\"><br \/>\nLABOR REFORM\u00a0<\/span><\/strong><\/p>\n<p>Mauricio Macri\u2019s government continues to evaluate the options for the labor reform. On one hand, specific sectoral agreements like the \u201cVaca Muerta\u201d model are being considered. On the other hand, legislative victories could mean that a general project could be drafted and sent to the Congress. The initiative would aim to facilitate training; labor laundering; and the modification of the system of deductions and contributions. It should be noted that an Executive Law on access to the first job has been held up in Parliament since last year, when it was tabled after the lack of a consensus.<\/p>\n<p>[\/et_pb_text][et_pb_image admin_label=&#8221;8&#8243; saved_tabs=&#8221;all&#8221; src=&#8221;https:\/\/ideasen.llorenteycuenca.com\/wp-content\/uploads\/sites\/6\/2017\/06\/numero8.png&#8221; show_in_lightbox=&#8221;off&#8221; url_new_window=&#8221;off&#8221; use_overlay=&#8221;off&#8221; animation=&#8221;off&#8221; sticky=&#8221;off&#8221; align=&#8221;left&#8221; force_fullwidth=&#8221;off&#8221; always_center_on_mobile=&#8221;on&#8221; use_border_color=&#8221;off&#8221; border_color=&#8221;#ffffff&#8221; border_style=&#8221;solid&#8221;] [\/et_pb_image][et_pb_text admin_label=&#8221;PENSION REFORM &#8221; background_layout=&#8221;light&#8221; text_orientation=&#8221;left&#8221; use_border_color=&#8221;off&#8221; border_color=&#8221;#ffffff&#8221; border_style=&#8221;solid&#8221;]<\/p>\n<p><a href=\"https:\/\/llyc.global\/wp-content\/uploads\/2023\/10\/0411.png\" rel=\"attachment wp-att-15295\"><img loading=\"lazy\" decoding=\"async\" class=\"wp-image-15295 alignleft\" src=\"https:\/\/llyc.global\/wp-content\/uploads\/2023\/10\/0411.png\" alt=\"04\" width=\"71\" height=\"71\" \/><\/a><\/p>\n<p>&nbsp;<\/p>\n<p><span style=\"color: #64a70b;\"><strong>PENSION REFORM\u00a0\u00a0<\/strong><\/span><\/p>\n<p>President Mauricio Macri has said he will push pension reform \u2013which will take the evolution of medicine and longevity into account\u2013 before 2019.<\/p>\n<p>[\/et_pb_text][et_pb_image admin_label=&#8221;9&#8243; saved_tabs=&#8221;all&#8221; src=&#8221;https:\/\/ideasen.llorenteycuenca.com\/wp-content\/uploads\/sites\/6\/2017\/10\/09.png&#8221; show_in_lightbox=&#8221;off&#8221; url_new_window=&#8221;off&#8221; use_overlay=&#8221;off&#8221; animation=&#8221;off&#8221; sticky=&#8221;off&#8221; align=&#8221;left&#8221; force_fullwidth=&#8221;off&#8221; always_center_on_mobile=&#8221;on&#8221; use_border_color=&#8221;off&#8221; border_color=&#8221;#ffffff&#8221; border_style=&#8221;solid&#8221;] [\/et_pb_image][et_pb_text admin_label=&#8221;CONVERGENT LAW &#8221; background_layout=&#8221;light&#8221; text_orientation=&#8221;left&#8221; use_border_color=&#8221;off&#8221; border_color=&#8221;#ffffff&#8221; border_style=&#8221;solid&#8221;]<\/p>\n<p><a href=\"https:\/\/llyc.global\/wp-content\/uploads\/2023\/10\/062.png\" rel=\"attachment wp-att-15141\"><img loading=\"lazy\" decoding=\"async\" class=\" wp-image-15141 alignleft\" src=\"https:\/\/llyc.global\/wp-content\/uploads\/2023\/10\/062.png\" alt=\"06\" width=\"66\" height=\"66\" \/><\/a><\/p>\n<p>&nbsp;<\/p>\n<p><span style=\"color: #64a70b;\"><strong>CONVERGENT LAW\u00a0 \u00a0<\/strong><\/span><\/p>\n<p>The new Media Law continues to be postponed by the ruling party. The Executive Branch has not yet submitted the measure in Congress and no deadlines for its entry have yet to be set.<\/p>\n<p>[\/et_pb_text][\/et_pb_column][\/et_pb_row][\/et_pb_section][et_pb_section admin_label=&#8221;Secci\u00f3n&#8221; fullwidth=&#8221;off&#8221; specialty=&#8221;off&#8221;][et_pb_row admin_label=&#8221;Fila&#8221;][et_pb_column type=&#8221;4_4&#8243;][et_pb_text admin_label=&#8221;Texto&#8221; background_layout=&#8221;light&#8221; text_orientation=&#8221;left&#8221; use_border_color=&#8221;off&#8221; border_color=&#8221;#ffffff&#8221; border_style=&#8221;solid&#8221;]<\/p>\n<h1><strong>AUTHORS<\/strong><\/h1>\n<p>[\/et_pb_text][et_pb_team_member admin_label=&#8221;Marino Vila&#8221; name=&#8221;Mariano Vila&#8221; position=&#8221;Managing Director at LLORENTE &amp; CUENCA Argentina &#8221; image_url=&#8221;https:\/\/ideas.llorenteycuenca.com\/wp-content\/uploads\/sites\/5\/2017\/08\/Tama\u00f1o_Mariano_Vila.jpg&#8221; animation=&#8221;off&#8221; background_layout=&#8221;light&#8221; twitter_url=&#8221;https:\/\/twitter.com\/search?q=Mariano%20vila&amp;src=typd&amp;lang=es&#8221; linkedin_url=&#8221;https:\/\/www.linkedin.com\/in\/marianovila\/&#8221; use_border_color=&#8221;off&#8221; border_color=&#8221;#ffffff&#8221; border_style=&#8221;solid&#8221;]<\/p>\n<p>He is a graduate in Politics from Universidad Cat\u00f3lica Argentina, and is completing a Master\u2019s Degree in Communications Management in Universidad Austral. Before joining LLORENTE &amp; CUENCA he headed up the Public Affairs department of Edelman Argentina, where he worked with clients from a variety of sectors. He has also worked in the Ministry of Tourism, where he held a number of positions, including responsibility for institutional relations of INPROTUR and the promotion of Argentina in remote markets. In addition, he is a member of the Corporate Committee of the Public Relations Council and writes opinion columns in certain media.<\/p>\n<p>[\/et_pb_team_member][et_pb_team_member admin_label=&#8221;Lautaro Mazzeo&#8221; name=&#8221;Lautaro Mazzeo&#8221; position=&#8221;Public Affairs Manager at LLORENTE &amp; CUENCA Argentina&#8221; image_url=&#8221;https:\/\/ideas.llorenteycuenca.com\/wp-content\/uploads\/sites\/5\/2017\/08\/Tama\u00f1o_LAUTARO-MAZZEO.jpg&#8221; animation=&#8221;off&#8221; background_layout=&#8221;light&#8221; linkedin_url=&#8221;https:\/\/www.linkedin.com\/in\/lautaro-mazzeo-769b59a0\/&#8221; use_border_color=&#8221;off&#8221; border_color=&#8221;#ffffff&#8221; border_style=&#8221;solid&#8221;]<\/p>\n<p>He is a graduate in Communications from Universidad Cat\u00f3lica Argentina (UCA) and is about to complete a degree in Politics, also at UCA. He is also a journalist with TEA. He was on the editorial board at the magazine\u00a0<em>Gente<\/em>\u00a0and the daily\u00a0<em>Clar\u00edn<\/em>\u00a0and worked at Boca Juniors in the area of institutional communication. He began his career in legal monitoring for the private sector at Agencia FOIA and headed up the area of regulatory issues in LatAm for Directorio Legislativo. He worked with clients in a number of industries, including food, telecommunications, construction, automotive, and finance. He joined LLORENTE &amp; CUENCA in 2016.<\/p>\n<p>[\/et_pb_team_member][et_pb_image admin_label=&#8221;Imagen&#8221; saved_tabs=&#8221;all&#8221; src=&#8221;https:\/\/ideasen.llorenteycuenca.com\/wp-content\/uploads\/sites\/6\/2017\/10\/Banner_Conecta_ENG.png&#8221; show_in_lightbox=&#8221;off&#8221; url_new_window=&#8221;off&#8221; use_overlay=&#8221;off&#8221; animation=&#8221;off&#8221; sticky=&#8221;off&#8221; align=&#8221;center&#8221; force_fullwidth=&#8221;off&#8221; always_center_on_mobile=&#8221;on&#8221; use_border_color=&#8221;off&#8221; border_color=&#8221;#ffffff&#8221; border_style=&#8221;solid&#8221; title_text=&#8221;https:\/\/www.llorenteycuenca.com\/contacto\/&#8221;] [\/et_pb_image][et_pb_image admin_label=&#8221;Imagen&#8221; src=&#8221;https:\/\/ideasen.llorenteycuenca.com\/wp-content\/uploads\/sites\/6\/2017\/09\/Cr\u00e9ditos-ingl\u00e9s.png&#8221; show_in_lightbox=&#8221;off&#8221; url_new_window=&#8221;off&#8221; use_overlay=&#8221;off&#8221; animation=&#8221;off&#8221; sticky=&#8221;off&#8221; align=&#8221;left&#8221; force_fullwidth=&#8221;off&#8221; always_center_on_mobile=&#8221;on&#8221; use_border_color=&#8221;off&#8221; border_color=&#8221;#ffffff&#8221; border_style=&#8221;solid&#8221;] [\/et_pb_image][\/et_pb_column][\/et_pb_row][\/et_pb_section]<\/p>\n","protected":false},"excerpt":{"rendered":"<p>[et_pb_section admin_label=&#8221;section&#8221; transparent_background=&#8221;off&#8221; background_color=&#8221;#ffffff&#8221; allow_player_pause=&#8221;off&#8221; inner_shadow=&#8221;off&#8221; parallax=&#8221;off&#8221; parallax_method=&#8221;off&#8221; padding_mobile=&#8221;off&#8221; make_fullwidth=&#8221;off&#8221; use_custom_width=&#8221;off&#8221; width_unit=&#8221;on&#8221; make_equal=&#8221;off&#8221; use_custom_gutter=&#8221;off&#8221;][et_pb_row admin_label=&#8221;row&#8221; make_fullwidth=&#8221;on&#8221; use_custom_width=&#8221;off&#8221; width_unit=&#8221;on&#8221; use_custom_gutter=&#8221;off&#8221; padding_mobile=&#8221;off&#8221; allow_player_pause=&#8221;off&#8221; parallax=&#8221;off&#8221; parallax_method=&#8221;off&#8221; make_equal=&#8221;off&#8221; parallax_1=&#8221;off&#8221; parallax_method_1=&#8221;off&#8221; column_padding_mobile=&#8221;on&#8221;][et_pb_column type=&#8221;4_4&#8243;][et_pb_text admin_label=&#8221;INTRODUCTION &#8221; background_layout=&#8221;light&#8221; text_orientation=&#8221;left&#8221; use_border_color=&#8221;off&#8221; border_color=&#8221;#ffffff&#8221; border_style=&#8221;solid&#8221;] The ruling party (&#8220;Cambiemos&#8221;) clinched a win in Argentina\u2019s five main electoral districts, the first time this has happened since [&hellip;]<\/p>\n","protected":false},"author":4,"featured_media":56735,"comment_status":"closed","ping_status":"closed","sticky":false,"template":"","format":"standard","meta":{"_acf_changed":false,"_et_pb_use_builder":"","_et_pb_old_content":"","_et_gb_content_width":"","footnotes":""},"categories":[86],"class_list":["post-56734","post","type-post","status-publish","format-standard","has-post-thumbnail","hentry","category-ideas"],"acf":[],"yoast_head":"<!-- This site is optimized with the Yoast SEO Premium plugin v24.7 (Yoast SEO v24.7) - https:\/\/yoast.com\/wordpress\/plugins\/seo\/ -->\n<title>Argentina17: The future starts with an M of Macri - LLYC<\/title>\n<meta name=\"robots\" content=\"index, follow, max-snippet:-1, max-image-preview:large, max-video-preview:-1\" \/>\n<link rel=\"canonical\" href=\"https:\/\/llyc.global\/en\/ideas\/argentina17-the-future-starts-with-an-m-of-macri\/\" \/>\n<meta property=\"og:locale\" content=\"en_US\" \/>\n<meta property=\"og:type\" content=\"article\" \/>\n<meta property=\"og:title\" content=\"Argentina17: The future starts with an M of Macri\" \/>\n<meta property=\"og:description\" content=\"[et_pb_section admin_label=&#8221;section&#8221; transparent_background=&#8221;off&#8221; background_color=&#8221;#ffffff&#8221; allow_player_pause=&#8221;off&#8221; inner_shadow=&#8221;off&#8221; parallax=&#8221;off&#8221; parallax_method=&#8221;off&#8221; padding_mobile=&#8221;off&#8221; make_fullwidth=&#8221;off&#8221; use_custom_width=&#8221;off&#8221; width_unit=&#8221;on&#8221; make_equal=&#8221;off&#8221; use_custom_gutter=&#8221;off&#8221;][et_pb_row admin_label=&#8221;row&#8221; make_fullwidth=&#8221;on&#8221; use_custom_width=&#8221;off&#8221; width_unit=&#8221;on&#8221; use_custom_gutter=&#8221;off&#8221; padding_mobile=&#8221;off&#8221; allow_player_pause=&#8221;off&#8221; parallax=&#8221;off&#8221; parallax_method=&#8221;off&#8221; make_equal=&#8221;off&#8221; parallax_1=&#8221;off&#8221; parallax_method_1=&#8221;off&#8221; column_padding_mobile=&#8221;on&#8221;][et_pb_column type=&#8221;4_4&#8243;][et_pb_text admin_label=&#8221;INTRODUCTION &#8221; background_layout=&#8221;light&#8221; text_orientation=&#8221;left&#8221; use_border_color=&#8221;off&#8221; border_color=&#8221;#ffffff&#8221; border_style=&#8221;solid&#8221;] The ruling party (&#8220;Cambiemos&#8221;) clinched a win in Argentina\u2019s five main electoral districts, the first time this has happened since [&hellip;]\" \/>\n<meta property=\"og:url\" content=\"https:\/\/llyc.global\/en\/ideas\/argentina17-the-future-starts-with-an-m-of-macri\/\" \/>\n<meta property=\"og:site_name\" content=\"LLYC\" \/>\n<meta property=\"article:publisher\" content=\"https:\/\/www.facebook.com\/LLYC.Global\/\" \/>\n<meta property=\"article:published_time\" content=\"2017-10-30T23:00:00+00:00\" \/>\n<meta property=\"article:modified_time\" content=\"2023-10-26T02:15:37+00:00\" \/>\n<meta property=\"og:image\" content=\"https:\/\/llyc.global\/wp-content\/uploads\/2023\/10\/iStock-168620001-1-scaled.jpg\" \/>\n\t<meta property=\"og:image:width\" content=\"2560\" \/>\n\t<meta property=\"og:image:height\" content=\"2503\" \/>\n\t<meta property=\"og:image:type\" content=\"image\/jpeg\" \/>\n<meta name=\"author\" content=\"maguilar\" \/>\n<meta name=\"twitter:card\" content=\"summary_large_image\" \/>\n<meta name=\"twitter:creator\" content=\"@llorenteycuenca\" \/>\n<meta name=\"twitter:site\" content=\"@llorenteycuenca\" \/>\n<meta name=\"twitter:label1\" content=\"Written by\" \/>\n\t<meta name=\"twitter:data1\" content=\"maguilar\" \/>\n\t<meta name=\"twitter:label2\" content=\"Est. reading time\" \/>\n\t<meta name=\"twitter:data2\" content=\"16 minutes\" \/>\n<!-- \/ Yoast SEO Premium plugin. -->","yoast_head_json":{"title":"Argentina17: The future starts with an M of Macri - LLYC","robots":{"index":"index","follow":"follow","max-snippet":"max-snippet:-1","max-image-preview":"max-image-preview:large","max-video-preview":"max-video-preview:-1"},"canonical":"https:\/\/llyc.global\/en\/ideas\/argentina17-the-future-starts-with-an-m-of-macri\/","og_locale":"en_US","og_type":"article","og_title":"Argentina17: The future starts with an M of Macri","og_description":"[et_pb_section admin_label=&#8221;section&#8221; transparent_background=&#8221;off&#8221; background_color=&#8221;#ffffff&#8221; allow_player_pause=&#8221;off&#8221; inner_shadow=&#8221;off&#8221; parallax=&#8221;off&#8221; parallax_method=&#8221;off&#8221; padding_mobile=&#8221;off&#8221; make_fullwidth=&#8221;off&#8221; use_custom_width=&#8221;off&#8221; width_unit=&#8221;on&#8221; make_equal=&#8221;off&#8221; use_custom_gutter=&#8221;off&#8221;][et_pb_row admin_label=&#8221;row&#8221; make_fullwidth=&#8221;on&#8221; use_custom_width=&#8221;off&#8221; width_unit=&#8221;on&#8221; use_custom_gutter=&#8221;off&#8221; padding_mobile=&#8221;off&#8221; allow_player_pause=&#8221;off&#8221; parallax=&#8221;off&#8221; parallax_method=&#8221;off&#8221; make_equal=&#8221;off&#8221; parallax_1=&#8221;off&#8221; parallax_method_1=&#8221;off&#8221; column_padding_mobile=&#8221;on&#8221;][et_pb_column type=&#8221;4_4&#8243;][et_pb_text admin_label=&#8221;INTRODUCTION &#8221; background_layout=&#8221;light&#8221; text_orientation=&#8221;left&#8221; use_border_color=&#8221;off&#8221; border_color=&#8221;#ffffff&#8221; border_style=&#8221;solid&#8221;] The ruling party (&#8220;Cambiemos&#8221;) clinched a win in Argentina\u2019s five main electoral districts, the first time this has happened since [&hellip;]","og_url":"https:\/\/llyc.global\/en\/ideas\/argentina17-the-future-starts-with-an-m-of-macri\/","og_site_name":"LLYC","article_publisher":"https:\/\/www.facebook.com\/LLYC.Global\/","article_published_time":"2017-10-30T23:00:00+00:00","article_modified_time":"2023-10-26T02:15:37+00:00","og_image":[{"width":2560,"height":2503,"url":"https:\/\/llyc.global\/wp-content\/uploads\/2023\/10\/iStock-168620001-1-scaled.jpg","type":"image\/jpeg"}],"author":"maguilar","twitter_card":"summary_large_image","twitter_creator":"@llorenteycuenca","twitter_site":"@llorenteycuenca","twitter_misc":{"Written by":"maguilar","Est. reading time":"16 minutes"},"schema":{"@context":"https:\/\/schema.org","@graph":[{"@type":"WebPage","@id":"https:\/\/llyc.global\/en\/ideas\/argentina17-the-future-starts-with-an-m-of-macri\/","url":"https:\/\/llyc.global\/en\/ideas\/argentina17-the-future-starts-with-an-m-of-macri\/","name":"Argentina17: The future starts with an M of Macri - LLYC","isPartOf":{"@id":"https:\/\/llyc.global\/en\/#website"},"primaryImageOfPage":{"@id":"https:\/\/llyc.global\/en\/ideas\/argentina17-the-future-starts-with-an-m-of-macri\/#primaryimage"},"image":{"@id":"https:\/\/llyc.global\/en\/ideas\/argentina17-the-future-starts-with-an-m-of-macri\/#primaryimage"},"thumbnailUrl":"https:\/\/llyc.global\/wp-content\/uploads\/2023\/10\/iStock-168620001-1-scaled.jpg","datePublished":"2017-10-30T23:00:00+00:00","dateModified":"2023-10-26T02:15:37+00:00","author":{"@id":"https:\/\/llyc.global\/en\/#\/schema\/person\/8187160eba73b996b064cce622bd4541"},"breadcrumb":{"@id":"https:\/\/llyc.global\/en\/ideas\/argentina17-the-future-starts-with-an-m-of-macri\/#breadcrumb"},"inLanguage":"en-US","potentialAction":[{"@type":"ReadAction","target":["https:\/\/llyc.global\/en\/ideas\/argentina17-the-future-starts-with-an-m-of-macri\/"]}]},{"@type":"ImageObject","inLanguage":"en-US","@id":"https:\/\/llyc.global\/en\/ideas\/argentina17-the-future-starts-with-an-m-of-macri\/#primaryimage","url":"https:\/\/llyc.global\/wp-content\/uploads\/2023\/10\/iStock-168620001-1-scaled.jpg","contentUrl":"https:\/\/llyc.global\/wp-content\/uploads\/2023\/10\/iStock-168620001-1-scaled.jpg","width":2560,"height":2503},{"@type":"BreadcrumbList","@id":"https:\/\/llyc.global\/en\/ideas\/argentina17-the-future-starts-with-an-m-of-macri\/#breadcrumb","itemListElement":[{"@type":"ListItem","position":1,"name":"Home","item":"https:\/\/llyc.global\/en\/"},{"@type":"ListItem","position":2,"name":"Argentina17: The future starts with an M of Macri"}]},{"@type":"WebSite","@id":"https:\/\/llyc.global\/en\/#website","url":"https:\/\/llyc.global\/en\/","name":"LLYC","description":"Consultoria de comunicaci\u00f3n marketing y asuntos p\u00fablicos","potentialAction":[{"@type":"SearchAction","target":{"@type":"EntryPoint","urlTemplate":"https:\/\/llyc.global\/en\/?s={search_term_string}"},"query-input":{"@type":"PropertyValueSpecification","valueRequired":true,"valueName":"search_term_string"}}],"inLanguage":"en-US"},{"@type":"Person","@id":"https:\/\/llyc.global\/en\/#\/schema\/person\/8187160eba73b996b064cce622bd4541","name":"maguilar","image":{"@type":"ImageObject","inLanguage":"en-US","@id":"https:\/\/llyc.global\/en\/#\/schema\/person\/image\/","url":"https:\/\/secure.gravatar.com\/avatar\/2567cb4cb8cda24204d7f7cde2c10fbd?s=96&d=mm&r=g","contentUrl":"https:\/\/secure.gravatar.com\/avatar\/2567cb4cb8cda24204d7f7cde2c10fbd?s=96&d=mm&r=g","caption":"maguilar"}}]}},"_links":{"self":[{"href":"https:\/\/llyc.global\/en\/wp-json\/wp\/v2\/posts\/56734","targetHints":{"allow":["GET"]}}],"collection":[{"href":"https:\/\/llyc.global\/en\/wp-json\/wp\/v2\/posts"}],"about":[{"href":"https:\/\/llyc.global\/en\/wp-json\/wp\/v2\/types\/post"}],"author":[{"embeddable":true,"href":"https:\/\/llyc.global\/en\/wp-json\/wp\/v2\/users\/4"}],"replies":[{"embeddable":true,"href":"https:\/\/llyc.global\/en\/wp-json\/wp\/v2\/comments?post=56734"}],"version-history":[{"count":2,"href":"https:\/\/llyc.global\/en\/wp-json\/wp\/v2\/posts\/56734\/revisions"}],"predecessor-version":[{"id":66317,"href":"https:\/\/llyc.global\/en\/wp-json\/wp\/v2\/posts\/56734\/revisions\/66317"}],"wp:featuredmedia":[{"embeddable":true,"href":"https:\/\/llyc.global\/en\/wp-json\/wp\/v2\/media\/56735"}],"wp:attachment":[{"href":"https:\/\/llyc.global\/en\/wp-json\/wp\/v2\/media?parent=56734"}],"wp:term":[{"taxonomy":"category","embeddable":true,"href":"https:\/\/llyc.global\/en\/wp-json\/wp\/v2\/categories?post=56734"}],"curies":[{"name":"wp","href":"https:\/\/api.w.org\/{rel}","templated":true}]}}