{"id":110898,"date":"2024-03-08T12:57:50","date_gmt":"2024-03-08T11:57:50","guid":{"rendered":"https:\/\/llyc.global\/?p=110898"},"modified":"2025-03-31T12:19:23","modified_gmt":"2025-03-31T10:19:23","slug":"o-sangue-tambem-adoece","status":"publish","type":"post","link":"https:\/\/llyc.global\/pt-br\/ideas\/o-sangue-tambem-adoece\/","title":{"rendered":"O sangue tamb\u00e9m adoece"},"content":{"rendered":"<p><b>O papel da comunica\u00e7\u00e3o quando os sintomas, o tratamento e os cuidados demoram a surgir.<\/b><\/p>\n<p>H\u00e1 muitos anos, os especialistas em sa\u00fade p\u00fablica v\u00eam tentando definir os conceitos de sa\u00fade e doen\u00e7a. Uma publica\u00e7\u00e3o da Escola de Sa\u00fade P\u00fablica da Universidade de Antioquia, na Col\u00f4mbia, relata que, como ambas s\u00e3o experi\u00eancias t\u00e3o pr\u00f3ximas das pessoas, defini-las \u00e9 particularmente complexo. Mas depois de uma simples pesquisa, descobriu-se que, quando as pessoas pensam em doen\u00e7a, elas a associam a danos ou <strong>comprometimento do funcionamento de algum \u00f3rg\u00e3o<\/strong> ou parte do corpo, <strong>mas dificilmente pensam em doen\u00e7as do sangue<\/strong>.<\/p>\n<p>Entretanto, em alguns casos, as doen\u00e7as do sangue podem se complicar e se tornar graves. E, \u00e0s vezes, os <strong>sintomas demoram a aparecer<\/strong>, resultando em uma visita tardia a um especialista. De acordo com alguns hematologistas, a sociedade tende a confundir essa especialidade m\u00e9dica com a equipe do laborat\u00f3rio, o que torna dif\u00edcil para os pacientes saberem a quem recorrer para aprender mais sobre as doen\u00e7as hematol\u00f3gicas e obter um melhor atendimento e, acima de tudo, <strong>um melhor progn\u00f3stico<\/strong>.<\/p>\n","protected":false},"excerpt":{"rendered":"<p>O papel da comunica\u00e7\u00e3o quando os sintomas, o tratamento e os cuidados demoram a surgir. H\u00e1 muitos anos, os especialistas em sa\u00fade p\u00fablica v\u00eam tentando definir os conceitos de sa\u00fade e doen\u00e7a. Uma publica\u00e7\u00e3o da Escola de Sa\u00fade P\u00fablica da Universidade de Antioquia, na Col\u00f4mbia, relata que, como ambas s\u00e3o experi\u00eancias t\u00e3o pr\u00f3ximas das pessoas, [&hellip;]<\/p>\n","protected":false},"author":15,"featured_media":0,"comment_status":"closed","ping_status":"closed","sticky":false,"template":"","format":"standard","meta":{"_acf_changed":false,"_et_pb_use_builder":"","_et_pb_old_content":"","_et_gb_content_width":"","footnotes":""},"categories":[87],"class_list":["post-110898","post","type-post","status-publish","format-standard","hentry","category-ideas"],"acf":[],"yoast_head":"<!-- This site is optimized with the Yoast SEO Premium plugin v24.7 (Yoast SEO v24.7) - https:\/\/yoast.com\/wordpress\/plugins\/seo\/ -->\n<title>O sangue tamb\u00e9m adoece - LLYC<\/title>\n<meta name=\"description\" content=\"As doen\u00e7as do sangue s\u00e3o dif\u00edceis de detectar, e a demora nos sintomas afeta o diagn\u00f3stico e o tratamento, exigindo maior conscientiza\u00e7\u00e3o.\" \/>\n<meta name=\"robots\" content=\"index, follow, max-snippet:-1, max-image-preview:large, max-video-preview:-1\" \/>\n<link rel=\"canonical\" href=\"https:\/\/llyc.global\/pt-br\/ideas\/o-sangue-tambem-adoece\/\" \/>\n<meta property=\"og:locale\" content=\"pt_BR\" \/>\n<meta property=\"og:type\" content=\"article\" \/>\n<meta property=\"og:title\" content=\"O sangue tamb\u00e9m adoece\" \/>\n<meta property=\"og:description\" content=\"As doen\u00e7as do sangue s\u00e3o dif\u00edceis de detectar, e a demora nos sintomas afeta o diagn\u00f3stico e o tratamento, exigindo maior conscientiza\u00e7\u00e3o.\" \/>\n<meta property=\"og:url\" content=\"https:\/\/llyc.global\/pt-br\/ideas\/o-sangue-tambem-adoece\/\" \/>\n<meta property=\"og:site_name\" content=\"LLYC\" \/>\n<meta property=\"article:publisher\" content=\"https:\/\/www.facebook.com\/LLYC.Global\/\" \/>\n<meta property=\"article:published_time\" content=\"2024-03-08T11:57:50+00:00\" \/>\n<meta property=\"article:modified_time\" content=\"2025-03-31T10:19:23+00:00\" \/>\n<meta property=\"og:image\" content=\"https:\/\/llyc.global\/wp-content\/uploads\/2024\/03\/Mobile-3.png\" \/>\n\t<meta property=\"og:image:width\" content=\"354\" \/>\n\t<meta property=\"og:image:height\" content=\"316\" \/>\n\t<meta property=\"og:image:type\" content=\"image\/png\" \/>\n<meta name=\"author\" content=\"Garazi Ortuzar\" \/>\n<meta name=\"twitter:card\" content=\"summary_large_image\" \/>\n<meta name=\"twitter:creator\" content=\"@llorenteycuenca\" \/>\n<meta name=\"twitter:site\" content=\"@llorenteycuenca\" \/>\n<meta name=\"twitter:label1\" content=\"Written by\" \/>\n\t<meta name=\"twitter:data1\" content=\"Garazi Ortuzar\" \/>\n\t<meta name=\"twitter:label2\" content=\"Est. reading time\" \/>\n\t<meta name=\"twitter:data2\" content=\"1 minuto\" \/>\n<!-- \/ Yoast SEO Premium plugin. -->","yoast_head_json":{"title":"O sangue tamb\u00e9m adoece - LLYC","description":"As doen\u00e7as do sangue s\u00e3o dif\u00edceis de detectar, e a demora nos sintomas afeta o diagn\u00f3stico e o tratamento, exigindo maior conscientiza\u00e7\u00e3o.","robots":{"index":"index","follow":"follow","max-snippet":"max-snippet:-1","max-image-preview":"max-image-preview:large","max-video-preview":"max-video-preview:-1"},"canonical":"https:\/\/llyc.global\/pt-br\/ideas\/o-sangue-tambem-adoece\/","og_locale":"pt_BR","og_type":"article","og_title":"O sangue tamb\u00e9m adoece","og_description":"As doen\u00e7as do sangue s\u00e3o dif\u00edceis de detectar, e a demora nos sintomas afeta o diagn\u00f3stico e o tratamento, exigindo maior conscientiza\u00e7\u00e3o.","og_url":"https:\/\/llyc.global\/pt-br\/ideas\/o-sangue-tambem-adoece\/","og_site_name":"LLYC","article_publisher":"https:\/\/www.facebook.com\/LLYC.Global\/","article_published_time":"2024-03-08T11:57:50+00:00","article_modified_time":"2025-03-31T10:19:23+00:00","og_image":[{"width":354,"height":316,"url":"https:\/\/llyc.global\/wp-content\/uploads\/2024\/03\/Mobile-3.png","type":"image\/png"}],"author":"Garazi Ortuzar","twitter_card":"summary_large_image","twitter_creator":"@llorenteycuenca","twitter_site":"@llorenteycuenca","twitter_misc":{"Written by":"Garazi Ortuzar","Est. reading time":"1 minuto"},"schema":{"@context":"https:\/\/schema.org","@graph":[{"@type":"WebPage","@id":"https:\/\/llyc.global\/pt-br\/ideas\/o-sangue-tambem-adoece\/","url":"https:\/\/llyc.global\/pt-br\/ideas\/o-sangue-tambem-adoece\/","name":"O sangue tamb\u00e9m adoece - LLYC","isPartOf":{"@id":"https:\/\/llyc.global\/pt-br\/#website"},"datePublished":"2024-03-08T11:57:50+00:00","dateModified":"2025-03-31T10:19:23+00:00","author":{"@id":"https:\/\/llyc.global\/pt-br\/#\/schema\/person\/27bbe9f2068727809830306108e3ddcb"},"description":"As doen\u00e7as do sangue s\u00e3o dif\u00edceis de detectar, e a demora nos sintomas afeta o diagn\u00f3stico e o tratamento, exigindo maior conscientiza\u00e7\u00e3o.","breadcrumb":{"@id":"https:\/\/llyc.global\/pt-br\/ideas\/o-sangue-tambem-adoece\/#breadcrumb"},"inLanguage":"pt-BR","potentialAction":[{"@type":"ReadAction","target":["https:\/\/llyc.global\/pt-br\/ideas\/o-sangue-tambem-adoece\/"]}]},{"@type":"BreadcrumbList","@id":"https:\/\/llyc.global\/pt-br\/ideas\/o-sangue-tambem-adoece\/#breadcrumb","itemListElement":[{"@type":"ListItem","position":1,"name":"Home","item":"https:\/\/llyc.global\/pt-br\/"},{"@type":"ListItem","position":2,"name":"O sangue tamb\u00e9m adoece"}]},{"@type":"WebSite","@id":"https:\/\/llyc.global\/pt-br\/#website","url":"https:\/\/llyc.global\/pt-br\/","name":"LLYC","description":"Consultoria de comunicaci\u00f3n marketing y asuntos p\u00fablicos","potentialAction":[{"@type":"SearchAction","target":{"@type":"EntryPoint","urlTemplate":"https:\/\/llyc.global\/pt-br\/?s={search_term_string}"},"query-input":{"@type":"PropertyValueSpecification","valueRequired":true,"valueName":"search_term_string"}}],"inLanguage":"pt-BR"},{"@type":"Person","@id":"https:\/\/llyc.global\/pt-br\/#\/schema\/person\/27bbe9f2068727809830306108e3ddcb","name":"Garazi Ortuzar","image":{"@type":"ImageObject","inLanguage":"pt-BR","@id":"https:\/\/llyc.global\/pt-br\/#\/schema\/person\/image\/","url":"https:\/\/secure.gravatar.com\/avatar\/f8ca64158bed2d8abb6222dbafe7f6d3?s=96&d=mm&r=g","contentUrl":"https:\/\/secure.gravatar.com\/avatar\/f8ca64158bed2d8abb6222dbafe7f6d3?s=96&d=mm&r=g","caption":"Garazi Ortuzar"}}]}},"_links":{"self":[{"href":"https:\/\/llyc.global\/pt-br\/wp-json\/wp\/v2\/posts\/110898","targetHints":{"allow":["GET"]}}],"collection":[{"href":"https:\/\/llyc.global\/pt-br\/wp-json\/wp\/v2\/posts"}],"about":[{"href":"https:\/\/llyc.global\/pt-br\/wp-json\/wp\/v2\/types\/post"}],"author":[{"embeddable":true,"href":"https:\/\/llyc.global\/pt-br\/wp-json\/wp\/v2\/users\/15"}],"replies":[{"embeddable":true,"href":"https:\/\/llyc.global\/pt-br\/wp-json\/wp\/v2\/comments?post=110898"}],"version-history":[{"count":2,"href":"https:\/\/llyc.global\/pt-br\/wp-json\/wp\/v2\/posts\/110898\/revisions"}],"predecessor-version":[{"id":197799,"href":"https:\/\/llyc.global\/pt-br\/wp-json\/wp\/v2\/posts\/110898\/revisions\/197799"}],"wp:attachment":[{"href":"https:\/\/llyc.global\/pt-br\/wp-json\/wp\/v2\/media?parent=110898"}],"wp:term":[{"taxonomy":"category","embeddable":true,"href":"https:\/\/llyc.global\/pt-br\/wp-json\/wp\/v2\/categories?post=110898"}],"curies":[{"name":"wp","href":"https:\/\/api.w.org\/{rel}","templated":true}]}}