{"id":125217,"date":"2024-08-05T12:49:17","date_gmt":"2024-08-05T10:49:17","guid":{"rendered":"https:\/\/llyc.global\/?p=125217"},"modified":"2025-03-31T12:48:48","modified_gmt":"2025-03-31T10:48:48","slug":"saude-para-viagem-por-favor","status":"publish","type":"post","link":"https:\/\/llyc.global\/pt-br\/ideas\/saude-para-viagem-por-favor\/","title":{"rendered":"Sa\u00fade para viagem, por favor"},"content":{"rendered":"<p><strong>No cuidado de um paciente<\/strong>, <strong>alcan\u00e7ar os objetivos esperados<\/strong> depende, em grande medida, do diagn\u00f3stico, do tratamento e dos cuidados m\u00e9dicos. Mas tamb\u00e9m dos <strong>cuidadores<\/strong>, que costumam ser familiares que oferecem a maior parte dos cuidados no longo prazo e que, em sua maioria, <strong>carecem de recursos<\/strong> para manter a sua pr\u00f3pria sa\u00fade, bem-estar e seguran\u00e7a financeira.<\/p>\n<p>O tema \u201ccuidadores familiares\u201d \u00e9 por si s\u00f3 um <strong>problema de sa\u00fade p\u00fablica<\/strong>. Por isso, \u00e9 urgente <strong>reconhecer a relev\u00e2ncia<\/strong> deles na vida do paciente em tratamento, nos desafios associados \u00e0 recupera\u00e7\u00e3o de uma doen\u00e7a grave ou, inclusive, diante de <strong>problemas cr\u00f4nicos ou doen\u00e7as<\/strong> n\u00e3o transmiss\u00edveis como diabetes, c\u00e2ncer ou doen\u00e7as imunol\u00f3gicas que costumam impactar a mobilidade das pessoas e tamb\u00e9m a capacidade de ingerir alimentos ou medicamentos.<\/p>\n<p>Este documento reflete a situa\u00e7\u00e3o dos cuidadores que, embora possa variar de pa\u00eds para pa\u00eds, s\u00e3o um componente essencial para a <strong>recupera\u00e7\u00e3o da sa\u00fade de muitos pacientes<\/strong> com doen\u00e7as devastadoras. Al\u00e9m disso, ele recomenda a\u00e7\u00f5es para fortalecer e <strong>apoiar o trabalho desenvolvido pelos familiares<\/strong>, especialmente as mulheres.<\/p>\n","protected":false},"excerpt":{"rendered":"<p>No cuidado de um paciente, alcan\u00e7ar os objetivos esperados depende, em grande medida, do diagn\u00f3stico, do tratamento e dos cuidados m\u00e9dicos. Mas tamb\u00e9m dos cuidadores, que costumam ser familiares que oferecem a maior parte dos cuidados no longo prazo e que, em sua maioria, carecem de recursos para manter a sua pr\u00f3pria sa\u00fade, bem-estar e [&hellip;]<\/p>\n","protected":false},"author":17,"featured_media":0,"comment_status":"closed","ping_status":"closed","sticky":false,"template":"","format":"standard","meta":{"_acf_changed":false,"_et_pb_use_builder":"","_et_pb_old_content":"","_et_gb_content_width":"","footnotes":""},"categories":[87],"class_list":["post-125217","post","type-post","status-publish","format-standard","hentry","category-ideas"],"acf":[],"yoast_head":"<!-- This site is optimized with the Yoast SEO Premium plugin v24.7 (Yoast SEO v24.7) - https:\/\/yoast.com\/wordpress\/plugins\/seo\/ -->\n<title>Sa\u00fade para viagem, por favor - LLYC<\/title>\n<meta name=\"description\" content=\"O tema \u201ccuidadores familiares\u201d \u00e9 por si s\u00f3 um problema de sa\u00fade p\u00fablica. Por isso, \u00e9 urgente reconhecer a relev\u00e2ncia.\" \/>\n<meta name=\"robots\" content=\"index, follow, max-snippet:-1, max-image-preview:large, max-video-preview:-1\" \/>\n<link rel=\"canonical\" href=\"https:\/\/llyc.global\/pt-br\/ideas\/saude-para-viagem-por-favor\/\" \/>\n<meta property=\"og:locale\" content=\"pt_BR\" \/>\n<meta property=\"og:type\" content=\"article\" \/>\n<meta property=\"og:title\" content=\"Sa\u00fade para viagem, por favor\" \/>\n<meta property=\"og:description\" content=\"O tema \u201ccuidadores familiares\u201d \u00e9 por si s\u00f3 um problema de sa\u00fade p\u00fablica. Por isso, \u00e9 urgente reconhecer a relev\u00e2ncia.\" \/>\n<meta property=\"og:url\" content=\"https:\/\/llyc.global\/pt-br\/ideas\/saude-para-viagem-por-favor\/\" \/>\n<meta property=\"og:site_name\" content=\"LLYC\" \/>\n<meta property=\"article:publisher\" content=\"https:\/\/www.facebook.com\/LLYC.Global\/\" \/>\n<meta property=\"article:published_time\" content=\"2024-08-05T10:49:17+00:00\" \/>\n<meta property=\"article:modified_time\" content=\"2025-03-31T10:48:48+00:00\" \/>\n<meta property=\"og:image\" content=\"https:\/\/llyc.global\/wp-content\/uploads\/2024\/08\/Mobile-2.png\" \/>\n\t<meta property=\"og:image:width\" content=\"354\" \/>\n\t<meta property=\"og:image:height\" content=\"316\" \/>\n\t<meta property=\"og:image:type\" content=\"image\/png\" \/>\n<meta name=\"author\" content=\"Pedro Arg\u00fcello\" \/>\n<meta name=\"twitter:card\" content=\"summary_large_image\" \/>\n<meta name=\"twitter:creator\" content=\"@llorenteycuenca\" \/>\n<meta name=\"twitter:site\" content=\"@llorenteycuenca\" \/>\n<meta name=\"twitter:label1\" content=\"Written by\" \/>\n\t<meta name=\"twitter:data1\" content=\"Pedro Arg\u00fcello\" \/>\n\t<meta name=\"twitter:label2\" content=\"Est. reading time\" \/>\n\t<meta name=\"twitter:data2\" content=\"1 minuto\" \/>\n<!-- \/ Yoast SEO Premium plugin. -->","yoast_head_json":{"title":"Sa\u00fade para viagem, por favor - LLYC","description":"O tema \u201ccuidadores familiares\u201d \u00e9 por si s\u00f3 um problema de sa\u00fade p\u00fablica. Por isso, \u00e9 urgente reconhecer a relev\u00e2ncia.","robots":{"index":"index","follow":"follow","max-snippet":"max-snippet:-1","max-image-preview":"max-image-preview:large","max-video-preview":"max-video-preview:-1"},"canonical":"https:\/\/llyc.global\/pt-br\/ideas\/saude-para-viagem-por-favor\/","og_locale":"pt_BR","og_type":"article","og_title":"Sa\u00fade para viagem, por favor","og_description":"O tema \u201ccuidadores familiares\u201d \u00e9 por si s\u00f3 um problema de sa\u00fade p\u00fablica. Por isso, \u00e9 urgente reconhecer a relev\u00e2ncia.","og_url":"https:\/\/llyc.global\/pt-br\/ideas\/saude-para-viagem-por-favor\/","og_site_name":"LLYC","article_publisher":"https:\/\/www.facebook.com\/LLYC.Global\/","article_published_time":"2024-08-05T10:49:17+00:00","article_modified_time":"2025-03-31T10:48:48+00:00","og_image":[{"width":354,"height":316,"url":"https:\/\/llyc.global\/wp-content\/uploads\/2024\/08\/Mobile-2.png","type":"image\/png"}],"author":"Pedro Arg\u00fcello","twitter_card":"summary_large_image","twitter_creator":"@llorenteycuenca","twitter_site":"@llorenteycuenca","twitter_misc":{"Written by":"Pedro Arg\u00fcello","Est. reading time":"1 minuto"},"schema":{"@context":"https:\/\/schema.org","@graph":[{"@type":"WebPage","@id":"https:\/\/llyc.global\/pt-br\/ideas\/saude-para-viagem-por-favor\/","url":"https:\/\/llyc.global\/pt-br\/ideas\/saude-para-viagem-por-favor\/","name":"Sa\u00fade para viagem, por favor - LLYC","isPartOf":{"@id":"https:\/\/llyc.global\/pt-br\/#website"},"datePublished":"2024-08-05T10:49:17+00:00","dateModified":"2025-03-31T10:48:48+00:00","author":{"@id":"https:\/\/llyc.global\/pt-br\/#\/schema\/person\/397aee7b6fec3bff698547da0b09480c"},"description":"O tema \u201ccuidadores familiares\u201d \u00e9 por si s\u00f3 um problema de sa\u00fade p\u00fablica. Por isso, \u00e9 urgente reconhecer a relev\u00e2ncia.","breadcrumb":{"@id":"https:\/\/llyc.global\/pt-br\/ideas\/saude-para-viagem-por-favor\/#breadcrumb"},"inLanguage":"pt-BR","potentialAction":[{"@type":"ReadAction","target":["https:\/\/llyc.global\/pt-br\/ideas\/saude-para-viagem-por-favor\/"]}]},{"@type":"BreadcrumbList","@id":"https:\/\/llyc.global\/pt-br\/ideas\/saude-para-viagem-por-favor\/#breadcrumb","itemListElement":[{"@type":"ListItem","position":1,"name":"Home","item":"https:\/\/llyc.global\/pt-br\/"},{"@type":"ListItem","position":2,"name":"Sa\u00fade para viagem, por favor"}]},{"@type":"WebSite","@id":"https:\/\/llyc.global\/pt-br\/#website","url":"https:\/\/llyc.global\/pt-br\/","name":"LLYC","description":"Consultoria de comunicaci\u00f3n marketing y asuntos p\u00fablicos","potentialAction":[{"@type":"SearchAction","target":{"@type":"EntryPoint","urlTemplate":"https:\/\/llyc.global\/pt-br\/?s={search_term_string}"},"query-input":{"@type":"PropertyValueSpecification","valueRequired":true,"valueName":"search_term_string"}}],"inLanguage":"pt-BR"},{"@type":"Person","@id":"https:\/\/llyc.global\/pt-br\/#\/schema\/person\/397aee7b6fec3bff698547da0b09480c","name":"Pedro Arg\u00fcello","image":{"@type":"ImageObject","inLanguage":"pt-BR","@id":"https:\/\/llyc.global\/pt-br\/#\/schema\/person\/image\/","url":"https:\/\/secure.gravatar.com\/avatar\/e6986a4218516d934372db2fd2985cd9?s=96&d=mm&r=g","contentUrl":"https:\/\/secure.gravatar.com\/avatar\/e6986a4218516d934372db2fd2985cd9?s=96&d=mm&r=g","caption":"Pedro Arg\u00fcello"}}]}},"_links":{"self":[{"href":"https:\/\/llyc.global\/pt-br\/wp-json\/wp\/v2\/posts\/125217","targetHints":{"allow":["GET"]}}],"collection":[{"href":"https:\/\/llyc.global\/pt-br\/wp-json\/wp\/v2\/posts"}],"about":[{"href":"https:\/\/llyc.global\/pt-br\/wp-json\/wp\/v2\/types\/post"}],"author":[{"embeddable":true,"href":"https:\/\/llyc.global\/pt-br\/wp-json\/wp\/v2\/users\/17"}],"replies":[{"embeddable":true,"href":"https:\/\/llyc.global\/pt-br\/wp-json\/wp\/v2\/comments?post=125217"}],"version-history":[{"count":2,"href":"https:\/\/llyc.global\/pt-br\/wp-json\/wp\/v2\/posts\/125217\/revisions"}],"predecessor-version":[{"id":197850,"href":"https:\/\/llyc.global\/pt-br\/wp-json\/wp\/v2\/posts\/125217\/revisions\/197850"}],"wp:attachment":[{"href":"https:\/\/llyc.global\/pt-br\/wp-json\/wp\/v2\/media?parent=125217"}],"wp:term":[{"taxonomy":"category","embeddable":true,"href":"https:\/\/llyc.global\/pt-br\/wp-json\/wp\/v2\/categories?post=125217"}],"curies":[{"name":"wp","href":"https:\/\/api.w.org\/{rel}","templated":true}]}}