{"id":135673,"date":"2024-10-24T18:11:34","date_gmt":"2024-10-24T16:11:34","guid":{"rendered":"https:\/\/llyc.global\/ideas\/impulsamos-la-democratizacion-de-la-ia-en-el-valencia-digital-summit\/"},"modified":"2024-10-24T18:38:45","modified_gmt":"2024-10-24T16:38:45","slug":"promovemos-a-democratizacao-da-ia-na-cupula-digital-de-valencia","status":"publish","type":"post","link":"https:\/\/llyc.global\/pt-br\/marketing\/tendencias\/promovemos-a-democratizacao-da-ia-na-cupula-digital-de-valencia\/","title":{"rendered":"Promovemos a democratiza\u00e7\u00e3o da IA na C\u00fapula Digital de Val\u00eancia."},"content":{"rendered":"<p>[et_pb_section fb_built=&#8221;1&#8243; _builder_version=&#8221;4.25.1&#8243; _module_preset=&#8221;default&#8221; global_colors_info=&#8221;{}&#8221;][et_pb_row _builder_version=&#8221;4.25.1&#8243; _module_preset=&#8221;default&#8221; global_colors_info=&#8221;{}&#8221;][et_pb_column type=&#8221;4_4&#8243; _builder_version=&#8221;4.25.1&#8243; _module_preset=&#8221;default&#8221; global_colors_info=&#8221;{}&#8221;][et_pb_text _builder_version=&#8221;4.25.1&#8243; _module_preset=&#8221;default&#8221; global_colors_info=&#8221;{}&#8221;]<\/p>\n<p>A Zeus by LLYC teve uma participa\u00e7\u00e3o destacada como Gold Partner no Valencia Digital Summit 2024, um dos eventos tecnol\u00f3gicos mais importantes do sul da Europa. Nesta edi\u00e7\u00e3o, desenvolvemos um videowall que permitiu aos participantes acessar em tempo real a programa\u00e7\u00e3o do evento, o mapa do local, as sess\u00f5es de streaming e a atividade mais importante nas redes sociais.<\/p>\n<p>Al\u00e9m disso, Vicente Castillo, CIO da Zeus by LLYC, participou do painel de discuss\u00e3o intitulado <em>&#8220;Democratiza\u00e7\u00e3o da IA: o pr\u00f3ximo marco mundial<\/em> \u201d, juntamente com outros especialistas em intelig\u00eancia artificial. Durante a sess\u00e3o, Vicente compartilhou como nossas solu\u00e7\u00f5es <strong>Smart Visual Data <\/strong>est\u00e3o levando a IA para empresas de todos os portes, democratizando o acesso a ela e tornando a tomada de decis\u00f5es baseadas em dados mais acess\u00edvel a todos. Nessa conversa, os desafios enfrentados pela democratiza\u00e7\u00e3o da IA, como barreiras tecnol\u00f3gicas e falta de conhecimento em sua implementa\u00e7\u00e3o, tamb\u00e9m foram abordados. Vicente destacou que na Zeus by LLYC estamos superando esses obst\u00e1culos por meio de uma abordagem hol\u00edstica que combina tecnologia avan\u00e7ada e consultoria estrat\u00e9gica.<\/p>\n<p>A participa\u00e7\u00e3o da Zeus by LLYC nesse f\u00f3rum destaca nosso compromisso com a transforma\u00e7\u00e3o digital e a inova\u00e7\u00e3o tecnol\u00f3gica. Ela tamb\u00e9m refor\u00e7a nossa miss\u00e3o de impactar positivamente o futuro dos neg\u00f3cios por meio da intelig\u00eancia artificial e da an\u00e1lise avan\u00e7ada de dados.<\/p>\n<p>O <strong>Valencia Digital Summit<\/strong> continua a se estabelecer como um ponto de encontro fundamental para startups, corpora\u00e7\u00f5es e investidores de todo o mundo, e estamos orgulhosos de fazer parte desse di\u00e1logo global que impulsiona a mudan\u00e7a tecnol\u00f3gica e social.<\/p>\n<div class=\"section-container contenido\">\n<div class=\"container\">\n<div class=\"row\">\n<div class=\"col col_1_1 descripcion text_content\">\n<p><em>Esta tradu\u00e7\u00e3o foi feita com IA.<\/em><\/p>\n<p>&nbsp;<\/p>\n<\/div>\n<\/div>\n<\/div>\n<\/div>\n<div class=\"fondo-gris\">\n<div class=\"section-container bloque-ideas\">\n<div class=\"container\">\n<div class=\"row cabecera\">\n<div class=\"col col_1_2\">\u00a0<\/div>\n<\/div>\n<\/div>\n<\/div>\n<\/div>\n<p><iframe loading=\"lazy\" title=\"Impulsamos la democratizaci\u00f3n de la IA en el Valencia Digital Summit con Zeus by LLYC\" width=\"500\" height=\"281\" src=\"https:\/\/www.youtube.com\/embed\/UfMabRlcULI?feature=oembed\" frameborder=\"0\" allow=\"accelerometer; autoplay; clipboard-write; encrypted-media; gyroscope; picture-in-picture; web-share\" referrerpolicy=\"strict-origin-when-cross-origin\" allowfullscreen><\/iframe><\/p>\n<p>[\/et_pb_text][\/et_pb_column][\/et_pb_row][\/et_pb_section]<\/p>\n","protected":false},"excerpt":{"rendered":"<p>A Zeus by LLYC teve uma participa\u00e7\u00e3o destacada como&#8230;<\/p>\n","protected":false},"author":22,"featured_media":0,"comment_status":"closed","ping_status":"closed","sticky":false,"template":"","format":"standard","meta":{"_acf_changed":false,"_et_pb_use_builder":"on","_et_pb_old_content":"","_et_gb_content_width":"","footnotes":""},"categories":[94],"class_list":["post-135673","post","type-post","status-publish","format-standard","hentry","category-marketing"],"acf":[],"yoast_head":"<!-- This site is optimized with the Yoast SEO Premium plugin v24.7 (Yoast SEO v24.7) - https:\/\/yoast.com\/wordpress\/plugins\/seo\/ -->\n<title>Promovemos a democratiza\u00e7\u00e3o da IA na C\u00fapula Digital de Val\u00eancia. - LLYC<\/title>\n<meta name=\"description\" content=\"A Zeus by LLYC impulsiona a democratiza\u00e7\u00e3o da IA no Valencia Digital Summit 2024, apresentando solu\u00e7\u00f5es de Smart Visual Data e promovendo a inova\u00e7\u00e3o tecnol\u00f3gica.\" \/>\n<meta name=\"robots\" content=\"index, follow, max-snippet:-1, max-image-preview:large, max-video-preview:-1\" \/>\n<link rel=\"canonical\" href=\"https:\/\/llyc.global\/pt-br\/marketing\/tendencias\/promovemos-a-democratizacao-da-ia-na-cupula-digital-de-valencia\/\" \/>\n<meta property=\"og:locale\" content=\"pt_BR\" \/>\n<meta property=\"og:type\" content=\"article\" \/>\n<meta property=\"og:title\" content=\"Promovemos a democratiza\u00e7\u00e3o da IA na C\u00fapula Digital de Val\u00eancia.\" \/>\n<meta property=\"og:description\" content=\"A Zeus by LLYC impulsiona a democratiza\u00e7\u00e3o da IA no Valencia Digital Summit 2024, apresentando solu\u00e7\u00f5es de Smart Visual Data e promovendo a inova\u00e7\u00e3o tecnol\u00f3gica.\" \/>\n<meta property=\"og:url\" content=\"https:\/\/llyc.global\/pt-br\/marketing\/tendencias\/promovemos-a-democratizacao-da-ia-na-cupula-digital-de-valencia\/\" \/>\n<meta property=\"og:site_name\" content=\"LLYC\" \/>\n<meta property=\"article:publisher\" content=\"https:\/\/www.facebook.com\/LLYC.Global\/\" \/>\n<meta property=\"article:published_time\" content=\"2024-10-24T16:11:34+00:00\" \/>\n<meta property=\"article:modified_time\" content=\"2024-10-24T16:38:45+00:00\" \/>\n<meta property=\"og:image\" content=\"https:\/\/llyc.global\/wp-content\/uploads\/2024\/10\/Valencia-Digital-Summit_mobile_Desktop.png\" \/>\n\t<meta property=\"og:image:width\" content=\"1690\" \/>\n\t<meta property=\"og:image:height\" content=\"646\" \/>\n\t<meta property=\"og:image:type\" content=\"image\/png\" \/>\n<meta name=\"author\" content=\"Karla Cruz Cabrera\" \/>\n<meta name=\"twitter:card\" content=\"summary_large_image\" \/>\n<meta name=\"twitter:creator\" content=\"@llorenteycuenca\" \/>\n<meta name=\"twitter:site\" content=\"@llorenteycuenca\" \/>\n<meta name=\"twitter:label1\" content=\"Written by\" \/>\n\t<meta name=\"twitter:data1\" content=\"Karla Cruz Cabrera\" \/>\n\t<meta name=\"twitter:label2\" content=\"Est. reading time\" \/>\n\t<meta name=\"twitter:data2\" content=\"2 minutos\" \/>\n<!-- \/ Yoast SEO Premium plugin. -->","yoast_head_json":{"title":"Promovemos a democratiza\u00e7\u00e3o da IA na C\u00fapula Digital de Val\u00eancia. - LLYC","description":"A Zeus by LLYC impulsiona a democratiza\u00e7\u00e3o da IA no Valencia Digital Summit 2024, apresentando solu\u00e7\u00f5es de Smart Visual Data e promovendo a inova\u00e7\u00e3o tecnol\u00f3gica.","robots":{"index":"index","follow":"follow","max-snippet":"max-snippet:-1","max-image-preview":"max-image-preview:large","max-video-preview":"max-video-preview:-1"},"canonical":"https:\/\/llyc.global\/pt-br\/marketing\/tendencias\/promovemos-a-democratizacao-da-ia-na-cupula-digital-de-valencia\/","og_locale":"pt_BR","og_type":"article","og_title":"Promovemos a democratiza\u00e7\u00e3o da IA na C\u00fapula Digital de Val\u00eancia.","og_description":"A Zeus by LLYC impulsiona a democratiza\u00e7\u00e3o da IA no Valencia Digital Summit 2024, apresentando solu\u00e7\u00f5es de Smart Visual Data e promovendo a inova\u00e7\u00e3o tecnol\u00f3gica.","og_url":"https:\/\/llyc.global\/pt-br\/marketing\/tendencias\/promovemos-a-democratizacao-da-ia-na-cupula-digital-de-valencia\/","og_site_name":"LLYC","article_publisher":"https:\/\/www.facebook.com\/LLYC.Global\/","article_published_time":"2024-10-24T16:11:34+00:00","article_modified_time":"2024-10-24T16:38:45+00:00","og_image":[{"width":1690,"height":646,"url":"https:\/\/llyc.global\/wp-content\/uploads\/2024\/10\/Valencia-Digital-Summit_mobile_Desktop.png","type":"image\/png"}],"author":"Karla Cruz Cabrera","twitter_card":"summary_large_image","twitter_creator":"@llorenteycuenca","twitter_site":"@llorenteycuenca","twitter_misc":{"Written by":"Karla Cruz Cabrera","Est. reading time":"2 minutos"},"schema":{"@context":"https:\/\/schema.org","@graph":[{"@type":"WebPage","@id":"https:\/\/llyc.global\/pt-br\/marketing\/tendencias\/promovemos-a-democratizacao-da-ia-na-cupula-digital-de-valencia\/","url":"https:\/\/llyc.global\/pt-br\/marketing\/tendencias\/promovemos-a-democratizacao-da-ia-na-cupula-digital-de-valencia\/","name":"Promovemos a democratiza\u00e7\u00e3o da IA na C\u00fapula Digital de Val\u00eancia. - LLYC","isPartOf":{"@id":"https:\/\/llyc.global\/pt-br\/#website"},"datePublished":"2024-10-24T16:11:34+00:00","dateModified":"2024-10-24T16:38:45+00:00","author":{"@id":"https:\/\/llyc.global\/pt-br\/#\/schema\/person\/54becd68bec7ae94ccaaa5662a99fef9"},"description":"A Zeus by LLYC impulsiona a democratiza\u00e7\u00e3o da IA no Valencia Digital Summit 2024, apresentando solu\u00e7\u00f5es de Smart Visual Data e promovendo a inova\u00e7\u00e3o tecnol\u00f3gica.","breadcrumb":{"@id":"https:\/\/llyc.global\/pt-br\/marketing\/tendencias\/promovemos-a-democratizacao-da-ia-na-cupula-digital-de-valencia\/#breadcrumb"},"inLanguage":"pt-BR","potentialAction":[{"@type":"ReadAction","target":["https:\/\/llyc.global\/pt-br\/marketing\/tendencias\/promovemos-a-democratizacao-da-ia-na-cupula-digital-de-valencia\/"]}]},{"@type":"BreadcrumbList","@id":"https:\/\/llyc.global\/pt-br\/marketing\/tendencias\/promovemos-a-democratizacao-da-ia-na-cupula-digital-de-valencia\/#breadcrumb","itemListElement":[{"@type":"ListItem","position":1,"name":"Home","item":"https:\/\/llyc.global\/pt-br\/"},{"@type":"ListItem","position":2,"name":"Promovemos a democratiza\u00e7\u00e3o da IA na C\u00fapula Digital de Val\u00eancia."}]},{"@type":"WebSite","@id":"https:\/\/llyc.global\/pt-br\/#website","url":"https:\/\/llyc.global\/pt-br\/","name":"LLYC","description":"Consultoria de comunicaci\u00f3n marketing y asuntos p\u00fablicos","potentialAction":[{"@type":"SearchAction","target":{"@type":"EntryPoint","urlTemplate":"https:\/\/llyc.global\/pt-br\/?s={search_term_string}"},"query-input":{"@type":"PropertyValueSpecification","valueRequired":true,"valueName":"search_term_string"}}],"inLanguage":"pt-BR"},{"@type":"Person","@id":"https:\/\/llyc.global\/pt-br\/#\/schema\/person\/54becd68bec7ae94ccaaa5662a99fef9","name":"Karla Cruz Cabrera","image":{"@type":"ImageObject","inLanguage":"pt-BR","@id":"https:\/\/llyc.global\/pt-br\/#\/schema\/person\/image\/","url":"https:\/\/secure.gravatar.com\/avatar\/7d7f7916b167732e8952fd54d1a28124?s=96&d=mm&r=g","contentUrl":"https:\/\/secure.gravatar.com\/avatar\/7d7f7916b167732e8952fd54d1a28124?s=96&d=mm&r=g","caption":"Karla Cruz Cabrera"}}]}},"_links":{"self":[{"href":"https:\/\/llyc.global\/pt-br\/wp-json\/wp\/v2\/posts\/135673","targetHints":{"allow":["GET"]}}],"collection":[{"href":"https:\/\/llyc.global\/pt-br\/wp-json\/wp\/v2\/posts"}],"about":[{"href":"https:\/\/llyc.global\/pt-br\/wp-json\/wp\/v2\/types\/post"}],"author":[{"embeddable":true,"href":"https:\/\/llyc.global\/pt-br\/wp-json\/wp\/v2\/users\/22"}],"replies":[{"embeddable":true,"href":"https:\/\/llyc.global\/pt-br\/wp-json\/wp\/v2\/comments?post=135673"}],"version-history":[{"count":5,"href":"https:\/\/llyc.global\/pt-br\/wp-json\/wp\/v2\/posts\/135673\/revisions"}],"predecessor-version":[{"id":135709,"href":"https:\/\/llyc.global\/pt-br\/wp-json\/wp\/v2\/posts\/135673\/revisions\/135709"}],"wp:attachment":[{"href":"https:\/\/llyc.global\/pt-br\/wp-json\/wp\/v2\/media?parent=135673"}],"wp:term":[{"taxonomy":"category","embeddable":true,"href":"https:\/\/llyc.global\/pt-br\/wp-json\/wp\/v2\/categories?post=135673"}],"curies":[{"name":"wp","href":"https:\/\/api.w.org\/{rel}","templated":true}]}}