{"id":139010,"date":"2024-10-29T17:31:51","date_gmt":"2024-10-29T16:31:51","guid":{"rendered":"https:\/\/llyc.global\/ideas\/center-stage-at-provoke-global-summit-2024-and-sabre-awards-cocktail-reception\/"},"modified":"2024-10-31T17:51:03","modified_gmt":"2024-10-31T16:51:03","slug":"palco-central-no-coquetel-de-recepcao-do-provoke-global-summit-2024-e-do-sabre-awards","status":"publish","type":"post","link":"https:\/\/llyc.global\/pt-br\/marketing\/tendencias\/palco-central-no-coquetel-de-recepcao-do-provoke-global-summit-2024-e-do-sabre-awards\/","title":{"rendered":"Palco Central no coquetel de recepcao do PRovoke Global Summit 2024 e do Sabre Awards"},"content":{"rendered":"<p>[et_pb_section fb_built=&#8221;1&#8243; _builder_version=&#8221;4.16&#8243; global_colors_info=&#8221;{}&#8221;][et_pb_row _builder_version=&#8221;4.16&#8243; background_size=&#8221;initial&#8221; background_position=&#8221;top_left&#8221; background_repeat=&#8221;repeat&#8221; global_colors_info=&#8221;{}&#8221;][et_pb_column type=&#8221;4_4&#8243; _builder_version=&#8221;4.16&#8243; custom_padding=&#8221;|||&#8221; global_colors_info=&#8221;{}&#8221; custom_padding__hover=&#8221;|||&#8221;][et_pb_text _builder_version=&#8221;4.25.1&#8243; background_size=&#8221;initial&#8221; background_position=&#8221;top_left&#8221; background_repeat=&#8221;repeat&#8221; hover_enabled=&#8221;0&#8243; global_colors_info=&#8221;{}&#8221; sticky_enabled=&#8221;0&#8243;]<\/p>\n<p>Tivemos um papel fundamental no <strong>PRovoke Global Summit 2024 e<\/strong> no <strong>Global SABRE Awards, o evento mais importante do setor de comunica\u00e7\u00f5es globais<\/strong>, realizado em Washington, D.C., de 28 a 30 de outubro. No primeiro dia da C\u00fapula, nosso presidente dos EUA, <strong>Jeff Lambert, fez uma palestra intitulada \u201c<\/strong><i><strong>Scaling Up:<\/strong><\/i> <i><strong>Growth Strategies for Independent Agencies<\/strong><\/i>\u201d (<i><strong>Estrat\u00e9gias de crescimento para ag\u00eancias independentes<\/strong><\/i>)<strong>,<\/strong> na qual ele compartilhou as principais estrat\u00e9gias de crescimento e as li\u00e7\u00f5es aprendidas ao longo de sua carreira.<\/p>\n<p>Jeff falou sobre o crescimento de sua ag\u00eancia, destacando uma estrat\u00e9gia que evoluiu da expans\u00e3o org\u00e2nica para a expans\u00e3o global. Inicialmente, ele se baseou em inova\u00e7\u00f5es e aquisi\u00e7\u00f5es internas, eventualmente posicionando sua ag\u00eancia para aquisi\u00e7\u00e3o pela LLYC para facilitar o crescimento internacional, especialmente na Am\u00e9rica Latina. A chave para essa expans\u00e3o foi o envolvimento de Jeff Lambert com a PROI, uma rede que abriu as portas para a colabora\u00e7\u00e3o global e a entrada no mercado al\u00e9m dos EUA.<\/p>\n<p>A manuten\u00e7\u00e3o de relacionamentos de longo prazo com os clientes se mostrou essencial para a estabilidade, assim como o cultivo de uma cultura organizacional positiva. Lambert, da LLYC, enfatizou o envolvimento de ex-alunos e a mobilidade interna como formas de aumentar a satisfa\u00e7\u00e3o da equipe e apoiar o crescimento profissional. <strong>A inova\u00e7\u00e3o continua sendo fundamental para sua abordagem<\/strong>; ele citou o desenvolvimento de produtos especializados, como plataformas de investidores de varejo, como eficazes para ampliar os servi\u00e7os e atrair novos clientes. Juntas, essas estrat\u00e9gias enfatizam a abordagem hol\u00edstica da Lambert by LLYC para o crescimento sustentado, priorizando a globaliza\u00e7\u00e3o, relacionamentos s\u00f3lidos com os clientes e uma cultura adapt\u00e1vel e voltada para a inova\u00e7\u00e3o.<\/p>\n<p>Sua participa\u00e7\u00e3o, juntamente com outros l\u00edderes globais do setor, provocou um di\u00e1logo significativo sobre o futuro do crescimento de ag\u00eancias independentes, destacando estrat\u00e9gias inovadoras e eficazes para prosperar em um cen\u00e1rio cada vez mais competitivo.<\/p>\n<p>Al\u00e9m da palestra de Jeff, fomos o patrocinador exclusivo do coquetel de recep\u00e7\u00e3o do Global SABRE Awards, realizado no Grand Ballroom Foyer do Hotel Washington. Esse evento reuniu profissionais do setor para uma noite de networking e celebra\u00e7\u00e3o da excel\u00eancia em rela\u00e7\u00f5es p\u00fablicas em todo o mundo.<\/p>\n<p>Esse patroc\u00ednio nos deu a oportunidade de ressaltar nosso compromisso com a inova\u00e7\u00e3o e a lideran\u00e7a no setor de comunica\u00e7\u00f5es, ao mesmo tempo em que nos envolvemos com os maiores talentos e mentes globais do setor.<\/p>\n<p>Continuamos comprometidos com a excel\u00eancia e em fazer parte dos eventos que moldam a agenda global de comunica\u00e7\u00f5es!<\/p>\n<p><em>Esta tradu\u00e7\u00e3o foi feita com IA.<\/em><\/p>\n<p>&nbsp;<\/p>\n<p><iframe loading=\"lazy\" title=\"PRovoke Global Summit 2024\" width=\"500\" height=\"281\" src=\"https:\/\/www.youtube.com\/embed\/0X80GkjvP5A?feature=oembed\" frameborder=\"0\" allow=\"accelerometer; autoplay; clipboard-write; encrypted-media; gyroscope; picture-in-picture; web-share\" referrerpolicy=\"strict-origin-when-cross-origin\" allowfullscreen><\/iframe><\/p>\n<p>&nbsp;<\/p>\n<p>[\/et_pb_text][\/et_pb_column][\/et_pb_row][\/et_pb_section]<\/p>\n","protected":false},"excerpt":{"rendered":"<p>Tivemos um papel fundamental no PRovoke Global Summit&#8230;<\/p>\n","protected":false},"author":22,"featured_media":0,"comment_status":"closed","ping_status":"closed","sticky":false,"template":"","format":"standard","meta":{"_acf_changed":false,"_et_pb_use_builder":"on","_et_pb_old_content":"<p>We played a key role at the PRovoke Global Summit 2024 and the Global SABRE Awards, the most significant event in the global communications industry, held in Washington, D.C., from October 28-30. On the first day of the Summit, our U.S. Chairman, Jeff Lambert, delivered a talk titled \"Scaling Up: Growth Strategies for Independent Agencies,\" where he shared key growth strategies and lessons learned throughout his career.<\/p><p>His participation, along with other global industry leaders, sparked meaningful dialogue on the future of independent agency growth, highlighting innovative and effective strategies for thriving in an increasingly competitive landscape.<\/p><p>In addition to Jeff's talk, we were the exclusive sponsor of the Global SABRE Awards Cocktail Reception, held at the Grand Ballroom Foyer of the Hotel Washington. This event gathered industry professionals for an evening of networking and celebrating excellence in public relations worldwide.<\/p><p>This sponsorship provided us the opportunity to underscore our commitment to innovation and leadership in the communications sector, while engaging with top talent and global minds in the industry.<\/p><p>We remain committed to excellence and to being part of the events that shape the global communications agenda!<\/p><p><span style=\"font-weight: 400;\">Video PRovoke Global Summit:<\/span><\/p><p>[embed]https:\/\/www.youtube.com\/watch?v=0X80GkjvP5A[\/embed]<\/p><p>\u00a0<\/p>","_et_gb_content_width":"","footnotes":""},"categories":[94,95],"class_list":["post-139010","post","type-post","status-publish","format-standard","hentry","category-marketing"],"acf":[],"yoast_head":"<!-- This site is optimized with the Yoast SEO Premium plugin v24.7 (Yoast SEO v24.7) - https:\/\/yoast.com\/wordpress\/plugins\/seo\/ -->\n<title>Palco Central no coquetel de recepcao do PRovoke Global Summit 2024 e do Sabre Awards - LLYC<\/title>\n<meta name=\"description\" content=\"A LLYC se destaca no PRovoke Global Summit 2024, com insights sobre o crescimento da ag\u00eancia com Jeff Lambert e patroc\u00ednio exclusivo do coquetel de recep\u00e7\u00e3o do pr\u00eamio SABRE.\" \/>\n<meta name=\"robots\" content=\"index, follow, max-snippet:-1, max-image-preview:large, max-video-preview:-1\" \/>\n<link rel=\"canonical\" href=\"https:\/\/llyc.global\/pt-br\/marketing\/tendencias\/palco-central-no-coquetel-de-recepcao-do-provoke-global-summit-2024-e-do-sabre-awards\/\" \/>\n<meta property=\"og:locale\" content=\"pt_BR\" \/>\n<meta property=\"og:type\" content=\"article\" \/>\n<meta property=\"og:title\" content=\"Palco Central no coquetel de recepcao do PRovoke Global Summit 2024 e do Sabre Awards\" \/>\n<meta property=\"og:description\" content=\"A LLYC se destaca no PRovoke Global Summit 2024, com insights sobre o crescimento da ag\u00eancia com Jeff Lambert e patroc\u00ednio exclusivo do coquetel de recep\u00e7\u00e3o do pr\u00eamio SABRE.\" \/>\n<meta property=\"og:url\" content=\"https:\/\/llyc.global\/pt-br\/marketing\/tendencias\/palco-central-no-coquetel-de-recepcao-do-provoke-global-summit-2024-e-do-sabre-awards\/\" \/>\n<meta property=\"og:site_name\" content=\"LLYC\" \/>\n<meta property=\"article:publisher\" content=\"https:\/\/www.facebook.com\/LLYC.Global\/\" \/>\n<meta property=\"article:published_time\" content=\"2024-10-29T16:31:51+00:00\" \/>\n<meta property=\"article:modified_time\" content=\"2024-10-31T16:51:03+00:00\" \/>\n<meta property=\"og:image\" content=\"https:\/\/llyc.global\/wp-content\/uploads\/2024\/10\/PRovoke-desktop.jpg\" \/>\n\t<meta property=\"og:image:width\" content=\"1691\" \/>\n\t<meta property=\"og:image:height\" content=\"648\" \/>\n\t<meta property=\"og:image:type\" content=\"image\/jpeg\" \/>\n<meta name=\"author\" content=\"Karla Cruz Cabrera\" \/>\n<meta name=\"twitter:card\" content=\"summary_large_image\" \/>\n<meta name=\"twitter:creator\" content=\"@llorenteycuenca\" \/>\n<meta name=\"twitter:site\" content=\"@llorenteycuenca\" \/>\n<meta name=\"twitter:label1\" content=\"Written by\" \/>\n\t<meta name=\"twitter:data1\" content=\"Karla Cruz Cabrera\" \/>\n\t<meta name=\"twitter:label2\" content=\"Est. reading time\" \/>\n\t<meta name=\"twitter:data2\" content=\"2 minutos\" \/>\n<!-- \/ Yoast SEO Premium plugin. -->","yoast_head_json":{"title":"Palco Central no coquetel de recepcao do PRovoke Global Summit 2024 e do Sabre Awards - LLYC","description":"A LLYC se destaca no PRovoke Global Summit 2024, com insights sobre o crescimento da ag\u00eancia com Jeff Lambert e patroc\u00ednio exclusivo do coquetel de recep\u00e7\u00e3o do pr\u00eamio SABRE.","robots":{"index":"index","follow":"follow","max-snippet":"max-snippet:-1","max-image-preview":"max-image-preview:large","max-video-preview":"max-video-preview:-1"},"canonical":"https:\/\/llyc.global\/pt-br\/marketing\/tendencias\/palco-central-no-coquetel-de-recepcao-do-provoke-global-summit-2024-e-do-sabre-awards\/","og_locale":"pt_BR","og_type":"article","og_title":"Palco Central no coquetel de recepcao do PRovoke Global Summit 2024 e do Sabre Awards","og_description":"A LLYC se destaca no PRovoke Global Summit 2024, com insights sobre o crescimento da ag\u00eancia com Jeff Lambert e patroc\u00ednio exclusivo do coquetel de recep\u00e7\u00e3o do pr\u00eamio SABRE.","og_url":"https:\/\/llyc.global\/pt-br\/marketing\/tendencias\/palco-central-no-coquetel-de-recepcao-do-provoke-global-summit-2024-e-do-sabre-awards\/","og_site_name":"LLYC","article_publisher":"https:\/\/www.facebook.com\/LLYC.Global\/","article_published_time":"2024-10-29T16:31:51+00:00","article_modified_time":"2024-10-31T16:51:03+00:00","og_image":[{"width":1691,"height":648,"url":"https:\/\/llyc.global\/wp-content\/uploads\/2024\/10\/PRovoke-desktop.jpg","type":"image\/jpeg"}],"author":"Karla Cruz Cabrera","twitter_card":"summary_large_image","twitter_creator":"@llorenteycuenca","twitter_site":"@llorenteycuenca","twitter_misc":{"Written by":"Karla Cruz Cabrera","Est. reading time":"2 minutos"},"schema":{"@context":"https:\/\/schema.org","@graph":[{"@type":"WebPage","@id":"https:\/\/llyc.global\/pt-br\/marketing\/tendencias\/palco-central-no-coquetel-de-recepcao-do-provoke-global-summit-2024-e-do-sabre-awards\/","url":"https:\/\/llyc.global\/pt-br\/marketing\/tendencias\/palco-central-no-coquetel-de-recepcao-do-provoke-global-summit-2024-e-do-sabre-awards\/","name":"Palco Central no coquetel de recepcao do PRovoke Global Summit 2024 e do Sabre Awards - LLYC","isPartOf":{"@id":"https:\/\/llyc.global\/pt-br\/#website"},"datePublished":"2024-10-29T16:31:51+00:00","dateModified":"2024-10-31T16:51:03+00:00","author":{"@id":"https:\/\/llyc.global\/pt-br\/#\/schema\/person\/54becd68bec7ae94ccaaa5662a99fef9"},"description":"A LLYC se destaca no PRovoke Global Summit 2024, com insights sobre o crescimento da ag\u00eancia com Jeff Lambert e patroc\u00ednio exclusivo do coquetel de recep\u00e7\u00e3o do pr\u00eamio SABRE.","breadcrumb":{"@id":"https:\/\/llyc.global\/pt-br\/marketing\/tendencias\/palco-central-no-coquetel-de-recepcao-do-provoke-global-summit-2024-e-do-sabre-awards\/#breadcrumb"},"inLanguage":"pt-BR","potentialAction":[{"@type":"ReadAction","target":["https:\/\/llyc.global\/pt-br\/marketing\/tendencias\/palco-central-no-coquetel-de-recepcao-do-provoke-global-summit-2024-e-do-sabre-awards\/"]}]},{"@type":"BreadcrumbList","@id":"https:\/\/llyc.global\/pt-br\/marketing\/tendencias\/palco-central-no-coquetel-de-recepcao-do-provoke-global-summit-2024-e-do-sabre-awards\/#breadcrumb","itemListElement":[{"@type":"ListItem","position":1,"name":"Home","item":"https:\/\/llyc.global\/pt-br\/"},{"@type":"ListItem","position":2,"name":"Palco Central no coquetel de recepcao do PRovoke Global Summit 2024 e do Sabre Awards"}]},{"@type":"WebSite","@id":"https:\/\/llyc.global\/pt-br\/#website","url":"https:\/\/llyc.global\/pt-br\/","name":"LLYC","description":"Consultoria de comunicaci\u00f3n marketing y asuntos p\u00fablicos","potentialAction":[{"@type":"SearchAction","target":{"@type":"EntryPoint","urlTemplate":"https:\/\/llyc.global\/pt-br\/?s={search_term_string}"},"query-input":{"@type":"PropertyValueSpecification","valueRequired":true,"valueName":"search_term_string"}}],"inLanguage":"pt-BR"},{"@type":"Person","@id":"https:\/\/llyc.global\/pt-br\/#\/schema\/person\/54becd68bec7ae94ccaaa5662a99fef9","name":"Karla Cruz Cabrera","image":{"@type":"ImageObject","inLanguage":"pt-BR","@id":"https:\/\/llyc.global\/pt-br\/#\/schema\/person\/image\/","url":"https:\/\/secure.gravatar.com\/avatar\/7d7f7916b167732e8952fd54d1a28124?s=96&d=mm&r=g","contentUrl":"https:\/\/secure.gravatar.com\/avatar\/7d7f7916b167732e8952fd54d1a28124?s=96&d=mm&r=g","caption":"Karla Cruz Cabrera"}}]}},"_links":{"self":[{"href":"https:\/\/llyc.global\/pt-br\/wp-json\/wp\/v2\/posts\/139010","targetHints":{"allow":["GET"]}}],"collection":[{"href":"https:\/\/llyc.global\/pt-br\/wp-json\/wp\/v2\/posts"}],"about":[{"href":"https:\/\/llyc.global\/pt-br\/wp-json\/wp\/v2\/types\/post"}],"author":[{"embeddable":true,"href":"https:\/\/llyc.global\/pt-br\/wp-json\/wp\/v2\/users\/22"}],"replies":[{"embeddable":true,"href":"https:\/\/llyc.global\/pt-br\/wp-json\/wp\/v2\/comments?post=139010"}],"version-history":[{"count":3,"href":"https:\/\/llyc.global\/pt-br\/wp-json\/wp\/v2\/posts\/139010\/revisions"}],"predecessor-version":[{"id":139033,"href":"https:\/\/llyc.global\/pt-br\/wp-json\/wp\/v2\/posts\/139010\/revisions\/139033"}],"wp:attachment":[{"href":"https:\/\/llyc.global\/pt-br\/wp-json\/wp\/v2\/media?parent=139010"}],"wp:term":[{"taxonomy":"category","embeddable":true,"href":"https:\/\/llyc.global\/pt-br\/wp-json\/wp\/v2\/categories?post=139010"}],"curies":[{"name":"wp","href":"https:\/\/api.w.org\/{rel}","templated":true}]}}