{"id":144328,"date":"2024-11-14T09:17:52","date_gmt":"2024-11-14T08:17:52","guid":{"rendered":"https:\/\/llyc.global\/?p=144328"},"modified":"2024-11-14T09:18:00","modified_gmt":"2024-11-14T08:18:00","slug":"como-proteger-o-valor-do-seu-negocio","status":"publish","type":"post","link":"https:\/\/llyc.global\/pt-br\/ideas\/uno\/como-proteger-o-valor-do-seu-negocio\/","title":{"rendered":"Como Proteger o Valor do Seu Neg\u00f3cio?"},"content":{"rendered":"<p>Hoje em dia, cada intera\u00e7\u00e3o parece se transformar em um campo de batalha. O panorama atual do di\u00e1logo p\u00fablico caminhou em dire\u00e7\u00e3o a um cen\u00e1rio de confronto constante. Seja na tens\u00e3o fugaz de um tu\u00edte, na acalorada discuss\u00e3o de um debate na televis\u00e3o ou, inclusive, na trivial, mas angustiante espera na fila para comprar p\u00e3o, o conflito deixou de ser uma exce\u00e7\u00e3o para se transformar na regra. Nem \u00e9 preciso falar sobre temas como pol\u00edtica, religi\u00e3o e futebol, antes catalisadores de trocas construtivas e que hoje s\u00e3o detonadores de debates cada vez mais violentos e agressivos.<\/p>\n<p>Essa onipresen\u00e7a da polariza\u00e7\u00e3o n\u00e3o apenas divide opini\u00f5es, mas tamb\u00e9m radicaliza os nossos pensamentos e emo\u00e7\u00f5es. Empurra-nos para um estado em que a simples diverg\u00eancia se transforma em motivo de rejei\u00e7\u00e3o visceral. E como se a divis\u00e3o ideol\u00f3gica n\u00e3o fosse um desafio suficiente, tamb\u00e9m enfrentamos uma polariza\u00e7\u00e3o emocional crescente. Porque os conflitos n\u00e3o se manifestam apenas por meio de diferen\u00e7as ideol\u00f3gicas, mas tamb\u00e9m s\u00e3o impulsionados por respostas emocionais intensas e muitas vezes extremas. Essa dimens\u00e3o emocional da polariza\u00e7\u00e3o agrega uma complexidade adicional \u00e0 gest\u00e3o da comunica\u00e7\u00e3o e das rela\u00e7\u00f5es p\u00fablicas, exigindo uma sensibilidade e uma agilidade maiores na nossa estrat\u00e9gia de conex\u00e3o com os nossos stakeholders e mitiga\u00e7\u00e3o do impacto dessas tens\u00f5es emocionais.<\/p>\n<p>Nesse sentido, o territ\u00f3rio pol\u00edtico dos Estados Unidos est\u00e1 t\u00e3o polarizado que inclusive existem comunidades que debatem a exist\u00eancia ou n\u00e3o de polariza\u00e7\u00e3o no pa\u00eds hoje. A tal ponto que o think tank Carnegie Endowment for International Peace elaborou um paper sobre o que \u00e9 poss\u00edvel fazer nos EUA diante desse fen\u00f4meno. \u201cEmbora os norte-americanos n\u00e3o estejam polarizados ideologicamente como acreditam &#8211; diz o documento -, eles o est\u00e3o emocionalmente (polariza\u00e7\u00e3o afetiva). Em outras palavras, eles n\u00e3o gostam dos membros do outro partido (pol\u00edtico) (1)\u201d. Mas deixemos de lado a pol\u00edtica, onde \u00e9 mais f\u00e1cil e at\u00e9 esperado que ocorra esse fen\u00f4meno de divis\u00e3o.<br \/>\n&nbsp;<\/p>\n<h5>A dimens\u00e3o emocional da polariza\u00e7\u00e3o acrescenta uma complexidade adicional \u00e0 gest\u00e3o da comunica\u00e7\u00e3o. Exige uma sensibilidade e uma agilidade maiores na estrat\u00e9gia de conex\u00e3o com os stakeholders<\/h5>\n<p>&nbsp;<br \/>\nQuase todos os acontecimentos de grande relev\u00e2ncia podem se transformar em um campo de batalha para ideologias em conflito. A cerim\u00f4nia dos Jogos Ol\u00edmpicos Paris 2024 n\u00e3o foi exce\u00e7\u00e3o, evidenciando v\u00e1rias din\u00e2micas pol\u00eamicas na comunica\u00e7\u00e3o social moderna. Alguns viram a cerim\u00f4nia como uma vitrine de orgulho cultural e unidade internacional, enquanto outros a viram com um olhar do custo econ\u00f4mico, das cren\u00e7as religiosas, das implica\u00e7\u00f5es pol\u00edticas, das orienta\u00e7\u00f5es sexuais ou de identidades de g\u00eanero, entre outros.<\/p>\n<p>Nem mesmo os artistas de Hollywood t\u00eam tr\u00e9gua. Em agosto deste ano, a atriz Blake Lively foi tema de um artigo (2) na Vogue Espanha intitulado \u201c<em>Blake Lively y su crisis de reputaci\u00f3n durante la tumultuosa gira de promoci\u00f3n de \u2018Romper el c\u00edrculo<\/em>\u2019\u201d [\u201cBlake Lively e sua crise de reputa\u00e7\u00e3o durante a tumultuada turn\u00ea de promo\u00e7\u00e3o de \u2018\u00c9 assim que acaba\u2019\u201d]. O texto jornal\u00edstico se baseia especificamente na polariza\u00e7\u00e3o gerada entre os f\u00e3s pelo comportamento da atriz na turn\u00ea promocional do filme. De acordo com as cr\u00edticas, em vez de ser uma voz evangelizadora sobre a viol\u00eancia de g\u00eanero, em linha com o tema central do filme, ela se dedicou a se promover como empres\u00e1ria e fashionista, o que incendiou as plataformas do \u201cX\u201d e do TikTok entre seus pr\u00f3prios f\u00e3s. Com isso, podemos ver como esse fen\u00f4meno n\u00e3o apenas germina entre aliados e detratores, mas tamb\u00e9m pode gerar divis\u00e3o entre os nossos defensores.<\/p>\n<p>A polariza\u00e7\u00e3o nos acompanha h\u00e1 tempos, no entanto, como vimos, a natureza interconectada das plataformas de redes sociais foi a causa do seu agu\u00e7amento, permitindo que vozes d\u00edspares, e em geral polarizadas, se unam e amplifiquem as suas mensagens.<\/p>\n<p>Obviamente, as organiza\u00e7\u00f5es e empresas n\u00e3o est\u00e3o isentas a esse fen\u00f4meno. Na verdade, encontram-se sob um escrut\u00ednio constante por parte da sociedade. Nesse ambiente, \u00e9 fundamental que as empresas se preparem para enfrentar esses desafios de maneira estrat\u00e9gica e cuidadosa. O objetivo: evitar se afastar de mais grupos de interesse e, ao mesmo tempo, proteger e fortalecer a reputa\u00e7\u00e3o corporativa, que \u00e9 um reflexo direto do julgamento p\u00fablico. \u00c9 na reputa\u00e7\u00e3o que devemos concentrar nossos esfor\u00e7os para proteger os capitais dos nossos neg\u00f3cios no contexto atual.<\/p>\n<p>Temos consci\u00eancia do quanto constru\u00edmos em prol da nossa reputa\u00e7\u00e3o? Como a nossa empresa se sairia caso uma situa\u00e7\u00e3o cr\u00edtica, produzida por esse tipo de risco de polariza\u00e7\u00e3o, fosse desencadeada? O jogo tem novas regras e n\u00e3o podemos continuar com a gest\u00e3o tradicional. As empresas precisam fazer um ajuste sobre quando e como se fazerem ouvir. Temos dois caminhos: o da resili\u00eancia e o da antifragilidade, que n\u00e3o deveriam ser excludentes.<br \/>\n&nbsp;<\/p>\n<h5>As empresas devem se preparar para enfrentar estes desafios de maneira estrat\u00e9gica. O objetivo: evitar se afastar de mais grupos de interesse e, ao mesmo tempo, proteger e fortalecer a reputa\u00e7\u00e3o corporativa<\/h5>\n<p>&nbsp;<br \/>\nEm uma estrat\u00e9gia de resili\u00eancia devemos ser capazes de nos adaptar e recuperar diante de situa\u00e7\u00f5es de adversidade.<\/p>\n<ul>\n<li>Aproveitando os momentos de calma para nos preocuparmos em estar bem equipados e preparados para identificar e analisar quando um sinal de alerta poderia ser acionado, sem perder o controle da situa\u00e7\u00e3o, podendo reagir e nos defender oportuna e satisfatoriamente. N\u00e3o apenas com um bom panorama dos riscos potenciais, mas tamb\u00e9m com planos de a\u00e7\u00e3o que ajudem a mitig\u00e1-los.<\/li>\n<li>Participando de uma escuta ativa para compreender as diversas perspectivas dos stakeholders. Ao coletar esses coment\u00e1rios com diversas opini\u00f5es, as empresas podem antecipar melhor os problemas potenciais e abordar as inquieta\u00e7\u00f5es de maneira proativa.<\/li>\n<\/ul>\n<p>No que diz respeito a uma estrat\u00e9gia de antifragilidade, temos que ser capazes de prosperar e crescer em contextos de volatilidade para n\u00e3o ficarmos congelados diante de uma chuva de riscos que caem como pe\u00e7as de Tetris.<\/p>\n<ul>\n<li>Conduzindo a comunica\u00e7\u00e3o das nossas empresas, porque o pior que pode nos acontecer \u00e9 ter que enfrentar um risco e n\u00e3o ter um colch\u00e3o reputacional que, pelo menos, nos d\u00ea o benef\u00edcio da d\u00favida.<\/li>\n<li>Investindo em iniciativas que deem valor ao prop\u00f3sito da empresa e priorizando-as em rela\u00e7\u00e3o a iniciativas com benef\u00edcios de curto prazo.<\/li>\n<li>Utilizando o pensamento sist\u00eamico Marca\/ Reputa\u00e7\u00e3o para nos assegurarmos de identificar oportunidades que nos permitam desenvolver um storytelling de acordo com a nossa promessa de valor, nos baseando nos pilares da marca (Personalidade, Promessa, Cultura e Prop\u00f3sito) e nos drivers reputacionais (Personalidade, Promessa, Cultura, Prop\u00f3sito e Contribui\u00e7\u00e3o)<\/li>\n<\/ul>\n<p>&nbsp;<\/p>\n<h5>O verdadeiro desafio para sermos valorizados pelos nossos stakeholders est\u00e1 em construir uma reputa\u00e7\u00e3o sustentada em um modelo de gest\u00e3o que seja respons\u00e1vel e sustent\u00e1vel em sua ess\u00eancia<\/h5>\n<p>&nbsp;<br \/>\nEm \u00faltima an\u00e1lise, o verdadeiro desafio para obter uma avalia\u00e7\u00e3o positiva por parte dos nossos stakeholders est\u00e1 em construir uma reputa\u00e7\u00e3o sustentada em um modelo de gest\u00e3o que seja respons\u00e1vel e sustent\u00e1vel em sua ess\u00eancia. Esse modelo deve se integrar profundamente \u00e0s expectativas dos nossos grupos de interesse, refletindo as suas preocupa\u00e7\u00f5es em cada decis\u00e3o tomada. As empresas que conseguirem harmonizar de maneira efetiva os seus valores corporativos com as demandas dos seus p\u00fablicos n\u00e3o apenas sobreviver\u00e3o, mas v\u00e3o prosperar nesse ambiente cada vez mais polarizado. Em um contexto em que a divis\u00e3o e o conflito se intensificam, aquelas organiza\u00e7\u00f5es que demonstrarem adaptabilidade e uma estrat\u00e9gia alinhada ser\u00e3o as \u00fanicas capazes de navegar com \u00eaxito nesses tempos turbulentos.<\/p>\n<p><em>(1) <a href=\"https:\/\/carnegieendowment.org\/research\/2023\/09\/polarization-democracy-and-political-violence-in-the-united-states-what-the-research-says?lang=en\">Polarization, Democracy, and Political Violence in the United States: What the Research Says<\/a><\/em><br \/>\n<em>(2) <a href=\"https:\/\/www.vogue.es\/articulos\/blake-lively-romper-el-circulo-crisis-reputacion\">Blake Lively y su crisis de reputaci\u00f3n durante la tumultuosa gira de promoci\u00f3n de \u2018Romper el c\u00edrculo\u2019<\/a><\/em><\/p>\n","protected":false},"excerpt":{"rendered":"<p>Hoje em dia, cada intera\u00e7\u00e3o parece se transformar em um campo de batalha. O panorama atual do di\u00e1logo p\u00fablico caminhou em dire\u00e7\u00e3o a um cen\u00e1rio de confronto constante. Seja na tens\u00e3o fugaz de um tu\u00edte, na acalorada discuss\u00e3o de um debate na televis\u00e3o ou, inclusive, na trivial, mas angustiante espera na fila para comprar p\u00e3o, [&hellip;]<\/p>\n","protected":false},"author":22,"featured_media":0,"comment_status":"closed","ping_status":"closed","sticky":false,"template":"","format":"standard","meta":{"_acf_changed":false,"_et_pb_use_builder":"","_et_pb_old_content":"","_et_gb_content_width":"","footnotes":""},"categories":[87],"class_list":["post-144328","post","type-post","status-publish","format-standard","hentry","category-ideas"],"acf":[],"yoast_head":"<!-- This site is optimized with the Yoast SEO Premium plugin v24.7 (Yoast SEO v24.7) - https:\/\/yoast.com\/wordpress\/plugins\/seo\/ -->\n<title>Como Proteger o Valor do Seu Neg\u00f3cio? - LLYC - Revista UNO 41<\/title>\n<meta name=\"description\" content=\"Aprenda a proteger a reputa\u00e7\u00e3o da sua empresa com estrat\u00e9gias de resili\u00eancia e antifragilidade para enfrentar desafios em um mundo polarizado.\" \/>\n<meta name=\"robots\" content=\"index, follow, max-snippet:-1, max-image-preview:large, max-video-preview:-1\" \/>\n<link rel=\"canonical\" href=\"https:\/\/llyc.global\/pt-br\/ideas\/uno\/como-proteger-o-valor-do-seu-negocio\/\" \/>\n<meta property=\"og:locale\" content=\"pt_BR\" \/>\n<meta property=\"og:type\" content=\"article\" \/>\n<meta property=\"og:title\" content=\"Como Proteger o Valor do Seu Neg\u00f3cio?\" \/>\n<meta property=\"og:description\" content=\"Aprenda a proteger a reputa\u00e7\u00e3o da sua empresa com estrat\u00e9gias de resili\u00eancia e antifragilidade para enfrentar desafios em um mundo polarizado.\" \/>\n<meta property=\"og:url\" content=\"https:\/\/llyc.global\/pt-br\/ideas\/uno\/como-proteger-o-valor-do-seu-negocio\/\" \/>\n<meta property=\"og:site_name\" content=\"LLYC\" \/>\n<meta property=\"article:publisher\" content=\"https:\/\/www.facebook.com\/LLYC.Global\/\" \/>\n<meta property=\"article:published_time\" content=\"2024-11-14T08:17:52+00:00\" \/>\n<meta property=\"article:modified_time\" content=\"2024-11-14T08:18:00+00:00\" \/>\n<meta property=\"og:image\" content=\"https:\/\/llyc.global\/wp-content\/uploads\/2024\/11\/Protegerelvalor_desktop.jpg\" \/>\n\t<meta property=\"og:image:width\" content=\"1691\" \/>\n\t<meta property=\"og:image:height\" content=\"648\" \/>\n\t<meta property=\"og:image:type\" content=\"image\/jpeg\" \/>\n<meta name=\"author\" content=\"Karla Cruz Cabrera\" \/>\n<meta name=\"twitter:card\" content=\"summary_large_image\" \/>\n<meta name=\"twitter:creator\" content=\"@llorenteycuenca\" \/>\n<meta name=\"twitter:site\" content=\"@llorenteycuenca\" \/>\n<meta name=\"twitter:label1\" content=\"Written by\" \/>\n\t<meta name=\"twitter:data1\" content=\"Karla Cruz Cabrera\" \/>\n\t<meta name=\"twitter:label2\" content=\"Est. reading time\" \/>\n\t<meta name=\"twitter:data2\" content=\"6 minutos\" \/>\n<!-- \/ Yoast SEO Premium plugin. -->","yoast_head_json":{"title":"Como Proteger o Valor do Seu Neg\u00f3cio? - LLYC - Revista UNO 41","description":"Aprenda a proteger a reputa\u00e7\u00e3o da sua empresa com estrat\u00e9gias de resili\u00eancia e antifragilidade para enfrentar desafios em um mundo polarizado.","robots":{"index":"index","follow":"follow","max-snippet":"max-snippet:-1","max-image-preview":"max-image-preview:large","max-video-preview":"max-video-preview:-1"},"canonical":"https:\/\/llyc.global\/pt-br\/ideas\/uno\/como-proteger-o-valor-do-seu-negocio\/","og_locale":"pt_BR","og_type":"article","og_title":"Como Proteger o Valor do Seu Neg\u00f3cio?","og_description":"Aprenda a proteger a reputa\u00e7\u00e3o da sua empresa com estrat\u00e9gias de resili\u00eancia e antifragilidade para enfrentar desafios em um mundo polarizado.","og_url":"https:\/\/llyc.global\/pt-br\/ideas\/uno\/como-proteger-o-valor-do-seu-negocio\/","og_site_name":"LLYC","article_publisher":"https:\/\/www.facebook.com\/LLYC.Global\/","article_published_time":"2024-11-14T08:17:52+00:00","article_modified_time":"2024-11-14T08:18:00+00:00","og_image":[{"width":1691,"height":648,"url":"https:\/\/llyc.global\/wp-content\/uploads\/2024\/11\/Protegerelvalor_desktop.jpg","type":"image\/jpeg"}],"author":"Karla Cruz Cabrera","twitter_card":"summary_large_image","twitter_creator":"@llorenteycuenca","twitter_site":"@llorenteycuenca","twitter_misc":{"Written by":"Karla Cruz Cabrera","Est. reading time":"6 minutos"},"schema":{"@context":"https:\/\/schema.org","@graph":[{"@type":"WebPage","@id":"https:\/\/llyc.global\/pt-br\/ideas\/uno\/como-proteger-o-valor-do-seu-negocio\/","url":"https:\/\/llyc.global\/pt-br\/ideas\/uno\/como-proteger-o-valor-do-seu-negocio\/","name":"Como Proteger o Valor do Seu Neg\u00f3cio? - LLYC - Revista UNO 41","isPartOf":{"@id":"https:\/\/llyc.global\/pt-br\/#website"},"datePublished":"2024-11-14T08:17:52+00:00","dateModified":"2024-11-14T08:18:00+00:00","author":{"@id":"https:\/\/llyc.global\/pt-br\/#\/schema\/person\/54becd68bec7ae94ccaaa5662a99fef9"},"description":"Aprenda a proteger a reputa\u00e7\u00e3o da sua empresa com estrat\u00e9gias de resili\u00eancia e antifragilidade para enfrentar desafios em um mundo polarizado.","breadcrumb":{"@id":"https:\/\/llyc.global\/pt-br\/ideas\/uno\/como-proteger-o-valor-do-seu-negocio\/#breadcrumb"},"inLanguage":"pt-BR","potentialAction":[{"@type":"ReadAction","target":["https:\/\/llyc.global\/pt-br\/ideas\/uno\/como-proteger-o-valor-do-seu-negocio\/"]}]},{"@type":"BreadcrumbList","@id":"https:\/\/llyc.global\/pt-br\/ideas\/uno\/como-proteger-o-valor-do-seu-negocio\/#breadcrumb","itemListElement":[{"@type":"ListItem","position":1,"name":"Home","item":"https:\/\/llyc.global\/pt-br\/"},{"@type":"ListItem","position":2,"name":"Como Proteger o Valor do Seu Neg\u00f3cio?"}]},{"@type":"WebSite","@id":"https:\/\/llyc.global\/pt-br\/#website","url":"https:\/\/llyc.global\/pt-br\/","name":"LLYC","description":"Consultoria de comunicaci\u00f3n marketing y asuntos p\u00fablicos","potentialAction":[{"@type":"SearchAction","target":{"@type":"EntryPoint","urlTemplate":"https:\/\/llyc.global\/pt-br\/?s={search_term_string}"},"query-input":{"@type":"PropertyValueSpecification","valueRequired":true,"valueName":"search_term_string"}}],"inLanguage":"pt-BR"},{"@type":"Person","@id":"https:\/\/llyc.global\/pt-br\/#\/schema\/person\/54becd68bec7ae94ccaaa5662a99fef9","name":"Karla Cruz Cabrera","image":{"@type":"ImageObject","inLanguage":"pt-BR","@id":"https:\/\/llyc.global\/pt-br\/#\/schema\/person\/image\/","url":"https:\/\/secure.gravatar.com\/avatar\/7d7f7916b167732e8952fd54d1a28124?s=96&d=mm&r=g","contentUrl":"https:\/\/secure.gravatar.com\/avatar\/7d7f7916b167732e8952fd54d1a28124?s=96&d=mm&r=g","caption":"Karla Cruz Cabrera"}}]}},"_links":{"self":[{"href":"https:\/\/llyc.global\/pt-br\/wp-json\/wp\/v2\/posts\/144328","targetHints":{"allow":["GET"]}}],"collection":[{"href":"https:\/\/llyc.global\/pt-br\/wp-json\/wp\/v2\/posts"}],"about":[{"href":"https:\/\/llyc.global\/pt-br\/wp-json\/wp\/v2\/types\/post"}],"author":[{"embeddable":true,"href":"https:\/\/llyc.global\/pt-br\/wp-json\/wp\/v2\/users\/22"}],"replies":[{"embeddable":true,"href":"https:\/\/llyc.global\/pt-br\/wp-json\/wp\/v2\/comments?post=144328"}],"version-history":[{"count":2,"href":"https:\/\/llyc.global\/pt-br\/wp-json\/wp\/v2\/posts\/144328\/revisions"}],"predecessor-version":[{"id":144552,"href":"https:\/\/llyc.global\/pt-br\/wp-json\/wp\/v2\/posts\/144328\/revisions\/144552"}],"wp:attachment":[{"href":"https:\/\/llyc.global\/pt-br\/wp-json\/wp\/v2\/media?parent=144328"}],"wp:term":[{"taxonomy":"category","embeddable":true,"href":"https:\/\/llyc.global\/pt-br\/wp-json\/wp\/v2\/categories?post=144328"}],"curies":[{"name":"wp","href":"https:\/\/api.w.org\/{rel}","templated":true}]}}