{"id":155476,"date":"2024-12-03T16:02:40","date_gmt":"2024-12-03T15:02:40","guid":{"rendered":"https:\/\/llyc.global\/ideas\/impulsamos-la-diversidad-e-inclusion-en-premios-la-vara-con-iniciativas-de-ia\/"},"modified":"2025-05-22T10:56:12","modified_gmt":"2025-05-22T08:56:12","slug":"promovemos-a-diversidade-e-a-inclusao-nos-premios-la-vara-com-iniciativas-de-ia","status":"publish","type":"post","link":"https:\/\/llyc.global\/pt-br\/marketing\/tendencias\/promovemos-a-diversidade-e-a-inclusao-nos-premios-la-vara-com-iniciativas-de-ia\/","title":{"rendered":"Promovemos a diversidade e a inclus\u00e3o nos Pr\u00eamios La Vara com iniciativas de IA"},"content":{"rendered":"<p>Como parte da 4\u00aa edi\u00e7\u00e3o dos Pr\u00eamios La Vara, um espa\u00e7o que reconhece a criatividade, a inova\u00e7\u00e3o e a excel\u00eancia na comunica\u00e7\u00e3o empresarial na Am\u00e9rica Central e no Caribe, <strong>Renata Sanchez<\/strong>, Diretora de Assuntos Corporativos do escrit\u00f3rio da LLYC em Santo Domingo, apresentou tr\u00eas iniciativas pioneiras que refletem o compromisso da <strong>LLYC<\/strong> com a diversidade e o impacto positivo da tecnologia: <strong>Rainbot, The Purple Check e Free the Voices<\/strong>.<\/p>\n<p>Essas iniciativas, que fazem parte do programa Tech4Diversity, destacam como a intelig\u00eancia artificial pode ajudar a enfrentar os desafios sociais e criar mudan\u00e7as transformadoras:<\/p>\n<p><a href=\"https:\/\/thepurplecheck.llyc.global\/pt-br\/\"><strong>The Purple Check<\/strong> <\/a>\u00a0aplica intelig\u00eancia artificial para analisar o preconceito de g\u00eanero em manchetes e textos relacionados \u00e0 viol\u00eancia de g\u00eanero, propondo alternativas que promovam uma comunica\u00e7\u00e3o mais equitativa. Desde a sua cria\u00e7\u00e3o, ele analisou mais de<strong> 226 milh\u00f5es de not\u00edcias e publica\u00e7\u00f5es de m\u00eddia social<\/strong> em 12 pa\u00edses, trazendo uma perspectiva objetiva para os discursos da m\u00eddia.<\/p>\n<p><a href=\"https:\/\/rainbotproject.llorenteycuenca.com\/br\/\"><strong>O Rainbot<\/strong><\/a>, uma das iniciativas mais proeminentes, processa mais de <strong>169 milh\u00f5es de publica\u00e7\u00f5es<\/strong> e transforma mensagens de \u00f3dio contra a comunidade LGBTIQ+ em poemas que celebram a diversidade, demonstrando como a IA pode combater a negatividade e promover conversas inclusivas.<\/p>\n<p><a href=\"https:\/\/freethevoices.llyc.global\/\"><strong>A Free the Voices<\/strong><\/a> coletou mais de <strong>500 vozes LGBTIQ+ em 12 pa\u00edses<\/strong>, criando o primeiro banco de vozes sint\u00e9ticas diversas. Esse recurso promove a representa\u00e7\u00e3o inclusiva em ferramentas digitais, normalizando a diversidade vocal e combatendo o preconceito.<\/p>\n<p>Al\u00e9m da apresenta\u00e7\u00e3o dessas iniciativas, Renata participou de um painel moderado por <strong>Rosal\u00eda Mendoza<\/strong>, da Ladies Wine Design Dominican Republic, ao lado de figuras importantes do setor, como <strong>Tanya De Poli<\/strong> (Founders Agency) e<strong> Ana Marroqu\u00edn<\/strong> (RocknRolla Agency). O painel abordou como a criatividade e a inclus\u00e3o podem transformar a comunica\u00e7\u00e3o comercial, consolidando a LLYC como uma refer\u00eancia em solu\u00e7\u00f5es inovadoras e tecnol\u00f3gicas com impacto social.<\/p>\n<p>Projetos que promovem a diversidade, a inclus\u00e3o e o uso \u00e9tico da tecnologia s\u00e3o aqueles que transformam realidades, abrindo caminho para uma comunica\u00e7\u00e3o mais justa e uma sociedade verdadeiramente inclusiva.<\/p>\n<p><img loading=\"lazy\" decoding=\"async\" class=\"aligncenter wp-image-155351 size-large\" src=\"https:\/\/llyc.global\/wp-content\/uploads\/2024\/11\/Pemios-La-Vara-1024x393.jpg\" alt=\"\" width=\"1024\" height=\"393\" srcset=\"https:\/\/llyc.global\/wp-content\/uploads\/2024\/11\/Pemios-La-Vara-1024x393.jpg 1024w, https:\/\/llyc.global\/wp-content\/uploads\/2024\/11\/Pemios-La-Vara-300x115.jpg 300w, https:\/\/llyc.global\/wp-content\/uploads\/2024\/11\/Pemios-La-Vara-768x294.jpg 768w, https:\/\/llyc.global\/wp-content\/uploads\/2024\/11\/Pemios-La-Vara-1536x589.jpg 1536w, https:\/\/llyc.global\/wp-content\/uploads\/2024\/11\/Pemios-La-Vara-1080x414.jpg 1080w, https:\/\/llyc.global\/wp-content\/uploads\/2024\/11\/Pemios-La-Vara.jpg 1690w\" sizes=\"(max-width: 1024px) 100vw, 1024px\" \/><\/p>\n","protected":false},"excerpt":{"rendered":"<p>Como parte da 4\u00aa edi\u00e7\u00e3o dos Pr\u00eamios La Vara, um espa\u00e7o que reconhece a criatividade, a inova\u00e7\u00e3o e a excel\u00eancia na comunica\u00e7\u00e3o empresarial na Am\u00e9rica Central e no Caribe, Renata Sanchez, Diretora de Assuntos Corporativos do escrit\u00f3rio da LLYC em Santo Domingo, apresentou tr\u00eas iniciativas pioneiras que refletem o compromisso da LLYC com a diversidade [&hellip;]<\/p>\n","protected":false},"author":22,"featured_media":0,"comment_status":"closed","ping_status":"closed","sticky":false,"template":"","format":"standard","meta":{"_acf_changed":false,"_et_pb_use_builder":"","_et_pb_old_content":"","_et_gb_content_width":"","footnotes":""},"categories":[94],"class_list":["post-155476","post","type-post","status-publish","format-standard","hentry","category-marketing"],"acf":[],"yoast_head":"<!-- This site is optimized with the Yoast SEO Premium plugin v24.7 (Yoast SEO v24.7) - https:\/\/yoast.com\/wordpress\/plugins\/seo\/ -->\n<title>Promovemos a diversidade e a inclus\u00e3o nos Pr\u00eamios La Vara com iniciativas de IA - LLYC<\/title>\n<meta name=\"description\" content=\"Nos Pr\u00eamios La Vara, a LLYC apresentou iniciativas de IA como Rainbot e Free the Voices, destacando seu compromisso com a diversidade e inclus\u00e3o na comunica\u00e7\u00e3o.\" \/>\n<meta name=\"robots\" content=\"index, follow, max-snippet:-1, max-image-preview:large, max-video-preview:-1\" \/>\n<link rel=\"canonical\" href=\"https:\/\/llyc.global\/pt-br\/marketing\/tendencias\/promovemos-a-diversidade-e-a-inclusao-nos-premios-la-vara-com-iniciativas-de-ia\/\" \/>\n<meta property=\"og:locale\" content=\"pt_BR\" \/>\n<meta property=\"og:type\" content=\"article\" \/>\n<meta property=\"og:title\" content=\"Promovemos a diversidade e a inclus\u00e3o nos Pr\u00eamios La Vara com iniciativas de IA\" \/>\n<meta property=\"og:description\" content=\"Nos Pr\u00eamios La Vara, a LLYC apresentou iniciativas de IA como Rainbot e Free the Voices, destacando seu compromisso com a diversidade e inclus\u00e3o na comunica\u00e7\u00e3o.\" \/>\n<meta property=\"og:url\" content=\"https:\/\/llyc.global\/pt-br\/marketing\/tendencias\/promovemos-a-diversidade-e-a-inclusao-nos-premios-la-vara-com-iniciativas-de-ia\/\" \/>\n<meta property=\"og:site_name\" content=\"LLYC\" \/>\n<meta property=\"article:publisher\" content=\"https:\/\/www.facebook.com\/LLYC.Global\/\" \/>\n<meta property=\"article:published_time\" content=\"2024-12-03T15:02:40+00:00\" \/>\n<meta property=\"article:modified_time\" content=\"2025-05-22T08:56:12+00:00\" \/>\n<meta property=\"og:image\" content=\"https:\/\/llyc.global\/wp-content\/uploads\/2024\/11\/La-Vara_mobile.jpg\" \/>\n\t<meta property=\"og:image:width\" content=\"355\" \/>\n\t<meta property=\"og:image:height\" content=\"317\" \/>\n\t<meta property=\"og:image:type\" content=\"image\/jpeg\" \/>\n<meta name=\"author\" content=\"Karla Cruz Cabrera\" \/>\n<meta name=\"twitter:card\" content=\"summary_large_image\" \/>\n<meta name=\"twitter:creator\" content=\"@llorenteycuenca\" \/>\n<meta name=\"twitter:site\" content=\"@llorenteycuenca\" \/>\n<meta name=\"twitter:label1\" content=\"Written by\" \/>\n\t<meta name=\"twitter:data1\" content=\"Karla Cruz Cabrera\" \/>\n\t<meta name=\"twitter:label2\" content=\"Est. reading time\" \/>\n\t<meta name=\"twitter:data2\" content=\"2 minutos\" \/>\n<!-- \/ Yoast SEO Premium plugin. -->","yoast_head_json":{"title":"Promovemos a diversidade e a inclus\u00e3o nos Pr\u00eamios La Vara com iniciativas de IA - LLYC","description":"Nos Pr\u00eamios La Vara, a LLYC apresentou iniciativas de IA como Rainbot e Free the Voices, destacando seu compromisso com a diversidade e inclus\u00e3o na comunica\u00e7\u00e3o.","robots":{"index":"index","follow":"follow","max-snippet":"max-snippet:-1","max-image-preview":"max-image-preview:large","max-video-preview":"max-video-preview:-1"},"canonical":"https:\/\/llyc.global\/pt-br\/marketing\/tendencias\/promovemos-a-diversidade-e-a-inclusao-nos-premios-la-vara-com-iniciativas-de-ia\/","og_locale":"pt_BR","og_type":"article","og_title":"Promovemos a diversidade e a inclus\u00e3o nos Pr\u00eamios La Vara com iniciativas de IA","og_description":"Nos Pr\u00eamios La Vara, a LLYC apresentou iniciativas de IA como Rainbot e Free the Voices, destacando seu compromisso com a diversidade e inclus\u00e3o na comunica\u00e7\u00e3o.","og_url":"https:\/\/llyc.global\/pt-br\/marketing\/tendencias\/promovemos-a-diversidade-e-a-inclusao-nos-premios-la-vara-com-iniciativas-de-ia\/","og_site_name":"LLYC","article_publisher":"https:\/\/www.facebook.com\/LLYC.Global\/","article_published_time":"2024-12-03T15:02:40+00:00","article_modified_time":"2025-05-22T08:56:12+00:00","og_image":[{"width":355,"height":317,"url":"https:\/\/llyc.global\/wp-content\/uploads\/2024\/11\/La-Vara_mobile.jpg","type":"image\/jpeg"}],"author":"Karla Cruz Cabrera","twitter_card":"summary_large_image","twitter_creator":"@llorenteycuenca","twitter_site":"@llorenteycuenca","twitter_misc":{"Written by":"Karla Cruz Cabrera","Est. reading time":"2 minutos"},"schema":{"@context":"https:\/\/schema.org","@graph":[{"@type":"WebPage","@id":"https:\/\/llyc.global\/pt-br\/marketing\/tendencias\/promovemos-a-diversidade-e-a-inclusao-nos-premios-la-vara-com-iniciativas-de-ia\/","url":"https:\/\/llyc.global\/pt-br\/marketing\/tendencias\/promovemos-a-diversidade-e-a-inclusao-nos-premios-la-vara-com-iniciativas-de-ia\/","name":"Promovemos a diversidade e a inclus\u00e3o nos Pr\u00eamios La Vara com iniciativas de IA - LLYC","isPartOf":{"@id":"https:\/\/llyc.global\/pt-br\/#website"},"primaryImageOfPage":{"@id":"https:\/\/llyc.global\/pt-br\/marketing\/tendencias\/promovemos-a-diversidade-e-a-inclusao-nos-premios-la-vara-com-iniciativas-de-ia\/#primaryimage"},"image":{"@id":"https:\/\/llyc.global\/pt-br\/marketing\/tendencias\/promovemos-a-diversidade-e-a-inclusao-nos-premios-la-vara-com-iniciativas-de-ia\/#primaryimage"},"thumbnailUrl":"https:\/\/llyc.global\/wp-content\/uploads\/2024\/11\/Pemios-La-Vara-1024x393.jpg","datePublished":"2024-12-03T15:02:40+00:00","dateModified":"2025-05-22T08:56:12+00:00","author":{"@id":"https:\/\/llyc.global\/pt-br\/#\/schema\/person\/54becd68bec7ae94ccaaa5662a99fef9"},"description":"Nos Pr\u00eamios La Vara, a LLYC apresentou iniciativas de IA como Rainbot e Free the Voices, destacando seu compromisso com a diversidade e inclus\u00e3o na comunica\u00e7\u00e3o.","breadcrumb":{"@id":"https:\/\/llyc.global\/pt-br\/marketing\/tendencias\/promovemos-a-diversidade-e-a-inclusao-nos-premios-la-vara-com-iniciativas-de-ia\/#breadcrumb"},"inLanguage":"pt-BR","potentialAction":[{"@type":"ReadAction","target":["https:\/\/llyc.global\/pt-br\/marketing\/tendencias\/promovemos-a-diversidade-e-a-inclusao-nos-premios-la-vara-com-iniciativas-de-ia\/"]}]},{"@type":"ImageObject","inLanguage":"pt-BR","@id":"https:\/\/llyc.global\/pt-br\/marketing\/tendencias\/promovemos-a-diversidade-e-a-inclusao-nos-premios-la-vara-com-iniciativas-de-ia\/#primaryimage","url":"https:\/\/llyc.global\/wp-content\/uploads\/2024\/11\/Pemios-La-Vara-1024x393.jpg","contentUrl":"https:\/\/llyc.global\/wp-content\/uploads\/2024\/11\/Pemios-La-Vara-1024x393.jpg"},{"@type":"BreadcrumbList","@id":"https:\/\/llyc.global\/pt-br\/marketing\/tendencias\/promovemos-a-diversidade-e-a-inclusao-nos-premios-la-vara-com-iniciativas-de-ia\/#breadcrumb","itemListElement":[{"@type":"ListItem","position":1,"name":"Home","item":"https:\/\/llyc.global\/pt-br\/"},{"@type":"ListItem","position":2,"name":"Promovemos a diversidade e a inclus\u00e3o nos Pr\u00eamios La Vara com iniciativas de IA"}]},{"@type":"WebSite","@id":"https:\/\/llyc.global\/pt-br\/#website","url":"https:\/\/llyc.global\/pt-br\/","name":"LLYC","description":"Consultoria de comunicaci\u00f3n marketing y asuntos p\u00fablicos","potentialAction":[{"@type":"SearchAction","target":{"@type":"EntryPoint","urlTemplate":"https:\/\/llyc.global\/pt-br\/?s={search_term_string}"},"query-input":{"@type":"PropertyValueSpecification","valueRequired":true,"valueName":"search_term_string"}}],"inLanguage":"pt-BR"},{"@type":"Person","@id":"https:\/\/llyc.global\/pt-br\/#\/schema\/person\/54becd68bec7ae94ccaaa5662a99fef9","name":"Karla Cruz Cabrera","image":{"@type":"ImageObject","inLanguage":"pt-BR","@id":"https:\/\/llyc.global\/pt-br\/#\/schema\/person\/image\/","url":"https:\/\/secure.gravatar.com\/avatar\/7d7f7916b167732e8952fd54d1a28124?s=96&d=mm&r=g","contentUrl":"https:\/\/secure.gravatar.com\/avatar\/7d7f7916b167732e8952fd54d1a28124?s=96&d=mm&r=g","caption":"Karla Cruz Cabrera"}}]}},"_links":{"self":[{"href":"https:\/\/llyc.global\/pt-br\/wp-json\/wp\/v2\/posts\/155476","targetHints":{"allow":["GET"]}}],"collection":[{"href":"https:\/\/llyc.global\/pt-br\/wp-json\/wp\/v2\/posts"}],"about":[{"href":"https:\/\/llyc.global\/pt-br\/wp-json\/wp\/v2\/types\/post"}],"author":[{"embeddable":true,"href":"https:\/\/llyc.global\/pt-br\/wp-json\/wp\/v2\/users\/22"}],"replies":[{"embeddable":true,"href":"https:\/\/llyc.global\/pt-br\/wp-json\/wp\/v2\/comments?post=155476"}],"version-history":[{"count":4,"href":"https:\/\/llyc.global\/pt-br\/wp-json\/wp\/v2\/posts\/155476\/revisions"}],"predecessor-version":[{"id":209859,"href":"https:\/\/llyc.global\/pt-br\/wp-json\/wp\/v2\/posts\/155476\/revisions\/209859"}],"wp:attachment":[{"href":"https:\/\/llyc.global\/pt-br\/wp-json\/wp\/v2\/media?parent=155476"}],"wp:term":[{"taxonomy":"category","embeddable":true,"href":"https:\/\/llyc.global\/pt-br\/wp-json\/wp\/v2\/categories?post=155476"}],"curies":[{"name":"wp","href":"https:\/\/api.w.org\/{rel}","templated":true}]}}