{"id":179045,"date":"2024-06-01T15:52:08","date_gmt":"2024-06-01T13:52:08","guid":{"rendered":"https:\/\/llyc.global\/ideas\/value-washing-cuando-la-comunicacion-carece-de-gestion-que-la-fundamente\/"},"modified":"2025-02-13T12:56:31","modified_gmt":"2025-02-13T11:56:31","slug":"lavagem-de-valor-quando-a-comunicacao-carece-de-gerenciamento-que-a-sustente","status":"publish","type":"post","link":"https:\/\/llyc.global\/pt-br\/corporate-affairs\/tendencias\/lavagem-de-valor-quando-a-comunicacao-carece-de-gerenciamento-que-a-sustente\/","title":{"rendered":"Lavagem de valor: quando a comunica\u00e7\u00e3o carece de gerenciamento que a sustente"},"content":{"rendered":"<p>Durante o primeiro semestre de 2024, houve v\u00e1rios anivers\u00e1rios ou datas de comemora\u00e7\u00e3o global, como o Dia da Mulher, o Dia do Homem, o Dia da Educa\u00e7\u00e3o Ambiental, a Hora do Planeta, entre muitos outros. Agora, com a aproxima\u00e7\u00e3o da comemora\u00e7\u00e3o dos direitos das popula\u00e7\u00f5es LGBTIQ+, mais conhecida como Dia do Orgulho, v\u00e1rias empresas e marcas buscam gerar esfor\u00e7os de comunica\u00e7\u00e3o e campanhas para fazer uma declara\u00e7\u00e3o. No entanto, embora haja uma inten\u00e7\u00e3o genu\u00edna de promover posi\u00e7\u00f5es de apoio e solidariedade, \u00e9 essencial analisar se essas manifesta\u00e7\u00f5es, em vez de criar valor, constituem uma amea\u00e7a \u00e0 reputa\u00e7\u00e3o corporativa e geram uma percep\u00e7\u00e3o de<em> lavagem de valor <\/em>por parte de seus p\u00fablicos.<br \/>\n&nbsp;<\/p>\n<h3><b>Mas o que \u00e9 <em>lavagem de valor<\/em>?<\/b><\/h3>\n<p>&nbsp;<br \/>\nAs express\u00f5es green washing ou pink washing provavelmente s\u00e3o mais familiares. <em>A lavagem de valor<\/em> ocorre quando as palavras falam mais alto do que as a\u00e7\u00f5es; quando h\u00e1 uma implanta\u00e7\u00e3o de comunica\u00e7\u00e3o sem um compromisso ou gerenciamento genu\u00edno por tr\u00e1s dela; quando n\u00e3o h\u00e1 uma voca\u00e7\u00e3o real para contribuir ou criar um v\u00ednculo de longo prazo com determinada causa.<\/p>\n<p>As diferentes formas de lavagem de valor incluem social washing, greenwashing, rainbow washing, purple washing, entre outras pr\u00e1ticas que, sem d\u00favida, afetam a reputa\u00e7\u00e3o, pois todas elas s\u00e3o resultado de marketing enganoso ou de pr\u00e1ticas de comunica\u00e7\u00e3o \u00e9tica.<\/p>\n<p><em><strong>Purple Washing:<\/strong> <\/em>Compromisso e trabalho<em>aparentes <\/em>pela igualdade de g\u00eanero, aproveitando datas comemorativas como o Dia da Mulher para lan\u00e7ar campanhas de marketing vazias, sem a\u00e7\u00f5es concretas e verific\u00e1veis em favor dos direitos das mulheres.<\/p>\n<p><em><strong>Rainbow Washing:<\/strong> Estrat\u00e9gias <\/em>que visam apresentar institui\u00e7\u00f5es, pa\u00edses, indiv\u00edduos, produtos ou empresas como aliados da comunidade LGTBIQ+, a fim de projetar uma imagem progressista e tolerante.<\/p>\n<p><em><strong>Green Washing:<\/strong> de acordo com o <\/em>Greenpeace, isso envolve enganar os consumidores sobre as pr\u00e1ticas ambientais de uma empresa ou o baixo impacto de um produto ou servi\u00e7o. Uma estrat\u00e9gia usada por algumas organiza\u00e7\u00f5es para apresentar um compromisso com o meio ambiente, sem nenhum gerenciamento que o comprove.<\/p>\n<p><em><strong>Lavagem social:<\/strong><\/em> esse termo abrange todos os tipos de atividade \u00e9tica, ou melhor, inatividade, e vai al\u00e9m do cuidado com os recursos naturais para incluir supostas pr\u00e1ticas em favor dos direitos trabalhistas e humanos, igualdade de g\u00eanero, escravid\u00e3o moderna, entre outras quest\u00f5es sociais.<\/p>\n<p>Esses comportamentos s\u00e3o cada vez mais preocupantes para os neg\u00f3cios e a governan\u00e7a corporativa, pois minam a confian\u00e7a e a credibilidade do p\u00fablico e afetam negativamente o posicionamento organizacional. A \u00fanica maneira de preveni-los e evit\u00e1-los \u00e9 comunicar-se sobre pr\u00e1ticas que sejam aut\u00eanticas e consistentes com valores previamente definidos e demonstr\u00e1veis com fatos verific\u00e1veis.<br \/>\n&nbsp;<\/p>\n<h3><b>Tr\u00eas dicas para evitar a comunica\u00e7\u00e3o sobre <em>lavagem de valores:<\/em><\/b><\/h3>\n<p>&nbsp;<\/p>\n<ol>\n<li>Fa\u00e7a e reflita sobre perguntas como as seguintes: a marca j\u00e1 est\u00e1 trabalhando nessa causa? Temos a\u00e7\u00f5es e resultados mensur\u00e1veis a esse respeito? H\u00e1 uma estrat\u00e9gia ou plano de a\u00e7\u00e3o, al\u00e9m da comunica\u00e7\u00e3o? A empresa ou marca aplica e vive uma cultura baseada em valores ou tem pol\u00edticas que apoiam uma voz ativa sobre o assunto da campanha?<\/li>\n<li>Consulte uma voz autorizada sobre o assunto: Valide sua campanha, antes de lan\u00e7\u00e1-la, com uma entidade especializada, funda\u00e7\u00e3o, entre outras vozes autorizadas sobre o assunto. Essa an\u00e1lise pode lhe dar uma vis\u00e3o consciente do impacto da sua iniciativa ou alert\u00e1-lo sobre como ela pode ser percebida pela popula\u00e7\u00e3o ou comunidade envolvida.<\/li>\n<li>Escolha uma causa intimamente relacionada ao seu neg\u00f3cio principal. Evite fazer ativa\u00e7\u00f5es em todas as datas do calend\u00e1rio cultural apenas por ativa\u00e7\u00e3o: as empresas que encontram mais valor e conex\u00e3o de reputa\u00e7\u00e3o com o p\u00fablico escolhem e se concentram em uma iniciativa que podem desenvolver e melhorar a cada ano, para que tenham evid\u00eancias de apoio genu\u00edno e sustent\u00e1vel.<\/li>\n<\/ol>\n<p>&nbsp;<\/p>\n<p><em>A lavagem de valor<\/em> n\u00e3o apenas levanta grandes quest\u00f5es \u00e9ticas, mas tamb\u00e9m pode minar os esfor\u00e7os genu\u00ednos para alcan\u00e7ar mudan\u00e7as sociais e ambientais significativas.<\/p>\n<p>As empresas precisam agir com integridade e compromisso real com essas causas, aumentando a percep\u00e7\u00e3o de sua imagem corporativa com base na verdade.<\/p>\n<p>A comunica\u00e7\u00e3o n\u00e3o gerenciada gera riscos \u00e0 reputa\u00e7\u00e3o.<\/p>\n<p>&nbsp;<\/p>\n<p><em>Esta tradu\u00e7\u00e3o foi feita com IA. <a href=\"http:\/\/llyc.global\/corporate-affairs\/tendencias\/value-washing-cuando-la-comunicacion-carece-de-gestion-que-la-fundamente\/\">Leia o artigo em seu idioma original.<\/a><\/em><\/p>\n","protected":false},"excerpt":{"rendered":"<p>Durante o primeiro semestre de 2024, houve v\u00e1rios anivers\u00e1rios ou datas de comemora\u00e7\u00e3o global, como o Dia da Mulher, o Dia do Homem, o Dia da Educa\u00e7\u00e3o Ambiental, a Hora do Planeta, entre muitos outros. Agora, com a aproxima\u00e7\u00e3o da comemora\u00e7\u00e3o dos direitos das popula\u00e7\u00f5es LGBTIQ+, mais conhecida como Dia do Orgulho, v\u00e1rias empresas e [&hellip;]<\/p>\n","protected":false},"author":22,"featured_media":0,"comment_status":"closed","ping_status":"closed","sticky":false,"template":"","format":"standard","meta":{"_acf_changed":false,"_et_pb_use_builder":"","_et_pb_old_content":"","_et_gb_content_width":"","footnotes":""},"categories":[135],"class_list":["post-179045","post","type-post","status-publish","format-standard","hentry","category-corporate-affairs"],"acf":[],"yoast_head":"<!-- This site is optimized with the Yoast SEO Premium plugin v24.7 (Yoast SEO v24.7) - https:\/\/yoast.com\/wordpress\/plugins\/seo\/ -->\n<title>Lavagem de valor: quando a comunica\u00e7\u00e3o carece de gerenciamento que a sustente - LLYC<\/title>\n<meta name=\"description\" content=\"Descubra o que \u00e9 lavagem de valor e como evit\u00e1-la nas comunica\u00e7\u00f5es corporativas para proteger a reputa\u00e7\u00e3o e a credibilidade de sua marca.\" \/>\n<meta name=\"robots\" content=\"index, follow, max-snippet:-1, max-image-preview:large, max-video-preview:-1\" \/>\n<link rel=\"canonical\" href=\"https:\/\/llyc.global\/pt-br\/corporate-affairs\/tendencias\/lavagem-de-valor-quando-a-comunicacao-carece-de-gerenciamento-que-a-sustente\/\" \/>\n<meta property=\"og:locale\" content=\"pt_BR\" \/>\n<meta property=\"og:type\" content=\"article\" \/>\n<meta property=\"og:title\" content=\"Lavagem de valor: quando a comunica\u00e7\u00e3o carece de gerenciamento que a sustente\" \/>\n<meta property=\"og:description\" content=\"Descubra o que \u00e9 lavagem de valor e como evit\u00e1-la nas comunica\u00e7\u00f5es corporativas para proteger a reputa\u00e7\u00e3o e a credibilidade de sua marca.\" \/>\n<meta property=\"og:url\" content=\"https:\/\/llyc.global\/pt-br\/corporate-affairs\/tendencias\/lavagem-de-valor-quando-a-comunicacao-carece-de-gerenciamento-que-a-sustente\/\" \/>\n<meta property=\"og:site_name\" content=\"LLYC\" \/>\n<meta property=\"article:publisher\" content=\"https:\/\/www.facebook.com\/LLYC.Global\/\" \/>\n<meta property=\"article:published_time\" content=\"2024-06-01T13:52:08+00:00\" \/>\n<meta property=\"article:modified_time\" content=\"2025-02-13T11:56:31+00:00\" \/>\n<meta property=\"og:image\" content=\"https:\/\/llyc.global\/wp-content\/uploads\/2024\/06\/Mobile-355-317.jpg\" \/>\n\t<meta property=\"og:image:width\" content=\"356\" \/>\n\t<meta property=\"og:image:height\" content=\"318\" \/>\n\t<meta property=\"og:image:type\" content=\"image\/jpeg\" \/>\n<meta name=\"author\" content=\"Karla Cruz Cabrera\" \/>\n<meta name=\"twitter:card\" content=\"summary_large_image\" \/>\n<meta name=\"twitter:creator\" content=\"@llorenteycuenca\" \/>\n<meta name=\"twitter:site\" content=\"@llorenteycuenca\" \/>\n<meta name=\"twitter:label1\" content=\"Written by\" \/>\n\t<meta name=\"twitter:data1\" content=\"Karla Cruz Cabrera\" \/>\n\t<meta name=\"twitter:label2\" content=\"Est. reading time\" \/>\n\t<meta name=\"twitter:data2\" content=\"4 minutos\" \/>\n<!-- \/ Yoast SEO Premium plugin. -->","yoast_head_json":{"title":"Lavagem de valor: quando a comunica\u00e7\u00e3o carece de gerenciamento que a sustente - LLYC","description":"Descubra o que \u00e9 lavagem de valor e como evit\u00e1-la nas comunica\u00e7\u00f5es corporativas para proteger a reputa\u00e7\u00e3o e a credibilidade de sua marca.","robots":{"index":"index","follow":"follow","max-snippet":"max-snippet:-1","max-image-preview":"max-image-preview:large","max-video-preview":"max-video-preview:-1"},"canonical":"https:\/\/llyc.global\/pt-br\/corporate-affairs\/tendencias\/lavagem-de-valor-quando-a-comunicacao-carece-de-gerenciamento-que-a-sustente\/","og_locale":"pt_BR","og_type":"article","og_title":"Lavagem de valor: quando a comunica\u00e7\u00e3o carece de gerenciamento que a sustente","og_description":"Descubra o que \u00e9 lavagem de valor e como evit\u00e1-la nas comunica\u00e7\u00f5es corporativas para proteger a reputa\u00e7\u00e3o e a credibilidade de sua marca.","og_url":"https:\/\/llyc.global\/pt-br\/corporate-affairs\/tendencias\/lavagem-de-valor-quando-a-comunicacao-carece-de-gerenciamento-que-a-sustente\/","og_site_name":"LLYC","article_publisher":"https:\/\/www.facebook.com\/LLYC.Global\/","article_published_time":"2024-06-01T13:52:08+00:00","article_modified_time":"2025-02-13T11:56:31+00:00","og_image":[{"width":356,"height":318,"url":"https:\/\/llyc.global\/wp-content\/uploads\/2024\/06\/Mobile-355-317.jpg","type":"image\/jpeg"}],"author":"Karla Cruz Cabrera","twitter_card":"summary_large_image","twitter_creator":"@llorenteycuenca","twitter_site":"@llorenteycuenca","twitter_misc":{"Written by":"Karla Cruz Cabrera","Est. reading time":"4 minutos"},"schema":{"@context":"https:\/\/schema.org","@graph":[{"@type":"WebPage","@id":"https:\/\/llyc.global\/pt-br\/corporate-affairs\/tendencias\/lavagem-de-valor-quando-a-comunicacao-carece-de-gerenciamento-que-a-sustente\/","url":"https:\/\/llyc.global\/pt-br\/corporate-affairs\/tendencias\/lavagem-de-valor-quando-a-comunicacao-carece-de-gerenciamento-que-a-sustente\/","name":"Lavagem de valor: quando a comunica\u00e7\u00e3o carece de gerenciamento que a sustente - LLYC","isPartOf":{"@id":"https:\/\/llyc.global\/pt-br\/#website"},"datePublished":"2024-06-01T13:52:08+00:00","dateModified":"2025-02-13T11:56:31+00:00","author":{"@id":"https:\/\/llyc.global\/pt-br\/#\/schema\/person\/54becd68bec7ae94ccaaa5662a99fef9"},"description":"Descubra o que \u00e9 lavagem de valor e como evit\u00e1-la nas comunica\u00e7\u00f5es corporativas para proteger a reputa\u00e7\u00e3o e a credibilidade de sua marca.","breadcrumb":{"@id":"https:\/\/llyc.global\/pt-br\/corporate-affairs\/tendencias\/lavagem-de-valor-quando-a-comunicacao-carece-de-gerenciamento-que-a-sustente\/#breadcrumb"},"inLanguage":"pt-BR","potentialAction":[{"@type":"ReadAction","target":["https:\/\/llyc.global\/pt-br\/corporate-affairs\/tendencias\/lavagem-de-valor-quando-a-comunicacao-carece-de-gerenciamento-que-a-sustente\/"]}]},{"@type":"BreadcrumbList","@id":"https:\/\/llyc.global\/pt-br\/corporate-affairs\/tendencias\/lavagem-de-valor-quando-a-comunicacao-carece-de-gerenciamento-que-a-sustente\/#breadcrumb","itemListElement":[{"@type":"ListItem","position":1,"name":"Home","item":"https:\/\/llyc.global\/pt-br\/"},{"@type":"ListItem","position":2,"name":"Lavagem de valor: quando a comunica\u00e7\u00e3o carece de gerenciamento que a sustente"}]},{"@type":"WebSite","@id":"https:\/\/llyc.global\/pt-br\/#website","url":"https:\/\/llyc.global\/pt-br\/","name":"LLYC","description":"Consultoria de comunicaci\u00f3n marketing y asuntos p\u00fablicos","potentialAction":[{"@type":"SearchAction","target":{"@type":"EntryPoint","urlTemplate":"https:\/\/llyc.global\/pt-br\/?s={search_term_string}"},"query-input":{"@type":"PropertyValueSpecification","valueRequired":true,"valueName":"search_term_string"}}],"inLanguage":"pt-BR"},{"@type":"Person","@id":"https:\/\/llyc.global\/pt-br\/#\/schema\/person\/54becd68bec7ae94ccaaa5662a99fef9","name":"Karla Cruz Cabrera","image":{"@type":"ImageObject","inLanguage":"pt-BR","@id":"https:\/\/llyc.global\/pt-br\/#\/schema\/person\/image\/","url":"https:\/\/secure.gravatar.com\/avatar\/7d7f7916b167732e8952fd54d1a28124?s=96&d=mm&r=g","contentUrl":"https:\/\/secure.gravatar.com\/avatar\/7d7f7916b167732e8952fd54d1a28124?s=96&d=mm&r=g","caption":"Karla Cruz Cabrera"}}]}},"_links":{"self":[{"href":"https:\/\/llyc.global\/pt-br\/wp-json\/wp\/v2\/posts\/179045","targetHints":{"allow":["GET"]}}],"collection":[{"href":"https:\/\/llyc.global\/pt-br\/wp-json\/wp\/v2\/posts"}],"about":[{"href":"https:\/\/llyc.global\/pt-br\/wp-json\/wp\/v2\/types\/post"}],"author":[{"embeddable":true,"href":"https:\/\/llyc.global\/pt-br\/wp-json\/wp\/v2\/users\/22"}],"replies":[{"embeddable":true,"href":"https:\/\/llyc.global\/pt-br\/wp-json\/wp\/v2\/comments?post=179045"}],"version-history":[{"count":4,"href":"https:\/\/llyc.global\/pt-br\/wp-json\/wp\/v2\/posts\/179045\/revisions"}],"predecessor-version":[{"id":179549,"href":"https:\/\/llyc.global\/pt-br\/wp-json\/wp\/v2\/posts\/179045\/revisions\/179549"}],"wp:attachment":[{"href":"https:\/\/llyc.global\/pt-br\/wp-json\/wp\/v2\/media?parent=179045"}],"wp:term":[{"taxonomy":"category","embeddable":true,"href":"https:\/\/llyc.global\/pt-br\/wp-json\/wp\/v2\/categories?post=179045"}],"curies":[{"name":"wp","href":"https:\/\/api.w.org\/{rel}","templated":true}]}}