{"id":199024,"date":"2025-04-02T16:33:56","date_gmt":"2025-04-02T14:33:56","guid":{"rendered":"https:\/\/llyc.global\/?p=199024"},"modified":"2025-04-02T16:39:01","modified_gmt":"2025-04-02T14:39:01","slug":"escolhido-como-o-novo-parceiro-do-mercado-livre-para-sua-plataforma-de-comercio-eletronico-no-mexico","status":"publish","type":"post","link":"https:\/\/llyc.global\/pt-br\/corporate-affairs\/tendencias\/escolhido-como-o-novo-parceiro-do-mercado-livre-para-sua-plataforma-de-comercio-eletronico-no-mexico\/","title":{"rendered":"Escolhido como o novo parceiro do Mercado Livre para sua plataforma de com\u00e9rcio eletr\u00f4nico no M\u00e9xico"},"content":{"rendered":"<p>O melhor est\u00e1 chegando!<\/p>\n<p>Temos \u00f3timas not\u00edcias:<strong> o Mercado Libre nos escolheu como sua nova ag\u00eancia de RP no M\u00e9xico para sua plataforma de com\u00e9rcio eletr\u00f4nico.<\/strong><\/p>\n<p>\u00c9 com orgulho que assumimos o desafio de impulsionar o posicionamento do l\u00edder do com\u00e9rcio eletr\u00f4nico na Am\u00e9rica Latina, desenvolvendo uma estrat\u00e9gia baseada em dados e criatividade para ampliar sua lideran\u00e7a na m\u00eddia.<\/p>\n<p>O Mercado Livre \u00e9 o <strong>l\u00edder em com\u00e9rcio eletr\u00f4nico na Am\u00e9rica Latina e no M\u00e9xico<\/strong>, uma empresa que existe h\u00e1 25 anos, opera em 18 pa\u00edses e est\u00e1 entre as 100 maiores da Nasdaq. Apesar desse grande crescimento, nunca perdeu seu cora\u00e7\u00e3o e cultura de startup, e hoje \u00e9 reconhecido como um \u00f3timo lugar para se trabalhar.<\/p>\n<p>Ao comentar nossa chegada \u00e0 equipe de comunica\u00e7\u00e3o, Vanessa Rivas, Diretora de Rela\u00e7\u00f5es P\u00fablicas Hisp\u00e2nicas do Mercado Livre, disse: \u201cNo Mercado Livre, estamos convencidos de que as comunica\u00e7\u00f5es estrat\u00e9gicas, criativas e orientadas por dados s\u00e3o fundamentais para continuar consolidando nossa lideran\u00e7a no com\u00e9rcio eletr\u00f4nico. \u00c9 por isso que estamos entusiasmados em adicionar a LLYC como nosso novo parceiro de RP no M\u00e9xico para o neg\u00f3cio de com\u00e9rcio eletr\u00f4nico. Sua experi\u00eancia e vis\u00e3o nos ajudar\u00e3o a ampliar o impacto de nossas hist\u00f3rias e a continuar a nos conectar com os milh\u00f5es de pessoas que escolhem e confiam em nossa plataforma todos os dias.<\/p>\n<p>A empresa transformou a maneira como compramos e vendemos na regi\u00e3o, estabelecendo-se como l\u00edder do setor. Agora, juntos, <strong>trabalharemos para levar sua comunica\u00e7\u00e3o ao pr\u00f3ximo n\u00edvel.<\/strong><\/p>\n<p>Obrigado, Mercado Libre, por confiar em n\u00f3s!<br \/>\n&nbsp;<br \/>\n&nbsp;<br \/>\n<em><em>Esta tradu\u00e7\u00e3o foi feita com IA. <a href=\"https:\/\/llyc.global\/pt-br\/corporate-affairs\/tendencias\/tendencias\/escolhido-como-o-novo-parceiro-do-mercado-livre-para-sua-plataforma-de-comercio-eletronico-no-mexico\/\">Leia o artigo em seu idioma original.<\/a><\/em><\/em><\/p>\n","protected":false},"excerpt":{"rendered":"<p>O melhor est\u00e1 chegando! Temos \u00f3timas not\u00edcias: o Mercado Libre nos escolheu como sua nova ag\u00eancia de RP no M\u00e9xico para sua plataforma de com\u00e9rcio eletr\u00f4nico. \u00c9 com orgulho que assumimos o desafio de impulsionar o posicionamento do l\u00edder do com\u00e9rcio eletr\u00f4nico na Am\u00e9rica Latina, desenvolvendo uma estrat\u00e9gia baseada em dados e criatividade para ampliar [&hellip;]<\/p>\n","protected":false},"author":22,"featured_media":0,"comment_status":"closed","ping_status":"closed","sticky":false,"template":"","format":"standard","meta":{"_acf_changed":false,"_et_pb_use_builder":"","_et_pb_old_content":"","_et_gb_content_width":"","footnotes":""},"categories":[135],"class_list":["post-199024","post","type-post","status-publish","format-standard","hentry","category-corporate-affairs"],"acf":[],"yoast_head":"<!-- This site is optimized with the Yoast SEO Premium plugin v24.7 (Yoast SEO v24.7) - https:\/\/yoast.com\/wordpress\/plugins\/seo\/ -->\n<title>Novo parceiro do Mercado Livre no M\u00e9xico para seu e-commerce - LLYC<\/title>\n<meta name=\"description\" content=\"Novo parceiro do Mercado Livre no M\u00e9xico. Como ag\u00eancia de PR, vamos impulsionar sua plataforma de e-commerce e o com\u00e9rcio eletr\u00f4nico na Am\u00e9rica Latina.\" \/>\n<meta name=\"robots\" content=\"index, follow, max-snippet:-1, max-image-preview:large, max-video-preview:-1\" \/>\n<link rel=\"canonical\" href=\"https:\/\/llyc.global\/pt-br\/corporate-affairs\/tendencias\/escolhido-como-o-novo-parceiro-do-mercado-livre-para-sua-plataforma-de-comercio-eletronico-no-mexico\/\" \/>\n<meta property=\"og:locale\" content=\"pt_BR\" \/>\n<meta property=\"og:type\" content=\"article\" \/>\n<meta property=\"og:title\" content=\"Escolhido como o novo parceiro do Mercado Livre para sua plataforma de com\u00e9rcio eletr\u00f4nico no M\u00e9xico\" \/>\n<meta property=\"og:description\" content=\"Novo parceiro do Mercado Livre no M\u00e9xico. Como ag\u00eancia de PR, vamos impulsionar sua plataforma de e-commerce e o com\u00e9rcio eletr\u00f4nico na Am\u00e9rica Latina.\" \/>\n<meta property=\"og:url\" content=\"https:\/\/llyc.global\/pt-br\/corporate-affairs\/tendencias\/escolhido-como-o-novo-parceiro-do-mercado-livre-para-sua-plataforma-de-comercio-eletronico-no-mexico\/\" \/>\n<meta property=\"og:site_name\" content=\"LLYC\" \/>\n<meta property=\"article:publisher\" content=\"https:\/\/www.facebook.com\/LLYC.Global\/\" \/>\n<meta property=\"article:published_time\" content=\"2025-04-02T14:33:56+00:00\" \/>\n<meta property=\"article:modified_time\" content=\"2025-04-02T14:39:01+00:00\" \/>\n<meta property=\"og:image\" content=\"https:\/\/llyc.global\/wp-content\/uploads\/2025\/03\/ARO_mobile.jpg\" \/>\n\t<meta property=\"og:image:width\" content=\"354\" \/>\n\t<meta property=\"og:image:height\" content=\"316\" \/>\n\t<meta property=\"og:image:type\" content=\"image\/jpeg\" \/>\n<meta name=\"author\" content=\"Karla Cruz Cabrera\" \/>\n<meta name=\"twitter:card\" content=\"summary_large_image\" \/>\n<meta name=\"twitter:creator\" content=\"@llorenteycuenca\" \/>\n<meta name=\"twitter:site\" content=\"@llorenteycuenca\" \/>\n<meta name=\"twitter:label1\" content=\"Written by\" \/>\n\t<meta name=\"twitter:data1\" content=\"Karla Cruz Cabrera\" \/>\n\t<meta name=\"twitter:label2\" content=\"Est. reading time\" \/>\n\t<meta name=\"twitter:data2\" content=\"2 minutos\" \/>\n<!-- \/ Yoast SEO Premium plugin. -->","yoast_head_json":{"title":"Novo parceiro do Mercado Livre no M\u00e9xico para seu e-commerce - LLYC","description":"Novo parceiro do Mercado Livre no M\u00e9xico. Como ag\u00eancia de PR, vamos impulsionar sua plataforma de e-commerce e o com\u00e9rcio eletr\u00f4nico na Am\u00e9rica Latina.","robots":{"index":"index","follow":"follow","max-snippet":"max-snippet:-1","max-image-preview":"max-image-preview:large","max-video-preview":"max-video-preview:-1"},"canonical":"https:\/\/llyc.global\/pt-br\/corporate-affairs\/tendencias\/escolhido-como-o-novo-parceiro-do-mercado-livre-para-sua-plataforma-de-comercio-eletronico-no-mexico\/","og_locale":"pt_BR","og_type":"article","og_title":"Escolhido como o novo parceiro do Mercado Livre para sua plataforma de com\u00e9rcio eletr\u00f4nico no M\u00e9xico","og_description":"Novo parceiro do Mercado Livre no M\u00e9xico. Como ag\u00eancia de PR, vamos impulsionar sua plataforma de e-commerce e o com\u00e9rcio eletr\u00f4nico na Am\u00e9rica Latina.","og_url":"https:\/\/llyc.global\/pt-br\/corporate-affairs\/tendencias\/escolhido-como-o-novo-parceiro-do-mercado-livre-para-sua-plataforma-de-comercio-eletronico-no-mexico\/","og_site_name":"LLYC","article_publisher":"https:\/\/www.facebook.com\/LLYC.Global\/","article_published_time":"2025-04-02T14:33:56+00:00","article_modified_time":"2025-04-02T14:39:01+00:00","og_image":[{"width":354,"height":316,"url":"https:\/\/llyc.global\/wp-content\/uploads\/2025\/03\/ARO_mobile.jpg","type":"image\/jpeg"}],"author":"Karla Cruz Cabrera","twitter_card":"summary_large_image","twitter_creator":"@llorenteycuenca","twitter_site":"@llorenteycuenca","twitter_misc":{"Written by":"Karla Cruz Cabrera","Est. reading time":"2 minutos"},"schema":{"@context":"https:\/\/schema.org","@graph":[{"@type":"WebPage","@id":"https:\/\/llyc.global\/pt-br\/corporate-affairs\/tendencias\/escolhido-como-o-novo-parceiro-do-mercado-livre-para-sua-plataforma-de-comercio-eletronico-no-mexico\/","url":"https:\/\/llyc.global\/pt-br\/corporate-affairs\/tendencias\/escolhido-como-o-novo-parceiro-do-mercado-livre-para-sua-plataforma-de-comercio-eletronico-no-mexico\/","name":"Novo parceiro do Mercado Livre no M\u00e9xico para seu e-commerce - LLYC","isPartOf":{"@id":"https:\/\/llyc.global\/pt-br\/#website"},"datePublished":"2025-04-02T14:33:56+00:00","dateModified":"2025-04-02T14:39:01+00:00","author":{"@id":"https:\/\/llyc.global\/pt-br\/#\/schema\/person\/54becd68bec7ae94ccaaa5662a99fef9"},"description":"Novo parceiro do Mercado Livre no M\u00e9xico. Como ag\u00eancia de PR, vamos impulsionar sua plataforma de e-commerce e o com\u00e9rcio eletr\u00f4nico na Am\u00e9rica Latina.","breadcrumb":{"@id":"https:\/\/llyc.global\/pt-br\/corporate-affairs\/tendencias\/escolhido-como-o-novo-parceiro-do-mercado-livre-para-sua-plataforma-de-comercio-eletronico-no-mexico\/#breadcrumb"},"inLanguage":"pt-BR","potentialAction":[{"@type":"ReadAction","target":["https:\/\/llyc.global\/pt-br\/corporate-affairs\/tendencias\/escolhido-como-o-novo-parceiro-do-mercado-livre-para-sua-plataforma-de-comercio-eletronico-no-mexico\/"]}]},{"@type":"BreadcrumbList","@id":"https:\/\/llyc.global\/pt-br\/corporate-affairs\/tendencias\/escolhido-como-o-novo-parceiro-do-mercado-livre-para-sua-plataforma-de-comercio-eletronico-no-mexico\/#breadcrumb","itemListElement":[{"@type":"ListItem","position":1,"name":"Home","item":"https:\/\/llyc.global\/pt-br\/"},{"@type":"ListItem","position":2,"name":"Escolhido como o novo parceiro do Mercado Livre para sua plataforma de com\u00e9rcio eletr\u00f4nico no M\u00e9xico"}]},{"@type":"WebSite","@id":"https:\/\/llyc.global\/pt-br\/#website","url":"https:\/\/llyc.global\/pt-br\/","name":"LLYC","description":"Consultoria de comunicaci\u00f3n marketing y asuntos p\u00fablicos","potentialAction":[{"@type":"SearchAction","target":{"@type":"EntryPoint","urlTemplate":"https:\/\/llyc.global\/pt-br\/?s={search_term_string}"},"query-input":{"@type":"PropertyValueSpecification","valueRequired":true,"valueName":"search_term_string"}}],"inLanguage":"pt-BR"},{"@type":"Person","@id":"https:\/\/llyc.global\/pt-br\/#\/schema\/person\/54becd68bec7ae94ccaaa5662a99fef9","name":"Karla Cruz Cabrera","image":{"@type":"ImageObject","inLanguage":"pt-BR","@id":"https:\/\/llyc.global\/pt-br\/#\/schema\/person\/image\/","url":"https:\/\/secure.gravatar.com\/avatar\/7d7f7916b167732e8952fd54d1a28124?s=96&d=mm&r=g","contentUrl":"https:\/\/secure.gravatar.com\/avatar\/7d7f7916b167732e8952fd54d1a28124?s=96&d=mm&r=g","caption":"Karla Cruz Cabrera"}}]}},"_links":{"self":[{"href":"https:\/\/llyc.global\/pt-br\/wp-json\/wp\/v2\/posts\/199024","targetHints":{"allow":["GET"]}}],"collection":[{"href":"https:\/\/llyc.global\/pt-br\/wp-json\/wp\/v2\/posts"}],"about":[{"href":"https:\/\/llyc.global\/pt-br\/wp-json\/wp\/v2\/types\/post"}],"author":[{"embeddable":true,"href":"https:\/\/llyc.global\/pt-br\/wp-json\/wp\/v2\/users\/22"}],"replies":[{"embeddable":true,"href":"https:\/\/llyc.global\/pt-br\/wp-json\/wp\/v2\/comments?post=199024"}],"version-history":[{"count":5,"href":"https:\/\/llyc.global\/pt-br\/wp-json\/wp\/v2\/posts\/199024\/revisions"}],"predecessor-version":[{"id":199107,"href":"https:\/\/llyc.global\/pt-br\/wp-json\/wp\/v2\/posts\/199024\/revisions\/199107"}],"wp:attachment":[{"href":"https:\/\/llyc.global\/pt-br\/wp-json\/wp\/v2\/media?parent=199024"}],"wp:term":[{"taxonomy":"category","embeddable":true,"href":"https:\/\/llyc.global\/pt-br\/wp-json\/wp\/v2\/categories?post=199024"}],"curies":[{"name":"wp","href":"https:\/\/api.w.org\/{rel}","templated":true}]}}