{"id":209929,"date":"2025-04-22T15:55:16","date_gmt":"2025-04-22T13:55:16","guid":{"rendered":"https:\/\/llyc.global\/?p=209929"},"modified":"2025-04-22T15:55:20","modified_gmt":"2025-04-22T13:55:20","slug":"health-summit-2025-by-llyc-antecipando-o-futuro-do-setor-de-saude","status":"publish","type":"post","link":"https:\/\/llyc.global\/pt-br\/marketing\/health-summit-2025-by-llyc-antecipando-o-futuro-do-setor-de-saude\/","title":{"rendered":"Health Summit 2025 by LLYC: Antecipando o futuro do setor de sa\u00fade"},"content":{"rendered":"<p>Em uma reuni\u00e3o a portas fechadas, altos funcion\u00e1rios de institui\u00e7\u00f5es de sa\u00fade e representantes de empresas internacionais e nacionais se reuniram para participar da <strong>C\u00fapula de Sa\u00fade 2025: Desafios na inova\u00e7\u00e3o e digitaliza\u00e7\u00e3o da sa\u00fade no M\u00e9xico<\/strong>. Organizado pelas equipes de Sa\u00fade, Assuntos P\u00fablicos e Marketing da LLYC, esse f\u00f3rum teve como objetivo explorar as oportunidades e os desafios que o setor de sa\u00fade enfrenta em um ambiente que exige cada vez mais solu\u00e7\u00f5es e estrat\u00e9gias tecnol\u00f3gicas de ponta.<\/p>\n<p>Com a participa\u00e7\u00e3o de empresas como <strong>Pfizer, AstraZeneca, GSK, Boehringer, Servier, UCB, Lilly, Pierre Fabre, Vantive, Grupo Sohin e Auna<\/strong>, o evento combinou apresenta\u00e7\u00f5es com sess\u00f5es de perguntas e respostas, o que incentivou uma conversa pr\u00f3xima e a troca de aprendizado com os palestrantes convidados.<\/p>\n<p><strong>Uma agenda focada em inova\u00e7\u00e3o e digitaliza\u00e7\u00e3o:<\/strong><\/p>\n<ul>\n<li><strong>Influ\u00eancia digital no setor de sa\u00fade.<\/strong> <strong>Elizabeth Lavin, fundadora e presidente da Oncoayuda, e Rodrigo Saucedo<\/strong>, l\u00edder de sa\u00fade digital da Funda\u00e7\u00e3o Carlos Slim, destacaram como as comunidades digitais impulsionam a intera\u00e7\u00e3o e os cuidados com a sa\u00fade.<\/li>\n<li><strong>Health Foresights.<\/strong> <strong>Alex Gallardo<\/strong>, fundador do AGCS Strategic Design l Studio Lab, explicou a import\u00e2ncia de antecipar tend\u00eancias e conectar pontos-chave para desenvolver uma vis\u00e3o estrat\u00e9gica de longo prazo.<\/li>\n<li><strong>Estudo de caso: \u201cThe Most Natural Conversation\u201d (A conversa mais natural).<\/strong> <strong>Rodrigo Diaz<\/strong>, chefe de marketing da Galderma Aesthetics, e <strong>Valeria Escamilla<\/strong>, marketing digital da Galderma Aesthetics, juntamente com <strong>Aisha Hamud<\/strong> (LLYC), compartilharam o processo e os resultados dessa campanha, demonstrando a relev\u00e2ncia de uma abordagem criativa e planejada.<\/li>\n<li><strong>Health Caf\u00e9 (podcast do Grupo Expansi\u00f3n) ao vivo: \u201cEl Doctor Google No Existe\u201d.<\/strong> <strong>Juana Ram\u00edrez<\/strong>, fundadora, CEO e presidente do Grupo SOHIN, e <strong>o Dr. Fernando Castilleja<\/strong>, fundador e CEO da NuupHealth, discutiram como a tecnologia influencia a busca por informa\u00e7\u00f5es m\u00e9dicas e abordaram o futuro da sa\u00fade em um ambiente cada vez mais digital.<\/li>\n<\/ul>\n<p>Iniciativas como a <strong>Health Summit 2025<\/strong> refor\u00e7am o prop\u00f3sito da LLYC de criar espa\u00e7os de confian\u00e7a e reunir conhecimentos de diferentes perspectivas para enfrentar os desafios do setor de sa\u00fade. Nosso compromisso com os clientes e a sociedade se baseia no desenvolvimento de solu\u00e7\u00f5es baseadas em informa\u00e7\u00f5es rigorosas, antecipa\u00e7\u00e3o de cen\u00e1rios e estrat\u00e9gias eficazes que impulsionam a transforma\u00e7\u00e3o da sa\u00fade.<\/p>\n","protected":false},"excerpt":{"rendered":"<p>Em uma reuni\u00e3o a portas fechadas, altos funcion\u00e1rios de institui\u00e7\u00f5es de sa\u00fade e representantes de empresas internacionais e nacionais se reuniram para participar da C\u00fapula de Sa\u00fade 2025: Desafios na inova\u00e7\u00e3o e digitaliza\u00e7\u00e3o da sa\u00fade no M\u00e9xico. Organizado pelas equipes de Sa\u00fade, Assuntos P\u00fablicos e Marketing da LLYC, esse f\u00f3rum teve como objetivo explorar as [&hellip;]<\/p>\n","protected":false},"author":22,"featured_media":0,"comment_status":"closed","ping_status":"closed","sticky":false,"template":"","format":"standard","meta":{"_acf_changed":false,"_et_pb_use_builder":"","_et_pb_old_content":"","_et_gb_content_width":"","footnotes":""},"categories":[135,94],"class_list":["post-209929","post","type-post","status-publish","format-standard","hentry","category-corporate-affairs","category-marketing"],"acf":[],"yoast_head":"<!-- This site is optimized with the Yoast SEO Premium plugin v24.7 (Yoast SEO v24.7) - https:\/\/yoast.com\/wordpress\/plugins\/seo\/ -->\n<title>Health Summit 2025 - Inova\u00e7\u00e3o e transforma\u00e7\u00e3o digital na sa\u00fade - LLYC<\/title>\n<meta name=\"description\" content=\"Na Health Summit 2025 da LLYC M\u00e9xico, houve um debate sobre o setor, sua transforma\u00e7\u00e3o digital e estrat\u00e9gias para inova\u00e7\u00e3o em sa\u00fade.\" \/>\n<meta name=\"robots\" content=\"index, follow, max-snippet:-1, max-image-preview:large, max-video-preview:-1\" \/>\n<link rel=\"canonical\" href=\"https:\/\/llyc.global\/pt-br\/marketing\/health-summit-2025-by-llyc-antecipando-o-futuro-do-setor-de-saude\/\" \/>\n<meta property=\"og:locale\" content=\"pt_BR\" \/>\n<meta property=\"og:type\" content=\"article\" \/>\n<meta property=\"og:title\" content=\"Health Summit 2025 by LLYC: Antecipando o futuro do setor de sa\u00fade\" \/>\n<meta property=\"og:description\" content=\"Na Health Summit 2025 da LLYC M\u00e9xico, houve um debate sobre o setor, sua transforma\u00e7\u00e3o digital e estrat\u00e9gias para inova\u00e7\u00e3o em sa\u00fade.\" \/>\n<meta property=\"og:url\" content=\"https:\/\/llyc.global\/pt-br\/marketing\/health-summit-2025-by-llyc-antecipando-o-futuro-do-setor-de-saude\/\" \/>\n<meta property=\"og:site_name\" content=\"LLYC\" \/>\n<meta property=\"article:publisher\" content=\"https:\/\/www.facebook.com\/LLYC.Global\/\" \/>\n<meta property=\"article:published_time\" content=\"2025-04-22T13:55:16+00:00\" \/>\n<meta property=\"article:modified_time\" content=\"2025-04-22T13:55:20+00:00\" \/>\n<meta property=\"og:image\" content=\"https:\/\/llyc.global\/wp-content\/uploads\/2025\/04\/Summit_desktop.jpg\" \/>\n\t<meta property=\"og:image:width\" content=\"1691\" \/>\n\t<meta property=\"og:image:height\" content=\"648\" \/>\n\t<meta property=\"og:image:type\" content=\"image\/jpeg\" \/>\n<meta name=\"author\" content=\"Karla Cruz Cabrera\" \/>\n<meta name=\"twitter:card\" content=\"summary_large_image\" \/>\n<meta name=\"twitter:creator\" content=\"@llorenteycuenca\" \/>\n<meta name=\"twitter:site\" content=\"@llorenteycuenca\" \/>\n<meta name=\"twitter:label1\" content=\"Written by\" \/>\n\t<meta name=\"twitter:data1\" content=\"Karla Cruz Cabrera\" \/>\n\t<meta name=\"twitter:label2\" content=\"Est. reading time\" \/>\n\t<meta name=\"twitter:data2\" content=\"2 minutos\" \/>\n<!-- \/ Yoast SEO Premium plugin. -->","yoast_head_json":{"title":"Health Summit 2025 - Inova\u00e7\u00e3o e transforma\u00e7\u00e3o digital na sa\u00fade - LLYC","description":"Na Health Summit 2025 da LLYC M\u00e9xico, houve um debate sobre o setor, sua transforma\u00e7\u00e3o digital e estrat\u00e9gias para inova\u00e7\u00e3o em sa\u00fade.","robots":{"index":"index","follow":"follow","max-snippet":"max-snippet:-1","max-image-preview":"max-image-preview:large","max-video-preview":"max-video-preview:-1"},"canonical":"https:\/\/llyc.global\/pt-br\/marketing\/health-summit-2025-by-llyc-antecipando-o-futuro-do-setor-de-saude\/","og_locale":"pt_BR","og_type":"article","og_title":"Health Summit 2025 by LLYC: Antecipando o futuro do setor de sa\u00fade","og_description":"Na Health Summit 2025 da LLYC M\u00e9xico, houve um debate sobre o setor, sua transforma\u00e7\u00e3o digital e estrat\u00e9gias para inova\u00e7\u00e3o em sa\u00fade.","og_url":"https:\/\/llyc.global\/pt-br\/marketing\/health-summit-2025-by-llyc-antecipando-o-futuro-do-setor-de-saude\/","og_site_name":"LLYC","article_publisher":"https:\/\/www.facebook.com\/LLYC.Global\/","article_published_time":"2025-04-22T13:55:16+00:00","article_modified_time":"2025-04-22T13:55:20+00:00","og_image":[{"width":1691,"height":648,"url":"https:\/\/llyc.global\/wp-content\/uploads\/2025\/04\/Summit_desktop.jpg","type":"image\/jpeg"}],"author":"Karla Cruz Cabrera","twitter_card":"summary_large_image","twitter_creator":"@llorenteycuenca","twitter_site":"@llorenteycuenca","twitter_misc":{"Written by":"Karla Cruz Cabrera","Est. reading time":"2 minutos"},"schema":{"@context":"https:\/\/schema.org","@graph":[{"@type":"WebPage","@id":"https:\/\/llyc.global\/pt-br\/marketing\/health-summit-2025-by-llyc-antecipando-o-futuro-do-setor-de-saude\/","url":"https:\/\/llyc.global\/pt-br\/marketing\/health-summit-2025-by-llyc-antecipando-o-futuro-do-setor-de-saude\/","name":"Health Summit 2025 - Inova\u00e7\u00e3o e transforma\u00e7\u00e3o digital na sa\u00fade - LLYC","isPartOf":{"@id":"https:\/\/llyc.global\/pt-br\/#website"},"datePublished":"2025-04-22T13:55:16+00:00","dateModified":"2025-04-22T13:55:20+00:00","author":{"@id":"https:\/\/llyc.global\/pt-br\/#\/schema\/person\/54becd68bec7ae94ccaaa5662a99fef9"},"description":"Na Health Summit 2025 da LLYC M\u00e9xico, houve um debate sobre o setor, sua transforma\u00e7\u00e3o digital e estrat\u00e9gias para inova\u00e7\u00e3o em sa\u00fade.","breadcrumb":{"@id":"https:\/\/llyc.global\/pt-br\/marketing\/health-summit-2025-by-llyc-antecipando-o-futuro-do-setor-de-saude\/#breadcrumb"},"inLanguage":"pt-BR","potentialAction":[{"@type":"ReadAction","target":["https:\/\/llyc.global\/pt-br\/marketing\/health-summit-2025-by-llyc-antecipando-o-futuro-do-setor-de-saude\/"]}]},{"@type":"BreadcrumbList","@id":"https:\/\/llyc.global\/pt-br\/marketing\/health-summit-2025-by-llyc-antecipando-o-futuro-do-setor-de-saude\/#breadcrumb","itemListElement":[{"@type":"ListItem","position":1,"name":"Home","item":"https:\/\/llyc.global\/pt-br\/"},{"@type":"ListItem","position":2,"name":"Health Summit 2025 by LLYC: Antecipando o futuro do setor de sa\u00fade"}]},{"@type":"WebSite","@id":"https:\/\/llyc.global\/pt-br\/#website","url":"https:\/\/llyc.global\/pt-br\/","name":"LLYC","description":"Consultoria de comunicaci\u00f3n marketing y asuntos p\u00fablicos","potentialAction":[{"@type":"SearchAction","target":{"@type":"EntryPoint","urlTemplate":"https:\/\/llyc.global\/pt-br\/?s={search_term_string}"},"query-input":{"@type":"PropertyValueSpecification","valueRequired":true,"valueName":"search_term_string"}}],"inLanguage":"pt-BR"},{"@type":"Person","@id":"https:\/\/llyc.global\/pt-br\/#\/schema\/person\/54becd68bec7ae94ccaaa5662a99fef9","name":"Karla Cruz Cabrera","image":{"@type":"ImageObject","inLanguage":"pt-BR","@id":"https:\/\/llyc.global\/pt-br\/#\/schema\/person\/image\/","url":"https:\/\/secure.gravatar.com\/avatar\/7d7f7916b167732e8952fd54d1a28124?s=96&d=mm&r=g","contentUrl":"https:\/\/secure.gravatar.com\/avatar\/7d7f7916b167732e8952fd54d1a28124?s=96&d=mm&r=g","caption":"Karla Cruz Cabrera"}}]}},"_links":{"self":[{"href":"https:\/\/llyc.global\/pt-br\/wp-json\/wp\/v2\/posts\/209929","targetHints":{"allow":["GET"]}}],"collection":[{"href":"https:\/\/llyc.global\/pt-br\/wp-json\/wp\/v2\/posts"}],"about":[{"href":"https:\/\/llyc.global\/pt-br\/wp-json\/wp\/v2\/types\/post"}],"author":[{"embeddable":true,"href":"https:\/\/llyc.global\/pt-br\/wp-json\/wp\/v2\/users\/22"}],"replies":[{"embeddable":true,"href":"https:\/\/llyc.global\/pt-br\/wp-json\/wp\/v2\/comments?post=209929"}],"version-history":[{"count":2,"href":"https:\/\/llyc.global\/pt-br\/wp-json\/wp\/v2\/posts\/209929\/revisions"}],"predecessor-version":[{"id":209939,"href":"https:\/\/llyc.global\/pt-br\/wp-json\/wp\/v2\/posts\/209929\/revisions\/209939"}],"wp:attachment":[{"href":"https:\/\/llyc.global\/pt-br\/wp-json\/wp\/v2\/media?parent=209929"}],"wp:term":[{"taxonomy":"category","embeddable":true,"href":"https:\/\/llyc.global\/pt-br\/wp-json\/wp\/v2\/categories?post=209929"}],"curies":[{"name":"wp","href":"https:\/\/api.w.org\/{rel}","templated":true}]}}