{"id":409106,"date":"2025-10-31T12:42:44","date_gmt":"2025-10-31T11:42:44","guid":{"rendered":"https:\/\/llyc.global\/ideas\/luisa-garcia-gana-en-los-xii-premios-mujeres-a-seguir-2025-en-publicidad-marketing\/"},"modified":"2025-10-31T13:50:23","modified_gmt":"2025-10-31T12:50:23","slug":"luisa-garcia-vence-nos-xii-premios-mujeres-a-seguir-2025-em-publicidade-marketing","status":"publish","type":"post","link":"https:\/\/llyc.global\/pt-br\/marketing\/tendencias\/luisa-garcia-vence-nos-xii-premios-mujeres-a-seguir-2025-em-publicidade-marketing\/","title":{"rendered":"Luisa Garc\u00eda vence no XII Pr\u00eamios Mujeres a Seguir 2025 em Publicidade\u2013Marketing"},"content":{"rendered":"<p>Luisa Garc\u00eda, S\u00f3cia e CEO Global de Corporate Affairs da LLYC, recebeu o  <a href=\"https:\/\/www.marketingnews.es\/profesionales\/noticia\/1190518031505\/luisa-garcia-llyc-premio-mujeres-a-seguir-2025-en-la-categoria-publicidad-y-marketing.1.html\" target=\"_blank\" rel=\"noopener\"> <b> Pr\u00eamio Mujeres a Seguir 2025 na categoria de Publicidade\u2013Marketing <\/b> <\/a>, em uma cerim\u00f4nia realizada no Audit\u00f3rio Santander Espanha. Ela foi reconhecida entre as nove profissionais premiadas este ano por sua trajet\u00f3ria, impacto e compromisso com o futuro da comunica\u00e7\u00e3o.<\/p>\n<p><strong>O pr\u00eamio reconhece profissionais que est\u00e3o redefinindo a comunica\u00e7\u00e3o a partir de sua capacidade de influenciar, inspirar e abrir conversas<\/strong>. No caso de Luisa, o j\u00fari destacou especialmente seu papel em integrar igualdade e tecnologia na comunica\u00e7\u00e3o, promovendo ferramentas baseadas em intelig\u00eancia artificial que ajudam a detectar vieses de g\u00eanero e incentivam uma narrativa mais diversa e inclusiva. Uma vis\u00e3o que combina estrat\u00e9gia e prop\u00f3sito em um momento em que a conversa p\u00fablica exige novas lideran\u00e7as capazes de inspirar confian\u00e7a.<\/p>\n<p>Os Premios Mujeres a Seguir, que celebram sua d\u00e9cima segunda edi\u00e7\u00e3o, nasceram para <strong>dar visibilidade ao talento feminino em diferentes \u00e1reas<\/strong>. Nesta edi\u00e7\u00e3o, o reconhecimento a Luisa <strong>valoriza sua lideran\u00e7a internacional \u00e0 frente da \u00e1rea global de Corporate Affairs da LLYC<\/strong>, uma pr\u00e1tica presente na Europa, Estados Unidos e Am\u00e9rica Latina, e sua capacidade de transformar a comunica\u00e7\u00e3o em uma ferramenta de mudan\u00e7a.<\/p>\n<p>Seu nome figura em listas como <strong>100 Mulheres Mais Influentes da Espanha<\/strong> (Forbes), <strong>Yo Dona 500<\/strong>, <strong>Forbes 50 Over 50<\/strong> e <strong>LinkedIn Top Voices<\/strong>, consolidando-a como uma das <strong>executivas mais influentes em comunica\u00e7\u00e3o estrat\u00e9gica na Europa e Am\u00e9rica Latina<\/strong>.<\/p>\n<p>Al\u00e9m disso, Luisa fez da <strong>igualdade de g\u00eanero<\/strong> um eixo central de sua lideran\u00e7a. Ela impulsionou <strong>pesquisas e campanhas<\/strong> como <em>Mulheres Sem Nome<\/em> (2023), <em>Sem foco<\/em> (2024) e <em>Sem Filtro<\/em> (2025), que contribu\u00edram para <strong>visibilizar vieses de g\u00eanero em m\u00eddia e redes sociais<\/strong>, gerando um debate social que vai al\u00e9m do \u00e2mbito empresarial.<\/p>\n<p>O reconhecimento do Mujeres a Seguir refor\u00e7a n\u00e3o apenas seu papel como refer\u00eancia na ind\u00fastria, mas tamb\u00e9m <strong>sua convic\u00e7\u00e3o de que dar visibilidade ao talento feminino \u00e9 uma alavanca de transforma\u00e7\u00e3o real e sustent\u00e1vel para as organiza\u00e7\u00f5es<\/strong>.<\/p>\n","protected":false},"excerpt":{"rendered":"<p>Luisa Garc\u00eda, S\u00f3cia e CEO Global de Corporate Affairs da LLYC, recebeu o Pr\u00eamio Mujeres a Seguir 2025 na categoria de Publicidade\u2013Marketing , em uma cerim\u00f4nia realizada no Audit\u00f3rio Santander Espanha. Ela foi reconhecida entre as nove profissionais premiadas este ano por sua trajet\u00f3ria, impacto e compromisso com o futuro da comunica\u00e7\u00e3o. O pr\u00eamio reconhece [&hellip;]<\/p>\n","protected":false},"author":22,"featured_media":0,"comment_status":"closed","ping_status":"closed","sticky":false,"template":"","format":"standard","meta":{"_acf_changed":false,"_et_pb_use_builder":"","_et_pb_old_content":"","_et_gb_content_width":"","footnotes":""},"categories":[94],"class_list":["post-409106","post","type-post","status-publish","format-standard","hentry","category-marketing"],"acf":[],"yoast_head":"<!-- This site is optimized with the Yoast SEO Premium plugin v24.7 (Yoast SEO v24.7) - https:\/\/yoast.com\/wordpress\/plugins\/seo\/ -->\n<title>Luisa Garc\u00eda vence os Pr\u00eamios Mujeres a Seguir 2025 - LLYC<\/title>\n<meta name=\"description\" content=\"Luisa Garc\u00eda, CEO Global de Corporate Affairs da LLYC, recebe o Pr\u00eamio Mujeres a Seguir 2025 em Publicidade\u2013Marketing por sua lideran\u00e7a.\" \/>\n<meta name=\"robots\" content=\"index, follow, max-snippet:-1, max-image-preview:large, max-video-preview:-1\" \/>\n<link rel=\"canonical\" href=\"https:\/\/llyc.global\/pt-br\/marketing\/tendencias\/luisa-garcia-vence-nos-xii-premios-mujeres-a-seguir-2025-em-publicidade-marketing\/\" \/>\n<meta property=\"og:locale\" content=\"pt_BR\" \/>\n<meta property=\"og:type\" content=\"article\" \/>\n<meta property=\"og:title\" content=\"Luisa Garc\u00eda vence no XII Pr\u00eamios Mujeres a Seguir 2025 em Publicidade\u2013Marketing\" \/>\n<meta property=\"og:description\" content=\"Luisa Garc\u00eda, CEO Global de Corporate Affairs da LLYC, recebe o Pr\u00eamio Mujeres a Seguir 2025 em Publicidade\u2013Marketing por sua lideran\u00e7a.\" \/>\n<meta property=\"og:url\" content=\"https:\/\/llyc.global\/pt-br\/marketing\/tendencias\/luisa-garcia-vence-nos-xii-premios-mujeres-a-seguir-2025-em-publicidade-marketing\/\" \/>\n<meta property=\"og:site_name\" content=\"LLYC\" \/>\n<meta property=\"article:publisher\" content=\"https:\/\/www.facebook.com\/LLYC.Global\/\" \/>\n<meta property=\"article:published_time\" content=\"2025-10-31T11:42:44+00:00\" \/>\n<meta property=\"article:modified_time\" content=\"2025-10-31T12:50:23+00:00\" \/>\n<meta property=\"og:image\" content=\"https:\/\/llyc.global\/wp-content\/uploads\/2025\/10\/luisa_garcia_premio_mobile-1.jpg\" \/>\n\t<meta property=\"og:image:width\" content=\"355\" \/>\n\t<meta property=\"og:image:height\" content=\"317\" \/>\n\t<meta property=\"og:image:type\" content=\"image\/jpeg\" \/>\n<meta name=\"author\" content=\"Karla Cruz Cabrera\" \/>\n<meta name=\"twitter:card\" content=\"summary_large_image\" \/>\n<meta name=\"twitter:creator\" content=\"@llorenteycuenca\" \/>\n<meta name=\"twitter:site\" content=\"@llorenteycuenca\" \/>\n<meta name=\"twitter:label1\" content=\"Written by\" \/>\n\t<meta name=\"twitter:data1\" content=\"Karla Cruz Cabrera\" \/>\n\t<meta name=\"twitter:label2\" content=\"Est. reading time\" \/>\n\t<meta name=\"twitter:data2\" content=\"2 minutos\" \/>\n<!-- \/ Yoast SEO Premium plugin. -->","yoast_head_json":{"title":"Luisa Garc\u00eda vence os Pr\u00eamios Mujeres a Seguir 2025 - LLYC","description":"Luisa Garc\u00eda, CEO Global de Corporate Affairs da LLYC, recebe o Pr\u00eamio Mujeres a Seguir 2025 em Publicidade\u2013Marketing por sua lideran\u00e7a.","robots":{"index":"index","follow":"follow","max-snippet":"max-snippet:-1","max-image-preview":"max-image-preview:large","max-video-preview":"max-video-preview:-1"},"canonical":"https:\/\/llyc.global\/pt-br\/marketing\/tendencias\/luisa-garcia-vence-nos-xii-premios-mujeres-a-seguir-2025-em-publicidade-marketing\/","og_locale":"pt_BR","og_type":"article","og_title":"Luisa Garc\u00eda vence no XII Pr\u00eamios Mujeres a Seguir 2025 em Publicidade\u2013Marketing","og_description":"Luisa Garc\u00eda, CEO Global de Corporate Affairs da LLYC, recebe o Pr\u00eamio Mujeres a Seguir 2025 em Publicidade\u2013Marketing por sua lideran\u00e7a.","og_url":"https:\/\/llyc.global\/pt-br\/marketing\/tendencias\/luisa-garcia-vence-nos-xii-premios-mujeres-a-seguir-2025-em-publicidade-marketing\/","og_site_name":"LLYC","article_publisher":"https:\/\/www.facebook.com\/LLYC.Global\/","article_published_time":"2025-10-31T11:42:44+00:00","article_modified_time":"2025-10-31T12:50:23+00:00","og_image":[{"width":355,"height":317,"url":"https:\/\/llyc.global\/wp-content\/uploads\/2025\/10\/luisa_garcia_premio_mobile-1.jpg","type":"image\/jpeg"}],"author":"Karla Cruz Cabrera","twitter_card":"summary_large_image","twitter_creator":"@llorenteycuenca","twitter_site":"@llorenteycuenca","twitter_misc":{"Written by":"Karla Cruz Cabrera","Est. reading time":"2 minutos"},"schema":{"@context":"https:\/\/schema.org","@graph":[{"@type":"WebPage","@id":"https:\/\/llyc.global\/pt-br\/marketing\/tendencias\/luisa-garcia-vence-nos-xii-premios-mujeres-a-seguir-2025-em-publicidade-marketing\/","url":"https:\/\/llyc.global\/pt-br\/marketing\/tendencias\/luisa-garcia-vence-nos-xii-premios-mujeres-a-seguir-2025-em-publicidade-marketing\/","name":"Luisa Garc\u00eda vence os Pr\u00eamios Mujeres a Seguir 2025 - LLYC","isPartOf":{"@id":"https:\/\/llyc.global\/pt-br\/#website"},"datePublished":"2025-10-31T11:42:44+00:00","dateModified":"2025-10-31T12:50:23+00:00","author":{"@id":"https:\/\/llyc.global\/pt-br\/#\/schema\/person\/54becd68bec7ae94ccaaa5662a99fef9"},"description":"Luisa Garc\u00eda, CEO Global de Corporate Affairs da LLYC, recebe o Pr\u00eamio Mujeres a Seguir 2025 em Publicidade\u2013Marketing por sua lideran\u00e7a.","breadcrumb":{"@id":"https:\/\/llyc.global\/pt-br\/marketing\/tendencias\/luisa-garcia-vence-nos-xii-premios-mujeres-a-seguir-2025-em-publicidade-marketing\/#breadcrumb"},"inLanguage":"pt-BR","potentialAction":[{"@type":"ReadAction","target":["https:\/\/llyc.global\/pt-br\/marketing\/tendencias\/luisa-garcia-vence-nos-xii-premios-mujeres-a-seguir-2025-em-publicidade-marketing\/"]}]},{"@type":"BreadcrumbList","@id":"https:\/\/llyc.global\/pt-br\/marketing\/tendencias\/luisa-garcia-vence-nos-xii-premios-mujeres-a-seguir-2025-em-publicidade-marketing\/#breadcrumb","itemListElement":[{"@type":"ListItem","position":1,"name":"Home","item":"https:\/\/llyc.global\/pt-br\/"},{"@type":"ListItem","position":2,"name":"Luisa Garc\u00eda vence no XII Pr\u00eamios Mujeres a Seguir 2025 em Publicidade\u2013Marketing"}]},{"@type":"WebSite","@id":"https:\/\/llyc.global\/pt-br\/#website","url":"https:\/\/llyc.global\/pt-br\/","name":"LLYC","description":"Consultoria de comunicaci\u00f3n marketing y asuntos p\u00fablicos","potentialAction":[{"@type":"SearchAction","target":{"@type":"EntryPoint","urlTemplate":"https:\/\/llyc.global\/pt-br\/?s={search_term_string}"},"query-input":{"@type":"PropertyValueSpecification","valueRequired":true,"valueName":"search_term_string"}}],"inLanguage":"pt-BR"},{"@type":"Person","@id":"https:\/\/llyc.global\/pt-br\/#\/schema\/person\/54becd68bec7ae94ccaaa5662a99fef9","name":"Karla Cruz Cabrera","image":{"@type":"ImageObject","inLanguage":"pt-BR","@id":"https:\/\/llyc.global\/pt-br\/#\/schema\/person\/image\/","url":"https:\/\/secure.gravatar.com\/avatar\/7d7f7916b167732e8952fd54d1a28124?s=96&d=mm&r=g","contentUrl":"https:\/\/secure.gravatar.com\/avatar\/7d7f7916b167732e8952fd54d1a28124?s=96&d=mm&r=g","caption":"Karla Cruz Cabrera"}}]}},"_links":{"self":[{"href":"https:\/\/llyc.global\/pt-br\/wp-json\/wp\/v2\/posts\/409106","targetHints":{"allow":["GET"]}}],"collection":[{"href":"https:\/\/llyc.global\/pt-br\/wp-json\/wp\/v2\/posts"}],"about":[{"href":"https:\/\/llyc.global\/pt-br\/wp-json\/wp\/v2\/types\/post"}],"author":[{"embeddable":true,"href":"https:\/\/llyc.global\/pt-br\/wp-json\/wp\/v2\/users\/22"}],"replies":[{"embeddable":true,"href":"https:\/\/llyc.global\/pt-br\/wp-json\/wp\/v2\/comments?post=409106"}],"version-history":[{"count":6,"href":"https:\/\/llyc.global\/pt-br\/wp-json\/wp\/v2\/posts\/409106\/revisions"}],"predecessor-version":[{"id":409145,"href":"https:\/\/llyc.global\/pt-br\/wp-json\/wp\/v2\/posts\/409106\/revisions\/409145"}],"wp:attachment":[{"href":"https:\/\/llyc.global\/pt-br\/wp-json\/wp\/v2\/media?parent=409106"}],"wp:term":[{"taxonomy":"category","embeddable":true,"href":"https:\/\/llyc.global\/pt-br\/wp-json\/wp\/v2\/categories?post=409106"}],"curies":[{"name":"wp","href":"https:\/\/api.w.org\/{rel}","templated":true}]}}