{"id":463222,"date":"2026-04-27T10:38:05","date_gmt":"2026-04-27T08:38:05","guid":{"rendered":"https:\/\/llyc.global\/?p=463222"},"modified":"2026-04-28T10:12:24","modified_gmt":"2026-04-28T08:12:24","slug":"social-matter-a-humanizacao-radical-e-a-lideranca-de-impacto-vol-08","status":"publish","type":"post","link":"https:\/\/llyc.global\/pt-br\/marketing\/tendencias\/social-matter-a-humanizacao-radical-e-a-lideranca-de-impacto-vol-08\/","title":{"rendered":"Social Matter, a humaniza\u00e7\u00e3o radical e a lideran\u00e7a de impacto &#8211; Vol. 08"},"content":{"rendered":"<p>Neste relat\u00f3rio de abril, observamos uma consolida\u00e7\u00e3o do que v\u00ednhamos analisando em relat\u00f3rios anteriores: o deslocamento do capital de confian\u00e7a <b>dos logotipos para as pessoas<\/b>. J\u00e1 n\u00e3o basta ter um produto excelente ou uma distribui\u00e7\u00e3o massiva; <b>la relev\u00e2ncia<\/b> hoje <b>se constr\u00f3i no terreno<\/b> do simb\u00f3lico e, sobretudo, <b>do aut\u00eantico<\/b>. O <i>Zeitgeist<\/i> atual demanda que as organiza\u00e7\u00f5es deixem de ser entes abstratos para se tornarem agentes com voz, rosto e, em ocasi\u00f5es, at\u00e9 senso de humor diante da adversidade.<br \/>\n&nbsp;<\/p>\n<h3>01. FOUNDER GENERATED CONTENT (FGC): O EMPRES\u00c1RIO COMO ATIVO DE MARCA<\/h3>\n<p><b>A narrativa da origem frente ao filtro corporativo<\/b><br \/>\n&nbsp;<br \/>\nO auge do conte\u00fado gerado por fundadores (FGC) marca o fim da era dos porta-vozes na sombra. J\u00e1 n\u00e3o falamos de influencers que lan\u00e7am marcas, mas de <b>empres\u00e1rios que utilizam sua vis\u00e3o e seu dia a dia como o principal motor de confian\u00e7a<\/b>. Em um ecossistema saturado, o consumidor busca o &#8220;porqu\u00ea&#8221; por tr\u00e1s do neg\u00f3cio, e ningu\u00e9m o comunica melhor do que quem o construiu do zero.<\/p>\n<p>Vemos este fen\u00f4meno consolidado em perfis como os de <b>Alex Benlloch e Bruno Casanovas<\/b>, a dupla por tr\u00e1s da <a href=\"https:\/\/www.modaes.com\/back-stage\/a-benlloch-y-b-casanovas-el-duo-que-proyecta-tras-nude-project\" target=\"_blank\" rel=\"noopener\">Nude Project<\/a>, que converteram seu podcast e suas apari\u00e7\u00f5es na face vis\u00edvel de uma comunidade que transcende a moda urbana. Da mesma forma, em um setor t\u00e3o tradicional como a confeitaria, <b>Gisela Cruz<\/b> da <a href=\"https:\/\/tartasbastantemajas.com\/sobre-mi\/\" target=\"_blank\" rel=\"noopener\">Tartas Bastante Majas<\/a> conseguiu escalar um neg\u00f3cio nacional compartilhando seus <a href=\"https:\/\/cronicaglobal.elespanol.com\/mas-economia\/20260202\/gisela-duena-pasteleria-barcelona-puedes-ganando-comes-trt\/1003742727068_0.html\" target=\"_blank\" rel=\"noopener\">experimentos e decis\u00f5es<\/a> de forma pr\u00f3xima e transparente no TikTok. Fora da Espanha, destaca-se tamb\u00e9m o caso da <a href=\"https:\/\/www.instagram.com\/drinkpoppi\/\">Poppi<\/a>: a marca de refrigerantes criada por <b>Allison Ellsworth<\/b>, que documentou em suas redes desde seus primeiros experimentos caseiros at\u00e9 a <a href=\"https:\/\/cincodias.elpais.com\/companias\/2025-03-17\/pepsico-compra-poppi-por-1950-millones-de-dolares-para-reforzarse-en-bebidas-funcionales.html\" target=\"_blank\" rel=\"noopener\">venda da marca para a Pepsico<\/a> (e, apesar disso, ela continua sendo a porta-voz da marca).<\/p>\n<p>O <b>FGC elimina a fric\u00e7\u00e3o entre a marca e a audi\u00eancia<\/b>. As empresas devem entender que a vulnerabilidade e a honestidade do fundador s\u00e3o hoje ativos financeiros. O desafio est\u00e1 em fazer com que esta visibilidade seja um <a href=\"https:\/\/www.linkedin.com\/posts\/influencer-marketing-agencia_burnette-redessociales-marketingdigital-activity-7450422807710216192-rex4\/?utm_source=share&amp;utm_medium=member_desktop&amp;rcm=ACoAADe90ggBRip2btUA4NTUJqnrQPXSnByaX8g\" target=\"_blank\" rel=\"noopener\">reflexo genu\u00edno do prop\u00f3sito<\/a> da empresa, evitando que o ego pessoal canibalize a estrat\u00e9gia corporativa.<br \/>\n&nbsp;<\/p>\n<h3>02. O NOVO TABULEIRO DA INFLU\u00caNCIA: O CEO \u00c9 A MENSAGEM<\/h3>\n<p><b>Quando a reputa\u00e7\u00e3o pessoal \u00e9 o principal escudo da companhia.<\/b><br \/>\n&nbsp;<br \/>\nA capacidade de influ\u00eancia de uma marca est\u00e1 hoje tamb\u00e9m ligada \u00e0 figura de seu l\u00edder. Os dados do relat\u00f3rio da <a href=\"https:\/\/onclusive.com\/en-gb\/resources\/whitepaper\/influential-brands-in-the-media-2026\/\" target=\"_blank\" rel=\"noopener\">Onclusive sobre marcas influentes em 2026<\/a> s\u00e3o claros: a influ\u00eancia midi\u00e1tica de <b>Elon Musk<\/b> \u00e9 dez vezes superior \u00e0 de qualquer outro l\u00edder, gerando mais men\u00e7\u00f5es do que a pr\u00f3pria Tesla.<\/p>\n<p>Este fen\u00f4meno se repete com <b>Sam Altman<\/b>, cuja visibilidade \u00e9 o verdadeiro motor do ChatGPT, superando em impacto midi\u00e1tico figuras como Mark Zuckerberg. Isso fica claro em outros exemplos como <b>Tim Cook<\/b>, que recentemente anunciou que deixaria de ser o CEO da Apple atrav\u00e9s de uma <a href=\"https:\/\/www.apple.com\/community-letter-from-tim\/\" target=\"_blank\" rel=\"noopener\">carta \u00e0 sua comunidade<\/a> assinada por ele mesmo.<\/p>\n<p>O CEO deixou de ser uma figura institucional para se tornar o porta-voz direto e protagonista narrativo do produto e gerador de relato corporativo. No entanto, esta alta exposi\u00e7\u00e3o \u00e9 uma faca de dois gumes: o sentimento da marca fica sequestrado pela conduta pessoal do l\u00edder.<\/p>\n<p>A lideran\u00e7a executiva \u00e9 a alavanca de alcance mais eficaz, mas requer uma gest\u00e3o de precis\u00e3o.<b> As marcas devem profissionalizar a identidade digital de seus executivos<\/b>, entendendo que hoje, mais do que nunca, <b>as pessoas confiam em pessoas.<\/b><br \/>\n&nbsp;<\/p>\n<h3>03. A CRISE COMO OPORTUNIDADE<\/h3>\n<p><b>Transformar a vulnerabilidade log\u00edstica em share social<\/b><br \/>\n&nbsp;<br \/>\nGerenciar uma crise j\u00e1 n\u00e3o consiste apenas em mitigar o dano, mas em ter a agilidade mental para capitalizar a conversa. <b>O sil\u00eancio j\u00e1 n\u00e3o \u00e9 a \u00fanica op\u00e7\u00e3o t\u00e1tica<\/b>; em ocasi\u00f5es, <b>abra\u00e7ar o problema e convert\u00ea-lo em uma narrativa compartilhada com a audi\u00eancia gera um v\u00ednculo de cumplicidade que nenhuma campanha planejada poderia comprar<\/b>. A chave reside na velocidade de resposta e na capacidade de ler o sentimento social em tempo real.<\/p>\n<p>O caso da <b>Nestl\u00e9<\/b> com o roubo de um caminh\u00e3o de <a href=\"https:\/\/cincodias.elpais.com\/companias\/2026-04-01\/nestle-da-la-vuelta-al-robo-de-413793-kitkats-y-lo-transforma-en-un-golpe-publicitario.html\" target=\"_blank\" rel=\"noopener\">KitKat<\/a> na v\u00e9spera do <i>April Fool\u2019s<\/i> \u00e9 paradigm\u00e1tico. Diante da onda de memes de marcas como Domino&#8217;s ou Ryanair, a marca n\u00e3o s\u00f3 n\u00e3o se colocou na defensiva, como transformou o incidente em uma <a href=\"https:\/\/www.marketingdirecto.com\/anunciantes-general\/kitkat-como-robo-muto-maniobra-relaciones-publicas\" target=\"_blank\" rel=\"noopener\">a\u00e7\u00e3o de rela\u00e7\u00f5es p\u00fablicas<\/a> mediante uma ferramenta de rastreamento para os usu\u00e1rios. O que come\u00e7ou como um problema de suprimento terminou como uma <a href=\"https:\/\/www.linkedin.com\/posts\/marca-marketing-publicidad-ugcPost-7446573222222983169-jAU7?utm_source=share&amp;utm_medium=member_desktop&amp;rcm=ACoAADe90ggBRip2btUA4NTUJqnrQPXSnByaX8g\" target=\"_blank\" rel=\"noopener\">manobra de engagement<\/a> global resenhada por meios como <a href=\"https:\/\/time.com\/article\/2026\/04\/01\/kit-kat-chocolate-bars-stolen-heist-tracker\/\" target=\"_blank\" rel=\"noopener\">Time<\/a>.<\/p>\n<p>A resili\u00eancia moderna \u00e9 criativa. As marcas devem desenvolver protocolos que permitam &#8220;surfar&#8221; a crise com humor e transpar\u00eancia. Se o erro \u00e9 humano, a resposta tamb\u00e9m deve ser.<br \/>\n&nbsp;<\/p>\n<h3>04. A CONQUISTA DO TERRIT\u00d3RIO SIMB\u00d3LICO<\/h3>\n<p><b>Al\u00e9m do benef\u00edcio funcional: o legado da desejabilidade<\/b><br \/>\n&nbsp;<br \/>\nCompetir unicamente por pre\u00e7o ou caracter\u00edsticas t\u00e9cnicas \u00e9 uma corrida para o esquecimento. <b>Las marcas que perduram s\u00e3o aquelas que conseguem se posicionar em territ\u00f3rios que parecem alheios ao seu produto, mas que s\u00e3o centrais na cultura<\/b>. A batalha hoje \u00e9 ganha no plano simb\u00f3lico, onde a marca deixa de ser um objeto para se tornar um emblema de status, pertencimento ou valores.<\/p>\n<p><a href=\"https:\/\/www.marketingdirecto.com\/anunciantes-general\/apple-celebra-50-aniversario-conoce-hitos-han-marcado-legado-marketing\" target=\"_blank\" rel=\"noopener\">Apple<\/a> \u00e9 o mestre indiscut\u00edvel nesta arte. Em seus 50 anos de trajet\u00f3ria, demonstrou que seu sucesso n\u00e3o reside apenas no sil\u00edcio, mas em ter ganhado a <a href=\"https:\/\/www.linkedin.com\/posts\/marketingdirecto_marca-marketing-publicidad-activity-7446633310866354177-JV2N?utm_source=share&amp;utm_medium=member_desktop&amp;rcm=ACoAADe90ggBRip2btUA4NTUJqnrQPXSnByaX8g\" target=\"_blank\" rel=\"noopener\">batalha do significado<\/a>. Ao deixar de se definir como uma empresa de tecnologia para <b>ser uma de &#8220;estilo de vida e criatividade,&#8221;<\/b> blindou sua margem de lucro e sua desejabilidade frente a qualquer competidor.<\/p>\n<p>Esto ocorre em muitas outras marcas, e em alguns casos j\u00e1 o temos mais do que interiorizado. O exemplo da <a href=\"https:\/\/guide.michelin.com\/es\/es\/historia-de-la-guia-michelin\" target=\"_blank\" rel=\"noopener\">Michelin<\/a> \u00e9, talvez, o mais audacioso: uma <a href=\"https:\/\/motor.elpais.com\/actualidad\/el-gran-secreto-de-michelin-por-que-una-marca-de-neumaticos-decide-quien-es-el-mejor-chef-del-planeta\/\" target=\"_blank\" rel=\"noopener\">f\u00e1brica de pneus que conseguiu se apoderar da alta gastronomia mundial<\/a>. O que nasceu como uma t\u00e1tica funcional para fomentar a viagem rodovi\u00e1ria, terminou redefinindo o padr\u00e3o do luxo. Ao conceder estrelas aos melhores restaurantes, a Michelin deixou de vender borracha para vender exclusividade e crit\u00e9rio, demonstrando que <b>uma marca pode transcender sua origem<\/b> industrial para se tornar o \u201c\u00e1rbitro supremo\u201d do prest\u00edgio social.<\/p>\n<p>As marcas devem se perguntar o que representam na vida do usu\u00e1rio al\u00e9m de sua utilidade. A lideran\u00e7a estrat\u00e9gica hoje requer uma vis\u00e3o a longo prazo que priorize a constru\u00e7\u00e3o de um <b>legado cultural sobre o ROI imediato<\/b> da pr\u00f3xima atualiza\u00e7\u00e3o de produto.<br \/>\n&nbsp;<\/p>\n<h3>05. PERSONIFICA\u00c7\u00c3O E MASCOTES: O RETORNO AO &#8220;CUTE MARKETING&#8221;<\/h3>\n<p><b>Avatares e personagens como guias na satura\u00e7\u00e3o digital<\/b><br \/>\n&nbsp;<br \/>\nEm um ambiente digital frio e dominado por algoritmos, <b>a figura da mascote ou do personagem<\/b> de marca est\u00e1 vivendo um ressurgimento estrat\u00e9gico. Estes ativos atuam como pontes emocionais, <b>personificando valores de forma visual e atraente<\/b>, especialmente para as novas gera\u00e7\u00f5es que buscam formatos mais &#8220;vivos&#8221; e menos institucionais.<\/p>\n<p>At\u00e9 uma marca t\u00e3o s\u00f3bria como a <b>Apple<\/b> sucumbiu a esta tend\u00eancia, lan\u00e7ando o seu <a href=\"https:\/\/www.reasonwhy.es\/actualidad\/apple-mascota-finder-tiktok-generacion-z\" target=\"_blank\" rel=\"noopener\">Finder Guy<\/a> no TikTok para se conectar com a Gen Z. Este movimento convive com <b>la recupera\u00e7\u00e3o de \u00edcones cl\u00e1ssicos<\/b>, como o sorvete <a href=\"https:\/\/www.reasonwhy.es\/actualidad\/la-menorquina-campana-punky-vuelve-nueva-etapa-marca\" target=\"_blank\" rel=\"noopener\">Punky da La Menorquina<\/a>, ou a vig\u00eancia de figuras hist\u00f3ricas como o tigre do <b>Cheetos<\/b> ou o ursinho da <b>Bimbo<\/b>. Estes personagens n\u00e3o s\u00e3o <a href=\"https:\/\/www.puromarketing.com\/146\/213836\/mascotas-personajes-marcas-pasan-moda\" target=\"_blank\" rel=\"noopener\">moda passageira<\/a>, mas <b>\u00e2ncoras de identidade<\/b>.<\/p>\n<p><b>A personifica\u00e7\u00e3o facilita o &#8220;storytelling&#8221; e aumenta a lembran\u00e7a de marca<\/b>. Para as companhias, contar com uma mascote ou um avatar digital permite uma comunica\u00e7\u00e3o mais \u00e1gil e l\u00fadica, ideal para canais como o TikTok, onde o relato manda acima do logotipo.<\/p>\n","protected":false},"excerpt":{"rendered":"<p>Neste relat\u00f3rio de abril, observamos uma consolida\u00e7\u00e3o do que v\u00ednhamos analisando em relat\u00f3rios anteriores: o deslocamento do capital de confian\u00e7a dos logotipos para as pessoas. J\u00e1 n\u00e3o basta ter um produto excelente ou uma distribui\u00e7\u00e3o massiva; la relev\u00e2ncia hoje se constr\u00f3i no terreno do simb\u00f3lico e, sobretudo, do aut\u00eantico. O Zeitgeist atual demanda que as [&hellip;]<\/p>\n","protected":false},"author":11,"featured_media":0,"comment_status":"closed","ping_status":"closed","sticky":false,"template":"","format":"standard","meta":{"_acf_changed":false,"_et_pb_use_builder":"","_et_pb_old_content":"","_et_gb_content_width":"","footnotes":""},"categories":[94],"class_list":["post-463222","post","type-post","status-publish","format-standard","hentry","category-marketing"],"acf":[],"yoast_head":"<!-- This site is optimized with the Yoast SEO Premium plugin v24.7 (Yoast SEO v24.7) - https:\/\/yoast.com\/wordpress\/plugins\/seo\/ -->\n<title>Social Matter, a humaniza\u00e7\u00e3o radical e a lideran\u00e7a de impacto - Vol. 08 - LLYC<\/title>\n<meta name=\"description\" content=\"Descubra as tend\u00eancias em humaniza\u00e7\u00e3o de marca e lideran\u00e7a: fundadores, criadores e storytelling redefinem a confian\u00e7a e a influ\u00eancia em 2026.\" \/>\n<meta name=\"robots\" content=\"index, follow, max-snippet:-1, max-image-preview:large, max-video-preview:-1\" \/>\n<link rel=\"canonical\" href=\"https:\/\/llyc.global\/pt-br\/marketing\/tendencias\/social-matter-a-humanizacao-radical-e-a-lideranca-de-impacto-vol-08\/\" \/>\n<meta property=\"og:locale\" content=\"pt_BR\" \/>\n<meta property=\"og:type\" content=\"article\" \/>\n<meta property=\"og:title\" content=\"Social Matter, a humaniza\u00e7\u00e3o radical e a lideran\u00e7a de impacto - Vol. 08\" \/>\n<meta property=\"og:description\" content=\"Descubra as tend\u00eancias em humaniza\u00e7\u00e3o de marca e lideran\u00e7a: fundadores, criadores e storytelling redefinem a confian\u00e7a e a influ\u00eancia em 2026.\" \/>\n<meta property=\"og:url\" content=\"https:\/\/llyc.global\/pt-br\/marketing\/tendencias\/social-matter-a-humanizacao-radical-e-a-lideranca-de-impacto-vol-08\/\" \/>\n<meta property=\"og:site_name\" content=\"LLYC\" \/>\n<meta property=\"article:publisher\" content=\"https:\/\/www.facebook.com\/LLYC.Global\/\" \/>\n<meta property=\"article:published_time\" content=\"2026-04-27T08:38:05+00:00\" \/>\n<meta property=\"article:modified_time\" content=\"2026-04-28T08:12:24+00:00\" \/>\n<meta property=\"og:image\" content=\"https:\/\/llyc.global\/wp-content\/uploads\/2026\/04\/social_matter_april_mobile.jpg\" \/>\n\t<meta property=\"og:image:width\" content=\"354\" \/>\n\t<meta property=\"og:image:height\" content=\"316\" \/>\n\t<meta property=\"og:image:type\" content=\"image\/jpeg\" \/>\n<meta name=\"author\" content=\"phenriques\" \/>\n<meta name=\"twitter:card\" content=\"summary_large_image\" \/>\n<meta name=\"twitter:creator\" content=\"@llorenteycuenca\" \/>\n<meta name=\"twitter:site\" content=\"@llorenteycuenca\" \/>\n<meta name=\"twitter:label1\" content=\"Written by\" \/>\n\t<meta name=\"twitter:data1\" content=\"phenriques\" \/>\n\t<meta name=\"twitter:label2\" content=\"Est. reading time\" \/>\n\t<meta name=\"twitter:data2\" content=\"6 minutos\" \/>\n<!-- \/ Yoast SEO Premium plugin. -->","yoast_head_json":{"title":"Social Matter, a humaniza\u00e7\u00e3o radical e a lideran\u00e7a de impacto - Vol. 08 - LLYC","description":"Descubra as tend\u00eancias em humaniza\u00e7\u00e3o de marca e lideran\u00e7a: fundadores, criadores e storytelling redefinem a confian\u00e7a e a influ\u00eancia em 2026.","robots":{"index":"index","follow":"follow","max-snippet":"max-snippet:-1","max-image-preview":"max-image-preview:large","max-video-preview":"max-video-preview:-1"},"canonical":"https:\/\/llyc.global\/pt-br\/marketing\/tendencias\/social-matter-a-humanizacao-radical-e-a-lideranca-de-impacto-vol-08\/","og_locale":"pt_BR","og_type":"article","og_title":"Social Matter, a humaniza\u00e7\u00e3o radical e a lideran\u00e7a de impacto - Vol. 08","og_description":"Descubra as tend\u00eancias em humaniza\u00e7\u00e3o de marca e lideran\u00e7a: fundadores, criadores e storytelling redefinem a confian\u00e7a e a influ\u00eancia em 2026.","og_url":"https:\/\/llyc.global\/pt-br\/marketing\/tendencias\/social-matter-a-humanizacao-radical-e-a-lideranca-de-impacto-vol-08\/","og_site_name":"LLYC","article_publisher":"https:\/\/www.facebook.com\/LLYC.Global\/","article_published_time":"2026-04-27T08:38:05+00:00","article_modified_time":"2026-04-28T08:12:24+00:00","og_image":[{"width":354,"height":316,"url":"https:\/\/llyc.global\/wp-content\/uploads\/2026\/04\/social_matter_april_mobile.jpg","type":"image\/jpeg"}],"author":"phenriques","twitter_card":"summary_large_image","twitter_creator":"@llorenteycuenca","twitter_site":"@llorenteycuenca","twitter_misc":{"Written by":"phenriques","Est. reading time":"6 minutos"},"schema":{"@context":"https:\/\/schema.org","@graph":[{"@type":"WebPage","@id":"https:\/\/llyc.global\/pt-br\/marketing\/tendencias\/social-matter-a-humanizacao-radical-e-a-lideranca-de-impacto-vol-08\/","url":"https:\/\/llyc.global\/pt-br\/marketing\/tendencias\/social-matter-a-humanizacao-radical-e-a-lideranca-de-impacto-vol-08\/","name":"Social Matter, a humaniza\u00e7\u00e3o radical e a lideran\u00e7a de impacto - Vol. 08 - LLYC","isPartOf":{"@id":"https:\/\/llyc.global\/pt-br\/#website"},"datePublished":"2026-04-27T08:38:05+00:00","dateModified":"2026-04-28T08:12:24+00:00","author":{"@id":"https:\/\/llyc.global\/pt-br\/#\/schema\/person\/1223af8264d152f6db90b24c2767405b"},"description":"Descubra as tend\u00eancias em humaniza\u00e7\u00e3o de marca e lideran\u00e7a: fundadores, criadores e storytelling redefinem a confian\u00e7a e a influ\u00eancia em 2026.","breadcrumb":{"@id":"https:\/\/llyc.global\/pt-br\/marketing\/tendencias\/social-matter-a-humanizacao-radical-e-a-lideranca-de-impacto-vol-08\/#breadcrumb"},"inLanguage":"pt-BR","potentialAction":[{"@type":"ReadAction","target":["https:\/\/llyc.global\/pt-br\/marketing\/tendencias\/social-matter-a-humanizacao-radical-e-a-lideranca-de-impacto-vol-08\/"]}]},{"@type":"BreadcrumbList","@id":"https:\/\/llyc.global\/pt-br\/marketing\/tendencias\/social-matter-a-humanizacao-radical-e-a-lideranca-de-impacto-vol-08\/#breadcrumb","itemListElement":[{"@type":"ListItem","position":1,"name":"Home","item":"https:\/\/llyc.global\/pt-br\/"},{"@type":"ListItem","position":2,"name":"Social Matter, a humaniza\u00e7\u00e3o radical e a lideran\u00e7a de impacto &#8211; Vol. 08"}]},{"@type":"WebSite","@id":"https:\/\/llyc.global\/pt-br\/#website","url":"https:\/\/llyc.global\/pt-br\/","name":"LLYC","description":"Consultoria de comunicaci\u00f3n marketing y asuntos p\u00fablicos","potentialAction":[{"@type":"SearchAction","target":{"@type":"EntryPoint","urlTemplate":"https:\/\/llyc.global\/pt-br\/?s={search_term_string}"},"query-input":{"@type":"PropertyValueSpecification","valueRequired":true,"valueName":"search_term_string"}}],"inLanguage":"pt-BR"},{"@type":"Person","@id":"https:\/\/llyc.global\/pt-br\/#\/schema\/person\/1223af8264d152f6db90b24c2767405b","name":"phenriques","image":{"@type":"ImageObject","inLanguage":"pt-BR","@id":"https:\/\/llyc.global\/pt-br\/#\/schema\/person\/image\/","url":"https:\/\/secure.gravatar.com\/avatar\/d7b4370a5606d1efad5688240922e036?s=96&d=mm&r=g","contentUrl":"https:\/\/secure.gravatar.com\/avatar\/d7b4370a5606d1efad5688240922e036?s=96&d=mm&r=g","caption":"phenriques"}}]}},"_links":{"self":[{"href":"https:\/\/llyc.global\/pt-br\/wp-json\/wp\/v2\/posts\/463222","targetHints":{"allow":["GET"]}}],"collection":[{"href":"https:\/\/llyc.global\/pt-br\/wp-json\/wp\/v2\/posts"}],"about":[{"href":"https:\/\/llyc.global\/pt-br\/wp-json\/wp\/v2\/types\/post"}],"author":[{"embeddable":true,"href":"https:\/\/llyc.global\/pt-br\/wp-json\/wp\/v2\/users\/11"}],"replies":[{"embeddable":true,"href":"https:\/\/llyc.global\/pt-br\/wp-json\/wp\/v2\/comments?post=463222"}],"version-history":[{"count":7,"href":"https:\/\/llyc.global\/pt-br\/wp-json\/wp\/v2\/posts\/463222\/revisions"}],"predecessor-version":[{"id":463413,"href":"https:\/\/llyc.global\/pt-br\/wp-json\/wp\/v2\/posts\/463222\/revisions\/463413"}],"wp:attachment":[{"href":"https:\/\/llyc.global\/pt-br\/wp-json\/wp\/v2\/media?parent=463222"}],"wp:term":[{"taxonomy":"category","embeddable":true,"href":"https:\/\/llyc.global\/pt-br\/wp-json\/wp\/v2\/categories?post=463222"}],"curies":[{"name":"wp","href":"https:\/\/api.w.org\/{rel}","templated":true}]}}