{"id":59148,"date":"2013-12-11T00:00:00","date_gmt":"2013-12-10T23:00:00","guid":{"rendered":"https:\/\/llyc.global\/2013\/12\/11\/panorama-radiofonico-latino-americano-o-futuro-da-radio-na-america-latina-um-novo-renascimento\/"},"modified":"2013-12-11T00:00:00","modified_gmt":"2013-12-10T23:00:00","slug":"panorama-radiofonico-latino-americano-o-futuro-da-radio-na-america-latina-um-novo-renascimento","status":"publish","type":"post","link":"https:\/\/llyc.global\/pt-br\/ideas\/panorama-radiofonico-latino-americano-o-futuro-da-radio-na-america-latina-um-novo-renascimento\/","title":{"rendered":"Panorama radiof\u00f4nico latino-americano. O futuro da r\u00e1dio na Am\u00e9rica Latina: um novo renascimento"},"content":{"rendered":"<p>Gra\u00e7as \u00e0 aplica\u00e7\u00e3o das novas tecnologias, o r\u00e1dio na Am\u00e9rica Latina est\u00e1 \u00e0s portas de viver uma segunda juventude. Hoje em dia, o r\u00e1dio segue desfrutando de um grande prest\u00edgio entre a popula\u00e7\u00e3o, e al\u00e9m disso soube se adaptar aos novos tempos.<\/p>\n<p>Este contexto est\u00e1 dando ao r\u00e1dio a oportunidade de se reinventar, sobretudo porque continua ocupando um vazio que outros ve\u00edculos n\u00e3o podem preencher: o p\u00fablico segue preferindo (ou precisando) dele, embora agora j\u00e1 n\u00e3o seja em casa, mas em momentos pontuais do dia, no \u00e2mbito do trabalho e, de maneira crescente, via Internet.<\/p>\n<p>O relat\u00f3rio especial a seguir analisa o estado da radiodifus\u00e3o na Am\u00e9rica Latina em um contexto caracterizado pela fragmenta\u00e7\u00e3o do p\u00fablico, a heterogeneidade da oferta e a consolida\u00e7\u00e3o de grandes grupos midi\u00e1ticos.<\/p>\n<p><a href=\"https:\/\/twitter.com\/Jorge_Cachinero\"><strong>Jorge Cachinero<\/strong><\/a><strong>, <\/strong><strong>Diretor Corporativo de Reputa\u00e7\u00e3o e Inova\u00e7\u00e3o da LLORENTE &amp; CUENCA<\/strong><\/p>\n","protected":false},"excerpt":{"rendered":"<p>Gra\u00e7as \u00e0 aplica\u00e7\u00e3o das novas tecnologias, o r\u00e1dio na Am\u00e9rica Latina est\u00e1 \u00e0s portas de viver uma segunda juventude. Hoje em dia, o r\u00e1dio segue desfrutando de um grande prest\u00edgio entre a popula\u00e7\u00e3o, e al\u00e9m disso soube se adaptar aos novos tempos. Este contexto est\u00e1 dando ao r\u00e1dio a oportunidade de se reinventar, sobretudo porque [&hellip;]<\/p>\n","protected":false},"author":4,"featured_media":59149,"comment_status":"closed","ping_status":"closed","sticky":false,"template":"","format":"standard","meta":{"_acf_changed":false,"_et_pb_use_builder":"","_et_pb_old_content":"","_et_gb_content_width":"","footnotes":""},"categories":[87],"class_list":["post-59148","post","type-post","status-publish","format-standard","has-post-thumbnail","hentry","category-ideas"],"acf":[],"yoast_head":"<!-- This site is optimized with the Yoast SEO Premium plugin v24.7 (Yoast SEO v24.7) - https:\/\/yoast.com\/wordpress\/plugins\/seo\/ -->\n<title>Panorama radiof\u00f4nico latino-americano. O futuro da r\u00e1dio na Am\u00e9rica Latina: um novo renascimento - LLYC<\/title>\n<meta name=\"robots\" content=\"index, follow, max-snippet:-1, max-image-preview:large, max-video-preview:-1\" \/>\n<link rel=\"canonical\" href=\"https:\/\/llyc.global\/pt-br\/ideas\/panorama-radiofonico-latino-americano-o-futuro-da-radio-na-america-latina-um-novo-renascimento\/\" \/>\n<meta property=\"og:locale\" content=\"pt_BR\" \/>\n<meta property=\"og:type\" content=\"article\" \/>\n<meta property=\"og:title\" content=\"Panorama radiof\u00f4nico latino-americano. O futuro da r\u00e1dio na Am\u00e9rica Latina: um novo renascimento\" \/>\n<meta property=\"og:description\" content=\"Gra\u00e7as \u00e0 aplica\u00e7\u00e3o das novas tecnologias, o r\u00e1dio na Am\u00e9rica Latina est\u00e1 \u00e0s portas de viver uma segunda juventude. Hoje em dia, o r\u00e1dio segue desfrutando de um grande prest\u00edgio entre a popula\u00e7\u00e3o, e al\u00e9m disso soube se adaptar aos novos tempos. Este contexto est\u00e1 dando ao r\u00e1dio a oportunidade de se reinventar, sobretudo porque [&hellip;]\" \/>\n<meta property=\"og:url\" content=\"https:\/\/llyc.global\/pt-br\/ideas\/panorama-radiofonico-latino-americano-o-futuro-da-radio-na-america-latina-um-novo-renascimento\/\" \/>\n<meta property=\"og:site_name\" content=\"LLYC\" \/>\n<meta property=\"article:publisher\" content=\"https:\/\/www.facebook.com\/LLYC.Global\/\" \/>\n<meta property=\"article:published_time\" content=\"2013-12-10T23:00:00+00:00\" \/>\n<meta property=\"og:image\" content=\"https:\/\/llyc.global\/wp-content\/uploads\/2023\/10\/panorama_radiofonico_latinoamericano.jpg\" \/>\n\t<meta property=\"og:image:width\" content=\"672\" \/>\n\t<meta property=\"og:image:height\" content=\"372\" \/>\n\t<meta property=\"og:image:type\" content=\"image\/jpeg\" \/>\n<meta name=\"author\" content=\"maguilar\" \/>\n<meta name=\"twitter:card\" content=\"summary_large_image\" \/>\n<meta name=\"twitter:creator\" content=\"@llorenteycuenca\" \/>\n<meta name=\"twitter:site\" content=\"@llorenteycuenca\" \/>\n<meta name=\"twitter:label1\" content=\"Written by\" \/>\n\t<meta name=\"twitter:data1\" content=\"maguilar\" \/>\n\t<meta name=\"twitter:label2\" content=\"Est. reading time\" \/>\n\t<meta name=\"twitter:data2\" content=\"1 minuto\" \/>\n<!-- \/ Yoast SEO Premium plugin. -->","yoast_head_json":{"title":"Panorama radiof\u00f4nico latino-americano. O futuro da r\u00e1dio na Am\u00e9rica Latina: um novo renascimento - LLYC","robots":{"index":"index","follow":"follow","max-snippet":"max-snippet:-1","max-image-preview":"max-image-preview:large","max-video-preview":"max-video-preview:-1"},"canonical":"https:\/\/llyc.global\/pt-br\/ideas\/panorama-radiofonico-latino-americano-o-futuro-da-radio-na-america-latina-um-novo-renascimento\/","og_locale":"pt_BR","og_type":"article","og_title":"Panorama radiof\u00f4nico latino-americano. O futuro da r\u00e1dio na Am\u00e9rica Latina: um novo renascimento","og_description":"Gra\u00e7as \u00e0 aplica\u00e7\u00e3o das novas tecnologias, o r\u00e1dio na Am\u00e9rica Latina est\u00e1 \u00e0s portas de viver uma segunda juventude. Hoje em dia, o r\u00e1dio segue desfrutando de um grande prest\u00edgio entre a popula\u00e7\u00e3o, e al\u00e9m disso soube se adaptar aos novos tempos. Este contexto est\u00e1 dando ao r\u00e1dio a oportunidade de se reinventar, sobretudo porque [&hellip;]","og_url":"https:\/\/llyc.global\/pt-br\/ideas\/panorama-radiofonico-latino-americano-o-futuro-da-radio-na-america-latina-um-novo-renascimento\/","og_site_name":"LLYC","article_publisher":"https:\/\/www.facebook.com\/LLYC.Global\/","article_published_time":"2013-12-10T23:00:00+00:00","og_image":[{"width":672,"height":372,"url":"https:\/\/llyc.global\/wp-content\/uploads\/2023\/10\/panorama_radiofonico_latinoamericano.jpg","type":"image\/jpeg"}],"author":"maguilar","twitter_card":"summary_large_image","twitter_creator":"@llorenteycuenca","twitter_site":"@llorenteycuenca","twitter_misc":{"Written by":"maguilar","Est. reading time":"1 minuto"},"schema":{"@context":"https:\/\/schema.org","@graph":[{"@type":"WebPage","@id":"https:\/\/llyc.global\/pt-br\/ideas\/panorama-radiofonico-latino-americano-o-futuro-da-radio-na-america-latina-um-novo-renascimento\/","url":"https:\/\/llyc.global\/pt-br\/ideas\/panorama-radiofonico-latino-americano-o-futuro-da-radio-na-america-latina-um-novo-renascimento\/","name":"Panorama radiof\u00f4nico latino-americano. O futuro da r\u00e1dio na Am\u00e9rica Latina: um novo renascimento - LLYC","isPartOf":{"@id":"https:\/\/llyc.global\/pt-br\/#website"},"primaryImageOfPage":{"@id":"https:\/\/llyc.global\/pt-br\/ideas\/panorama-radiofonico-latino-americano-o-futuro-da-radio-na-america-latina-um-novo-renascimento\/#primaryimage"},"image":{"@id":"https:\/\/llyc.global\/pt-br\/ideas\/panorama-radiofonico-latino-americano-o-futuro-da-radio-na-america-latina-um-novo-renascimento\/#primaryimage"},"thumbnailUrl":"https:\/\/llyc.global\/wp-content\/uploads\/2023\/10\/panorama_radiofonico_latinoamericano.jpg","datePublished":"2013-12-10T23:00:00+00:00","author":{"@id":"https:\/\/llyc.global\/pt-br\/#\/schema\/person\/8187160eba73b996b064cce622bd4541"},"breadcrumb":{"@id":"https:\/\/llyc.global\/pt-br\/ideas\/panorama-radiofonico-latino-americano-o-futuro-da-radio-na-america-latina-um-novo-renascimento\/#breadcrumb"},"inLanguage":"pt-BR","potentialAction":[{"@type":"ReadAction","target":["https:\/\/llyc.global\/pt-br\/ideas\/panorama-radiofonico-latino-americano-o-futuro-da-radio-na-america-latina-um-novo-renascimento\/"]}]},{"@type":"ImageObject","inLanguage":"pt-BR","@id":"https:\/\/llyc.global\/pt-br\/ideas\/panorama-radiofonico-latino-americano-o-futuro-da-radio-na-america-latina-um-novo-renascimento\/#primaryimage","url":"https:\/\/llyc.global\/wp-content\/uploads\/2023\/10\/panorama_radiofonico_latinoamericano.jpg","contentUrl":"https:\/\/llyc.global\/wp-content\/uploads\/2023\/10\/panorama_radiofonico_latinoamericano.jpg","width":672,"height":372},{"@type":"BreadcrumbList","@id":"https:\/\/llyc.global\/pt-br\/ideas\/panorama-radiofonico-latino-americano-o-futuro-da-radio-na-america-latina-um-novo-renascimento\/#breadcrumb","itemListElement":[{"@type":"ListItem","position":1,"name":"Home","item":"https:\/\/llyc.global\/pt-br\/"},{"@type":"ListItem","position":2,"name":"Panorama radiof\u00f4nico latino-americano. O futuro da r\u00e1dio na Am\u00e9rica Latina: um novo renascimento"}]},{"@type":"WebSite","@id":"https:\/\/llyc.global\/pt-br\/#website","url":"https:\/\/llyc.global\/pt-br\/","name":"LLYC","description":"Consultoria de comunicaci\u00f3n marketing y asuntos p\u00fablicos","potentialAction":[{"@type":"SearchAction","target":{"@type":"EntryPoint","urlTemplate":"https:\/\/llyc.global\/pt-br\/?s={search_term_string}"},"query-input":{"@type":"PropertyValueSpecification","valueRequired":true,"valueName":"search_term_string"}}],"inLanguage":"pt-BR"},{"@type":"Person","@id":"https:\/\/llyc.global\/pt-br\/#\/schema\/person\/8187160eba73b996b064cce622bd4541","name":"maguilar","image":{"@type":"ImageObject","inLanguage":"pt-BR","@id":"https:\/\/llyc.global\/pt-br\/#\/schema\/person\/image\/","url":"https:\/\/secure.gravatar.com\/avatar\/2567cb4cb8cda24204d7f7cde2c10fbd?s=96&d=mm&r=g","contentUrl":"https:\/\/secure.gravatar.com\/avatar\/2567cb4cb8cda24204d7f7cde2c10fbd?s=96&d=mm&r=g","caption":"maguilar"}}]}},"_links":{"self":[{"href":"https:\/\/llyc.global\/pt-br\/wp-json\/wp\/v2\/posts\/59148","targetHints":{"allow":["GET"]}}],"collection":[{"href":"https:\/\/llyc.global\/pt-br\/wp-json\/wp\/v2\/posts"}],"about":[{"href":"https:\/\/llyc.global\/pt-br\/wp-json\/wp\/v2\/types\/post"}],"author":[{"embeddable":true,"href":"https:\/\/llyc.global\/pt-br\/wp-json\/wp\/v2\/users\/4"}],"replies":[{"embeddable":true,"href":"https:\/\/llyc.global\/pt-br\/wp-json\/wp\/v2\/comments?post=59148"}],"version-history":[{"count":0,"href":"https:\/\/llyc.global\/pt-br\/wp-json\/wp\/v2\/posts\/59148\/revisions"}],"wp:featuredmedia":[{"embeddable":true,"href":"https:\/\/llyc.global\/pt-br\/wp-json\/wp\/v2\/media\/59149"}],"wp:attachment":[{"href":"https:\/\/llyc.global\/pt-br\/wp-json\/wp\/v2\/media?parent=59148"}],"wp:term":[{"taxonomy":"category","embeddable":true,"href":"https:\/\/llyc.global\/pt-br\/wp-json\/wp\/v2\/categories?post=59148"}],"curies":[{"name":"wp","href":"https:\/\/api.w.org\/{rel}","templated":true}]}}