{"id":59160,"date":"2014-01-09T00:00:00","date_gmt":"2014-01-08T23:00:00","guid":{"rendered":"https:\/\/llyc.global\/2014\/01\/09\/que-acontecimentos-marcarao-a-agenda-politica-e-socioeconomica-na-america-latina-para-2014\/"},"modified":"2014-01-09T00:00:00","modified_gmt":"2014-01-08T23:00:00","slug":"que-acontecimentos-marcarao-a-agenda-politica-e-socioeconomica-na-america-latina-para-2014","status":"publish","type":"post","link":"https:\/\/llyc.global\/pt-br\/ideas\/que-acontecimentos-marcarao-a-agenda-politica-e-socioeconomica-na-america-latina-para-2014\/","title":{"rendered":"Que acontecimentos marcar\u00e3o a agenda pol\u00edtica e socioecon\u00f4mica na Am\u00e9rica Latina para 2014?"},"content":{"rendered":"<p>2013 foi um ano decisivo para a Am\u00e9rica Latina, tanto no terreno econ\u00f4mico como no pol\u00edtico-eleitoral, e de fato muitos dos acontecimentos que ocorreram em 2013 s\u00e3o precisamente um an\u00fancio do que em 2014 ser\u00e1 foco de aten\u00e7\u00f5es. Neste ano ocorrer\u00e3o sete elei\u00e7\u00f5es presidenciais, somadas a outros assuntos-chave, como as reformas em M\u00e9xico e Cuba, o processo de paz na Col\u00f4mbia e a posse de Michelle Bachelet no Chile, ou a crise econ\u00f4mica em Argentina e Venezuela.<\/p>\n<p>Por outro lado, 2014 ser\u00e1 um ano chave para a deriva\u00e7\u00e3o dos dois grandes processos de integra\u00e7\u00e3o regional, a Alian\u00e7a do Pac\u00edfico e a Alba.<\/p>\n<p>Todos estes processos acontecer\u00e3o em um contexto marcado pelas mobiliza\u00e7\u00f5es sociais, que com seguran\u00e7a ter\u00e3o novas r\u00e9plicas neste ano.<\/p>\n<p>O relat\u00f3rio a seguir aborda os desafios pol\u00edticos, econ\u00f4micos e sociais que a Am\u00e9rica Latina enfrentar\u00e1 neste rec\u00e9m-iniciado 2014.<\/p>\n<p><a href=\"https:\/\/twitter.com\/Jorge_Cachinero\"><strong>Jorge Cachinero<\/strong><\/a><strong>, <\/strong><strong>Diretor Corporativo de Reputa\u00e7\u00e3o e Inova\u00e7\u00e3o da LLORENTE &amp; CUENCA<\/strong><\/p>\n","protected":false},"excerpt":{"rendered":"<p>2013 foi um ano decisivo para a Am\u00e9rica Latina, tanto no terreno econ\u00f4mico como no pol\u00edtico-eleitoral, e de fato muitos dos acontecimentos que ocorreram em 2013 s\u00e3o precisamente um an\u00fancio do que em 2014 ser\u00e1 foco de aten\u00e7\u00f5es. Neste ano ocorrer\u00e3o sete elei\u00e7\u00f5es presidenciais, somadas a outros assuntos-chave, como as reformas em M\u00e9xico e Cuba, [&hellip;]<\/p>\n","protected":false},"author":4,"featured_media":59161,"comment_status":"closed","ping_status":"closed","sticky":false,"template":"","format":"standard","meta":{"_acf_changed":false,"_et_pb_use_builder":"","_et_pb_old_content":"","_et_gb_content_width":"","footnotes":""},"categories":[87],"class_list":["post-59160","post","type-post","status-publish","format-standard","has-post-thumbnail","hentry","category-ideas"],"acf":[],"yoast_head":"<!-- This site is optimized with the Yoast SEO Premium plugin v24.7 (Yoast SEO v24.7) - https:\/\/yoast.com\/wordpress\/plugins\/seo\/ -->\n<title>Que acontecimentos marcar\u00e3o a agenda pol\u00edtica e socioecon\u00f4mica na Am\u00e9rica Latina para 2014? - LLYC<\/title>\n<meta name=\"robots\" content=\"index, follow, max-snippet:-1, max-image-preview:large, max-video-preview:-1\" \/>\n<link rel=\"canonical\" href=\"https:\/\/llyc.global\/pt-br\/ideas\/que-acontecimentos-marcarao-a-agenda-politica-e-socioeconomica-na-america-latina-para-2014\/\" \/>\n<meta property=\"og:locale\" content=\"pt_BR\" \/>\n<meta property=\"og:type\" content=\"article\" \/>\n<meta property=\"og:title\" content=\"Que acontecimentos marcar\u00e3o a agenda pol\u00edtica e socioecon\u00f4mica na Am\u00e9rica Latina para 2014?\" \/>\n<meta property=\"og:description\" content=\"2013 foi um ano decisivo para a Am\u00e9rica Latina, tanto no terreno econ\u00f4mico como no pol\u00edtico-eleitoral, e de fato muitos dos acontecimentos que ocorreram em 2013 s\u00e3o precisamente um an\u00fancio do que em 2014 ser\u00e1 foco de aten\u00e7\u00f5es. Neste ano ocorrer\u00e3o sete elei\u00e7\u00f5es presidenciais, somadas a outros assuntos-chave, como as reformas em M\u00e9xico e Cuba, [&hellip;]\" \/>\n<meta property=\"og:url\" content=\"https:\/\/llyc.global\/pt-br\/ideas\/que-acontecimentos-marcarao-a-agenda-politica-e-socioeconomica-na-america-latina-para-2014\/\" \/>\n<meta property=\"og:site_name\" content=\"LLYC\" \/>\n<meta property=\"article:publisher\" content=\"https:\/\/www.facebook.com\/LLYC.Global\/\" \/>\n<meta property=\"article:published_time\" content=\"2014-01-08T23:00:00+00:00\" \/>\n<meta property=\"og:image\" content=\"https:\/\/llyc.global\/wp-content\/uploads\/2023\/10\/agenda_politica_socioeconomica_latam.jpg\" \/>\n\t<meta property=\"og:image:width\" content=\"354\" \/>\n\t<meta property=\"og:image:height\" content=\"193\" \/>\n\t<meta property=\"og:image:type\" content=\"image\/jpeg\" \/>\n<meta name=\"author\" content=\"maguilar\" \/>\n<meta name=\"twitter:card\" content=\"summary_large_image\" \/>\n<meta name=\"twitter:creator\" content=\"@llorenteycuenca\" \/>\n<meta name=\"twitter:site\" content=\"@llorenteycuenca\" \/>\n<meta name=\"twitter:label1\" content=\"Written by\" \/>\n\t<meta name=\"twitter:data1\" content=\"maguilar\" \/>\n\t<meta name=\"twitter:label2\" content=\"Est. reading time\" \/>\n\t<meta name=\"twitter:data2\" content=\"1 minuto\" \/>\n<!-- \/ Yoast SEO Premium plugin. -->","yoast_head_json":{"title":"Que acontecimentos marcar\u00e3o a agenda pol\u00edtica e socioecon\u00f4mica na Am\u00e9rica Latina para 2014? - LLYC","robots":{"index":"index","follow":"follow","max-snippet":"max-snippet:-1","max-image-preview":"max-image-preview:large","max-video-preview":"max-video-preview:-1"},"canonical":"https:\/\/llyc.global\/pt-br\/ideas\/que-acontecimentos-marcarao-a-agenda-politica-e-socioeconomica-na-america-latina-para-2014\/","og_locale":"pt_BR","og_type":"article","og_title":"Que acontecimentos marcar\u00e3o a agenda pol\u00edtica e socioecon\u00f4mica na Am\u00e9rica Latina para 2014?","og_description":"2013 foi um ano decisivo para a Am\u00e9rica Latina, tanto no terreno econ\u00f4mico como no pol\u00edtico-eleitoral, e de fato muitos dos acontecimentos que ocorreram em 2013 s\u00e3o precisamente um an\u00fancio do que em 2014 ser\u00e1 foco de aten\u00e7\u00f5es. Neste ano ocorrer\u00e3o sete elei\u00e7\u00f5es presidenciais, somadas a outros assuntos-chave, como as reformas em M\u00e9xico e Cuba, [&hellip;]","og_url":"https:\/\/llyc.global\/pt-br\/ideas\/que-acontecimentos-marcarao-a-agenda-politica-e-socioeconomica-na-america-latina-para-2014\/","og_site_name":"LLYC","article_publisher":"https:\/\/www.facebook.com\/LLYC.Global\/","article_published_time":"2014-01-08T23:00:00+00:00","og_image":[{"width":354,"height":193,"url":"https:\/\/llyc.global\/wp-content\/uploads\/2023\/10\/agenda_politica_socioeconomica_latam.jpg","type":"image\/jpeg"}],"author":"maguilar","twitter_card":"summary_large_image","twitter_creator":"@llorenteycuenca","twitter_site":"@llorenteycuenca","twitter_misc":{"Written by":"maguilar","Est. reading time":"1 minuto"},"schema":{"@context":"https:\/\/schema.org","@graph":[{"@type":"WebPage","@id":"https:\/\/llyc.global\/pt-br\/ideas\/que-acontecimentos-marcarao-a-agenda-politica-e-socioeconomica-na-america-latina-para-2014\/","url":"https:\/\/llyc.global\/pt-br\/ideas\/que-acontecimentos-marcarao-a-agenda-politica-e-socioeconomica-na-america-latina-para-2014\/","name":"Que acontecimentos marcar\u00e3o a agenda pol\u00edtica e socioecon\u00f4mica na Am\u00e9rica Latina para 2014? - LLYC","isPartOf":{"@id":"https:\/\/llyc.global\/pt-br\/#website"},"primaryImageOfPage":{"@id":"https:\/\/llyc.global\/pt-br\/ideas\/que-acontecimentos-marcarao-a-agenda-politica-e-socioeconomica-na-america-latina-para-2014\/#primaryimage"},"image":{"@id":"https:\/\/llyc.global\/pt-br\/ideas\/que-acontecimentos-marcarao-a-agenda-politica-e-socioeconomica-na-america-latina-para-2014\/#primaryimage"},"thumbnailUrl":"https:\/\/llyc.global\/wp-content\/uploads\/2023\/10\/agenda_politica_socioeconomica_latam.jpg","datePublished":"2014-01-08T23:00:00+00:00","author":{"@id":"https:\/\/llyc.global\/pt-br\/#\/schema\/person\/8187160eba73b996b064cce622bd4541"},"breadcrumb":{"@id":"https:\/\/llyc.global\/pt-br\/ideas\/que-acontecimentos-marcarao-a-agenda-politica-e-socioeconomica-na-america-latina-para-2014\/#breadcrumb"},"inLanguage":"pt-BR","potentialAction":[{"@type":"ReadAction","target":["https:\/\/llyc.global\/pt-br\/ideas\/que-acontecimentos-marcarao-a-agenda-politica-e-socioeconomica-na-america-latina-para-2014\/"]}]},{"@type":"ImageObject","inLanguage":"pt-BR","@id":"https:\/\/llyc.global\/pt-br\/ideas\/que-acontecimentos-marcarao-a-agenda-politica-e-socioeconomica-na-america-latina-para-2014\/#primaryimage","url":"https:\/\/llyc.global\/wp-content\/uploads\/2023\/10\/agenda_politica_socioeconomica_latam.jpg","contentUrl":"https:\/\/llyc.global\/wp-content\/uploads\/2023\/10\/agenda_politica_socioeconomica_latam.jpg","width":354,"height":193},{"@type":"BreadcrumbList","@id":"https:\/\/llyc.global\/pt-br\/ideas\/que-acontecimentos-marcarao-a-agenda-politica-e-socioeconomica-na-america-latina-para-2014\/#breadcrumb","itemListElement":[{"@type":"ListItem","position":1,"name":"Home","item":"https:\/\/llyc.global\/pt-br\/"},{"@type":"ListItem","position":2,"name":"Que acontecimentos marcar\u00e3o a agenda pol\u00edtica e socioecon\u00f4mica na Am\u00e9rica Latina para 2014?"}]},{"@type":"WebSite","@id":"https:\/\/llyc.global\/pt-br\/#website","url":"https:\/\/llyc.global\/pt-br\/","name":"LLYC","description":"Consultoria de comunicaci\u00f3n marketing y asuntos p\u00fablicos","potentialAction":[{"@type":"SearchAction","target":{"@type":"EntryPoint","urlTemplate":"https:\/\/llyc.global\/pt-br\/?s={search_term_string}"},"query-input":{"@type":"PropertyValueSpecification","valueRequired":true,"valueName":"search_term_string"}}],"inLanguage":"pt-BR"},{"@type":"Person","@id":"https:\/\/llyc.global\/pt-br\/#\/schema\/person\/8187160eba73b996b064cce622bd4541","name":"maguilar","image":{"@type":"ImageObject","inLanguage":"pt-BR","@id":"https:\/\/llyc.global\/pt-br\/#\/schema\/person\/image\/","url":"https:\/\/secure.gravatar.com\/avatar\/2567cb4cb8cda24204d7f7cde2c10fbd?s=96&d=mm&r=g","contentUrl":"https:\/\/secure.gravatar.com\/avatar\/2567cb4cb8cda24204d7f7cde2c10fbd?s=96&d=mm&r=g","caption":"maguilar"}}]}},"_links":{"self":[{"href":"https:\/\/llyc.global\/pt-br\/wp-json\/wp\/v2\/posts\/59160","targetHints":{"allow":["GET"]}}],"collection":[{"href":"https:\/\/llyc.global\/pt-br\/wp-json\/wp\/v2\/posts"}],"about":[{"href":"https:\/\/llyc.global\/pt-br\/wp-json\/wp\/v2\/types\/post"}],"author":[{"embeddable":true,"href":"https:\/\/llyc.global\/pt-br\/wp-json\/wp\/v2\/users\/4"}],"replies":[{"embeddable":true,"href":"https:\/\/llyc.global\/pt-br\/wp-json\/wp\/v2\/comments?post=59160"}],"version-history":[{"count":0,"href":"https:\/\/llyc.global\/pt-br\/wp-json\/wp\/v2\/posts\/59160\/revisions"}],"wp:featuredmedia":[{"embeddable":true,"href":"https:\/\/llyc.global\/pt-br\/wp-json\/wp\/v2\/media\/59161"}],"wp:attachment":[{"href":"https:\/\/llyc.global\/pt-br\/wp-json\/wp\/v2\/media?parent=59160"}],"wp:term":[{"taxonomy":"category","embeddable":true,"href":"https:\/\/llyc.global\/pt-br\/wp-json\/wp\/v2\/categories?post=59160"}],"curies":[{"name":"wp","href":"https:\/\/api.w.org\/{rel}","templated":true}]}}