{"id":59188,"date":"2014-02-27T00:00:00","date_gmt":"2014-02-26T23:00:00","guid":{"rendered":"https:\/\/llyc.global\/2014\/02\/27\/jornalismo-de-marca-e-reputacao-corporativa\/"},"modified":"2014-02-27T00:00:00","modified_gmt":"2014-02-26T23:00:00","slug":"jornalismo-de-marca-e-reputacao-corporativa","status":"publish","type":"post","link":"https:\/\/llyc.global\/pt-br\/ideas\/jornalismo-de-marca-e-reputacao-corporativa\/","title":{"rendered":"Jornalismo de Marca e Reputa\u00e7\u00e3o Corporativa"},"content":{"rendered":"<p>Nos \u00faltimos anos, ocorreram mudan\u00e7as profundas no sistema de comunica\u00e7\u00e3o p\u00fablica, que est\u00e3o afetando a efetividade da imprensa ou dos instrumentos de comunica\u00e7\u00e3o corporativa convencionais, at\u00e9 o ponto de merecer uma reflex\u00e3o ponderada sobre seu futuro imediato.<\/p>\n<p>Continuam sendo v\u00e1lidas ferramentas como a nota de imprensa ou a sala de imprensa online ou a publica\u00e7\u00e3o habitual de resultados ou mem\u00f3rias anuais? \u00c9 um debate aberto do quak queremos participar com este relat\u00f3rio especial, intitulado\u00a0<strong>\u201cJornalismo de marca e reputa\u00e7\u00e3o corporativa\u201d<\/strong>.<\/p>\n<p>Em seus conte\u00fados, voc\u00ea encontrar\u00e1 algumas ideias a respeito e propostas concretas de solu\u00e7\u00f5es, que se situam muito pr\u00f3ximas de tr\u00eas conceitos que est\u00e3o marcando tend\u00eancia: relato de hist\u00f3rias (storytelling), identidade humana e visualiza\u00e7\u00e3o de dados.<\/p>\n<p><a href=\"https:\/\/twitter.com\/ivanpinozas\"><strong>Iv\u00e1n Pino<\/strong><\/a><strong>, <\/strong><strong>Diretor de Comunica\u00e7\u00e3o Online da LLORENTE &amp; CUENCA<\/strong><\/p>\n","protected":false},"excerpt":{"rendered":"<p>Nos \u00faltimos anos, ocorreram mudan\u00e7as profundas no sistema de comunica\u00e7\u00e3o p\u00fablica, que est\u00e3o afetando a efetividade da imprensa ou dos instrumentos de comunica\u00e7\u00e3o corporativa convencionais, at\u00e9 o ponto de merecer uma reflex\u00e3o ponderada sobre seu futuro imediato. Continuam sendo v\u00e1lidas ferramentas como a nota de imprensa ou a sala de imprensa online ou a publica\u00e7\u00e3o [&hellip;]<\/p>\n","protected":false},"author":4,"featured_media":59189,"comment_status":"closed","ping_status":"closed","sticky":false,"template":"","format":"standard","meta":{"_acf_changed":false,"_et_pb_use_builder":"","_et_pb_old_content":"","_et_gb_content_width":"","footnotes":""},"categories":[87],"class_list":["post-59188","post","type-post","status-publish","format-standard","has-post-thumbnail","hentry","category-ideas"],"acf":[],"yoast_head":"<!-- This site is optimized with the Yoast SEO Premium plugin v24.7 (Yoast SEO v24.7) - https:\/\/yoast.com\/wordpress\/plugins\/seo\/ -->\n<title>Jornalismo de Marca e Reputa\u00e7\u00e3o Corporativa - LLYC<\/title>\n<meta name=\"robots\" content=\"index, follow, max-snippet:-1, max-image-preview:large, max-video-preview:-1\" \/>\n<link rel=\"canonical\" href=\"https:\/\/llyc.global\/pt-br\/ideas\/jornalismo-de-marca-e-reputacao-corporativa\/\" \/>\n<meta property=\"og:locale\" content=\"pt_BR\" \/>\n<meta property=\"og:type\" content=\"article\" \/>\n<meta property=\"og:title\" content=\"Jornalismo de Marca e Reputa\u00e7\u00e3o Corporativa\" \/>\n<meta property=\"og:description\" content=\"Nos \u00faltimos anos, ocorreram mudan\u00e7as profundas no sistema de comunica\u00e7\u00e3o p\u00fablica, que est\u00e3o afetando a efetividade da imprensa ou dos instrumentos de comunica\u00e7\u00e3o corporativa convencionais, at\u00e9 o ponto de merecer uma reflex\u00e3o ponderada sobre seu futuro imediato. Continuam sendo v\u00e1lidas ferramentas como a nota de imprensa ou a sala de imprensa online ou a publica\u00e7\u00e3o [&hellip;]\" \/>\n<meta property=\"og:url\" content=\"https:\/\/llyc.global\/pt-br\/ideas\/jornalismo-de-marca-e-reputacao-corporativa\/\" \/>\n<meta property=\"og:site_name\" content=\"LLYC\" \/>\n<meta property=\"article:publisher\" content=\"https:\/\/www.facebook.com\/LLYC.Global\/\" \/>\n<meta property=\"article:published_time\" content=\"2014-02-26T23:00:00+00:00\" \/>\n<meta property=\"og:image\" content=\"https:\/\/llyc.global\/wp-content\/uploads\/2023\/10\/periodismo_marca_reputacion_corporativa.jpg\" \/>\n\t<meta property=\"og:image:width\" content=\"672\" \/>\n\t<meta property=\"og:image:height\" content=\"372\" \/>\n\t<meta property=\"og:image:type\" content=\"image\/jpeg\" \/>\n<meta name=\"author\" content=\"maguilar\" \/>\n<meta name=\"twitter:card\" content=\"summary_large_image\" \/>\n<meta name=\"twitter:creator\" content=\"@llorenteycuenca\" \/>\n<meta name=\"twitter:site\" content=\"@llorenteycuenca\" \/>\n<meta name=\"twitter:label1\" content=\"Written by\" \/>\n\t<meta name=\"twitter:data1\" content=\"maguilar\" \/>\n\t<meta name=\"twitter:label2\" content=\"Est. reading time\" \/>\n\t<meta name=\"twitter:data2\" content=\"1 minuto\" \/>\n<!-- \/ Yoast SEO Premium plugin. -->","yoast_head_json":{"title":"Jornalismo de Marca e Reputa\u00e7\u00e3o Corporativa - LLYC","robots":{"index":"index","follow":"follow","max-snippet":"max-snippet:-1","max-image-preview":"max-image-preview:large","max-video-preview":"max-video-preview:-1"},"canonical":"https:\/\/llyc.global\/pt-br\/ideas\/jornalismo-de-marca-e-reputacao-corporativa\/","og_locale":"pt_BR","og_type":"article","og_title":"Jornalismo de Marca e Reputa\u00e7\u00e3o Corporativa","og_description":"Nos \u00faltimos anos, ocorreram mudan\u00e7as profundas no sistema de comunica\u00e7\u00e3o p\u00fablica, que est\u00e3o afetando a efetividade da imprensa ou dos instrumentos de comunica\u00e7\u00e3o corporativa convencionais, at\u00e9 o ponto de merecer uma reflex\u00e3o ponderada sobre seu futuro imediato. Continuam sendo v\u00e1lidas ferramentas como a nota de imprensa ou a sala de imprensa online ou a publica\u00e7\u00e3o [&hellip;]","og_url":"https:\/\/llyc.global\/pt-br\/ideas\/jornalismo-de-marca-e-reputacao-corporativa\/","og_site_name":"LLYC","article_publisher":"https:\/\/www.facebook.com\/LLYC.Global\/","article_published_time":"2014-02-26T23:00:00+00:00","og_image":[{"width":672,"height":372,"url":"https:\/\/llyc.global\/wp-content\/uploads\/2023\/10\/periodismo_marca_reputacion_corporativa.jpg","type":"image\/jpeg"}],"author":"maguilar","twitter_card":"summary_large_image","twitter_creator":"@llorenteycuenca","twitter_site":"@llorenteycuenca","twitter_misc":{"Written by":"maguilar","Est. reading time":"1 minuto"},"schema":{"@context":"https:\/\/schema.org","@graph":[{"@type":"WebPage","@id":"https:\/\/llyc.global\/pt-br\/ideas\/jornalismo-de-marca-e-reputacao-corporativa\/","url":"https:\/\/llyc.global\/pt-br\/ideas\/jornalismo-de-marca-e-reputacao-corporativa\/","name":"Jornalismo de Marca e Reputa\u00e7\u00e3o Corporativa - LLYC","isPartOf":{"@id":"https:\/\/llyc.global\/pt-br\/#website"},"primaryImageOfPage":{"@id":"https:\/\/llyc.global\/pt-br\/ideas\/jornalismo-de-marca-e-reputacao-corporativa\/#primaryimage"},"image":{"@id":"https:\/\/llyc.global\/pt-br\/ideas\/jornalismo-de-marca-e-reputacao-corporativa\/#primaryimage"},"thumbnailUrl":"https:\/\/llyc.global\/wp-content\/uploads\/2023\/10\/periodismo_marca_reputacion_corporativa.jpg","datePublished":"2014-02-26T23:00:00+00:00","author":{"@id":"https:\/\/llyc.global\/pt-br\/#\/schema\/person\/8187160eba73b996b064cce622bd4541"},"breadcrumb":{"@id":"https:\/\/llyc.global\/pt-br\/ideas\/jornalismo-de-marca-e-reputacao-corporativa\/#breadcrumb"},"inLanguage":"pt-BR","potentialAction":[{"@type":"ReadAction","target":["https:\/\/llyc.global\/pt-br\/ideas\/jornalismo-de-marca-e-reputacao-corporativa\/"]}]},{"@type":"ImageObject","inLanguage":"pt-BR","@id":"https:\/\/llyc.global\/pt-br\/ideas\/jornalismo-de-marca-e-reputacao-corporativa\/#primaryimage","url":"https:\/\/llyc.global\/wp-content\/uploads\/2023\/10\/periodismo_marca_reputacion_corporativa.jpg","contentUrl":"https:\/\/llyc.global\/wp-content\/uploads\/2023\/10\/periodismo_marca_reputacion_corporativa.jpg","width":672,"height":372},{"@type":"BreadcrumbList","@id":"https:\/\/llyc.global\/pt-br\/ideas\/jornalismo-de-marca-e-reputacao-corporativa\/#breadcrumb","itemListElement":[{"@type":"ListItem","position":1,"name":"Home","item":"https:\/\/llyc.global\/pt-br\/"},{"@type":"ListItem","position":2,"name":"Jornalismo de Marca e Reputa\u00e7\u00e3o Corporativa"}]},{"@type":"WebSite","@id":"https:\/\/llyc.global\/pt-br\/#website","url":"https:\/\/llyc.global\/pt-br\/","name":"LLYC","description":"Consultoria de comunicaci\u00f3n marketing y asuntos p\u00fablicos","potentialAction":[{"@type":"SearchAction","target":{"@type":"EntryPoint","urlTemplate":"https:\/\/llyc.global\/pt-br\/?s={search_term_string}"},"query-input":{"@type":"PropertyValueSpecification","valueRequired":true,"valueName":"search_term_string"}}],"inLanguage":"pt-BR"},{"@type":"Person","@id":"https:\/\/llyc.global\/pt-br\/#\/schema\/person\/8187160eba73b996b064cce622bd4541","name":"maguilar","image":{"@type":"ImageObject","inLanguage":"pt-BR","@id":"https:\/\/llyc.global\/pt-br\/#\/schema\/person\/image\/","url":"https:\/\/secure.gravatar.com\/avatar\/2567cb4cb8cda24204d7f7cde2c10fbd?s=96&d=mm&r=g","contentUrl":"https:\/\/secure.gravatar.com\/avatar\/2567cb4cb8cda24204d7f7cde2c10fbd?s=96&d=mm&r=g","caption":"maguilar"}}]}},"_links":{"self":[{"href":"https:\/\/llyc.global\/pt-br\/wp-json\/wp\/v2\/posts\/59188","targetHints":{"allow":["GET"]}}],"collection":[{"href":"https:\/\/llyc.global\/pt-br\/wp-json\/wp\/v2\/posts"}],"about":[{"href":"https:\/\/llyc.global\/pt-br\/wp-json\/wp\/v2\/types\/post"}],"author":[{"embeddable":true,"href":"https:\/\/llyc.global\/pt-br\/wp-json\/wp\/v2\/users\/4"}],"replies":[{"embeddable":true,"href":"https:\/\/llyc.global\/pt-br\/wp-json\/wp\/v2\/comments?post=59188"}],"version-history":[{"count":0,"href":"https:\/\/llyc.global\/pt-br\/wp-json\/wp\/v2\/posts\/59188\/revisions"}],"wp:featuredmedia":[{"embeddable":true,"href":"https:\/\/llyc.global\/pt-br\/wp-json\/wp\/v2\/media\/59189"}],"wp:attachment":[{"href":"https:\/\/llyc.global\/pt-br\/wp-json\/wp\/v2\/media?parent=59188"}],"wp:term":[{"taxonomy":"category","embeddable":true,"href":"https:\/\/llyc.global\/pt-br\/wp-json\/wp\/v2\/categories?post=59188"}],"curies":[{"name":"wp","href":"https:\/\/api.w.org\/{rel}","templated":true}]}}