{"id":59543,"date":"2017-06-01T00:00:00","date_gmt":"2017-05-31T22:00:00","guid":{"rendered":"https:\/\/llyc.global\/2017\/06\/01\/grassroots-o-poder-das-comunidades-organizadas\/"},"modified":"2023-10-26T05:17:11","modified_gmt":"2023-10-26T03:17:11","slug":"grassroots-o-poder-das-comunidades-organizadas","status":"publish","type":"post","link":"https:\/\/llyc.global\/pt-br\/ideas\/grassroots-o-poder-das-comunidades-organizadas\/","title":{"rendered":"Grassroots: o poder das comunidades organizadas"},"content":{"rendered":"<p>[et_pb_section admin_label=&#8221;Section&#8221; fullwidth=&#8221;off&#8221; specialty=&#8221;off&#8221;][et_pb_row admin_label=&#8221;Row&#8221; make_fullwidth=&#8221;off&#8221; use_custom_width=&#8221;off&#8221; width_unit=&#8221;on&#8221; use_custom_gutter=&#8221;off&#8221; padding_mobile=&#8221;off&#8221; allow_player_pause=&#8221;off&#8221; parallax=&#8221;off&#8221; parallax_method=&#8221;off&#8221; make_equal=&#8221;off&#8221; parallax_1=&#8221;off&#8221; parallax_method_1=&#8221;off&#8221; column_padding_mobile=&#8221;on&#8221;][et_pb_column type=&#8221;4_4&#8243;][et_pb_text admin_label=&#8221;Text&#8221; background_layout=&#8221;light&#8221; text_orientation=&#8221;left&#8221; use_border_color=&#8221;off&#8221; border_color=&#8221;#ffffff&#8221; border_style=&#8221;solid&#8221;]<\/p>\n<p>Foram os ativistas sul-africanos pelos direitos dos incapacitados que fundiram na express\u00e3o \u201c<em>Nothing about us without us\u201d<\/em> o princ\u00edpio que promove toda a campanha de <em>grassroots<\/em>: o direito de as comunidades se unirem e influenciarem assuntos que afetem o seu dia a dia.<\/p>\n<p>Aparentemente t\u00e3o f\u00e1ceis de explicar, como seria mencionar o antigo prov\u00e9rbio de \u201c<em>A uni\u00e3o faz a for\u00e7a\u201d<\/em> e t\u00e3o complexos de antecipar, organizar, analisar e quantificar, os <em>grassroots <\/em>est\u00e3o tendo um protagonismo crescente nos \u00faltimos anos, captando uma aten\u00e7\u00e3o pol\u00edtica e midi\u00e1tica que, habitualmente, consistia em uma parcela de a\u00e7\u00f5es tradicionais de influ\u00eancia. Conhecedoras do seu potencial, empresas como a UBER combinaram a\u00e7\u00f5es tradicionais de comunica\u00e7\u00e3o, publicidade ou lobby com a for\u00e7a coletiva dos seus usu\u00e1rios. Durante 2016, ao mesmo tempo em que se solicitava um ve\u00edculo em Nova York, era poss\u00edvel enviar um pedido diretamente ao prefeito para a regula\u00e7\u00e3o dos seus servi\u00e7os, o que viria a ser denominado de \u201c<em>de Blasio\u2019s Uber<\/em>\u201d.<\/p>\n<p>[\/et_pb_text][et_pb_image admin_label=&#8221;Image&#8221; src=&#8221;https:\/\/ideasbr.llorenteycuenca.com\/wp-content\/uploads\/sites\/8\/2017\/06\/Imagen_Mockup.jpg&#8221; show_in_lightbox=&#8221;off&#8221; url_new_window=&#8221;off&#8221; use_overlay=&#8221;off&#8221; animation=&#8221;off&#8221; sticky=&#8221;off&#8221; align=&#8221;left&#8221; force_fullwidth=&#8221;off&#8221; always_center_on_mobile=&#8221;on&#8221; use_border_color=&#8221;off&#8221; border_color=&#8221;#ffffff&#8221; border_style=&#8221;solid&#8221;] [\/et_pb_image][et_pb_text admin_label=&#8221;Text&#8221; background_layout=&#8221;light&#8221; text_orientation=&#8221;left&#8221; use_border_color=&#8221;off&#8221; border_color=&#8221;#ffffff&#8221; border_style=&#8221;solid&#8221;]<\/p>\n<p>Os organizadores das campanhas de <em>grassroots<\/em> criam as condi\u00e7\u00f5es adequadas para que os cidad\u00e3os interessados em defender um projeto tenham as mesmas ferramentas para se encontrarem, unirem, organizarem e influenciarem a tomada de decis\u00f5es. S\u00e3o uma pr\u00e1tica frequentemente utilizada no ambiente anglo-sax\u00e3o e que se encontra em crescimento ao nosso redor atrav\u00e9s de campanhas pol\u00edticas ou de ONG. Portanto, \u00e9 conveniente conhecer de que forma se articulam para que fiquem sabendo em que momento uma campanha de <em>grassroots <\/em>pode jogar a nosso favor e dar visibilidade \u00e0 licen\u00e7a social dos nossos projetos.<\/p>\n<p>[\/et_pb_text][\/et_pb_column][\/et_pb_row][et_pb_row admin_label=&#8221;Row&#8221;][et_pb_column type=&#8221;4_4&#8243;][et_pb_text admin_label=&#8221;Text&#8221; background_layout=&#8221;light&#8221; text_orientation=&#8221;left&#8221; use_border_color=&#8221;off&#8221; border_color=&#8221;#ffffff&#8221; border_style=&#8221;solid&#8221;]<\/p>\n<h2><span style=\"color: #64a70b;\"><strong>Como inspirar a a\u00e7\u00e3o<\/strong><\/span><\/h2>\n<p>Apesar de os momentos sociais n\u00e3o serem uma novidade, a teoria que acompanha as campanhas de <em>grassroots<\/em> nasce, tal como tantas outras pr\u00e1ticas associadas \u00e0 gest\u00e3o da influ\u00eancia, pela m\u00e3o de dois pesquisadores da Universidade de Harvard, Marshall Ganz e Ruth Wageman. Eles observaram a forma de os programas de voluntariado se organizarem hierarquicamente e por objetivos individuais. N\u00e3o existia margem para a intera\u00e7\u00e3o, para a iniciativa nem para a lideran\u00e7a e, como consequ\u00eancia deste processo solit\u00e1rio e pouco motivador, os volunt\u00e1rios abandonavam a organiza\u00e7\u00e3o, frustrados por n\u00e3o terem vivido grandes sucessos e sem terem se sentido parte do projeto. O modelo desenvolvido por Ganz e Wageman prop\u00f5e que os membros das equipes criem rela\u00e7\u00f5es, assumam parcelas pr\u00f3prias de lideran\u00e7a, que vivam experi\u00eancias alheias e as aproveitem como agente motivador e impulsionador da mudan\u00e7a.<\/p>\n<p>[\/et_pb_text][et_pb_text admin_label=&#8221;Ladillo 1&#8243; background_layout=&#8221;light&#8221; text_orientation=&#8221;left&#8221; background_color=&#8221;#e6eef4&#8243; use_border_color=&#8221;off&#8221; border_color=&#8221;#ffffff&#8221; border_style=&#8221;solid&#8221; custom_padding=&#8221;30px|30px|30px|30px&#8221;]<\/p>\n<h2><span style=\"color: #53565a;\"><em>&#8220;Trata-se de inspirar at\u00e9 que a a\u00e7\u00e3o seja produzida&#8221;<\/em><\/span><\/h2>\n<p>[\/et_pb_text][et_pb_text admin_label=&#8221;Text&#8221; background_layout=&#8221;light&#8221; text_orientation=&#8221;left&#8221; use_border_color=&#8221;off&#8221; border_color=&#8221;#ffffff&#8221; border_style=&#8221;solid&#8221;]<\/p>\n<p>A campanha de Obama de 2008 experimentou, pela primeira vez, o sistema Ganz-Wageman durante as prim\u00e1rias em Iowa e na Carolina do Sul, organizando, capacitando e mobilizando as suas bases em objetivos compartilhados. Ele venceu em ambas. Por outro lado, em New Hampshire, onde dirigiu uma campanha de marketing mais tradicional, acabaria por perder.<\/p>\n<p>Durante o seu segundo mandato, ele recorreu \u00e0 Organizing for Action como ferramenta para impulsionar campanhas de Grassroots que refor\u00e7aram as suas prioridades legislativas:<\/p>\n<p>[\/et_pb_text][et_pb_video admin_label=&#8221;Video&#8221; src=&#8221;https:\/\/youtu.be\/XQ_YxH8mH9k&#8221; image_src=&#8221;https:\/\/ideasbr.llorenteycuenca.com\/wp-content\/uploads\/sites\/8\/2017\/06\/video_Obama_Hexagonos.jpg&#8221;] [\/et_pb_video][et_pb_text admin_label=&#8221;Text&#8221; background_layout=&#8221;light&#8221; text_orientation=&#8221;left&#8221; use_border_color=&#8221;off&#8221; border_color=&#8221;#ffffff&#8221; border_style=&#8221;solid&#8221;]<\/p>\n<p>Se ligarmos as fases de uma campanha de <em>grassroots<\/em> na sequ\u00eancia da motiva\u00e7\u00e3o de comunidades, verificamos que o objetivo de uma campanha \u00e9 fazer transitar os cidad\u00e3os da ignor\u00e2ncia e desorganiza\u00e7\u00e3o para a satisfa\u00e7\u00e3o que produz a celebra\u00e7\u00e3o de uma vit\u00f3ria por menor que ela seja. Trata-se de inspirar at\u00e9 que a a\u00e7\u00e3o seja produzida.<\/p>\n<p>[\/et_pb_text][\/et_pb_column][\/et_pb_row][\/et_pb_section][et_pb_section admin_label=&#8221;Section&#8221; fullwidth=&#8221;off&#8221; specialty=&#8221;off&#8221; transparent_background=&#8221;off&#8221; background_color=&#8221;#00847d&#8221; allow_player_pause=&#8221;off&#8221; inner_shadow=&#8221;off&#8221; parallax=&#8221;off&#8221; parallax_method=&#8221;off&#8221; padding_mobile=&#8221;off&#8221; make_fullwidth=&#8221;off&#8221; use_custom_width=&#8221;off&#8221; width_unit=&#8221;on&#8221; make_equal=&#8221;off&#8221; use_custom_gutter=&#8221;off&#8221;][et_pb_row admin_label=&#8221;Row&#8221; make_fullwidth=&#8221;on&#8221; use_custom_width=&#8221;off&#8221; width_unit=&#8221;on&#8221; use_custom_gutter=&#8221;off&#8221; padding_mobile=&#8221;off&#8221; allow_player_pause=&#8221;off&#8221; parallax=&#8221;off&#8221; parallax_method=&#8221;off&#8221; make_equal=&#8221;off&#8221; parallax_1=&#8221;off&#8221; parallax_method_1=&#8221;off&#8221; column_padding_mobile=&#8221;on&#8221;][et_pb_column type=&#8221;4_4&#8243;][et_pb_text admin_label=&#8221;Text&#8221; background_layout=&#8221;light&#8221; text_orientation=&#8221;left&#8221; use_border_color=&#8221;off&#8221; border_color=&#8221;#ffffff&#8221; border_style=&#8221;solid&#8221; text_text_color=&#8221;#ffffff&#8221;]<\/p>\n<h2><span style=\"color: #ffffff;\"><strong>AS FASES DE UMA CAMPANHA DE <i>GRASSROOTS<\/i><\/strong><\/span><\/h2>\n<p>[\/et_pb_text][\/et_pb_column][\/et_pb_row][\/et_pb_section][et_pb_section admin_label=&#8221;Section&#8221; fullwidth=&#8221;off&#8221; specialty=&#8221;off&#8221; transparent_background=&#8221;off&#8221; background_color=&#8221;#eaf1e0&#8243; allow_player_pause=&#8221;off&#8221; inner_shadow=&#8221;off&#8221; parallax=&#8221;off&#8221; parallax_method=&#8221;off&#8221; padding_mobile=&#8221;off&#8221; make_fullwidth=&#8221;off&#8221; use_custom_width=&#8221;off&#8221; width_unit=&#8221;on&#8221; make_equal=&#8221;off&#8221; use_custom_gutter=&#8221;off&#8221;][et_pb_row admin_label=&#8221;Row&#8221;][et_pb_column type=&#8221;4_4&#8243;][et_pb_image admin_label=&#8221;Numero 1&#8243; src=&#8221;https:\/\/ideasbr.llorenteycuenca.com\/wp-content\/uploads\/sites\/8\/2017\/06\/Linea_1.png&#8221; show_in_lightbox=&#8221;off&#8221; url_new_window=&#8221;off&#8221; use_overlay=&#8221;off&#8221; animation=&#8221;off&#8221; sticky=&#8221;off&#8221; align=&#8221;left&#8221; force_fullwidth=&#8221;off&#8221; always_center_on_mobile=&#8221;on&#8221; use_border_color=&#8221;off&#8221; border_color=&#8221;#ffffff&#8221; border_style=&#8221;solid&#8221;] [\/et_pb_image][\/et_pb_column][\/et_pb_row][et_pb_row admin_label=&#8221;Row&#8221;][et_pb_column type=&#8221;3_4&#8243;][et_pb_text admin_label=&#8221;Planificaci\u00f3n&#8221; background_layout=&#8221;light&#8221; text_orientation=&#8221;left&#8221; use_border_color=&#8221;off&#8221; border_color=&#8221;#ffffff&#8221; border_style=&#8221;solid&#8221;]<\/p>\n<h2><span style=\"color: #99cc00;\">PLANEJAMENTO<\/span><\/h2>\n<p>Nesta fase, as comunidades est\u00e3o desorganizadas, desunidas e n\u00e3o contam com ferramentas para a ativa\u00e7\u00e3o.<\/p>\n<p>\u00c9 a forma atrav\u00e9s da qual se explica uma campanha ao p\u00fablico e de que forma se planeja venc\u00ea-la, ligando o p\u00fablico ao processo. Por isso, \u00e9 necess\u00e1rio um conhecimento profundo das comunidades para entender as suas motiva\u00e7\u00f5es.<\/p>\n<p>[\/et_pb_text][\/et_pb_column][et_pb_column type=&#8221;1_4&#8243;][et_pb_image admin_label=&#8221;Image&#8221; src=&#8221;https:\/\/ideasbr.llorenteycuenca.com\/wp-content\/uploads\/sites\/8\/2017\/06\/Icono_Calendario.png&#8221; show_in_lightbox=&#8221;off&#8221; url_new_window=&#8221;off&#8221; use_overlay=&#8221;off&#8221; animation=&#8221;off&#8221; sticky=&#8221;off&#8221; align=&#8221;left&#8221; force_fullwidth=&#8221;off&#8221; always_center_on_mobile=&#8221;on&#8221; use_border_color=&#8221;off&#8221; border_color=&#8221;#ffffff&#8221; border_style=&#8221;solid&#8221;] [\/et_pb_image][\/et_pb_column][\/et_pb_row][et_pb_row admin_label=&#8221;Row&#8221;][et_pb_column type=&#8221;4_4&#8243;][et_pb_divider admin_label=&#8221;Divider&#8221; color=&#8221;#ffffff&#8221; show_divider=&#8221;off&#8221; divider_style=&#8221;solid&#8221; divider_position=&#8221;top&#8221; hide_on_mobile=&#8221;on&#8221;] [\/et_pb_divider][et_pb_image admin_label=&#8221;N\u00ba2&#8243; src=&#8221;https:\/\/ideasbr.llorenteycuenca.com\/wp-content\/uploads\/sites\/8\/2017\/06\/Linea_2.png&#8221; show_in_lightbox=&#8221;off&#8221; url_new_window=&#8221;off&#8221; use_overlay=&#8221;off&#8221; animation=&#8221;off&#8221; sticky=&#8221;off&#8221; align=&#8221;left&#8221; force_fullwidth=&#8221;off&#8221; always_center_on_mobile=&#8221;on&#8221; use_border_color=&#8221;off&#8221; border_color=&#8221;#ffffff&#8221; border_style=&#8221;solid&#8221;] [\/et_pb_image][\/et_pb_column][\/et_pb_row][et_pb_row admin_label=&#8221;Row&#8221;][et_pb_column type=&#8221;1_4&#8243;][et_pb_image admin_label=&#8221;Image&#8221; src=&#8221;https:\/\/ideas.llorenteycuenca.com\/wp-content\/uploads\/sites\/5\/2017\/05\/Icono_Captacion.png&#8221; show_in_lightbox=&#8221;off&#8221; url_new_window=&#8221;off&#8221; use_overlay=&#8221;off&#8221; animation=&#8221;off&#8221; sticky=&#8221;off&#8221; align=&#8221;left&#8221; force_fullwidth=&#8221;off&#8221; always_center_on_mobile=&#8221;on&#8221; use_border_color=&#8221;off&#8221; border_color=&#8221;#ffffff&#8221; border_style=&#8221;solid&#8221;] [\/et_pb_image][\/et_pb_column][et_pb_column type=&#8221;3_4&#8243;][et_pb_text admin_label=&#8221;Captaci\u00f3n&#8221; background_layout=&#8221;light&#8221; text_orientation=&#8221;left&#8221; use_border_color=&#8221;off&#8221; border_color=&#8221;#ffffff&#8221; border_style=&#8221;solid&#8221;]<\/p>\n<h2><span style=\"color: #99cc00;\">CAPTA\u00c7\u00c3O<\/span><\/h2>\n<p>\u00c9 nesta fase que o nosso projeto chega at\u00e9 a comunidade e come\u00e7a a gerar interesse atrav\u00e9s de mensagens com uma forte vertente emocional e com atividades que motivem a intera\u00e7\u00e3o entre as comunidades.<\/p>\n<p>[\/et_pb_text][\/et_pb_column][\/et_pb_row][et_pb_row admin_label=&#8221;Row&#8221; make_fullwidth=&#8221;on&#8221; use_custom_width=&#8221;off&#8221; width_unit=&#8221;on&#8221; use_custom_gutter=&#8221;off&#8221; padding_mobile=&#8221;off&#8221; allow_player_pause=&#8221;off&#8221; parallax=&#8221;off&#8221; parallax_method=&#8221;off&#8221; make_equal=&#8221;off&#8221; parallax_1=&#8221;off&#8221; parallax_method_1=&#8221;off&#8221; column_padding_mobile=&#8221;on&#8221;][et_pb_column type=&#8221;4_4&#8243;][et_pb_image admin_label=&#8221;Infograf\u00eda&#8221; src=&#8221;https:\/\/ideasbr.llorenteycuenca.com\/wp-content\/uploads\/sites\/8\/2017\/06\/Imagen_Infografia1500x500.jpg&#8221; show_in_lightbox=&#8221;off&#8221; url_new_window=&#8221;on&#8221; use_overlay=&#8221;off&#8221; animation=&#8221;off&#8221; sticky=&#8221;off&#8221; align=&#8221;left&#8221; force_fullwidth=&#8221;off&#8221; always_center_on_mobile=&#8221;on&#8221; use_border_color=&#8221;off&#8221; border_color=&#8221;#ffffff&#8221; border_style=&#8221;solid&#8221; url=&#8221;https:\/\/extranewsfeed.com\/grassroots-diplomacy-how-to-make-dissent-stick-faeea80451bb&#8221;] [\/et_pb_image][\/et_pb_column][\/et_pb_row][et_pb_row admin_label=&#8221;Row&#8221;][et_pb_column type=&#8221;4_4&#8243;][et_pb_divider admin_label=&#8221;Divider&#8221; color=&#8221;#ffffff&#8221; show_divider=&#8221;off&#8221; divider_style=&#8221;solid&#8221; divider_position=&#8221;top&#8221; hide_on_mobile=&#8221;on&#8221;] [\/et_pb_divider][et_pb_image admin_label=&#8221;N\u00ba 3&#8243; src=&#8221;https:\/\/ideasbr.llorenteycuenca.com\/wp-content\/uploads\/sites\/8\/2017\/06\/Linea_3.png&#8221; show_in_lightbox=&#8221;off&#8221; url_new_window=&#8221;off&#8221; use_overlay=&#8221;off&#8221; animation=&#8221;off&#8221; sticky=&#8221;off&#8221; align=&#8221;left&#8221; force_fullwidth=&#8221;off&#8221; always_center_on_mobile=&#8221;on&#8221; use_border_color=&#8221;off&#8221; border_color=&#8221;#ffffff&#8221; border_style=&#8221;solid&#8221;] [\/et_pb_image][\/et_pb_column][\/et_pb_row][et_pb_row admin_label=&#8221;Row&#8221;][et_pb_column type=&#8221;3_4&#8243;][et_pb_text admin_label=&#8221;Organizaci\u00f3n &#8221; background_layout=&#8221;light&#8221; text_orientation=&#8221;left&#8221; use_border_color=&#8221;off&#8221; border_color=&#8221;#ffffff&#8221; border_style=&#8221;solid&#8221;]<\/p>\n<h2><span style=\"color: #99cc00;\">ORGANIZA\u00c7\u00c3O<\/span><\/h2>\n<p>Nesta fase, torna-se vis\u00edvel o in\u00edcio da organiza\u00e7\u00e3o de uma comunidade desorganizada. \u00c9 essencial uma comunica\u00e7\u00e3o frequente com a comunidade, conhecer as suas opini\u00f5es e coment\u00e1rios, ouvir as suas respostas e atuar sobre as mesmas. S\u00e3o estabelecidos sistemas de trabalho por equipes, s\u00e3o disponibilizadas oportunidades de treinamento e \u00e9 conceituado o trabalho como o desenvolvimento de uma comunidade, mais do que como uma lista tradicional de associados ou volunt\u00e1rios.<\/p>\n<p>[\/et_pb_text][\/et_pb_column][et_pb_column type=&#8221;1_4&#8243;][et_pb_image admin_label=&#8221;Image&#8221; src=&#8221;https:\/\/ideas.llorenteycuenca.com\/wp-content\/uploads\/sites\/5\/2017\/05\/Icono_Organizacion.png&#8221; show_in_lightbox=&#8221;off&#8221; url_new_window=&#8221;off&#8221; use_overlay=&#8221;off&#8221; animation=&#8221;off&#8221; sticky=&#8221;off&#8221; align=&#8221;left&#8221; force_fullwidth=&#8221;off&#8221; always_center_on_mobile=&#8221;on&#8221; use_border_color=&#8221;off&#8221; border_color=&#8221;#ffffff&#8221; border_style=&#8221;solid&#8221;] [\/et_pb_image][\/et_pb_column][\/et_pb_row][et_pb_row admin_label=&#8221;Row&#8221;][et_pb_column type=&#8221;4_4&#8243;][et_pb_divider admin_label=&#8221;Divider&#8221; color=&#8221;#ffffff&#8221; show_divider=&#8221;off&#8221; divider_style=&#8221;solid&#8221; divider_position=&#8221;top&#8221; hide_on_mobile=&#8221;on&#8221;] [\/et_pb_divider][et_pb_image admin_label=&#8221;N\u00ba4&#8243; src=&#8221;https:\/\/ideasbr.llorenteycuenca.com\/wp-content\/uploads\/sites\/8\/2017\/06\/Linea_4.png&#8221; show_in_lightbox=&#8221;off&#8221; url_new_window=&#8221;off&#8221; use_overlay=&#8221;off&#8221; animation=&#8221;off&#8221; sticky=&#8221;off&#8221; align=&#8221;left&#8221; force_fullwidth=&#8221;off&#8221; always_center_on_mobile=&#8221;on&#8221; use_border_color=&#8221;off&#8221; border_color=&#8221;#ffffff&#8221; border_style=&#8221;solid&#8221;] [\/et_pb_image][\/et_pb_column][\/et_pb_row][et_pb_row admin_label=&#8221;Row&#8221;][et_pb_column type=&#8221;1_4&#8243;][et_pb_image admin_label=&#8221;Image&#8221; src=&#8221;https:\/\/ideas.llorenteycuenca.com\/wp-content\/uploads\/sites\/5\/2017\/05\/Icono_Activacion.png&#8221; show_in_lightbox=&#8221;off&#8221; url_new_window=&#8221;off&#8221; use_overlay=&#8221;off&#8221; animation=&#8221;off&#8221; sticky=&#8221;off&#8221; align=&#8221;left&#8221; force_fullwidth=&#8221;off&#8221; always_center_on_mobile=&#8221;on&#8221; use_border_color=&#8221;off&#8221; border_color=&#8221;#ffffff&#8221; border_style=&#8221;solid&#8221;] [\/et_pb_image][\/et_pb_column][et_pb_column type=&#8221;3_4&#8243;][et_pb_text admin_label=&#8221;Activaci\u00f3n&#8221; background_layout=&#8221;light&#8221; text_orientation=&#8221;left&#8221; use_border_color=&#8221;off&#8221; border_color=&#8221;#ffffff&#8221; border_style=&#8221;solid&#8221;]<\/p>\n<h2><span style=\"color: #99cc00;\">ACTIVA\u00c7\u00c3O<\/span><\/h2>\n<p>\u00c9 nesta fase, em que se passa \u00e0 a\u00e7\u00e3o, que as comunidades t\u00eam ferramentas e treinamento, conhecem os objetivos e podem trabalhar com autonomia e lideran\u00e7a.<\/p>\n<p>[\/et_pb_text][\/et_pb_column][\/et_pb_row][et_pb_row admin_label=&#8221;Row&#8221;][et_pb_column type=&#8221;4_4&#8243;][et_pb_divider admin_label=&#8221;Divider&#8221; color=&#8221;#ffffff&#8221; show_divider=&#8221;off&#8221; divider_style=&#8221;solid&#8221; divider_position=&#8221;top&#8221; hide_on_mobile=&#8221;on&#8221;] [\/et_pb_divider][et_pb_image admin_label=&#8221;N\u00ba 5&#8243; src=&#8221;https:\/\/ideasbr.llorenteycuenca.com\/wp-content\/uploads\/sites\/8\/2017\/06\/Linea_5.png&#8221; show_in_lightbox=&#8221;off&#8221; url_new_window=&#8221;off&#8221; use_overlay=&#8221;off&#8221; animation=&#8221;off&#8221; sticky=&#8221;off&#8221; align=&#8221;left&#8221; force_fullwidth=&#8221;off&#8221; always_center_on_mobile=&#8221;on&#8221; use_border_color=&#8221;off&#8221; border_color=&#8221;#ffffff&#8221; border_style=&#8221;solid&#8221;] [\/et_pb_image][\/et_pb_column][\/et_pb_row][et_pb_row admin_label=&#8221;Row&#8221;][et_pb_column type=&#8221;3_4&#8243;][et_pb_text admin_label=&#8221;Celebraci\u00f3n y evaluaci\u00f3n&#8221; background_layout=&#8221;light&#8221; text_orientation=&#8221;left&#8221; use_border_color=&#8221;off&#8221; border_color=&#8221;#ffffff&#8221; border_style=&#8221;solid&#8221;]<\/p>\n<h2><span style=\"color: #99cc00;\">CELEBRA\u00c7\u00c3O E EVALUA\u00c7\u00c3O<\/span><\/h2>\n<p>A fase de celebra\u00e7\u00e3o, embora seja de pequenas vit\u00f3rias, \u00e9 necess\u00e1ria, para que as comunidades se sintam integradas no projeto e se sintam satisfeitas com os resultados que as retroalimentem.<\/p>\n<p>[\/et_pb_text][\/et_pb_column][et_pb_column type=&#8221;1_4&#8243;][et_pb_image admin_label=&#8221;Image&#8221; src=&#8221;https:\/\/ideas.llorenteycuenca.com\/wp-content\/uploads\/sites\/5\/2017\/05\/Icono_Evaluacion.png&#8221; show_in_lightbox=&#8221;off&#8221; url_new_window=&#8221;off&#8221; use_overlay=&#8221;off&#8221; animation=&#8221;off&#8221; sticky=&#8221;off&#8221; align=&#8221;left&#8221; force_fullwidth=&#8221;off&#8221; always_center_on_mobile=&#8221;on&#8221; use_border_color=&#8221;off&#8221; border_color=&#8221;#ffffff&#8221; border_style=&#8221;solid&#8221;] [\/et_pb_image][\/et_pb_column][\/et_pb_row][\/et_pb_section][et_pb_section admin_label=&#8221;Section&#8221; fullwidth=&#8221;off&#8221; specialty=&#8221;off&#8221; transparent_background=&#8221;off&#8221; background_color=&#8221;#ffffff&#8221; allow_player_pause=&#8221;off&#8221; inner_shadow=&#8221;off&#8221; parallax=&#8221;off&#8221; parallax_method=&#8221;off&#8221; padding_mobile=&#8221;off&#8221; make_fullwidth=&#8221;off&#8221; use_custom_width=&#8221;off&#8221; width_unit=&#8221;on&#8221; make_equal=&#8221;off&#8221; use_custom_gutter=&#8221;off&#8221;][et_pb_row admin_label=&#8221;Row&#8221;][et_pb_column type=&#8221;4_4&#8243;][et_pb_text admin_label=&#8221;Text&#8221; background_layout=&#8221;light&#8221; text_orientation=&#8221;left&#8221; use_border_color=&#8221;off&#8221; border_color=&#8221;#ffffff&#8221; border_style=&#8221;solid&#8221;]<\/p>\n<h2><span style=\"color: #64a70b;\"><strong>Os <em>grassroots<\/em> como a\u00e7\u00e3o<\/strong><\/span><span style=\"color: #64a70b;\"><strong>\u00a0de lobby<\/strong><\/span><\/h2>\n<p>Cada vez existe um maior n\u00famero de <em>stakeholders<\/em> pol\u00edticos influenciadores e grupos de interesse ativos. N\u00e3o \u00e9 de estranhar que, uma vez que muitos t\u00eam acesso ao decisor, aos meios e \u00e0s redes, as mensagens se diluam, se percam e se esque\u00e7am. Consequentemente, a mobiliza\u00e7\u00e3o de terceiros \u00e9 uma pr\u00e1tica habitual nas a\u00e7\u00f5es de lobby, para dotar o projeto de maior representatividade e legitimidade, dando mais import\u00e2ncia a determinados <em>issues<\/em> na agenda pol\u00edtica e midi\u00e1tica.<\/p>\n<p>Tradicionalmente, a constru\u00e7\u00e3o de alian\u00e7as tem sido desenvolvida em forma de associa\u00e7\u00e3o setorial e sido integrada por membros corporativos ou institucionais que n\u00e3o registaram mobiliza\u00e7\u00e3o de bases ou, caso ela tenha existido, ocorreu sob um sistema de comunica\u00e7\u00e3o unidirecional onde se trabalha com grupos estanques e hierarquizados.<\/p>\n<p>As campanhas de <em>grassroots<\/em> tamb\u00e9m s\u00e3o uma forma de mobiliza\u00e7\u00e3o de terceiros, embora baseadas em um modelo organizacional aberto, em que as bases assumem parcelas pr\u00f3prias de autonomia, a informa\u00e7\u00e3o \u00e9 compartilhada e o controle absoluto \u00e9 renunciado, em troca de colabora\u00e7\u00e3o.<\/p>\n<p>[\/et_pb_text][\/et_pb_column][\/et_pb_row][et_pb_row admin_label=&#8221;Row&#8221;][et_pb_column type=&#8221;4_4&#8243;][et_pb_text admin_label=&#8221;Ladillo 2&#8243; background_layout=&#8221;light&#8221; text_orientation=&#8221;left&#8221; background_color=&#8221;#e6eef4&#8243; use_border_color=&#8221;off&#8221; border_color=&#8221;#ffffff&#8221; border_style=&#8221;solid&#8221; custom_padding=&#8221;35px|35px|35px|35px&#8221;]<\/p>\n<h2><span style=\"color: #53565a;\"><em>&#8220;O objetivo de uma campanha de grassroots deve ser conciso, claro, compartilhado com todos os membros e mensur\u00e1vel em longo prazo&#8221;<\/em><\/span><\/h2>\n<p>[\/et_pb_text][et_pb_divider admin_label=&#8221;Divider&#8221; color=&#8221;#ffffff&#8221; show_divider=&#8221;off&#8221; divider_style=&#8221;solid&#8221; divider_position=&#8221;top&#8221; hide_on_mobile=&#8221;on&#8221;] [\/et_pb_divider][et_pb_text admin_label=&#8221;Text&#8221; background_layout=&#8221;light&#8221; text_orientation=&#8221;left&#8221; use_border_color=&#8221;off&#8221; border_color=&#8221;#ffffff&#8221; border_style=&#8221;solid&#8221;] [\/et_pb_text][et_pb_video admin_label=&#8221;Video&#8221; src=&#8221;https:\/\/www.youtube.com\/watch?v=eqKZkcxeKR8&#8243; image_src=&#8221;https:\/\/ideas.llorenteycuenca.com\/wp-content\/uploads\/sites\/5\/2017\/05\/Video_Manos_Hexagonos.jpg&#8221;] [\/et_pb_video][et_pb_text admin_label=&#8221;Text&#8221; background_layout=&#8221;light&#8221; text_orientation=&#8221;left&#8221; use_border_color=&#8221;off&#8221; border_color=&#8221;#ffffff&#8221; border_style=&#8221;solid&#8221;] [\/et_pb_text][\/et_pb_column][\/et_pb_row][et_pb_row admin_label=&#8221;Row&#8221;][et_pb_column type=&#8221;4_4&#8243;][et_pb_divider admin_label=&#8221;Divider&#8221; color=&#8221;#ffffff&#8221; show_divider=&#8221;off&#8221; divider_style=&#8221;solid&#8221; divider_position=&#8221;top&#8221; hide_on_mobile=&#8221;on&#8221;] [\/et_pb_divider][\/et_pb_column][\/et_pb_row][et_pb_row admin_label=&#8221;Row&#8221;][et_pb_column type=&#8221;1_3&#8243;][et_pb_image admin_label=&#8221;Image&#8221; src=&#8221;https:\/\/ideasbr.llorenteycuenca.com\/wp-content\/uploads\/sites\/8\/2017\/06\/Joan_Navarro-2.jpg&#8221; show_in_lightbox=&#8221;off&#8221; url_new_window=&#8221;off&#8221; use_overlay=&#8221;off&#8221; animation=&#8221;off&#8221; sticky=&#8221;off&#8221; align=&#8221;left&#8221; force_fullwidth=&#8221;off&#8221; always_center_on_mobile=&#8221;on&#8221; use_border_color=&#8221;off&#8221; border_color=&#8221;#ffffff&#8221; border_style=&#8221;solid&#8221;] [\/et_pb_image][\/et_pb_column][et_pb_column type=&#8221;2_3&#8243;][et_pb_text admin_label=&#8221;Bio Joan&#8221; background_layout=&#8221;light&#8221; text_orientation=&#8221;left&#8221; use_border_color=&#8221;off&#8221; border_color=&#8221;#ffffff&#8221; border_style=&#8221;solid&#8221;]<\/p>\n<p><strong>Joan Navarro \u00e9 s\u00f3cio e vice-presidente da \u00c1rea de Rela\u00e7\u00f5es P\u00fablicas da LLORENTE &amp; CUENCA<\/strong>. Licenciado em Sociologia pela UNED e PDG do IESE-Universidade de Navarra. Perito em comunica\u00e7\u00e3o pol\u00edtica e rela\u00e7\u00f5es p\u00fablicas, de 2004 a 2007 foi diretor do Gabinete do Ministro da Administra\u00e7\u00e3o P\u00fablica e, em 2010, foi reconhecido como uma das 100 pessoas mais influentes pela revista <em>El Pa\u00eds Semanal.<\/em> Fundador do f\u00f3rum +Democracia, entidade que promove mudan\u00e7as institucionais para a melhoria do funcionamento democr\u00e1tico. Desenvolve atividade docente em diversos centros universit\u00e1rios, \u00e9 membro da comiss\u00e3o espanhola da Strategic and Competitive Intelligence Professional (SCIP) e colaborador do di\u00e1rio <em>El Pa\u00eds<\/em>.<\/p>\n<p>[\/et_pb_text][\/et_pb_column][\/et_pb_row][et_pb_row admin_label=&#8221;Row&#8221;][et_pb_column type=&#8221;4_4&#8243;][et_pb_text admin_label=&#8221;Text&#8221; background_layout=&#8221;light&#8221; text_orientation=&#8221;left&#8221; use_border_color=&#8221;off&#8221; border_color=&#8221;#ffffff&#8221; border_style=&#8221;solid&#8221;]<\/p>\n<p><span style=\"color: #61a60e;\"><a href=\"https:\/\/llyc.global\/wp-content\/uploads\/2023\/10\/email.png\" rel=\"attachment wp-att-13485\"><img loading=\"lazy\" decoding=\"async\" class=\"alignnone wp-image-13485\" src=\"https:\/\/llyc.global\/wp-content\/uploads\/2023\/10\/email.png\" alt=\"email\" width=\"27\" height=\"27\" \/><\/a>\u00a0 jnavarro@llorenteycuenca.com<\/span><\/p>\n<p><a href=\"https:\/\/es.linkedin.com\/in\/joan-navarro-43b14714\"><span style=\"color: #61a60e;\"><img loading=\"lazy\" decoding=\"async\" class=\"alignnone wp-image-13486\" src=\"https:\/\/llyc.global\/wp-content\/uploads\/2023\/10\/linkedin1.png\" alt=\"linkedin\" width=\"24\" height=\"24\" \/>\u00a0 Joan Navarro<\/span><\/a><\/p>\n<p>[\/et_pb_text][et_pb_divider admin_label=&#8221;Divider&#8221; color=&#8221;#ffffff&#8221; show_divider=&#8221;off&#8221; divider_style=&#8221;solid&#8221; divider_position=&#8221;top&#8221; hide_on_mobile=&#8221;on&#8221;] [\/et_pb_divider][\/et_pb_column][\/et_pb_row][et_pb_row admin_label=&#8221;Row&#8221;][et_pb_column type=&#8221;1_3&#8243;][et_pb_image admin_label=&#8221;Image&#8221; src=&#8221;https:\/\/ideasbr.llorenteycuenca.com\/wp-content\/uploads\/sites\/8\/2017\/06\/Laura_Martinez.jpg&#8221; show_in_lightbox=&#8221;off&#8221; url_new_window=&#8221;off&#8221; use_overlay=&#8221;off&#8221; animation=&#8221;off&#8221; sticky=&#8221;off&#8221; align=&#8221;left&#8221; force_fullwidth=&#8221;off&#8221; always_center_on_mobile=&#8221;on&#8221; use_border_color=&#8221;off&#8221; border_color=&#8221;#ffffff&#8221; border_style=&#8221;solid&#8221;] [\/et_pb_image][\/et_pb_column][et_pb_column type=&#8221;2_3&#8243;][et_pb_text admin_label=&#8221;Text&#8221; background_layout=&#8221;light&#8221; text_orientation=&#8221;left&#8221; use_border_color=&#8221;off&#8221; border_color=&#8221;#ffffff&#8221; border_style=&#8221;solid&#8221;]<\/p>\n<p><strong>Laura Mart\u00ednez \u00e9 consultora s\u00eanior da \u00e1rea de Rela\u00e7\u00f5es P\u00fablicas da de LLORENTE &amp; CUENCA<\/strong>. Licenciada em Publicidade e Rela\u00e7\u00f5es P\u00fablicas pela Universidad de Valladolid e com um mestrado em Gest\u00e3o de Comunica\u00e7\u00e3o Institucional e Opini\u00e3o P\u00fablica pela URJC. Ela ingressou na de LLORENTE&amp;CUENCA em 2010 e, desde ent\u00e3o, trabalhou na concep\u00e7\u00e3o e implementa\u00e7\u00e3o de programas de rela\u00e7\u00f5es institucionais e gest\u00e3o da influ\u00eancia para clientes como Asociaci\u00f3n de Empresas Tabacaleras, UTECA, Cellnex Telecom ou Coca-Cola, bem como projetos de reputa\u00e7\u00e3o corporativa para a UBS ou a Heineken Espa\u00f1a. Tamb\u00e9m trabalhou com multinacionais do setor individual como a Discovery Communications e a Bertelsmann.<\/p>\n<p>[\/et_pb_text][\/et_pb_column][\/et_pb_row][et_pb_row admin_label=&#8221;Row&#8221;][et_pb_column type=&#8221;4_4&#8243;][et_pb_text admin_label=&#8221;Text&#8221; background_layout=&#8221;light&#8221; text_orientation=&#8221;left&#8221; use_border_color=&#8221;off&#8221; border_color=&#8221;#ffffff&#8221; border_style=&#8221;solid&#8221;]<\/p>\n<p><span style=\"color: #61a60e;\"><a href=\"https:\/\/llyc.global\/wp-content\/uploads\/2023\/10\/email.png\" rel=\"attachment wp-att-13485\"><img loading=\"lazy\" decoding=\"async\" class=\"alignnone wp-image-13485\" src=\"https:\/\/llyc.global\/wp-content\/uploads\/2023\/10\/email.png\" alt=\"email\" width=\"23\" height=\"23\" \/><\/a>\u00a0 lmartinez@llorenteycuenca.com<\/span><\/p>\n<p><a href=\"https:\/\/es.linkedin.com\/in\/laura-martinez-cerro-bb742114\"><span style=\"color: #61a60e;\"><img loading=\"lazy\" decoding=\"async\" class=\"alignnone wp-image-13486\" src=\"https:\/\/llyc.global\/wp-content\/uploads\/2023\/10\/linkedin1.png\" alt=\"linkedin\" width=\"22\" height=\"22\" \/>\u00a0 Laura Mart\u00ednez Cerro<\/span><\/a><\/p>\n<p>[\/et_pb_text][\/et_pb_column][\/et_pb_row][\/et_pb_section]<\/p>\n","protected":false},"excerpt":{"rendered":"<p>Foram os ativistas sul-africanos pelos direitos dos&#8230;<\/p>\n","protected":false},"author":4,"featured_media":59545,"comment_status":"closed","ping_status":"closed","sticky":false,"template":"","format":"standard","meta":{"_acf_changed":false,"_et_pb_use_builder":"on","_et_pb_old_content":"","_et_gb_content_width":"","footnotes":""},"categories":[87],"class_list":["post-59543","post","type-post","status-publish","format-standard","has-post-thumbnail","hentry","category-ideas"],"acf":[],"yoast_head":"<!-- This site is optimized with the Yoast SEO Premium plugin v24.7 (Yoast SEO v24.7) - https:\/\/yoast.com\/wordpress\/plugins\/seo\/ -->\n<title>Grassroots: o poder das comunidades organizadas - LLYC<\/title>\n<meta name=\"robots\" content=\"index, follow, max-snippet:-1, max-image-preview:large, max-video-preview:-1\" \/>\n<link rel=\"canonical\" href=\"https:\/\/llyc.global\/pt-br\/ideas\/grassroots-o-poder-das-comunidades-organizadas\/\" \/>\n<meta property=\"og:locale\" content=\"pt_BR\" \/>\n<meta property=\"og:type\" content=\"article\" \/>\n<meta property=\"og:title\" content=\"Grassroots: o poder das comunidades organizadas\" \/>\n<meta property=\"og:description\" content=\"Foram os ativistas sul-africanos pelos direitos dos...\" \/>\n<meta property=\"og:url\" content=\"https:\/\/llyc.global\/pt-br\/ideas\/grassroots-o-poder-das-comunidades-organizadas\/\" \/>\n<meta property=\"og:site_name\" content=\"LLYC\" \/>\n<meta property=\"article:publisher\" content=\"https:\/\/www.facebook.com\/LLYC.Global\/\" \/>\n<meta property=\"article:published_time\" content=\"2017-05-31T22:00:00+00:00\" \/>\n<meta property=\"article:modified_time\" content=\"2023-10-26T03:17:11+00:00\" \/>\n<meta property=\"og:image\" content=\"https:\/\/llyc.global\/wp-content\/uploads\/2023\/10\/Imagen_Portada_Grassroots-1-scaled.jpg\" \/>\n\t<meta property=\"og:image:width\" content=\"2560\" \/>\n\t<meta property=\"og:image:height\" content=\"923\" \/>\n\t<meta property=\"og:image:type\" content=\"image\/jpeg\" \/>\n<meta name=\"author\" content=\"maguilar\" \/>\n<meta name=\"twitter:card\" content=\"summary_large_image\" \/>\n<meta name=\"twitter:creator\" content=\"@llorenteycuenca\" \/>\n<meta name=\"twitter:site\" content=\"@llorenteycuenca\" \/>\n<meta name=\"twitter:label1\" content=\"Written by\" \/>\n\t<meta name=\"twitter:data1\" content=\"maguilar\" \/>\n\t<meta name=\"twitter:label2\" content=\"Est. reading time\" \/>\n\t<meta name=\"twitter:data2\" content=\"17 minutos\" \/>\n<!-- \/ Yoast SEO Premium plugin. -->","yoast_head_json":{"title":"Grassroots: o poder das comunidades organizadas - LLYC","robots":{"index":"index","follow":"follow","max-snippet":"max-snippet:-1","max-image-preview":"max-image-preview:large","max-video-preview":"max-video-preview:-1"},"canonical":"https:\/\/llyc.global\/pt-br\/ideas\/grassroots-o-poder-das-comunidades-organizadas\/","og_locale":"pt_BR","og_type":"article","og_title":"Grassroots: o poder das comunidades organizadas","og_description":"Foram os ativistas sul-africanos pelos direitos dos...","og_url":"https:\/\/llyc.global\/pt-br\/ideas\/grassroots-o-poder-das-comunidades-organizadas\/","og_site_name":"LLYC","article_publisher":"https:\/\/www.facebook.com\/LLYC.Global\/","article_published_time":"2017-05-31T22:00:00+00:00","article_modified_time":"2023-10-26T03:17:11+00:00","og_image":[{"width":2560,"height":923,"url":"https:\/\/llyc.global\/wp-content\/uploads\/2023\/10\/Imagen_Portada_Grassroots-1-scaled.jpg","type":"image\/jpeg"}],"author":"maguilar","twitter_card":"summary_large_image","twitter_creator":"@llorenteycuenca","twitter_site":"@llorenteycuenca","twitter_misc":{"Written by":"maguilar","Est. reading time":"17 minutos"},"schema":{"@context":"https:\/\/schema.org","@graph":[{"@type":"WebPage","@id":"https:\/\/llyc.global\/pt-br\/ideas\/grassroots-o-poder-das-comunidades-organizadas\/","url":"https:\/\/llyc.global\/pt-br\/ideas\/grassroots-o-poder-das-comunidades-organizadas\/","name":"Grassroots: o poder das comunidades organizadas - LLYC","isPartOf":{"@id":"https:\/\/llyc.global\/pt-br\/#website"},"primaryImageOfPage":{"@id":"https:\/\/llyc.global\/pt-br\/ideas\/grassroots-o-poder-das-comunidades-organizadas\/#primaryimage"},"image":{"@id":"https:\/\/llyc.global\/pt-br\/ideas\/grassroots-o-poder-das-comunidades-organizadas\/#primaryimage"},"thumbnailUrl":"https:\/\/llyc.global\/wp-content\/uploads\/2023\/10\/Imagen_Portada_Grassroots-1-scaled.jpg","datePublished":"2017-05-31T22:00:00+00:00","dateModified":"2023-10-26T03:17:11+00:00","author":{"@id":"https:\/\/llyc.global\/pt-br\/#\/schema\/person\/8187160eba73b996b064cce622bd4541"},"breadcrumb":{"@id":"https:\/\/llyc.global\/pt-br\/ideas\/grassroots-o-poder-das-comunidades-organizadas\/#breadcrumb"},"inLanguage":"pt-BR","potentialAction":[{"@type":"ReadAction","target":["https:\/\/llyc.global\/pt-br\/ideas\/grassroots-o-poder-das-comunidades-organizadas\/"]}]},{"@type":"ImageObject","inLanguage":"pt-BR","@id":"https:\/\/llyc.global\/pt-br\/ideas\/grassroots-o-poder-das-comunidades-organizadas\/#primaryimage","url":"https:\/\/llyc.global\/wp-content\/uploads\/2023\/10\/Imagen_Portada_Grassroots-1-scaled.jpg","contentUrl":"https:\/\/llyc.global\/wp-content\/uploads\/2023\/10\/Imagen_Portada_Grassroots-1-scaled.jpg","width":2560,"height":923},{"@type":"BreadcrumbList","@id":"https:\/\/llyc.global\/pt-br\/ideas\/grassroots-o-poder-das-comunidades-organizadas\/#breadcrumb","itemListElement":[{"@type":"ListItem","position":1,"name":"Home","item":"https:\/\/llyc.global\/pt-br\/"},{"@type":"ListItem","position":2,"name":"Grassroots: o poder das comunidades organizadas"}]},{"@type":"WebSite","@id":"https:\/\/llyc.global\/pt-br\/#website","url":"https:\/\/llyc.global\/pt-br\/","name":"LLYC","description":"Consultoria de comunicaci\u00f3n marketing y asuntos p\u00fablicos","potentialAction":[{"@type":"SearchAction","target":{"@type":"EntryPoint","urlTemplate":"https:\/\/llyc.global\/pt-br\/?s={search_term_string}"},"query-input":{"@type":"PropertyValueSpecification","valueRequired":true,"valueName":"search_term_string"}}],"inLanguage":"pt-BR"},{"@type":"Person","@id":"https:\/\/llyc.global\/pt-br\/#\/schema\/person\/8187160eba73b996b064cce622bd4541","name":"maguilar","image":{"@type":"ImageObject","inLanguage":"pt-BR","@id":"https:\/\/llyc.global\/pt-br\/#\/schema\/person\/image\/","url":"https:\/\/secure.gravatar.com\/avatar\/2567cb4cb8cda24204d7f7cde2c10fbd?s=96&d=mm&r=g","contentUrl":"https:\/\/secure.gravatar.com\/avatar\/2567cb4cb8cda24204d7f7cde2c10fbd?s=96&d=mm&r=g","caption":"maguilar"}}]}},"_links":{"self":[{"href":"https:\/\/llyc.global\/pt-br\/wp-json\/wp\/v2\/posts\/59543","targetHints":{"allow":["GET"]}}],"collection":[{"href":"https:\/\/llyc.global\/pt-br\/wp-json\/wp\/v2\/posts"}],"about":[{"href":"https:\/\/llyc.global\/pt-br\/wp-json\/wp\/v2\/types\/post"}],"author":[{"embeddable":true,"href":"https:\/\/llyc.global\/pt-br\/wp-json\/wp\/v2\/users\/4"}],"replies":[{"embeddable":true,"href":"https:\/\/llyc.global\/pt-br\/wp-json\/wp\/v2\/comments?post=59543"}],"version-history":[{"count":1,"href":"https:\/\/llyc.global\/pt-br\/wp-json\/wp\/v2\/posts\/59543\/revisions"}],"predecessor-version":[{"id":59544,"href":"https:\/\/llyc.global\/pt-br\/wp-json\/wp\/v2\/posts\/59543\/revisions\/59544"}],"wp:featuredmedia":[{"embeddable":true,"href":"https:\/\/llyc.global\/pt-br\/wp-json\/wp\/v2\/media\/59545"}],"wp:attachment":[{"href":"https:\/\/llyc.global\/pt-br\/wp-json\/wp\/v2\/media?parent=59543"}],"wp:term":[{"taxonomy":"category","embeddable":true,"href":"https:\/\/llyc.global\/pt-br\/wp-json\/wp\/v2\/categories?post=59543"}],"curies":[{"name":"wp","href":"https:\/\/api.w.org\/{rel}","templated":true}]}}