{"id":59596,"date":"2017-09-15T00:00:00","date_gmt":"2017-09-14T22:00:00","guid":{"rendered":"https:\/\/llyc.global\/2017\/09\/15\/o-novo-populismo-de-america-latina-um-movimento-mais-vivo-do-que-nunca\/"},"modified":"2023-10-26T05:18:19","modified_gmt":"2023-10-26T03:18:19","slug":"o-novo-populismo-de-america-latina-um-movimento-mais-vivo-do-que-nunca","status":"publish","type":"post","link":"https:\/\/llyc.global\/pt-br\/ideas\/o-novo-populismo-de-america-latina-um-movimento-mais-vivo-do-que-nunca\/","title":{"rendered":"O novo populismo de Am\u00e9rica Latina, um movimento mais vivo do que nunca"},"content":{"rendered":"<p>[et_pb_section admin_label=&#8221;section&#8221;][et_pb_row admin_label=&#8221;row&#8221; make_fullwidth=&#8221;on&#8221; use_custom_width=&#8221;off&#8221; width_unit=&#8221;on&#8221; use_custom_gutter=&#8221;off&#8221; padding_mobile=&#8221;off&#8221; allow_player_pause=&#8221;off&#8221; parallax=&#8221;off&#8221; parallax_method=&#8221;off&#8221; make_equal=&#8221;off&#8221; parallax_1=&#8221;off&#8221; parallax_method_1=&#8221;off&#8221; column_padding_mobile=&#8221;on&#8221;][et_pb_column type=&#8221;4_4&#8243;][et_pb_image admin_label=&#8221;Imagen&#8221; src=&#8221;https:\/\/ideasbr.llorenteycuenca.com\/wp-content\/uploads\/sites\/8\/2017\/09\/texto-icono-descarga.png&#8221; show_in_lightbox=&#8221;off&#8221; url_new_window=&#8221;on&#8221; use_overlay=&#8221;off&#8221; animation=&#8221;off&#8221; sticky=&#8221;off&#8221; align=&#8221;left&#8221; force_fullwidth=&#8221;off&#8221; always_center_on_mobile=&#8221;on&#8221; use_border_color=&#8221;off&#8221; border_color=&#8221;#ffffff&#8221; border_style=&#8221;solid&#8221; url=&#8221;https:\/\/ideasbr.llorenteycuenca.com\/wp-content\/uploads\/sites\/8\/2017\/09\/170913_Informe_Populismo_BR.pdf&#8221;] [\/et_pb_image][et_pb_text admin_label=&#8221;Texto&#8221; background_layout=&#8221;light&#8221; text_orientation=&#8221;left&#8221; use_border_color=&#8221;off&#8221; border_color=&#8221;#ffffff&#8221; border_style=&#8221;solid&#8221;]<\/p>\n<p>A Am\u00e9rica Latina se prepara para viver nos pr\u00f3ximos meses um calend\u00e1rio eleitoral intenso e determinante para o futuro do continente. \u00c0 espera do que suceder\u00e1 na Venezuela, Chile, Honduras, Costa Rica, Paraguai, Col\u00f4mbia, M\u00e9xico e Brasil, realizam elei\u00e7\u00f5es presidenciais at\u00e9 o final de 2018. Neste cen\u00e1rio pol\u00edtico, o populismo, ao contr\u00e1rio do que parece, est\u00e1 mais vivo do que nunca.<\/p>\n<p>Al\u00e9m de seus deslocamentos ideol\u00f3gicos pendulares pela Europa ou Am\u00e9rica, o populismo come\u00e7a a gerar f\u00f3rmulas similares de lideran\u00e7a onde estejam. Os novos l\u00edderes populistas est\u00e3o unidos pelo carisma, o autoritarismo, a incorre\u00e7\u00e3o pol\u00edtica ou a meton\u00edmia de tomar sua parte como o todo, da mesma forma em que compartilham a avers\u00e3o pelas nuances, manique\u00edsmo, uma rejei\u00e7\u00e3o visceral a uma classe pol\u00edtica que consideram mera m\u00e1fia do poder, ou a surpreendente capacidade de capitalizar em beneficio pr\u00f3prio todo tipo de votos de castigo.<\/p>\n<p><a href=\"https:\/\/twitter.com\/luisagarcia\">Luisa Garc\u00eda<\/a>, s\u00f3cia e COO de LLORENTE &amp; CUENCA na Am\u00e9rica Latina.<\/p>\n<p><a href=\"https:\/\/www.linkedin.com\/in\/claudiovallejoaguilareal\/\">Claudio Vallejo<\/a>, diretor s\u00eanior de Latam Desk Europa de LLORENTE &amp; CUENCA.<\/p>\n<p>[\/et_pb_text][\/et_pb_column][\/et_pb_row][\/et_pb_section][et_pb_section admin_label=&#8221;Secci\u00f3n&#8221; fullwidth=&#8221;off&#8221; specialty=&#8221;off&#8221; transparent_background=&#8221;off&#8221; background_color=&#8221;#f9f9f9&#8243; allow_player_pause=&#8221;off&#8221; inner_shadow=&#8221;off&#8221; parallax=&#8221;off&#8221; parallax_method=&#8221;off&#8221; padding_mobile=&#8221;off&#8221; make_fullwidth=&#8221;off&#8221; use_custom_width=&#8221;off&#8221; width_unit=&#8221;on&#8221; make_equal=&#8221;off&#8221; use_custom_gutter=&#8221;off&#8221;][et_pb_row admin_label=&#8221;Fila&#8221; make_fullwidth=&#8221;on&#8221; use_custom_width=&#8221;off&#8221; width_unit=&#8221;on&#8221; use_custom_gutter=&#8221;off&#8221; padding_mobile=&#8221;off&#8221; allow_player_pause=&#8221;off&#8221; parallax=&#8221;off&#8221; parallax_method=&#8221;off&#8221; make_equal=&#8221;off&#8221; parallax_1=&#8221;off&#8221; parallax_method_1=&#8221;off&#8221; column_padding_mobile=&#8221;on&#8221;][et_pb_column type=&#8221;4_4&#8243;][et_pb_text admin_label=&#8221;Introducci\u00f3n&#8221; background_layout=&#8221;light&#8221; text_orientation=&#8221;left&#8221; use_border_color=&#8221;off&#8221; border_color=&#8221;#ffffff&#8221; border_style=&#8221;solid&#8221;]<\/p>\n<h2><span style=\"color: #64a70b;\">INTRODU\u00c7\u00c3O<\/span><\/h2>\n<p>Os diferentes resultados eleitorais registrados desde 2015 foram a causa de que se estendesse a percep\u00e7\u00e3o de que o populismo e os movimentos populista-demag\u00f3gicos, de um partido ou de outro, em auge na Europa e nos Estados Unidos (Donald Trump, Marine Le Pen, Podemos, Syriza\u2026) se encontram em fase de retra\u00e7\u00e3o na Am\u00e9rica Latina. As campanhas pol\u00edticas latino-americanas que v\u00eam se realizando h\u00e1 dois anos, al\u00e9m das especificidades pr\u00f3prias de cada na\u00e7\u00e3o, pareceriam mostrar e confirmar esse refluxo.<\/p>\n<p>Entendemos aqui populismo como uma forma de interpretar o jogo pol\u00edtico na qual os populistas reclamam para eles a total representa\u00e7\u00e3o de um \u201cpovo\u201d formado somente pelos partid\u00e1rios do l\u00edder populista, enquanto a oposi\u00e7\u00e3o n\u00e3o tem legitimidade e \u00e9 equiparada \u00e0 <a href=\"http:\/\/www.upenn.edu\/pennpress\/book\/15615.html\">antip\u00e1tria<\/a>. Esta abordagem, ao contr\u00e1rio de estar em decl\u00ednio na Am\u00e9rica Latina, continua muito presente, agora atingiu o pico n\u00e3o somente por partidos, movimentos e lideran\u00e7as relacionadas com o \u201csocialismo do s\u00e9culo XXI\u201d, mas tamb\u00e9m tamb\u00e9m por for\u00e7as que se posicionam \u00e0 direita do espectro pol\u00edtico e que agora tem maiores op\u00e7\u00f5es de ganhar elei\u00e7\u00f5es ou de obter relev\u00e2ncia eleitoral.<\/p>\n<p>[\/et_pb_text][et_pb_video admin_label=&#8221;V\u00eddeo&#8221; src=&#8221;https:\/\/youtu.be\/Gf15Is3MEqY&#8221; image_src=&#8221;https:\/\/ideasbr.llorenteycuenca.com\/wp-content\/uploads\/sites\/8\/2017\/09\/Video_Celag.png&#8221;] [\/et_pb_video][et_pb_text admin_label=&#8221;Texto&#8221; background_layout=&#8221;light&#8221; text_orientation=&#8221;left&#8221; use_border_color=&#8221;off&#8221; border_color=&#8221;#ffffff&#8221; border_style=&#8221;solid&#8221;]<\/p>\n<p>Estes novos populismos, nascidos, em sua imensa maioria, \u00e0 margem do \u201csocialismo do s\u00e9culo XXI\u201d, continuam tendo uma forte carga de autoritarismo, apostam pelo protecionismo, por lideran\u00e7as carism\u00e1ticas e por rejeitar as institui\u00e7\u00f5es e a institucionalidade. Como afirma o cientista pol\u00edtico <a href=\"http:\/\/www.lanacion.com.ar\/1983269-un-mal-momento-para-salir-del-populismo\">Andr\u00e9s Malamud<\/a>:<\/p>\n<blockquote><p>\u201cO populismo promove a rela\u00e7\u00e3o direta entre o l\u00edder e as massas. Para evitar os parlamentos e os partidos, os l\u00edderes populistas constroem uma antinomia e se posicionam a um lado: o do povo. O nome gen\u00e9rico do populismo \u00e9 manique\u00edsmo. Mais que as institui\u00e7\u00f5es ou as elites, o inimigo do populismo s\u00e3o as nuances \u201d.<\/p><\/blockquote>\n<p>[\/et_pb_text][\/et_pb_column][\/et_pb_row][\/et_pb_section][et_pb_section admin_label=&#8221;Secci\u00f3n&#8221; fullwidth=&#8221;off&#8221; specialty=&#8221;off&#8221; transparent_background=&#8221;off&#8221; background_color=&#8221;#ffffff&#8221; allow_player_pause=&#8221;off&#8221; inner_shadow=&#8221;off&#8221; parallax=&#8221;off&#8221; parallax_method=&#8221;off&#8221; padding_mobile=&#8221;off&#8221; make_fullwidth=&#8221;off&#8221; use_custom_width=&#8221;off&#8221; width_unit=&#8221;on&#8221; make_equal=&#8221;off&#8221; use_custom_gutter=&#8221;off&#8221;][et_pb_row admin_label=&#8221;Fila&#8221; make_fullwidth=&#8221;on&#8221; use_custom_width=&#8221;off&#8221; width_unit=&#8221;on&#8221; use_custom_gutter=&#8221;off&#8221; padding_mobile=&#8221;off&#8221; allow_player_pause=&#8221;off&#8221; parallax=&#8221;off&#8221; parallax_method=&#8221;off&#8221; make_equal=&#8221;off&#8221; parallax_1=&#8221;off&#8221; parallax_method_1=&#8221;off&#8221; column_padding_mobile=&#8221;on&#8221;][et_pb_column type=&#8221;4_4&#8243;][et_pb_text admin_label=&#8221;AS ETAPAS DO POPULISMO NA AM\u00c9RICA LATINA&#8221; background_layout=&#8221;light&#8221; text_orientation=&#8221;left&#8221; use_border_color=&#8221;off&#8221; border_color=&#8221;#ffffff&#8221; border_style=&#8221;solid&#8221;]<\/p>\n<h2><span style=\"color: #64a70b;\">AS ETAPAS DO POPULISMO NA AM\u00c9RICA LATINA<\/span><\/h2>\n<p>Na Am\u00e9rica Latina o populismo tem demostrado ter, historicamente, grande capacidade de resist\u00eancia e habilidade para ir sofrendo uma muta\u00e7\u00e3o ao longo do s\u00e9culo XX e o XXI. Susanne Gratius j\u00e1 descreveu como existiu um primeiro populismo, \u201co cl\u00e1ssico\u201d, o dos anos 30 e 40 (Juan Domingo Per\u00f3n ou Get\u00falio Vargas). Ressurgiu, quando muitos analistas, especialistas e acad\u00eamicos o consideravam morto, em forma de populismo neoliberal nos anos 90 (Carlos Menem, Alberto Fujimori ou Abdal\u00e1 Bucaram) para desembocar na d\u00e9cada passada no \u201cnovo populismo\u201d, j\u00e1 na forma de \u201csocialismo do s\u00e9culo XXI\u201d, e cuja principal refer\u00eancia foi Hugo Ch\u00e1vez. Desta forma, o populismo vem mostrando sua capacidade de resist\u00eancia em desaparecer, madurando em terrenos apropriados: as crises pol\u00edticas e institucionais, assim como as crises econ\u00f4micas e sociais que acabam sendo excelentes terrenos f\u00e9rteis, ideais para que germinem, cres\u00e7am, se desenvolvam e at\u00e9 sofram uma muta\u00e7\u00e3o.<\/p>\n<p>Alguns dos novos exemplos populistas em escala mundial (Donald Trump, o populismo ultradireitista de Marine Le Pen ou o populismo de esquerda de Podemos) n\u00e3o podem ser explicadas sem as crises pr\u00e9vias (pol\u00edticas e socioecon\u00f4micas) pelas quais esses pa\u00edses atravessaram. Da mesma forma, a crise dos anos 30 e as mudan\u00e7as no modelo social (urbaniza\u00e7\u00e3o) e econ\u00f4mico (industrializa\u00e7\u00e3o) est\u00e3o atr\u00e1s de fen\u00f4menos como o peronismo na Argentina e o varguismo no Brasil. A crise atual, de propor\u00e7\u00f5es estruturais, que come\u00e7ou em 2008 \u00e9 o pano de fundo que explica a emerg\u00eancia dos exemplos populistas citados anteriormente, assim como os da Aurora Dourada ou Alexis Tsipras \u2013ao menos at\u00e9 que chegou \u00e0 presid\u00eancia\u2013 na Gr\u00e9cia.<\/p>\n<p>[\/et_pb_text][et_pb_text admin_label=&#8221;Ladillo 1&#8243; background_layout=&#8221;light&#8221; text_orientation=&#8221;left&#8221; background_color=&#8221;#e6eef4&#8243; use_border_color=&#8221;off&#8221; border_color=&#8221;#ffffff&#8221; border_style=&#8221;solid&#8221; custom_padding=&#8221;30px|30px|30px|30px&#8221; saved_tabs=&#8221;all&#8221;]<\/p>\n<h2 style=\"text-align: left;\"><em><span style=\"color: #53565a;\">&#8220;O\u00a0populismo vem mostrando sua capacidade de resist\u00eancia em desaparecer, madurando em terrenos apropriados&#8221;<\/span><\/em><\/h2>\n<p>[\/et_pb_text][et_pb_text admin_label=&#8221;Texto&#8221; background_layout=&#8221;light&#8221; text_orientation=&#8221;left&#8221; use_border_color=&#8221;off&#8221; border_color=&#8221;#ffffff&#8221; border_style=&#8221;solid&#8221;]<\/p>\n<p>O populismo pode parecer extinto (na Am\u00e9rica Latina ocorreu nos 60 e 70) ou em retrocesso (na atualidade na Am\u00e9rica Latina), mas cont\u00e9m uma mensagem que termina regressando pelos resqu\u00edcios que deixam as crises c\u00edclicas e as mudan\u00e7as socioecon\u00f4micas traum\u00e1ticas. Depois da crise dos 80 (a \u201cD\u00e9cada Perdida\u201d) surgiram os \u201cneopopulismos\u201d de Menem ou Fujimori; depois da \u201cMeia D\u00e9cada Perdida\u201d (1997-2002) apareceram o chavismo e os \u201csocialistas do s\u00e9culo XXI\u201d. Agora, como aponta <a href=\"https:\/\/www.google.es\/url?sa=t&amp;rct=j&amp;q=&amp;esrc=s&amp;source=web&amp;cd=1&amp;cad=rja&amp;uact=8&amp;ved=0ahUKEwiTn4qvxLPVAhUIahoKHa3HBHkQFggoMAA&amp;url=http%3A%2F%2Fwww.abc.es%2Finternacional%2Fabci-populismo-entra-muerta-201512080239_noticia.html&amp;usg=AFQjCNFlYCVyjPZjUGMo8icYIgpqs-A8tQ\">Emili J. Blasco<\/a>:<\/p>\n<blockquote><p><span style=\"color: #999999;\">\u201cExiste un cambio de coyuntura econ\u00f3mica que se ve plasmado en cambios pol\u00edticos. Esto no quiere decir que se vaya a trasladar a todos los pa\u00edses. Unos gobiernos pasar\u00e1n malos momentos y otros ser\u00e1n efectivamente barridos, aunque de momento no creo que veamos el fin del populismo\u201d.<\/span><\/p><\/blockquote>\n<p>&nbsp;<\/p>\n<p>[\/et_pb_text][et_pb_image admin_label=&#8221;Imagen&#8221; src=&#8221;https:\/\/ideasbr.llorenteycuenca.com\/wp-content\/uploads\/sites\/8\/2017\/09\/cristina-kirchner.jpg&#8221; show_in_lightbox=&#8221;off&#8221; url_new_window=&#8221;off&#8221; use_overlay=&#8221;off&#8221; animation=&#8221;off&#8221; sticky=&#8221;off&#8221; align=&#8221;left&#8221; force_fullwidth=&#8221;off&#8221; always_center_on_mobile=&#8221;on&#8221; use_border_color=&#8221;off&#8221; border_color=&#8221;#ffffff&#8221; border_style=&#8221;solid&#8221;] [\/et_pb_image][\/et_pb_column][\/et_pb_row][\/et_pb_section][et_pb_section admin_label=&#8221;Secci\u00f3n&#8221; fullwidth=&#8221;off&#8221; specialty=&#8221;off&#8221; transparent_background=&#8221;off&#8221; background_color=&#8221;#f9f9f9&#8243; allow_player_pause=&#8221;off&#8221; inner_shadow=&#8221;off&#8221; parallax=&#8221;off&#8221; parallax_method=&#8221;off&#8221; padding_mobile=&#8221;off&#8221; make_fullwidth=&#8221;off&#8221; use_custom_width=&#8221;off&#8221; width_unit=&#8221;on&#8221; make_equal=&#8221;off&#8221; use_custom_gutter=&#8221;off&#8221;][et_pb_row admin_label=&#8221;Fila&#8221; make_fullwidth=&#8221;on&#8221; use_custom_width=&#8221;off&#8221; width_unit=&#8221;on&#8221; use_custom_gutter=&#8221;off&#8221; padding_mobile=&#8221;off&#8221; allow_player_pause=&#8221;off&#8221; parallax=&#8221;off&#8221; parallax_method=&#8221;off&#8221; make_equal=&#8221;off&#8221; parallax_1=&#8221;off&#8221; parallax_method_1=&#8221;off&#8221; column_padding_mobile=&#8221;on&#8221;][et_pb_column type=&#8221;4_4&#8243;][et_pb_text admin_label=&#8221;O aparente refluxo populista na Am\u00e9rica Latina&#8221; background_layout=&#8221;light&#8221; text_orientation=&#8221;left&#8221; use_border_color=&#8221;off&#8221; border_color=&#8221;#ffffff&#8221; border_style=&#8221;solid&#8221;]<\/p>\n<h2><span style=\"color: #64a70b;\"><strong>O APARENTE REFLUXO POPULISTA NA AM\u00c9RICA LATINA\u00a0<\/strong><\/span><\/h2>\n<p>A derrota do kirchnerismo nas presidenciais da Argentina de 2015, a do chavismo nas legislativas na Venezuela nesse mesmo ano e a de Evo Morales no referendo da Bol\u00edvia come\u00e7aram a criar essa falsa sensa\u00e7\u00e3o de que o populismo se encontrava, e se encontra, em decad\u00eancia e em retirada em uma regi\u00e3o onde a maioria das elei\u00e7\u00f5es est\u00e1 trazendo derrotas de governos pr\u00f3ximos ou vinculados ao \u201csocialismo do s\u00e9culo XXI\u201d. As dificuldades crescentes do Governo de Nicol\u00e1s Maduro na Venezuela desde 2016, ou a vit\u00f3ria ajustada de Len\u00edn Moreno no Equador em 2017, apenas confirmaram esta sensa\u00e7\u00e3o, al\u00e9m de que se tenha produzido a esmagadora reelei\u00e7\u00e3o de Daniel Ortega na Nicar\u00e1gua.<\/p>\n<p>[\/et_pb_text][et_pb_image admin_label=&#8221;Foto banderitas&#8221; show_in_lightbox=&#8221;off&#8221; url_new_window=&#8221;off&#8221; use_overlay=&#8221;off&#8221; animation=&#8221;off&#8221; sticky=&#8221;off&#8221; align=&#8221;left&#8221; force_fullwidth=&#8221;off&#8221; always_center_on_mobile=&#8221;on&#8221; use_border_color=&#8221;off&#8221; border_color=&#8221;#ffffff&#8221; border_style=&#8221;solid&#8221; src=&#8221;https:\/\/ideasbr.llorenteycuenca.com\/wp-content\/uploads\/sites\/8\/2017\/09\/Tabela1_900ancho.png&#8221;] [\/et_pb_image][et_pb_text admin_label=&#8221;Texto&#8221; background_layout=&#8221;light&#8221; text_orientation=&#8221;left&#8221; use_border_color=&#8221;off&#8221; border_color=&#8221;#ffffff&#8221; border_style=&#8221;solid&#8221;]<\/p>\n<p>Na realidade, o que est\u00e1 acontecendo no panorama pol\u00edtico latino-americano \u00e9 a queda de uma \u201ccerta\u201d forma de governar. Em 2015, a vit\u00f3ria de Mauricio Macri frente ao peronista Daniel Scioli come\u00e7ou a abrir uma nova etapa na regi\u00e3o, marcada pela chegada de governos de centro direita. Uma tend\u00eancia que a vit\u00f3ria de Jimmy Morales sobre a \u201csocialdemocrata\u201d Sandra Torres na Guatemala, e o triunfo nas legislativas venezuelanas da Mesa de Unidad Democr\u00e1tica sobre o Partido Socialista Unido da Venezuela, PSUV, refor\u00e7aram ainda mais esta ideia.<\/p>\n<p>[\/et_pb_text][et_pb_text admin_label=&#8221;Texto&#8221; background_layout=&#8221;light&#8221; text_orientation=&#8221;left&#8221; use_border_color=&#8221;off&#8221; border_color=&#8221;#ffffff&#8221; border_style=&#8221;solid&#8221;]<\/p>\n<p>O populismo, na sua vers\u00e3o anexa ao \u201csocialismo do s\u00e9culo XXI\u201d, est\u00e1 atravessando um claro retrocesso, muito mais claro a partir de 2013 depois de ter experimentado indubit\u00e1veis progressos desde 2005. Hugo Ch\u00e1vez esteve durante seis anos (1999-2005) muito somente na Am\u00e9rica Latina, fora sua alian\u00e7a com a Cuba de Fidel Castro. A meados da d\u00e9cada passada, o projeto chavista come\u00e7ou a ganhar aliados na regi\u00e3o: Evo Morales na Bol\u00edvia em 2005, Daniel Ortega na Nicar\u00e1gua em 2006 e Rafael Correa no Equador em 2007. At\u00e9 2009 essa proposta \u201canti-imperialista\u201d e anti-neoliberal de Ch\u00e1vez (refletida no <a href=\"http:\/\/www.portalalba.org\/\">ALBA<\/a>, no Petrocaribe etecetera) continuou expandindo-se com novos aliados como Manuel Zelaya em Honduras ou Fernando Lugo no Paraguai. Al\u00e9m disso, contava com a compreens\u00e3o de Lula da Silva no Brasil e com a cercania da Argentina kirchnerista.<\/p>\n<p>O catedr\u00e1tico da Universidade de Salamanca, <a href=\"https:\/\/es.scribd.com\/document\/261039605\/Alcantara-Saez-M-America-Latina-Despues-de-Chavez\">Manuel Alc\u00e1ntara<\/a>, recorda que o sucesso do chavismo e de outros movimentos dessas caracter\u00edsticas se devem \u00e0 exist\u00eancia de fatores que ajudaram seu triunfo. Como entre finais dos 90 e meados da primeira d\u00e9cada do s\u00e9culo XX, na atualidade a Am\u00e9rica Latina continua marcada por algumas dessas defici\u00eancias que alimentaram \u2013e continuam alimentando\u2013 um novo renascimento dos diferentes tipos de populismos:<\/p>\n<p>[\/et_pb_text][\/et_pb_column][\/et_pb_row][\/et_pb_section][et_pb_section admin_label=&#8221;Secci\u00f3n&#8221; fullwidth=&#8221;off&#8221; specialty=&#8221;off&#8221; transparent_background=&#8221;off&#8221; background_color=&#8221;#00847d&#8221; allow_player_pause=&#8221;off&#8221; inner_shadow=&#8221;off&#8221; parallax=&#8221;off&#8221; parallax_method=&#8221;off&#8221; padding_mobile=&#8221;off&#8221; make_fullwidth=&#8221;off&#8221; use_custom_width=&#8221;off&#8221; width_unit=&#8221;on&#8221; make_equal=&#8221;off&#8221; use_custom_gutter=&#8221;off&#8221;][et_pb_row admin_label=&#8221;Fila&#8221; make_fullwidth=&#8221;on&#8221; use_custom_width=&#8221;off&#8221; width_unit=&#8221;on&#8221; use_custom_gutter=&#8221;off&#8221; padding_mobile=&#8221;off&#8221; allow_player_pause=&#8221;off&#8221; parallax=&#8221;off&#8221; parallax_method=&#8221;off&#8221; make_equal=&#8221;off&#8221; parallax_1=&#8221;off&#8221; parallax_method_1=&#8221;off&#8221; column_padding_mobile=&#8221;on&#8221;][et_pb_column type=&#8221;4_4&#8243;][et_pb_text admin_label=&#8221;A SISTEMATIZA\u00c7\u00c3O POPULISTA &#8221; background_layout=&#8221;light&#8221; text_orientation=&#8221;left&#8221; use_border_color=&#8221;off&#8221; border_color=&#8221;#ffffff&#8221; border_style=&#8221;solid&#8221;]<\/p>\n<h2 style=\"text-align: left;\"><strong><span style=\"color: #ffffff;\">A SISTEMATIZA\u00c7\u00c3O POPULISTA\u00a0<\/span><\/strong><\/h2>\n<p style=\"text-align: left;\"><strong><span style=\"color: #ffffff;\">De acordo con Manuel Alc\u00e1ntara<\/span><\/strong><\/p>\n<p>[\/et_pb_text][\/et_pb_column][\/et_pb_row][\/et_pb_section][et_pb_section admin_label=&#8221;Secci\u00f3n&#8221; fullwidth=&#8221;off&#8221; specialty=&#8221;off&#8221; transparent_background=&#8221;off&#8221; background_color=&#8221;#eaf1e0&#8243; allow_player_pause=&#8221;off&#8221; inner_shadow=&#8221;off&#8221; parallax=&#8221;off&#8221; parallax_method=&#8221;off&#8221; padding_mobile=&#8221;off&#8221; make_fullwidth=&#8221;off&#8221; use_custom_width=&#8221;off&#8221; width_unit=&#8221;on&#8221; make_equal=&#8221;off&#8221; use_custom_gutter=&#8221;off&#8221;][et_pb_row admin_label=&#8221;Fila&#8221; make_fullwidth=&#8221;on&#8221; use_custom_width=&#8221;off&#8221; width_unit=&#8221;on&#8221; use_custom_gutter=&#8221;off&#8221; padding_mobile=&#8221;off&#8221; allow_player_pause=&#8221;off&#8221; parallax=&#8221;off&#8221; parallax_method=&#8221;off&#8221; make_equal=&#8221;off&#8221; parallax_1=&#8221;off&#8221; parallax_method_1=&#8221;off&#8221; column_padding_mobile=&#8221;on&#8221;][et_pb_column type=&#8221;4_4&#8243;][et_pb_image admin_label=&#8221;1&#8243; src=&#8221;https:\/\/ideasbr.llorenteycuenca.com\/wp-content\/uploads\/sites\/8\/2017\/09\/Linea_1.png&#8221; show_in_lightbox=&#8221;off&#8221; url_new_window=&#8221;off&#8221; use_overlay=&#8221;off&#8221; animation=&#8221;off&#8221; sticky=&#8221;off&#8221; align=&#8221;left&#8221; force_fullwidth=&#8221;off&#8221; always_center_on_mobile=&#8221;on&#8221; use_border_color=&#8221;off&#8221; border_color=&#8221;#ffffff&#8221; border_style=&#8221;solid&#8221; saved_tabs=&#8221;all&#8221;] [\/et_pb_image][et_pb_divider admin_label=&#8221;Separador&#8221; color=&#8221;#ffffff&#8221; show_divider=&#8221;off&#8221; divider_style=&#8221;solid&#8221; divider_position=&#8221;top&#8221; hide_on_mobile=&#8221;on&#8221;] [\/et_pb_divider][et_pb_text admin_label=&#8221;Descontentamento pol\u00edtico&#8221; background_layout=&#8221;light&#8221; text_orientation=&#8221;left&#8221; use_border_color=&#8221;off&#8221; border_color=&#8221;#ffffff&#8221; border_style=&#8221;solid&#8221;]<\/p>\n<h2><span style=\"color: #64a70b;\">DESCONTENTAMENTO POL\u00cdTICO<\/span><\/h2>\n<p>Nas palavras do <a href=\"https:\/\/es.scribd.com\/document\/261039605\/Alcantara-Saez-M-America-Latina-Despues-de-Chavez\" target=\"_blank\" rel=\"noopener\">catedr\u00e1tico salmanticense<\/a>, no in\u00edcio do novo mil\u00eanio, a Am\u00e9rica Latina sofria uma:<\/p>\n<blockquote><p><span style=\"color: #999999;\">\u201cCrise severa no sistema de representa\u00e7\u00e3o pol\u00edtica, traduzida n\u00e3o somente na perda de confian\u00e7a da sociedade nos partidos pol\u00edticos, e de rep\u00fadio para com eles, sen\u00e3o tamb\u00e9m respeito aos pol\u00edticos profissionais tradicionais\u201d.<\/span><\/p>\n<p>&nbsp;<\/p><\/blockquote>\n<p>De forma similar, na atualidade se assiste a um distanciamento entre representantes e representados: forte desconfian\u00e7a para a \u201cclasse pol\u00edtica\u201d, incredulidade com os partidos e as tradicionais vias de participa\u00e7\u00e3o, assim como escassa confian\u00e7a nos governos. Como para o caso do M\u00e9xico indica <a href=\"http:\/\/www.reforma.com\/aplicacioneslibre\/articulo\/default.aspx?id=552435&amp;md5=caddabadf328cb86b21622705e4e8631&amp;ta=0dfdbac11765226904c16cb9ad1b2efe\">Jos\u00e9 Woldenberg<\/a>, professor da Faculdade de Ci\u00eancias Pol\u00edticas e Sociais da UNAM:<\/p>\n<blockquote><p><span style=\"color: #999999;\">\u201cPela primeira vez, vejo o povo com muito pouca esperan\u00e7a. D\u00e1 a impress\u00e3o de que para muitos o dever c\u00edvico termina ao emitir o sufr\u00e1gio (\u2026). Claro, temos um d\u00e9ficit de cidadania como pa\u00eds. Muito poucos cidad\u00e3os mexicanos participam de maneira regular em uma organiza\u00e7\u00e3o, seja de direitos humanos, de observa\u00e7\u00e3o eleitoral, de defesa do meio ambiente, \u00e9 somente uma minoria\u201d.<\/span><\/p>\n<p>&nbsp;<\/p><\/blockquote>\n<p>De fato, somente ao redor de 40 % da popula\u00e7\u00e3o latino-americana se mostra satisfeita com a qualidade democr\u00e1tica de seus respectivos pa\u00edses, de acordo com um estudo da consultora chilena <a href=\"https:\/\/www.google.es\/url?sa=t&amp;rct=j&amp;q=&amp;esrc=s&amp;source=web&amp;cd=1&amp;cad=rja&amp;uact=8&amp;ved=0ahUKEwj-i_D-17PVAhVI1hoKHcSUCn4QFggmMAA&amp;url=http%3A%2F%2Fwww.latinobarometro.org%2F&amp;usg=AFQjCNEP-FhWwzj2p0T01lwXrPsR0MSjmA\">Latinobar\u00f3metro<\/a>. E o que o cientista pol\u00edtico franc\u00eas Pierre Rosanvallon descreve como uma <em>malaise<\/em> democr\u00e1tica, caracterizada pela crescente perda de import\u00e2ncia das elei\u00e7\u00f5es, a menor centralidade do poder administrativo (e suas pol\u00edticas p\u00fablicas) e a falta de v\u00ednculo com os funcion\u00e1rios p\u00fablicos e as institui\u00e7\u00f5es.<\/p>\n<p><a href=\"#_ftnref1\" name=\"_ftn1\"><\/a><\/p>\n<p>[\/et_pb_text][et_pb_divider admin_label=&#8221;Separador&#8221; color=&#8221;#ffffff&#8221; show_divider=&#8221;off&#8221; divider_style=&#8221;solid&#8221; divider_position=&#8221;top&#8221; hide_on_mobile=&#8221;on&#8221;] [\/et_pb_divider][et_pb_image admin_label=&#8221;2&#8243; src=&#8221;https:\/\/ideasbr.llorenteycuenca.com\/wp-content\/uploads\/sites\/8\/2017\/09\/Linea_2.png&#8221; show_in_lightbox=&#8221;off&#8221; url_new_window=&#8221;off&#8221; use_overlay=&#8221;off&#8221; animation=&#8221;off&#8221; sticky=&#8221;off&#8221; align=&#8221;left&#8221; force_fullwidth=&#8221;off&#8221; always_center_on_mobile=&#8221;on&#8221; use_border_color=&#8221;off&#8221; border_color=&#8221;#ffffff&#8221; border_style=&#8221;solid&#8221; saved_tabs=&#8221;all&#8221;] [\/et_pb_image][et_pb_divider admin_label=&#8221;Separador&#8221; color=&#8221;#ffffff&#8221; show_divider=&#8221;off&#8221; divider_style=&#8221;solid&#8221; divider_position=&#8221;top&#8221; hide_on_mobile=&#8221;on&#8221;] [\/et_pb_divider][et_pb_text admin_label=&#8221;D\u00daVIDAS NO MODELO&#8221; background_layout=&#8221;light&#8221; text_orientation=&#8221;left&#8221; use_border_color=&#8221;off&#8221; border_color=&#8221;#ffffff&#8221; border_style=&#8221;solid&#8221;]<\/p>\n<h2><span style=\"color: #64a70b;\">D\u00daVIDAS NO MODELO<\/span><\/h2>\n<p>&nbsp;<\/p>\n<p>Mesmo que a regi\u00e3o n\u00e3o atravesse \u201c<strong>uma aguda crise econ\u00f4mica\u201d como durante a Meia D\u00e9cada Perdida (1998-2003)<\/strong> os atuais efeitos da desacelera\u00e7\u00e3o puseram em d\u00favida o <a href=\"https:\/\/es.scribd.com\/document\/261039605\/Alcantara-Saez-M-America-Latina-Despues-de-Chavez\">modelo<\/a> \u201cpetroleiro-exportador onde a classe pol\u00edtica tinha usufru\u00eddo dos canais de distribui\u00e7\u00e3o rentista\u201d.<\/p>\n<p>A Meia D\u00e9cada Perdida engendrou a terceira onda populista (\u201co novo populismo\u201d), e a atual estagna\u00e7\u00e3o que a regi\u00e3o sofre cria o terreno f\u00e9rtil (insatisfa\u00e7\u00e3o por um estado ineficiente e uma economia estagnada que oferece menos oportunidades de melhora social) para que se produza uma nova onda populista agora situada na direita do espectro pol\u00edtico.<\/p>\n<p>[\/et_pb_text][et_pb_divider admin_label=&#8221;Separador&#8221; color=&#8221;#ffffff&#8221; show_divider=&#8221;off&#8221; divider_style=&#8221;solid&#8221; divider_position=&#8221;top&#8221; hide_on_mobile=&#8221;on&#8221;] [\/et_pb_divider][et_pb_image admin_label=&#8221;3&#8243; src=&#8221;https:\/\/ideasbr.llorenteycuenca.com\/wp-content\/uploads\/sites\/8\/2017\/09\/Linea_3.png&#8221; show_in_lightbox=&#8221;off&#8221; url_new_window=&#8221;off&#8221; use_overlay=&#8221;off&#8221; animation=&#8221;off&#8221; sticky=&#8221;off&#8221; align=&#8221;left&#8221; force_fullwidth=&#8221;off&#8221; always_center_on_mobile=&#8221;on&#8221; use_border_color=&#8221;off&#8221; border_color=&#8221;#ffffff&#8221; border_style=&#8221;solid&#8221; saved_tabs=&#8221;all&#8221;] [\/et_pb_image][et_pb_divider admin_label=&#8221;Separador&#8221; color=&#8221;#ffffff&#8221; show_divider=&#8221;off&#8221; divider_style=&#8221;solid&#8221; divider_position=&#8221;top&#8221; hide_on_mobile=&#8221;on&#8221;] [\/et_pb_divider][et_pb_text admin_label=&#8221;CRESCENTE DIVIS\u00c3O SOCIAL&#8221; background_layout=&#8221;light&#8221; text_orientation=&#8221;left&#8221; use_border_color=&#8221;off&#8221; border_color=&#8221;#ffffff&#8221; border_style=&#8221;solid&#8221;]<\/p>\n<h2><span style=\"color: #64a70b;\">CRESCENTE DIVIS\u00c3O SOCIAL<\/span><\/h2>\n<p>&nbsp;<\/p>\n<p>Alc\u00e1ntara indica que, depois da Meia D\u00e9cada Perdida \u201c<a href=\"https:\/\/es.scribd.com\/document\/261039605\/Alcantara-Saez-M-America-Latina-Despues-de-Chavez\" target=\"_blank\" rel=\"noopener\">estava presente um <strong>severo conflito no modo de articular as rela\u00e7\u00f5es entre a economia e a sociedade<\/strong>, assim como no papel atribu\u00eddo ao Estado nas mesmas<\/a>&#8220;.<\/p>\n<p>[\/et_pb_text][et_pb_image admin_label=&#8221;Imagen&#8221; src=&#8221;https:\/\/ideasbr.llorenteycuenca.com\/wp-content\/uploads\/sites\/8\/2017\/09\/Ilustracion.png&#8221; show_in_lightbox=&#8221;off&#8221; url_new_window=&#8221;off&#8221; use_overlay=&#8221;off&#8221; animation=&#8221;off&#8221; sticky=&#8221;off&#8221; align=&#8221;left&#8221; force_fullwidth=&#8221;off&#8221; always_center_on_mobile=&#8221;on&#8221; use_border_color=&#8221;off&#8221; border_color=&#8221;#ffffff&#8221; border_style=&#8221;solid&#8221;] [\/et_pb_image][et_pb_text admin_label=&#8221;Texto&#8221; background_layout=&#8221;light&#8221; text_orientation=&#8221;left&#8221; use_border_color=&#8221;off&#8221; border_color=&#8221;#ffffff&#8221; border_style=&#8221;solid&#8221;]<\/p>\n<p>Na atual conjuntura, as mobiliza\u00e7\u00f5es sociais protagonizadas pela classe m\u00e9dia emergente (as que tem acontecido no Chile, no Brasil ou na Guatemala) pressionam para conseguir Estados mais eficazes e efetivos que canalizem suas demandas para melhores servi\u00e7os p\u00fablicos (transporte, seguran\u00e7a, educa\u00e7\u00e3o e sa\u00fade) e maior transpar\u00eancia.<\/p>\n<p>[\/et_pb_text][et_pb_divider admin_label=&#8221;Separador&#8221; color=&#8221;#ffffff&#8221; show_divider=&#8221;off&#8221; divider_style=&#8221;solid&#8221; divider_position=&#8221;top&#8221; hide_on_mobile=&#8221;on&#8221;] [\/et_pb_divider][et_pb_image admin_label=&#8221;4&#8243; src=&#8221;https:\/\/ideasbr.llorenteycuenca.com\/wp-content\/uploads\/sites\/8\/2017\/09\/Linea_4.png&#8221; show_in_lightbox=&#8221;off&#8221; url_new_window=&#8221;off&#8221; use_overlay=&#8221;off&#8221; animation=&#8221;off&#8221; sticky=&#8221;off&#8221; align=&#8221;left&#8221; force_fullwidth=&#8221;off&#8221; always_center_on_mobile=&#8221;on&#8221; use_border_color=&#8221;off&#8221; border_color=&#8221;#ffffff&#8221; border_style=&#8221;solid&#8221; saved_tabs=&#8221;all&#8221;] [\/et_pb_image][et_pb_divider admin_label=&#8221;Separador&#8221; color=&#8221;#ffffff&#8221; show_divider=&#8221;off&#8221; divider_style=&#8221;solid&#8221; divider_position=&#8221;top&#8221; hide_on_mobile=&#8221;on&#8221;] [\/et_pb_divider][et_pb_text admin_label=&#8221;REFORMAS DECEPCIONANTES &#8221; background_layout=&#8221;light&#8221; text_orientation=&#8221;left&#8221; use_border_color=&#8221;off&#8221; border_color=&#8221;#ffffff&#8221; border_style=&#8221;solid&#8221;]<\/p>\n<h2><span style=\"color: #64a70b;\">REFORMAS DECEPCIONANTES\u00a0<\/span><\/h2>\n<p>&nbsp;<\/p>\n<p>H\u00e1 duas d\u00e9cadas \u201cse registrava \u2013segue Alc\u00e1ntara- <strong>o fracasso na hora de diminuir a enorme desigualdade existente;<\/strong> incluso ao aprofundamento da mesma, em parte pelos decepcionantes resultados da aplica\u00e7\u00e3o do modelo de reformas estruturais patrocinado por organismos financeiros internacionais\u201d.<\/p>\n<p>Todo este contexto \u00e9 o que explica a sobreviv\u00eancia, atual e no futuro, do populismo, embora se apresente sob outras formas e diferentes caracter\u00edsticas. De fato, na atual conjuntura convivem na regi\u00e3o alternativas emergentes do centro a direita (Mauricio Macri na Argentina), partidos e coliga\u00e7\u00f5es do centro a esquerda \u00a0(o Governo da Nueva Mayor\u00eda no Chile de Michelle Bachelet) e dos tipos de movimentos de car\u00e1cter populista, tal e como Alc\u00e1ntara sintetiza na seguinte <a href=\"https:\/\/es.scribd.com\/document\/261039605\/Alcantara-Saez-M-America-Latina-Despues-de-Chavez\">tabela<\/a>:<\/p>\n<p><a href=\"https:\/\/llyc.global\/wp-content\/uploads\/2023\/10\/Imagem2_900px.png\" rel=\"attachment wp-att-13508\"><img loading=\"lazy\" decoding=\"async\" class=\"alignnone size-full wp-image-13508\" src=\"https:\/\/llyc.global\/wp-content\/uploads\/2023\/10\/Imagem2_900px.png\" alt=\"Imagem2_900px\" width=\"900\" height=\"1477\" \/><\/a><\/p>\n<p>[\/et_pb_text][\/et_pb_column][\/et_pb_row][\/et_pb_section][et_pb_section admin_label=&#8221;Secci\u00f3n&#8221; fullwidth=&#8221;off&#8221; specialty=&#8221;off&#8221; transparent_background=&#8221;off&#8221; background_color=&#8221;#f9f9f9&#8243; allow_player_pause=&#8221;off&#8221; inner_shadow=&#8221;off&#8221; parallax=&#8221;off&#8221; parallax_method=&#8221;off&#8221; padding_mobile=&#8221;off&#8221; make_fullwidth=&#8221;off&#8221; use_custom_width=&#8221;off&#8221; width_unit=&#8221;on&#8221; make_equal=&#8221;off&#8221; use_custom_gutter=&#8221;off&#8221;][et_pb_row admin_label=&#8221;Fila&#8221; make_fullwidth=&#8221;on&#8221; use_custom_width=&#8221;off&#8221; width_unit=&#8221;on&#8221; use_custom_gutter=&#8221;off&#8221; padding_mobile=&#8221;off&#8221; allow_player_pause=&#8221;off&#8221; parallax=&#8221;off&#8221; parallax_method=&#8221;off&#8221; make_equal=&#8221;off&#8221; parallax_1=&#8221;off&#8221; parallax_method_1=&#8221;off&#8221; column_padding_mobile=&#8221;on&#8221;][et_pb_column type=&#8221;4_4&#8243;][et_pb_text admin_label=&#8221;SOBREVIV\u00caNCIA DOS MOVIMENTOS E LIDERAN\u00c7AS DO \u201cNOVO POPULISMO\u201d&#8221; background_layout=&#8221;light&#8221; text_orientation=&#8221;left&#8221; use_border_color=&#8221;off&#8221; border_color=&#8221;#ffffff&#8221; border_style=&#8221;solid&#8221;]<\/p>\n<h2><span style=\"color: #64a70b;\"><strong>SOBREVIV\u00caNCIA DOS MOVIMENTOS E LIDERAN\u00c7AS DO \u201cNOVO POPULISMO\u201d<\/strong><\/span><\/h2>\n<h2><\/h2>\n<p>[\/et_pb_text][\/et_pb_column][\/et_pb_row][et_pb_row admin_label=&#8221;Fila&#8221;][et_pb_column type=&#8221;1_2&#8243;][et_pb_text admin_label=&#8221;Texto&#8221; background_layout=&#8221;light&#8221; text_orientation=&#8221;left&#8221; use_border_color=&#8221;off&#8221; border_color=&#8221;#ffffff&#8221; border_style=&#8221;solid&#8221;]<\/p>\n<p>Junto com governos nascidos na d\u00e9cada passada no calor do auge do chavismo, mesmo que com suas pr\u00f3prias caracter\u00edsticas e peculiaridades (Evo Morales na Bol\u00edvia, Daniel Ortega na Nicar\u00e1gua, ou o corre\u00edsmo no Equador), prevalecem for\u00e7as que recolhem claramente o que tem sido a tradi\u00e7\u00e3o populista mais recente. \u00c9 o caso do kirchnerismo em Argentina, representado por a ex-presidente Cristina Kirchner, que aspira a se tornar senadora em 2017, e assim pavimentar seu regresso \u00e0 Casa Rosada em 2019; ou \u00e9 a situa\u00e7\u00e3o tamb\u00e9m da lideran\u00e7a do mexicano Andr\u00e9s Manuel L\u00f3pez Obrador (AMLO). Trata-se dos restos do que Susanne Gratius descreveu como <strong>terceira onda populista<\/strong> ou \u201cnovo populismo\u201d, hegem\u00f4nico durante a d\u00e9cada passada.<\/p>\n<p>AMLO, um dos favoritos para ganhar as elei\u00e7\u00f5es presidenciais mexicanas em 2018, mostra um discurso demag\u00f3gico que cont\u00e9m, em si mesmo, as caracter\u00edsticas deste tipo de populismos. Por exemplo, a apresenta\u00e7\u00e3o dicot\u00f4mica e manique\u00edsta de uma realidade dividida permanentemente entre \u201cbons e maus\u201d, como quando indica e acusa de corrup\u00e7\u00e3o \u00e0 classe pol\u00edtica tradicional: \u201cTodos eles deram as costas a nosso movimento e adianto: v\u00eam novas trai\u00e7\u00f5es, porque uma trai\u00e7\u00e3o sempre vem acompanhada de outras, nunca chega sozinha, mas os que traem s\u00e3o os politiqueiros, os corruptos, n\u00e3o a gente; n\u00e3o o povo\u201d.<\/p>\n<p>[\/et_pb_text][\/et_pb_column][et_pb_column type=&#8221;1_2&#8243;][et_pb_text admin_label=&#8221;Texto&#8221; background_layout=&#8221;light&#8221; text_orientation=&#8221;left&#8221; use_border_color=&#8221;off&#8221; border_color=&#8221;#ffffff&#8221; border_style=&#8221;solid&#8221;]<\/p>\n<p>O discurso lopezobradorista se constr\u00f3i apoiado na cria\u00e7\u00e3o de um inimigo comum e facilmente identific\u00e1vel: a \u201cm\u00e1fia do poder\u201d (os partidos tradicionais e a classe pol\u00edtica). Uma \u201cm\u00e1fia \u201d que traiu o povo, cria\u00e7\u00e3o mitificada e s\u00edmbolo da pureza republicana, de quem o l\u00edder (neste caso AMLO) \u00e9 seu representante e encarna\u00e7\u00e3o. Ap\u00f3s a elei\u00e7\u00e3o em Edomez em junho, L\u00f3pez Obrador refor\u00e7ou seu favoritismo eleitoral para as campanhas do ano que vem.<\/p>\n<p>Um poss\u00edvel governo de L\u00f3pez Obrador <strong>se encontraria com um grave problema de base, nascido de sua pr\u00e9dica populista. Suas promessas de mudan\u00e7a e regenera\u00e7\u00e3o criam uma revolu\u00e7\u00e3o de expectativas muito complexas de cumprir e de tornar realidade.<\/strong> L\u00f3pez Obrador criou um partido em torno a ele (na verdade uma for\u00e7a pol\u00edtica que n\u00e3o \u00e9 nada sem ele) que conta com uma estrutura escassamente desenvolvida, assim como membros em pequeno n\u00famero e heterog\u00eaneos. Isto sup\u00f5e que um poss\u00edvel governo de L\u00f3pez Obrador entraria em choque de imediato com a complexa realidade: n\u00e3o teria maioria nas C\u00e2maras; contaria com escassos suportes entre os governadores, pois a maioria pertence ao PRI e PAN, e teria s\u00e9rias dificuldades para formar uma equipe de governo s\u00f3lida e coerente.<\/p>\n<p>[\/et_pb_text][\/et_pb_column][\/et_pb_row][\/et_pb_section][et_pb_section admin_label=&#8221;Secci\u00f3n&#8221; fullwidth=&#8221;off&#8221; specialty=&#8221;off&#8221; transparent_background=&#8221;off&#8221; background_color=&#8221;#ffffff&#8221; allow_player_pause=&#8221;off&#8221; inner_shadow=&#8221;off&#8221; parallax=&#8221;off&#8221; parallax_method=&#8221;off&#8221; padding_mobile=&#8221;off&#8221; make_fullwidth=&#8221;off&#8221; use_custom_width=&#8221;off&#8221; width_unit=&#8221;on&#8221; make_equal=&#8221;off&#8221; use_custom_gutter=&#8221;off&#8221;][et_pb_row admin_label=&#8221;Fila&#8221; make_fullwidth=&#8221;on&#8221; use_custom_width=&#8221;off&#8221; width_unit=&#8221;on&#8221; use_custom_gutter=&#8221;off&#8221; padding_mobile=&#8221;off&#8221; allow_player_pause=&#8221;off&#8221; parallax=&#8221;off&#8221; parallax_method=&#8221;off&#8221; make_equal=&#8221;off&#8221; parallax_1=&#8221;off&#8221; parallax_method_1=&#8221;off&#8221; column_padding_mobile=&#8221;on&#8221;][et_pb_column type=&#8221;4_4&#8243;][et_pb_text admin_label=&#8221;APARI\u00c7\u00c3O, EMERG\u00caNCIA E ASEN\u00c7\u00c3O DO \u201cPOPULISMO FRENTE \u00c0 ELITE\u201d NA AM\u00c9RICA LATINA&#8221; background_layout=&#8221;light&#8221; text_orientation=&#8221;left&#8221; use_border_color=&#8221;off&#8221; border_color=&#8221;#ffffff&#8221; border_style=&#8221;solid&#8221;]<\/p>\n<h2><span style=\"color: #64a70b;\"><strong>APARI\u00c7\u00c3O, EMERG\u00caNCIA E ASEN\u00c7\u00c3O DO \u201cPOPULISMO FRENTE \u00c0 ELITE\u201d NA AM\u00c9RICA LATINA<\/strong><\/span><\/h2>\n<h2><\/h2>\n<p>Se desde 1998 o que predominou na regi\u00e3o foi o populismo vinculado ao \u201csocialismo do s\u00e9culo XXI\u201d, o \u201cpopulismo rentista de esquerda\u201d, o que se come\u00e7a a perceber desde 2015 \u00e9 a apari\u00e7\u00e3o de outra classe de populismos situados na direita do espectro pol\u00edtico, e que foram refor\u00e7ados pela emerg\u00eancia em escala internacional de fen\u00f4menos de sucesso a imitar, ao menos em parte, como o encarnado por Donald Trump nos Estados Unidos. E um populismo caracterizado, entre outras coisas, por um elemento concreto: a rejei\u00e7\u00e3o \u00e0 classe pol\u00edtica no poder (a maioria vinculada ao \u201csocialismo do s\u00e9culo XXI\u201d) e para os partidos tradicionais, que consideram estar muito longe dos militantes. N\u00e3o \u00e9 um componente estranho aos tr\u00eas populismos anteriores, mas sim que se encontra muito marcado nesta quarta etapa.<\/p>\n<p>[\/et_pb_text][et_pb_text admin_label=&#8221;Ladillo 1&#8243; background_layout=&#8221;light&#8221; text_orientation=&#8221;left&#8221; background_color=&#8221;#e6eef4&#8243; use_border_color=&#8221;off&#8221; border_color=&#8221;#ffffff&#8221; border_style=&#8221;solid&#8221; custom_padding=&#8221;30px|30px|30px|30px&#8221; saved_tabs=&#8221;all&#8221;]<\/p>\n<h2 style=\"text-align: left;\"><em><span style=\"color: #53565a;\">&#8220;Eu gerei um discurso politicamente incorreto, desafiando ao poder estabelecido&#8221;<\/span><\/em><\/h2>\n<p>[\/et_pb_text][et_pb_text admin_label=&#8221;Texto&#8221; background_layout=&#8221;light&#8221; text_orientation=&#8221;left&#8221; use_border_color=&#8221;off&#8221; border_color=&#8221;#ffffff&#8221; border_style=&#8221;solid&#8221;]<\/p>\n<p>Saiu, neste sentido, como uma antecipa\u00e7\u00e3o do que estava por chegar, o fen\u00f4meno de Jimmy Morales na Guatemala em 2015. Agora, na presente conjuntura, existem outras figuras que podem se tornar l\u00edderes populistas emergentes de uma direita <em>antiestablishment<\/em>. Trata-se de figuras como as de Jair Bolsonaro no Brasil, Alejandro Ord\u00f3\u00f1ez e, em certos aspectos, o uribismo na Col\u00f4mbia ou o fujimorismo no Peru.<\/p>\n<p>Umas lideran\u00e7as que crescem devido a que existe o terreno f\u00e9rtil: o baixo crescimento econ\u00f4mico e o mal-estar social e pol\u00edtico por unas administra\u00e7\u00f5es ineficientes. Isto favorece o voto de castigo para quem est\u00e1 no poder: na maioria dos casos, governos de centro esquerda ou do \u201csocialismo do s\u00e9culo XXI\u201d, o que explica a mudan\u00e7a para op\u00e7\u00f5es de direita e figuras que v\u00eam de fora do sistema.<\/p>\n<p>[\/et_pb_text][et_pb_video admin_label=&#8221;V\u00eddeo&#8221; src=&#8221;http:\/\/www.semana.com\/nacion\/articulo\/elecciones-2018-entrevista-a-alejandro-ordonez\/528617 &#8221; image_src=&#8221;https:\/\/ideasbr.llorenteycuenca.com\/wp-content\/uploads\/sites\/8\/2017\/09\/Video_Semana.png&#8221;] [\/et_pb_video][et_pb_text admin_label=&#8221;Texto&#8221; background_layout=&#8221;light&#8221; text_orientation=&#8221;left&#8221; use_border_color=&#8221;off&#8221; border_color=&#8221;#ffffff&#8221; border_style=&#8221;solid&#8221;]<\/p>\n<p>Nestes momentos, esse voto de castigo se est\u00e1 encaminhando de duas formas diferentes na regi\u00e3o. Seja atrav\u00e9s de candidatos que se encontram dentro das principais e tradicionais for\u00e7as da oposi\u00e7\u00e3o, ou para o apoio a candidatos <em>outsiders<\/em>, alheios \u00e0 pol\u00edtica.<\/p>\n<p>O fen\u00f4meno Trump (como exemplo de lideran\u00e7a pessoal n\u00e3o institucional de sucesso e de uma mensagem capaz de mobilizar a um eleitorado que se sente longe dos partidos tradicionais) ter\u00e1 suas ondas expansivas em escala mundial e tamb\u00e9m latino-americana. Torna-se um exemplo a imitar e seguir por figuras que, estranhas aos grandes partidos, populares gra\u00e7as a sua presen\u00e7a nos meios, tratam de alcan\u00e7ar o poder com um discurso direto, politicamente incorreto, de efeito e polarizador. Al\u00e9m disso, trata-se de uma mensagem extremamente centrada em uma pessoa, pronunciada a partir da direita do espectro pol\u00edtico, mas que mant\u00e9m paralelismos com as formas e, em parte com a base, do sustentado, at\u00e9 agora, por populismos de esquerda.<\/p>\n<p>[\/et_pb_text][et_pb_text admin_label=&#8221;Ladillo 1&#8243; background_layout=&#8221;light&#8221; text_orientation=&#8221;left&#8221; background_color=&#8221;#e6eef4&#8243; use_border_color=&#8221;off&#8221; border_color=&#8221;#ffffff&#8221; border_style=&#8221;solid&#8221; custom_padding=&#8221;30px|30px|30px|30px&#8221; saved_tabs=&#8221;all&#8221;]<\/p>\n<h2 style=\"text-align: left;\"><em><span style=\"color: #53565a;\">&#8220;O fen\u00f4meno Trump [&#8230;] ter\u00e1 suas ondas expansivas em escala mundial e tamb\u00e9m latino-americana&#8221;<\/span><\/em><\/h2>\n<p>[\/et_pb_text][et_pb_text admin_label=&#8221;TEXTO&#8221; background_layout=&#8221;light&#8221; text_orientation=&#8221;left&#8221; use_border_color=&#8221;off&#8221; border_color=&#8221;#ffffff&#8221; border_style=&#8221;solid&#8221;]<\/p>\n<p>Esse \u201cpopulismo trumpista\u201d ou \u201cpopulismo antielite\u201d est\u00e1 em gesta\u00e7\u00e3o na atual conjuntura na Am\u00e9rica Latina. Em alguns pa\u00edses avan\u00e7ar\u00e1 com for\u00e7a, em outros se afundar\u00e1 para sempre e em outros pode ficar somente como um projeto que \u00e9 uma semente, a futuro. As crises dos sistemas de partidos lastrados pela corrup\u00e7\u00e3o (Brasil), de sociedades muito polarizadas em torno a determinados temas (Col\u00f4mbia) ou de pa\u00edses onde aumenta o descontentamento por um estado ineficiente e uma classe pol\u00edtica que n\u00e3o canaliza as demandas (Peru) s\u00e3o terrenos f\u00e9rteis prop\u00edcios para que germine, madure e tenha sucesso esta nova modalidade de populismo.<\/p>\n<p>Mas h\u00e1 mais aspirantes a \u201cTrump latino-americanos\u201d. <a href=\"http:\/\/www.semana.com\/nacion\/articulo\/elecciones-2018-entrevista-a-alejandro-ordonez\/528617\">Alejandro Ord\u00f3\u00f1ez<\/a>, o ex-fiscal da Col\u00f4mbia, luta por liderar, ou ao menos integrar, uma grande coliga\u00e7\u00e3o de direita<a href=\"#_ftn1\" name=\"_ftnref1\">[1]<\/a> a partir de um antiacordo de paz com o fim de evitar o continu\u00edsmo do santismo ou um giro \u00e0 esquerda no pa\u00eds.<\/p>\n<h1><a href=\"#_ftnref1\" name=\"_ftn1\"><\/a><\/h1>\n<blockquote><p><span style=\"color: #999999;\">\u201cE uma proposta desde o ide\u00e1rio conservador. E uma revolu\u00e7\u00e3o conservadora como a que lideraram Reagan e Thatcher. E agora se pode dizer que Trump a est\u00e1 fazendo, apesar de ser quem \u00e9. O que eu disse \u00e9 que a ortodoxia e os paradigmas vieram rompendo numa boa hora nas democracias ocidentais. No Reino Unido com o Brexit, na Fran\u00e7a com Macron e Le Pen que n\u00e3o eram do estabelecido e na Col\u00f4mbia com o plebiscito de 2 de outubro. Trump \u00e9 um referente em mat\u00e9ria pol\u00edtica porque \u00e9 dos poucos pol\u00edticos que cumpre o que promete. Se enfrenta ao estabelecido. Tem coisas que podemos n\u00e3o estar de acordo em sua vida pessoal, suas excentricidades. O que eu aspiro a ser \u00e9 dizer o que penso, fazer o que digo e cumprir o que prometo. Desde pequeno penso o que penso. E nunca me envergonhei disso e nunca pedi desculpas pelo que sou. <strong>Eu criei um discurso politicamente incorreto, desafiando o estabelecido. Assim ser\u00e1 minha campanha<\/strong>\u201d.<\/span><\/p><\/blockquote>\n<p>[\/et_pb_text][\/et_pb_column][\/et_pb_row][\/et_pb_section][et_pb_section admin_label=&#8221;Secci\u00f3n&#8221; fullwidth=&#8221;off&#8221; specialty=&#8221;off&#8221; transparent_background=&#8221;off&#8221; background_color=&#8221;#f9f9f9&#8243; allow_player_pause=&#8221;off&#8221; inner_shadow=&#8221;off&#8221; parallax=&#8221;off&#8221; parallax_method=&#8221;off&#8221; padding_mobile=&#8221;off&#8221; make_fullwidth=&#8221;off&#8221; use_custom_width=&#8221;off&#8221; width_unit=&#8221;on&#8221; make_equal=&#8221;off&#8221; use_custom_gutter=&#8221;off&#8221;][et_pb_row admin_label=&#8221;Fila&#8221; make_fullwidth=&#8221;on&#8221; use_custom_width=&#8221;off&#8221; width_unit=&#8221;on&#8221; use_custom_gutter=&#8221;off&#8221; padding_mobile=&#8221;off&#8221; allow_player_pause=&#8221;off&#8221; parallax=&#8221;off&#8221; parallax_method=&#8221;off&#8221; make_equal=&#8221;off&#8221; parallax_1=&#8221;off&#8221; parallax_method_1=&#8221;off&#8221; column_padding_mobile=&#8221;on&#8221;][et_pb_column type=&#8221;4_4&#8243;][et_pb_text admin_label=&#8221;CONCLUS\u00d5ES&#8221; background_layout=&#8221;light&#8221; text_orientation=&#8221;left&#8221; use_border_color=&#8221;off&#8221; border_color=&#8221;#ffffff&#8221; border_style=&#8221;solid&#8221;]<\/p>\n<h2><span style=\"color: #64a70b;\"><strong>CONCLUS\u00d5ES<\/strong><\/span><\/h2>\n<p>A Am\u00e9rica Latina vive um novo ciclo pol\u00edtico alimentado pelo final da bonan\u00e7a econ\u00f4mica e marcado por tr\u00eas din\u00e2micas que avan\u00e7am em paralelo:<\/p>\n<p><span style=\"color: #64a70b;\"><strong>a<\/strong><\/span>-. O enfraquecimento das op\u00e7\u00f5es vinculadas \u00e0s diferentes esquerdas da regi\u00e3o.<\/p>\n<p><strong><span style=\"color: #64a70b;\">b<\/span><\/strong>-. A maior fortaleza das op\u00e7\u00f5es de centro direita.<\/p>\n<p><strong><span style=\"color: #64a70b;\">c-<\/span><\/strong>. A sobreviv\u00eancia de dois tipos de populismos, cuja superviv\u00eancia nega a tese de que estes tipos de for\u00e7as est\u00e3o em retrocesso. Trata-se de um populismo pr\u00f3ximo \u00e0s abordagens do \u201csocialismo do s\u00e9culo XXI\u201d e outro situado \u00e0 direita, com uma clara mensagem \u201cantielite\u201d.<\/p>\n<p>Em \u00faltima an\u00e1lise, a demagogia e o populismo est\u00e3o longe de estar em decad\u00eancia ou a ponto de desaparecer na Am\u00e9rica Latina. De fato, tudo indica que reaparecer\u00e3o sob outros rostos e al\u00e9m disso ter\u00e3o uma presen\u00e7a global, porque existe um contexto prop\u00edcio (o estancamento econ\u00f4mico), exemplos de sucesso a imitar (Donald Trump) e l\u00edderes carism\u00e1ticos que aspiram a aproveitar o novo <em>momentum<\/em> populista.<\/p>\n<p>Na verdade, nada de novo sob o sol, tal e como indicar\u00e1 <a href=\"https:\/\/elpais.com\/internacional\/2016\/03\/05\/actualidad\/1457215225_706646.html\">Mois\u00e9s Naim<\/a>: \u201cO mais interessante de Trump, como produto pol\u00edtico, n\u00e3o \u00e9 o excepcional que \u00e9, mas o comum que \u00e9 nestes tempos de antipol\u00edtica. <strong>Os \u201cterr\u00edveis simplificadores\u201d proliferam quando cresce a incerteza e a ansiedade na sociedade<\/strong> e por isto hoje em dia s\u00e3o uma tend\u00eancia global. Est\u00e3o em todas as partes. Mas Trump \u00e9 a mais perigosa manifesta\u00e7\u00e3o desta tend\u00eancia. E, nisso, ele \u00e9 excepcional\u201d.<\/p>\n<p>[\/et_pb_text][\/et_pb_column][\/et_pb_row][\/et_pb_section][et_pb_section admin_label=&#8221;Secci\u00f3n&#8221; fullwidth=&#8221;off&#8221; specialty=&#8221;off&#8221; transparent_background=&#8221;off&#8221; background_color=&#8221;#ffffff&#8221; allow_player_pause=&#8221;off&#8221; inner_shadow=&#8221;off&#8221; parallax=&#8221;off&#8221; parallax_method=&#8221;off&#8221; padding_mobile=&#8221;off&#8221; make_fullwidth=&#8221;off&#8221; use_custom_width=&#8221;off&#8221; width_unit=&#8221;on&#8221; make_equal=&#8221;off&#8221; use_custom_gutter=&#8221;off&#8221;][et_pb_row admin_label=&#8221;Fila&#8221; make_fullwidth=&#8221;on&#8221; use_custom_width=&#8221;off&#8221; width_unit=&#8221;on&#8221; use_custom_gutter=&#8221;off&#8221; padding_mobile=&#8221;off&#8221; allow_player_pause=&#8221;off&#8221; parallax=&#8221;off&#8221; parallax_method=&#8221;off&#8221; make_equal=&#8221;off&#8221; parallax_1=&#8221;off&#8221; parallax_method_1=&#8221;off&#8221; column_padding_mobile=&#8221;on&#8221;][et_pb_column type=&#8221;4_4&#8243;][et_pb_text admin_label=&#8221;Texto&#8221; background_layout=&#8221;light&#8221; text_orientation=&#8221;left&#8221; use_border_color=&#8221;off&#8221; border_color=&#8221;#ffffff&#8221; border_style=&#8221;solid&#8221;]<\/p>\n<p style=\"text-align: left;\"><strong><span style=\"color: #808080;\"><em>Esse informe foi produzido pela equipe de analistas da LLORENTE &amp; CUENCA<\/em><\/span><\/strong><\/p>\n<p>[\/et_pb_text][et_pb_image admin_label=&#8221;Imagen&#8221; src=&#8221;https:\/\/ideasbr.llorenteycuenca.com\/wp-content\/uploads\/sites\/8\/2017\/09\/logo-texto-final.png&#8221; show_in_lightbox=&#8221;off&#8221; url_new_window=&#8221;off&#8221; use_overlay=&#8221;off&#8221; animation=&#8221;off&#8221; sticky=&#8221;off&#8221; align=&#8221;left&#8221; force_fullwidth=&#8221;off&#8221; always_center_on_mobile=&#8221;on&#8221; use_border_color=&#8221;off&#8221; border_color=&#8221;#ffffff&#8221; border_style=&#8221;solid&#8221;] [\/et_pb_image][\/et_pb_column][\/et_pb_row][\/et_pb_section]<\/p>\n","protected":false},"excerpt":{"rendered":"<p>[et_pb_section admin_label=&#8221;section&#8221;][et_pb_row admin_label=&#8221;row&#8221; make_fullwidth=&#8221;on&#8221; use_custom_width=&#8221;off&#8221; width_unit=&#8221;on&#8221; use_custom_gutter=&#8221;off&#8221; padding_mobile=&#8221;off&#8221; allow_player_pause=&#8221;off&#8221; parallax=&#8221;off&#8221; parallax_method=&#8221;off&#8221; make_equal=&#8221;off&#8221; parallax_1=&#8221;off&#8221; parallax_method_1=&#8221;off&#8221; column_padding_mobile=&#8221;on&#8221;][et_pb_column type=&#8221;4_4&#8243;][et_pb_image admin_label=&#8221;Imagen&#8221; src=&#8221;https:\/\/ideasbr.llorenteycuenca.com\/wp-content\/uploads\/sites\/8\/2017\/09\/texto-icono-descarga.png&#8221; show_in_lightbox=&#8221;off&#8221; url_new_window=&#8221;on&#8221; use_overlay=&#8221;off&#8221; animation=&#8221;off&#8221; sticky=&#8221;off&#8221; align=&#8221;left&#8221; force_fullwidth=&#8221;off&#8221; always_center_on_mobile=&#8221;on&#8221; use_border_color=&#8221;off&#8221; border_color=&#8221;#ffffff&#8221; border_style=&#8221;solid&#8221; url=&#8221;https:\/\/ideasbr.llorenteycuenca.com\/wp-content\/uploads\/sites\/8\/2017\/09\/170913_Informe_Populismo_BR.pdf&#8221;] [\/et_pb_image][et_pb_text admin_label=&#8221;Texto&#8221; background_layout=&#8221;light&#8221; text_orientation=&#8221;left&#8221; use_border_color=&#8221;off&#8221; border_color=&#8221;#ffffff&#8221; border_style=&#8221;solid&#8221;] A Am\u00e9rica Latina se prepara para viver nos pr\u00f3ximos meses um calend\u00e1rio eleitoral intenso e determinante para o [&hellip;]<\/p>\n","protected":false},"author":4,"featured_media":59599,"comment_status":"closed","ping_status":"closed","sticky":false,"template":"","format":"standard","meta":{"_acf_changed":false,"_et_pb_use_builder":"","_et_pb_old_content":"","_et_gb_content_width":"","footnotes":""},"categories":[87],"class_list":["post-59596","post","type-post","status-publish","format-standard","has-post-thumbnail","hentry","category-ideas"],"acf":[],"yoast_head":"<!-- This site is optimized with the Yoast SEO Premium plugin v24.7 (Yoast SEO v24.7) - https:\/\/yoast.com\/wordpress\/plugins\/seo\/ -->\n<title>O novo populismo de Am\u00e9rica Latina, um movimento mais vivo do que nunca - LLYC<\/title>\n<meta name=\"robots\" content=\"index, follow, max-snippet:-1, max-image-preview:large, max-video-preview:-1\" \/>\n<link rel=\"canonical\" href=\"https:\/\/llyc.global\/pt-br\/ideas\/o-novo-populismo-de-america-latina-um-movimento-mais-vivo-do-que-nunca\/\" \/>\n<meta property=\"og:locale\" content=\"pt_BR\" \/>\n<meta property=\"og:type\" content=\"article\" \/>\n<meta property=\"og:title\" content=\"O novo populismo de Am\u00e9rica Latina, um movimento mais vivo do que nunca\" \/>\n<meta property=\"og:description\" content=\"[et_pb_section admin_label=&#8221;section&#8221;][et_pb_row admin_label=&#8221;row&#8221; make_fullwidth=&#8221;on&#8221; use_custom_width=&#8221;off&#8221; width_unit=&#8221;on&#8221; use_custom_gutter=&#8221;off&#8221; padding_mobile=&#8221;off&#8221; allow_player_pause=&#8221;off&#8221; parallax=&#8221;off&#8221; parallax_method=&#8221;off&#8221; make_equal=&#8221;off&#8221; parallax_1=&#8221;off&#8221; parallax_method_1=&#8221;off&#8221; column_padding_mobile=&#8221;on&#8221;][et_pb_column type=&#8221;4_4&#8243;][et_pb_image admin_label=&#8221;Imagen&#8221; src=&#8221;https:\/\/ideasbr.llorenteycuenca.com\/wp-content\/uploads\/sites\/8\/2017\/09\/texto-icono-descarga.png&#8221; show_in_lightbox=&#8221;off&#8221; url_new_window=&#8221;on&#8221; use_overlay=&#8221;off&#8221; animation=&#8221;off&#8221; sticky=&#8221;off&#8221; align=&#8221;left&#8221; force_fullwidth=&#8221;off&#8221; always_center_on_mobile=&#8221;on&#8221; use_border_color=&#8221;off&#8221; border_color=&#8221;#ffffff&#8221; border_style=&#8221;solid&#8221; url=&#8221;https:\/\/ideasbr.llorenteycuenca.com\/wp-content\/uploads\/sites\/8\/2017\/09\/170913_Informe_Populismo_BR.pdf&#8221;] [\/et_pb_image][et_pb_text admin_label=&#8221;Texto&#8221; background_layout=&#8221;light&#8221; text_orientation=&#8221;left&#8221; use_border_color=&#8221;off&#8221; border_color=&#8221;#ffffff&#8221; border_style=&#8221;solid&#8221;] A Am\u00e9rica Latina se prepara para viver nos pr\u00f3ximos meses um calend\u00e1rio eleitoral intenso e determinante para o [&hellip;]\" \/>\n<meta property=\"og:url\" content=\"https:\/\/llyc.global\/pt-br\/ideas\/o-novo-populismo-de-america-latina-um-movimento-mais-vivo-do-que-nunca\/\" \/>\n<meta property=\"og:site_name\" content=\"LLYC\" \/>\n<meta property=\"article:publisher\" content=\"https:\/\/www.facebook.com\/LLYC.Global\/\" \/>\n<meta property=\"article:published_time\" content=\"2017-09-14T22:00:00+00:00\" \/>\n<meta property=\"article:modified_time\" content=\"2023-10-26T03:18:19+00:00\" \/>\n<meta property=\"og:image\" content=\"https:\/\/llyc.global\/wp-content\/uploads\/2023\/10\/foto_portada-12.jpg\" \/>\n\t<meta property=\"og:image:width\" content=\"2048\" \/>\n\t<meta property=\"og:image:height\" content=\"1367\" \/>\n\t<meta property=\"og:image:type\" content=\"image\/jpeg\" \/>\n<meta name=\"author\" content=\"maguilar\" \/>\n<meta name=\"twitter:card\" content=\"summary_large_image\" \/>\n<meta name=\"twitter:creator\" content=\"@llorenteycuenca\" \/>\n<meta name=\"twitter:site\" content=\"@llorenteycuenca\" \/>\n<meta name=\"twitter:label1\" content=\"Written by\" \/>\n\t<meta name=\"twitter:data1\" content=\"maguilar\" \/>\n\t<meta name=\"twitter:label2\" content=\"Est. reading time\" \/>\n\t<meta name=\"twitter:data2\" content=\"31 minutos\" \/>\n<!-- \/ Yoast SEO Premium plugin. -->","yoast_head_json":{"title":"O novo populismo de Am\u00e9rica Latina, um movimento mais vivo do que nunca - LLYC","robots":{"index":"index","follow":"follow","max-snippet":"max-snippet:-1","max-image-preview":"max-image-preview:large","max-video-preview":"max-video-preview:-1"},"canonical":"https:\/\/llyc.global\/pt-br\/ideas\/o-novo-populismo-de-america-latina-um-movimento-mais-vivo-do-que-nunca\/","og_locale":"pt_BR","og_type":"article","og_title":"O novo populismo de Am\u00e9rica Latina, um movimento mais vivo do que nunca","og_description":"[et_pb_section admin_label=&#8221;section&#8221;][et_pb_row admin_label=&#8221;row&#8221; make_fullwidth=&#8221;on&#8221; use_custom_width=&#8221;off&#8221; width_unit=&#8221;on&#8221; use_custom_gutter=&#8221;off&#8221; padding_mobile=&#8221;off&#8221; allow_player_pause=&#8221;off&#8221; parallax=&#8221;off&#8221; parallax_method=&#8221;off&#8221; make_equal=&#8221;off&#8221; parallax_1=&#8221;off&#8221; parallax_method_1=&#8221;off&#8221; column_padding_mobile=&#8221;on&#8221;][et_pb_column type=&#8221;4_4&#8243;][et_pb_image admin_label=&#8221;Imagen&#8221; src=&#8221;https:\/\/ideasbr.llorenteycuenca.com\/wp-content\/uploads\/sites\/8\/2017\/09\/texto-icono-descarga.png&#8221; show_in_lightbox=&#8221;off&#8221; url_new_window=&#8221;on&#8221; use_overlay=&#8221;off&#8221; animation=&#8221;off&#8221; sticky=&#8221;off&#8221; align=&#8221;left&#8221; force_fullwidth=&#8221;off&#8221; always_center_on_mobile=&#8221;on&#8221; use_border_color=&#8221;off&#8221; border_color=&#8221;#ffffff&#8221; border_style=&#8221;solid&#8221; url=&#8221;https:\/\/ideasbr.llorenteycuenca.com\/wp-content\/uploads\/sites\/8\/2017\/09\/170913_Informe_Populismo_BR.pdf&#8221;] [\/et_pb_image][et_pb_text admin_label=&#8221;Texto&#8221; background_layout=&#8221;light&#8221; text_orientation=&#8221;left&#8221; use_border_color=&#8221;off&#8221; border_color=&#8221;#ffffff&#8221; border_style=&#8221;solid&#8221;] A Am\u00e9rica Latina se prepara para viver nos pr\u00f3ximos meses um calend\u00e1rio eleitoral intenso e determinante para o [&hellip;]","og_url":"https:\/\/llyc.global\/pt-br\/ideas\/o-novo-populismo-de-america-latina-um-movimento-mais-vivo-do-que-nunca\/","og_site_name":"LLYC","article_publisher":"https:\/\/www.facebook.com\/LLYC.Global\/","article_published_time":"2017-09-14T22:00:00+00:00","article_modified_time":"2023-10-26T03:18:19+00:00","og_image":[{"width":2048,"height":1367,"url":"https:\/\/llyc.global\/wp-content\/uploads\/2023\/10\/foto_portada-12.jpg","type":"image\/jpeg"}],"author":"maguilar","twitter_card":"summary_large_image","twitter_creator":"@llorenteycuenca","twitter_site":"@llorenteycuenca","twitter_misc":{"Written by":"maguilar","Est. reading time":"31 minutos"},"schema":{"@context":"https:\/\/schema.org","@graph":[{"@type":"WebPage","@id":"https:\/\/llyc.global\/pt-br\/ideas\/o-novo-populismo-de-america-latina-um-movimento-mais-vivo-do-que-nunca\/","url":"https:\/\/llyc.global\/pt-br\/ideas\/o-novo-populismo-de-america-latina-um-movimento-mais-vivo-do-que-nunca\/","name":"O novo populismo de Am\u00e9rica Latina, um movimento mais vivo do que nunca - LLYC","isPartOf":{"@id":"https:\/\/llyc.global\/pt-br\/#website"},"primaryImageOfPage":{"@id":"https:\/\/llyc.global\/pt-br\/ideas\/o-novo-populismo-de-america-latina-um-movimento-mais-vivo-do-que-nunca\/#primaryimage"},"image":{"@id":"https:\/\/llyc.global\/pt-br\/ideas\/o-novo-populismo-de-america-latina-um-movimento-mais-vivo-do-que-nunca\/#primaryimage"},"thumbnailUrl":"https:\/\/llyc.global\/wp-content\/uploads\/2023\/10\/foto_portada-12.jpg","datePublished":"2017-09-14T22:00:00+00:00","dateModified":"2023-10-26T03:18:19+00:00","author":{"@id":"https:\/\/llyc.global\/pt-br\/#\/schema\/person\/8187160eba73b996b064cce622bd4541"},"breadcrumb":{"@id":"https:\/\/llyc.global\/pt-br\/ideas\/o-novo-populismo-de-america-latina-um-movimento-mais-vivo-do-que-nunca\/#breadcrumb"},"inLanguage":"pt-BR","potentialAction":[{"@type":"ReadAction","target":["https:\/\/llyc.global\/pt-br\/ideas\/o-novo-populismo-de-america-latina-um-movimento-mais-vivo-do-que-nunca\/"]}]},{"@type":"ImageObject","inLanguage":"pt-BR","@id":"https:\/\/llyc.global\/pt-br\/ideas\/o-novo-populismo-de-america-latina-um-movimento-mais-vivo-do-que-nunca\/#primaryimage","url":"https:\/\/llyc.global\/wp-content\/uploads\/2023\/10\/foto_portada-12.jpg","contentUrl":"https:\/\/llyc.global\/wp-content\/uploads\/2023\/10\/foto_portada-12.jpg","width":2048,"height":1367},{"@type":"BreadcrumbList","@id":"https:\/\/llyc.global\/pt-br\/ideas\/o-novo-populismo-de-america-latina-um-movimento-mais-vivo-do-que-nunca\/#breadcrumb","itemListElement":[{"@type":"ListItem","position":1,"name":"Home","item":"https:\/\/llyc.global\/pt-br\/"},{"@type":"ListItem","position":2,"name":"O novo populismo de Am\u00e9rica Latina, um movimento mais vivo do que nunca"}]},{"@type":"WebSite","@id":"https:\/\/llyc.global\/pt-br\/#website","url":"https:\/\/llyc.global\/pt-br\/","name":"LLYC","description":"Consultoria de comunicaci\u00f3n marketing y asuntos p\u00fablicos","potentialAction":[{"@type":"SearchAction","target":{"@type":"EntryPoint","urlTemplate":"https:\/\/llyc.global\/pt-br\/?s={search_term_string}"},"query-input":{"@type":"PropertyValueSpecification","valueRequired":true,"valueName":"search_term_string"}}],"inLanguage":"pt-BR"},{"@type":"Person","@id":"https:\/\/llyc.global\/pt-br\/#\/schema\/person\/8187160eba73b996b064cce622bd4541","name":"maguilar","image":{"@type":"ImageObject","inLanguage":"pt-BR","@id":"https:\/\/llyc.global\/pt-br\/#\/schema\/person\/image\/","url":"https:\/\/secure.gravatar.com\/avatar\/2567cb4cb8cda24204d7f7cde2c10fbd?s=96&d=mm&r=g","contentUrl":"https:\/\/secure.gravatar.com\/avatar\/2567cb4cb8cda24204d7f7cde2c10fbd?s=96&d=mm&r=g","caption":"maguilar"}}]}},"_links":{"self":[{"href":"https:\/\/llyc.global\/pt-br\/wp-json\/wp\/v2\/posts\/59596","targetHints":{"allow":["GET"]}}],"collection":[{"href":"https:\/\/llyc.global\/pt-br\/wp-json\/wp\/v2\/posts"}],"about":[{"href":"https:\/\/llyc.global\/pt-br\/wp-json\/wp\/v2\/types\/post"}],"author":[{"embeddable":true,"href":"https:\/\/llyc.global\/pt-br\/wp-json\/wp\/v2\/users\/4"}],"replies":[{"embeddable":true,"href":"https:\/\/llyc.global\/pt-br\/wp-json\/wp\/v2\/comments?post=59596"}],"version-history":[{"count":1,"href":"https:\/\/llyc.global\/pt-br\/wp-json\/wp\/v2\/posts\/59596\/revisions"}],"predecessor-version":[{"id":59598,"href":"https:\/\/llyc.global\/pt-br\/wp-json\/wp\/v2\/posts\/59596\/revisions\/59598"}],"wp:featuredmedia":[{"embeddable":true,"href":"https:\/\/llyc.global\/pt-br\/wp-json\/wp\/v2\/media\/59599"}],"wp:attachment":[{"href":"https:\/\/llyc.global\/pt-br\/wp-json\/wp\/v2\/media?parent=59596"}],"wp:term":[{"taxonomy":"category","embeddable":true,"href":"https:\/\/llyc.global\/pt-br\/wp-json\/wp\/v2\/categories?post=59596"}],"curies":[{"name":"wp","href":"https:\/\/api.w.org\/{rel}","templated":true}]}}