{"id":59917,"date":"2018-08-30T00:00:00","date_gmt":"2018-08-29T22:00:00","guid":{"rendered":"https:\/\/llyc.global\/2018\/08\/30\/brasil-disputa-por-narrativas-em-uma-eleicao-imprevisivel\/"},"modified":"2018-08-30T00:00:00","modified_gmt":"2018-08-29T22:00:00","slug":"brasil-disputa-por-narrativas-em-uma-eleicao-imprevisivel","status":"publish","type":"post","link":"https:\/\/llyc.global\/pt-br\/ideas\/brasil-disputa-por-narrativas-em-uma-eleicao-imprevisivel\/","title":{"rendered":"Brasil: disputa por narrativas em uma elei\u00e7\u00e3o imprevis\u00edvel"},"content":{"rendered":"<p>[et_pb_section bb_built=&#8221;1&#8243;][et_pb_row][et_pb_column type=&#8221;4_4&#8243;][et_pb_image admin_label=&#8221;Bot\u00f3n descarga&#8221; _builder_version=&#8221;3.1.1&#8243; src=&#8221;https:\/\/ideasbr.llorenteycuenca.com\/wp-content\/uploads\/sites\/8\/2018\/05\/Boton_web-ESP-01.png&#8221; url=&#8221;https:\/\/ideasbr.llorenteycuenca.com\/wp-content\/uploads\/sites\/8\/2018\/08\/DI_Relatorio_Eleicao_Brasil.pdf&#8221; url_new_window=&#8221;on&#8221; \/][et_pb_text admin_label=&#8221;Intro&#8221; _builder_version=&#8221;3.1.1&#8243;]<\/p>\n<p>Muito se especulou sobre quais seriam os <em>outsiders<\/em> da pol\u00edtica tradicional brasileira que fariam desta elei\u00e7\u00e3o presidencial a mais imprevis\u00edvel desde 1989, pelo menos. Mas o registro das candidaturas trouxe um choque de realidade. Entre os candidatos considerados mais competitivos rumo ao Pal\u00e1cio do Planalto, nenhum \u00e9 propriamente figura nova para o eleitor.<\/p>\n<p>S\u00e3o cinco os nomes que s\u00e3o considerados efetivamente competitivos: <a href=\"https:\/\/twitter.com\/jairbolsonaro?lang=es\" target=\"_blank\" rel=\"noopener noreferrer\">Jair Bolsonaro<\/a> (<a href=\"https:\/\/www.pslnacional.org.br\/\" target=\"_blank\" rel=\"noopener noreferrer\">PSL<\/a>); <a href=\"https:\/\/twitter.com\/marinasilva?lang=es\" target=\"_blank\" rel=\"noopener noreferrer\">Marina Silva<\/a> (<a href=\"https:\/\/redesustentabilidade.org.br\/\" target=\"_blank\" rel=\"noopener noreferrer\">Rede<\/a>); <a href=\"https:\/\/twitter.com\/geraldoalckmin?lang=es\" target=\"_blank\" rel=\"noopener noreferrer\">Geraldo Alckmin<\/a>; <a href=\"https:\/\/twitter.com\/cirogomes?lang=es\" target=\"_blank\" rel=\"noopener noreferrer\">Ciro Gomes<\/a> (<a href=\"http:\/\/www.pdt.org.br\/\" target=\"_blank\" rel=\"noopener noreferrer\">PDT<\/a>) e <a href=\"https:\/\/twitter.com\/LulaOficial\" target=\"_blank\" rel=\"noopener noreferrer\">Lula<\/a>\u00a0(<a href=\"http:\/\/www.pt.org.br\/\" target=\"_blank\" rel=\"noopener noreferrer\">PT<\/a>), que poderia voltar \u00e0 presid\u00eancia para um terceiro mandato, n\u00e3o estivesse preso e com admissibilidade de sua candidatura ainda a ser, muito provavelmente, negada pela Justi\u00e7a.<\/p>\n<p>Em rela\u00e7\u00e3o a temas de campanha e mensagem de comunica\u00e7\u00e3o, que devem pautar a disputa presidencial no Brasil, sobressaem-se tr\u00eas eixos narrativos.<\/p>\n<p>[\/et_pb_text][et_pb_text admin_label=&#8221;1. Amor\/odio&#8221; _builder_version=&#8221;3.1.1&#8243;]<\/p>\n<h3><span style=\"color: #007884;\"><strong>1. A polariza\u00e7\u00e3o \u201camor\/\u00f3dio\u201d em torno do Lulismo<\/strong><\/span><\/h3>\n<p>Desde as sondagens eleitorais realizadas ainda em 2017, o ex-presidente Lula \u00e9 o \u00fanico dos presidenci\u00e1veis que aparecem em posi\u00e7\u00e3o consolidada acima dos 30% de inten\u00e7\u00e3o de votos.<\/p>\n<p>Diante do quadro de rejei\u00e7\u00e3o do registro de sua candidatura, o candidato \u201cde fato\u201d do PT ser\u00e1 o ex-prefeito e ex-ministro da Educa\u00e7\u00e3o Fernando Haddad, originalmente apontado como vice na mesma chapa.<\/p>\n<p>O eventual sucesso da comunica\u00e7\u00e3o para transferir os votos cativos de Lula para o candidato do PT ter\u00e1 como base a mem\u00f3ria positiva do Governo Lula. Esse cen\u00e1rio indica duas tend\u00eancias para a candidatura petista:<\/p>\n<ul>\n<li><strong>Canibalizar as demais candidaturas consideradas \u00e0 esquerda do espectro pol\u00edtico<\/strong>.<\/li>\n<li>Caso ultrapasse a barreira dos 20% de inten\u00e7\u00e3o de voto, o candidato deve <strong>assegurar uma vaga para o PT no segundo turno da elei\u00e7\u00e3o<\/strong>.<\/li>\n<\/ul>\n<p>Por outro lado, foi justamente surfando na polariza\u00e7\u00e3o provocada pelo PT que, ao longo dos tr\u00eas \u00faltimos anos, pelo menos, Jair Bolsonaro conseguiu consolidar-se em uma faixa eleitoral que vai dos 15% aos 20% nas inten\u00e7\u00f5es de voto. Por meio de uma agenda de aproxima\u00e7\u00e3o com os movimentos que lideraram a campanha pr\u00f3-impeachment de Dilma Rousseff nas redes sociais, Bolsonaro abocanhou o campo narrativo anti-PT e \u00e9 seu l\u00edder incontest\u00e1vel.<\/p>\n<p>Para chegar l\u00e1, o que os n\u00fameros mostram at\u00e9 aqui \u00e9 que o territ\u00f3rio dividido por Lula e Bolsonaro abocanha entre 40% e 50% do eleitorado. Eles dividem esse contingente, que \u00e9 grande, mas deixa uma outra metade inteira de fora, talvez aquela que, cansada de uma narrativa que se estressa h\u00e1 anos na pol\u00edtica brasileira, seja decisiva para quem for capaz de conquist\u00e1-la no primeiro turno.<\/p>\n<p>[\/et_pb_text][et_pb_text admin_label=&#8221;2. Gobierno Temer&#8221; _builder_version=&#8221;3.1.1&#8243;]<\/p>\n<h3><span style=\"color: #007884;\"><strong>2. Rejei\u00e7\u00e3o ao Governo Temer<\/strong><\/span><\/h3>\n<p>Por diversos fatores <a href=\"https:\/\/twitter.com\/micheltemer\" target=\"_blank\" rel=\"noopener noreferrer\">Michel Temer<\/a> se equilibra em 6% de aprova\u00e7\u00e3o (70% da popula\u00e7\u00e3o classifica sua atua\u00e7\u00e3o como ruim ou p\u00e9ssima, segundo o <a href=\"https:\/\/www1.folha.uol.com.br\/poder\/2018\/04\/temer-e-reprovado-por-70-dos-brasileiros-mesmo-com-esforco-por-popularidade.shtml\" target=\"_blank\" rel=\"noopener noreferrer\">Instituto Datafolha<\/a>).<\/p>\n<p>Com menos de 2% das inten\u00e7\u00f5es de voto, <a href=\"https:\/\/twitter.com\/meirelles?lang=es\" target=\"_blank\" rel=\"noopener noreferrer\">Henrique Meirelles<\/a>, ex-ministro da Fazenda e ex-presidente do Banco Central, teve sua candidatura a presidente confirmada, apesar dos \u00edndices inexpressivos e de n\u00e3o contar com o apoio declarado de boa parte dos caciques de seu pr\u00f3prio partido.<\/p>\n<p>[\/et_pb_text][et_pb_text admin_label=&#8221;3. Voto de \u00faltima hora&#8221; _builder_version=&#8221;3.1.1&#8243;]<\/p>\n<h3><span style=\"color: #007884;\"><strong>3. Est\u00edmulo do voto de \u201c\u00faltima hora\u201d como \u201cvoto \u00fatil\u201d e converg\u00eancia de canais<\/strong><\/span><\/h3>\n<p>O terceiro territ\u00f3rio que deve ser disputado se cruza com o de rejei\u00e7\u00e3o a Temer e deriva um pouco de todos os demais, bem como da inconsist\u00eancia do tabuleiro pol\u00edtico que resistia at\u00e9 meados de julho: pesquisa da CNI\/Ibope, realizada antes das conven\u00e7\u00f5es partid\u00e1rias e divulgadas no come\u00e7o de agosto, aponta que 59% dos eleitores est\u00e3o indecisos ou pretendem anular ou votar em branco para presidente. Por outro lado, 73% deles admitem que podem mudar de opini\u00e3o.<\/p>\n<p>Em 2018, para tirar proveito desta tend\u00eancia e se apropriar deste territ\u00f3rio, saem na frente os candidatos que s\u00e3o menos conhecidos, aqueles que come\u00e7aram a campanha h\u00e1 menos tempo, os que contarem com maior estrutura partid\u00e1ria e os que conseguirem capitanear o que se chama de \u201cvoto \u00fatil\u201d.<\/p>\n<p>Aqui, de novo, Bolsonaro investe no capital que j\u00e1 tem em m\u00e3os. Com uma grande propor\u00e7\u00e3o de eleitores na por\u00e7\u00e3o mais jovem do eleitorado e p\u00e1ginas de Facebook e perfis de Twitter que atuam efetivamente em rede, consolidando sua narrativa, por meio de mensagens de diferentes fontes, o atual deputado j\u00e1 tem investido em debates controlados, por meio de transmiss\u00f5es independentes e editados para serem facilmente replicados em grupos de Whatsapp. Ao mesmo tempo, Marina Silva, que conta com o apoio volunt\u00e1rio do cineasta Fernando Meirelles, tamb\u00e9m j\u00e1 declarou que levar\u00e1 seu hor\u00e1rio eleitoral para o ambiente virtual.<\/p>\n<p>[\/et_pb_text][et_pb_text admin_label=&#8221;Cuarta l\u00ednea narrativa&#8221; _builder_version=&#8221;3.1.1&#8243;]<\/p>\n<p>Uma quarta linha narrativa associada com a rejei\u00e7\u00e3o ao <em>establishment<\/em> pol\u00edtico foi a que mais perdeu espa\u00e7o com a cristaliza\u00e7\u00e3o das candidaturas atuais. Dentro dela, ainda tiram vantagem a apresenta\u00e7\u00e3o de Marina Silva dentro do modelo de terceira via por nega\u00e7\u00e3o e o discurso de <em>outsider <\/em>no meio pol\u00edtico defendido por Bolsonaro.<\/p>\n<p>Aprovando-se ou n\u00e3o os 13 anos do partido na presid\u00eancia, o \u201cLulismo\u201d ainda \u00e9 o divisor de \u00e1guas da pol\u00edtica brasileira, dentro de um modelo personalista e populista que tem prevalecido no pa\u00eds durante todo o per\u00edodo p\u00f3s-Get\u00falio Vargas.<\/p>\n<p>Mesmo a narrativa de rejei\u00e7\u00e3o ao Governo Temer, em certa medida, n\u00e3o deixa de se alinhar ao movimento pr\u00f3\/anti Lula. Por isso mesmo, encontrar uma via de concilia\u00e7\u00e3o entre os dois extremos do eleitorado \u00e9 o caminho narrativo em que buscam uma oportunidade de se posicionarem Alckmin, Marina e Ciro.<\/p>\n<p>[\/et_pb_text][\/et_pb_column][\/et_pb_row][\/et_pb_section]<\/p>\n","protected":false},"excerpt":{"rendered":"<p>[et_pb_section bb_built=&#8221;1&#8243;][et_pb_row][et_pb_column type=&#8221;4_4&#8243;][et_pb_image admin_label=&#8221;Bot\u00f3n descarga&#8221; _builder_version=&#8221;3.1.1&#8243; src=&#8221;https:\/\/ideasbr.llorenteycuenca.com\/wp-content\/uploads\/sites\/8\/2018\/05\/Boton_web-ESP-01.png&#8221; url=&#8221;https:\/\/ideasbr.llorenteycuenca.com\/wp-content\/uploads\/sites\/8\/2018\/08\/DI_Relatorio_Eleicao_Brasil.pdf&#8221; url_new_window=&#8221;on&#8221; \/][et_pb_text admin_label=&#8221;Intro&#8221; _builder_version=&#8221;3.1.1&#8243;] Muito se especulou sobre quais seriam os outsiders da pol\u00edtica tradicional brasileira que fariam desta elei\u00e7\u00e3o presidencial a mais imprevis\u00edvel desde 1989, pelo menos. Mas o registro das candidaturas trouxe um choque de realidade. Entre os candidatos considerados mais competitivos rumo ao Pal\u00e1cio [&hellip;]<\/p>\n","protected":false},"author":4,"featured_media":59918,"comment_status":"closed","ping_status":"closed","sticky":false,"template":"","format":"standard","meta":{"_acf_changed":false,"_et_pb_use_builder":"","_et_pb_old_content":"","_et_gb_content_width":"","footnotes":""},"categories":[87],"class_list":["post-59917","post","type-post","status-publish","format-standard","has-post-thumbnail","hentry","category-ideas"],"acf":[],"yoast_head":"<!-- This site is optimized with the Yoast SEO Premium plugin v24.7 (Yoast SEO v24.7) - https:\/\/yoast.com\/wordpress\/plugins\/seo\/ -->\n<title>Brasil: disputa por narrativas em uma elei\u00e7\u00e3o imprevis\u00edvel - LLYC<\/title>\n<meta name=\"robots\" content=\"index, follow, max-snippet:-1, max-image-preview:large, max-video-preview:-1\" \/>\n<link rel=\"canonical\" href=\"https:\/\/llyc.global\/pt-br\/ideas\/brasil-disputa-por-narrativas-em-uma-eleicao-imprevisivel\/\" \/>\n<meta property=\"og:locale\" content=\"pt_BR\" \/>\n<meta property=\"og:type\" content=\"article\" \/>\n<meta property=\"og:title\" content=\"Brasil: disputa por narrativas em uma elei\u00e7\u00e3o imprevis\u00edvel\" \/>\n<meta property=\"og:description\" content=\"[et_pb_section bb_built=&#8221;1&#8243;][et_pb_row][et_pb_column type=&#8221;4_4&#8243;][et_pb_image admin_label=&#8221;Bot\u00f3n descarga&#8221; _builder_version=&#8221;3.1.1&#8243; src=&#8221;https:\/\/ideasbr.llorenteycuenca.com\/wp-content\/uploads\/sites\/8\/2018\/05\/Boton_web-ESP-01.png&#8221; url=&#8221;https:\/\/ideasbr.llorenteycuenca.com\/wp-content\/uploads\/sites\/8\/2018\/08\/DI_Relatorio_Eleicao_Brasil.pdf&#8221; url_new_window=&#8221;on&#8221; \/][et_pb_text admin_label=&#8221;Intro&#8221; _builder_version=&#8221;3.1.1&#8243;] Muito se especulou sobre quais seriam os outsiders da pol\u00edtica tradicional brasileira que fariam desta elei\u00e7\u00e3o presidencial a mais imprevis\u00edvel desde 1989, pelo menos. Mas o registro das candidaturas trouxe um choque de realidade. Entre os candidatos considerados mais competitivos rumo ao Pal\u00e1cio [&hellip;]\" \/>\n<meta property=\"og:url\" content=\"https:\/\/llyc.global\/pt-br\/ideas\/brasil-disputa-por-narrativas-em-uma-eleicao-imprevisivel\/\" \/>\n<meta property=\"og:site_name\" content=\"LLYC\" \/>\n<meta property=\"article:publisher\" content=\"https:\/\/www.facebook.com\/LLYC.Global\/\" \/>\n<meta property=\"article:published_time\" content=\"2018-08-29T22:00:00+00:00\" \/>\n<meta property=\"og:image\" content=\"https:\/\/llyc.global\/wp-content\/uploads\/2023\/10\/Brasil-estrategias-y-discursos-en-unas-elecciones-imprevisibles-1-2.png\" \/>\n\t<meta property=\"og:image:width\" content=\"730\" \/>\n\t<meta property=\"og:image:height\" content=\"403\" \/>\n\t<meta property=\"og:image:type\" content=\"image\/png\" \/>\n<meta name=\"author\" content=\"maguilar\" \/>\n<meta name=\"twitter:card\" content=\"summary_large_image\" \/>\n<meta name=\"twitter:creator\" content=\"@llorenteycuenca\" \/>\n<meta name=\"twitter:site\" content=\"@llorenteycuenca\" \/>\n<meta name=\"twitter:label1\" content=\"Written by\" \/>\n\t<meta name=\"twitter:data1\" content=\"maguilar\" \/>\n\t<meta name=\"twitter:label2\" content=\"Est. reading time\" \/>\n\t<meta name=\"twitter:data2\" content=\"5 minutos\" \/>\n<!-- \/ Yoast SEO Premium plugin. -->","yoast_head_json":{"title":"Brasil: disputa por narrativas em uma elei\u00e7\u00e3o imprevis\u00edvel - LLYC","robots":{"index":"index","follow":"follow","max-snippet":"max-snippet:-1","max-image-preview":"max-image-preview:large","max-video-preview":"max-video-preview:-1"},"canonical":"https:\/\/llyc.global\/pt-br\/ideas\/brasil-disputa-por-narrativas-em-uma-eleicao-imprevisivel\/","og_locale":"pt_BR","og_type":"article","og_title":"Brasil: disputa por narrativas em uma elei\u00e7\u00e3o imprevis\u00edvel","og_description":"[et_pb_section bb_built=&#8221;1&#8243;][et_pb_row][et_pb_column type=&#8221;4_4&#8243;][et_pb_image admin_label=&#8221;Bot\u00f3n descarga&#8221; _builder_version=&#8221;3.1.1&#8243; src=&#8221;https:\/\/ideasbr.llorenteycuenca.com\/wp-content\/uploads\/sites\/8\/2018\/05\/Boton_web-ESP-01.png&#8221; url=&#8221;https:\/\/ideasbr.llorenteycuenca.com\/wp-content\/uploads\/sites\/8\/2018\/08\/DI_Relatorio_Eleicao_Brasil.pdf&#8221; url_new_window=&#8221;on&#8221; \/][et_pb_text admin_label=&#8221;Intro&#8221; _builder_version=&#8221;3.1.1&#8243;] Muito se especulou sobre quais seriam os outsiders da pol\u00edtica tradicional brasileira que fariam desta elei\u00e7\u00e3o presidencial a mais imprevis\u00edvel desde 1989, pelo menos. Mas o registro das candidaturas trouxe um choque de realidade. Entre os candidatos considerados mais competitivos rumo ao Pal\u00e1cio [&hellip;]","og_url":"https:\/\/llyc.global\/pt-br\/ideas\/brasil-disputa-por-narrativas-em-uma-eleicao-imprevisivel\/","og_site_name":"LLYC","article_publisher":"https:\/\/www.facebook.com\/LLYC.Global\/","article_published_time":"2018-08-29T22:00:00+00:00","og_image":[{"width":730,"height":403,"url":"https:\/\/llyc.global\/wp-content\/uploads\/2023\/10\/Brasil-estrategias-y-discursos-en-unas-elecciones-imprevisibles-1-2.png","type":"image\/png"}],"author":"maguilar","twitter_card":"summary_large_image","twitter_creator":"@llorenteycuenca","twitter_site":"@llorenteycuenca","twitter_misc":{"Written by":"maguilar","Est. reading time":"5 minutos"},"schema":{"@context":"https:\/\/schema.org","@graph":[{"@type":"WebPage","@id":"https:\/\/llyc.global\/pt-br\/ideas\/brasil-disputa-por-narrativas-em-uma-eleicao-imprevisivel\/","url":"https:\/\/llyc.global\/pt-br\/ideas\/brasil-disputa-por-narrativas-em-uma-eleicao-imprevisivel\/","name":"Brasil: disputa por narrativas em uma elei\u00e7\u00e3o imprevis\u00edvel - LLYC","isPartOf":{"@id":"https:\/\/llyc.global\/pt-br\/#website"},"primaryImageOfPage":{"@id":"https:\/\/llyc.global\/pt-br\/ideas\/brasil-disputa-por-narrativas-em-uma-eleicao-imprevisivel\/#primaryimage"},"image":{"@id":"https:\/\/llyc.global\/pt-br\/ideas\/brasil-disputa-por-narrativas-em-uma-eleicao-imprevisivel\/#primaryimage"},"thumbnailUrl":"https:\/\/llyc.global\/wp-content\/uploads\/2023\/10\/Brasil-estrategias-y-discursos-en-unas-elecciones-imprevisibles-1-2.png","datePublished":"2018-08-29T22:00:00+00:00","author":{"@id":"https:\/\/llyc.global\/pt-br\/#\/schema\/person\/8187160eba73b996b064cce622bd4541"},"breadcrumb":{"@id":"https:\/\/llyc.global\/pt-br\/ideas\/brasil-disputa-por-narrativas-em-uma-eleicao-imprevisivel\/#breadcrumb"},"inLanguage":"pt-BR","potentialAction":[{"@type":"ReadAction","target":["https:\/\/llyc.global\/pt-br\/ideas\/brasil-disputa-por-narrativas-em-uma-eleicao-imprevisivel\/"]}]},{"@type":"ImageObject","inLanguage":"pt-BR","@id":"https:\/\/llyc.global\/pt-br\/ideas\/brasil-disputa-por-narrativas-em-uma-eleicao-imprevisivel\/#primaryimage","url":"https:\/\/llyc.global\/wp-content\/uploads\/2023\/10\/Brasil-estrategias-y-discursos-en-unas-elecciones-imprevisibles-1-2.png","contentUrl":"https:\/\/llyc.global\/wp-content\/uploads\/2023\/10\/Brasil-estrategias-y-discursos-en-unas-elecciones-imprevisibles-1-2.png","width":730,"height":403},{"@type":"BreadcrumbList","@id":"https:\/\/llyc.global\/pt-br\/ideas\/brasil-disputa-por-narrativas-em-uma-eleicao-imprevisivel\/#breadcrumb","itemListElement":[{"@type":"ListItem","position":1,"name":"Home","item":"https:\/\/llyc.global\/pt-br\/"},{"@type":"ListItem","position":2,"name":"Brasil: disputa por narrativas em uma elei\u00e7\u00e3o imprevis\u00edvel"}]},{"@type":"WebSite","@id":"https:\/\/llyc.global\/pt-br\/#website","url":"https:\/\/llyc.global\/pt-br\/","name":"LLYC","description":"Consultoria de comunicaci\u00f3n marketing y asuntos p\u00fablicos","potentialAction":[{"@type":"SearchAction","target":{"@type":"EntryPoint","urlTemplate":"https:\/\/llyc.global\/pt-br\/?s={search_term_string}"},"query-input":{"@type":"PropertyValueSpecification","valueRequired":true,"valueName":"search_term_string"}}],"inLanguage":"pt-BR"},{"@type":"Person","@id":"https:\/\/llyc.global\/pt-br\/#\/schema\/person\/8187160eba73b996b064cce622bd4541","name":"maguilar","image":{"@type":"ImageObject","inLanguage":"pt-BR","@id":"https:\/\/llyc.global\/pt-br\/#\/schema\/person\/image\/","url":"https:\/\/secure.gravatar.com\/avatar\/2567cb4cb8cda24204d7f7cde2c10fbd?s=96&d=mm&r=g","contentUrl":"https:\/\/secure.gravatar.com\/avatar\/2567cb4cb8cda24204d7f7cde2c10fbd?s=96&d=mm&r=g","caption":"maguilar"}}]}},"_links":{"self":[{"href":"https:\/\/llyc.global\/pt-br\/wp-json\/wp\/v2\/posts\/59917","targetHints":{"allow":["GET"]}}],"collection":[{"href":"https:\/\/llyc.global\/pt-br\/wp-json\/wp\/v2\/posts"}],"about":[{"href":"https:\/\/llyc.global\/pt-br\/wp-json\/wp\/v2\/types\/post"}],"author":[{"embeddable":true,"href":"https:\/\/llyc.global\/pt-br\/wp-json\/wp\/v2\/users\/4"}],"replies":[{"embeddable":true,"href":"https:\/\/llyc.global\/pt-br\/wp-json\/wp\/v2\/comments?post=59917"}],"version-history":[{"count":0,"href":"https:\/\/llyc.global\/pt-br\/wp-json\/wp\/v2\/posts\/59917\/revisions"}],"wp:featuredmedia":[{"embeddable":true,"href":"https:\/\/llyc.global\/pt-br\/wp-json\/wp\/v2\/media\/59918"}],"wp:attachment":[{"href":"https:\/\/llyc.global\/pt-br\/wp-json\/wp\/v2\/media?parent=59917"}],"wp:term":[{"taxonomy":"category","embeddable":true,"href":"https:\/\/llyc.global\/pt-br\/wp-json\/wp\/v2\/categories?post=59917"}],"curies":[{"name":"wp","href":"https:\/\/api.w.org\/{rel}","templated":true}]}}