{"id":60146,"date":"2019-06-20T00:00:00","date_gmt":"2019-06-19T22:00:00","guid":{"rendered":"https:\/\/llyc.global\/2019\/06\/20\/as-marcas-e-as-causas-o-que-nos-ensina-a-copa-do-mundo-de-futebol-feminino\/"},"modified":"2019-06-20T00:00:00","modified_gmt":"2019-06-19T22:00:00","slug":"as-marcas-e-as-causas-o-que-nos-ensina-a-copa-do-mundo-de-futebol-feminino","status":"publish","type":"post","link":"https:\/\/llyc.global\/pt-br\/ideas\/as-marcas-e-as-causas-o-que-nos-ensina-a-copa-do-mundo-de-futebol-feminino\/","title":{"rendered":"As marcas e as causas: o que nos ensina a Copa do Mundo de Futebol feminino"},"content":{"rendered":"<p>[et_pb_section bb_built=&#8221;1&#8243; _builder_version=&#8221;3.0.47&#8243;][et_pb_row _builder_version=&#8221;3.0.47&#8243; background_size=&#8221;initial&#8221; background_position=&#8221;top_left&#8221; background_repeat=&#8221;repeat&#8221;][et_pb_column type=&#8221;4_4&#8243;][et_pb_text admin_label=&#8221;Introducci\u00f3n &#8221; _builder_version=&#8221;3.1.1&#8243;]<\/p>\n<p>Mais uma vez, os meses de junho e julho trazem emo\u00e7\u00e3o ao mundo da bola. Atletas e sele\u00e7\u00f5es entram em campo para disputar a <a href=\"https:\/\/www.fifa.com\/womensworldcup\/matches\/\" target=\"_blank\" rel=\"noopener noreferrer\"><strong>Copa do Mundo Feminina de Futebol<\/strong><\/a>, torneio que est\u00e1 sendo o mais representativo para as mulheres em toda a hist\u00f3ria da competi\u00e7\u00e3o.<\/p>\n<p>[\/et_pb_text][et_pb_text admin_label=&#8221;Girls Power&#8221; _builder_version=&#8221;3.1.1&#8243;]<\/p>\n<h1><em>Girl Power<\/em><\/h1>\n<p>[\/et_pb_text][et_pb_text admin_label=&#8221;Girls Power&#8221; _builder_version=&#8221;3.1.1&#8243;]<\/p>\n<p>A Copa vai destacar a import\u00e2ncia crescente do futebol feminino e tem tudo para quebrar todos os recordes. Em abril,<strong> a <a href=\"https:\/\/www.fifa.com\/womensworldcup\/\" target=\"_blank\" rel=\"noopener noreferrer\">Fifa<\/a> anunciou que tinham sido vendidos mais de 720 mil ingressos, um n\u00famero recorde para a categoria.<\/strong><\/p>\n<p>Uma das causas para o aumento do interesse do p\u00fablico e, principalmente, de mulheres por futebol \u00e9 o<strong> movimento feminista <\/strong>que tem ganhado cada vez mais espa\u00e7o em todas as esferas da sociedade, encorajando as mulheres a ocuparem lugares antes considerados, em grande maioria, masculinos.<\/p>\n<p>E este empoderamento no terreno de jogo \u2013 e fora dele &#8211; tem nas marcas e nas empresas um ve\u00edculo essencial. Mas, <strong>ser\u00e1 que as marcas est\u00e3o entrando mesmo no jogo (storydoing) ou simplesmente est\u00e3o se somando a uma oportunidade para posicionar mensagens (storytelling)?<\/strong><\/p>\n<p>[\/et_pb_text][et_pb_text admin_label=&#8221;O patroc\u00ednio como fator decisivo, mas s\u00f3 com isso n\u00e3o basta&#8221; _builder_version=&#8221;3.1.1&#8243;]<\/p>\n<h1>O patroc\u00ednio como fator decisivo, mas s\u00f3 com isso n\u00e3o basta<\/h1>\n<p>[\/et_pb_text][et_pb_text admin_label=&#8221;O patroc\u00ednio como fator decisivo, mas s\u00f3 com isso n\u00e3o basta&#8221; _builder_version=&#8221;3.1.1&#8243;]<\/p>\n<p>O futebol \u00e9 um exemplo claro de como a comunica\u00e7\u00e3o pode ser agente de transforma\u00e7\u00e3o no empoderamento feminino. <strong>O apoio de grandes empresas atrai visibilidade \u00e0 modalidade e cria espa\u00e7os de interesse para o p\u00fablico<\/strong>, consequentemente, atrai a aten\u00e7\u00e3o da m\u00eddia e desperta o interesse de outras marcas.<\/p>\n<p>O que atletas, torcedores, consumidores e, at\u00e9 mesmo, sociedade esperam das empresas? <strong>Engajamento.<\/strong> <a href=\"https:\/\/twitter.com\/adastolsmo?lang=es\" target=\"_blank\" rel=\"noopener noreferrer\">Ada Hegerberg<\/a>, estrela da sele\u00e7\u00e3o da Noruega se recusou a integrar o time da Copa do Mundo deste ano como forma de protesto: ela exige total igualdade de g\u00eaneros no futebol. Desde que anunciou pela primeira vez, em 2017, que boicotaria a Copa, Hegerberg viu a NFF (<a href=\"https:\/\/twitter.com\/NFF_info\" target=\"_blank\" rel=\"noopener noreferrer\">Federa\u00e7\u00e3o de Futebol Norueguesa<\/a>) prometer corrigir a disparidade nos sal\u00e1rios (que chega a 40%), mas a jogadora afirma que <strong>n\u00e3o \u00e9 apenas dinheiro, mas tamb\u00e9m sobre prepara\u00e7\u00e3o e profissionalismo.<\/strong><\/p>\n<p>[\/et_pb_text][et_pb_text admin_label=&#8221;Mais que ativismo, responsabilidade social&#8221; _builder_version=&#8221;3.1.1&#8243;]<\/p>\n<h1>Mais que ativismo, responsabilidade social<\/h1>\n<p>[\/et_pb_text][et_pb_text admin_label=&#8221;Mais que ativismo, responsabilidade social&#8221; _builder_version=&#8221;3.1.1&#8243;]<\/p>\n<p>Igualdade, diversidade, g\u00eanero, ra\u00e7a e meio ambiente est\u00e3o dominando a m\u00eddia e passam a ter um impacto em todas as partes dos neg\u00f3cios.<strong> Responsabilidade social e licen\u00e7a social para operar, vinculada estritamente com comprometimento.<\/strong><\/p>\n<p>Este \u00e9 um fator positivo para as marcas, pois o ativismo \u00e9, sem d\u00favida, uma excelente oportunidade de engajamento. E este \u00e9, sem d\u00favida, um territ\u00f3rio desconhecido para muitas empresas. Bem trabalhado, pode ser uma possibilidade para estabelecer rela\u00e7\u00f5es de longa dura\u00e7\u00e3o; <strong>mas apoiar uma causa apenas para fazer marketing e gerar buzz pode ser um tiro no p\u00e9<\/strong>. Ao assumir um posicionamento, a empresa deve ter em mente os riscos. Por isso,<strong> toda estrat\u00e9gia deve estar alinhada aos prop\u00f3sitos da companhia.<\/strong><\/p>\n<p>[\/et_pb_text][et_pb_text admin_label=&#8221;Estamos avan\u00e7ando&#8221; _builder_version=&#8221;3.1.1&#8243;]<\/p>\n<h1>Estamos avan\u00e7ando<\/h1>\n<p>[\/et_pb_text][et_pb_text admin_label=&#8221;Estamos avan\u00e7ando&#8221; _builder_version=&#8221;3.1.1&#8243;]<\/p>\n<p>Listamos algumas <strong>iniciativas pioneiras<\/strong> neste Mundial, que ratificam o novo olhar disruptivo de empresas de diferentes segmentos com um \u00fanico prop\u00f3sito: apoiar o empoderamento feminino com a\u00e7\u00f5es concretas:<\/p>\n<ul>\n<li><a href=\"https:\/\/twitter.com\/adidas?lang=es\" target=\"_blank\" rel=\"noopener noreferrer\">Adidas:<\/a> a marca comunicou que as atletas patrocinadas pela empresa alem\u00e3 que se sagrarem campe\u00e3s da Copa do Mundo de Futebol Feminino, <strong>receber\u00e3o a mesma premia\u00e7\u00e3o<\/strong> <strong>que receberam os atletas da sele\u00e7\u00e3o masculina<\/strong> na Copa do Mundo da R\u00fassia.<\/li>\n<li><a href=\"https:\/\/twitter.com\/Nike?lang=es\" target=\"_blank\" rel=\"noopener noreferrer\">Nike:<\/a> a marca fez um evento na Fran\u00e7a para exibir os <strong>novos uniformes<\/strong> dos 14 times patrocinados pela companhia e lan\u00e7ou recentemente o emocionante <u><a href=\"https:\/\/www.youtube.com\/watch?v=hOVkEHADCg4\" target=\"_blank\" rel=\"noopener noreferrer\">v\u00eddeo<\/a><\/u> \u201cDream Further\u201d, empoderando meninas no sonho de se tornarem estrelas do futebol.<\/li>\n<li><a href=\"https:\/\/www.guaranaantarctica.com.br\/\" target=\"_blank\" rel=\"noopener noreferrer\">Guaran\u00e1 Antarctica:<\/a> no Brasil, a famosa marca de refrigerante, que patrocina a sele\u00e7\u00e3o feminina h\u00e1 mais de 18 anos, convidou tr\u00eas atletas para um <strong>ensaio fotogr\u00e1fico<\/strong>. A ideia \u00e9 que essas imagens sejam negociadas com as marcas interessadas e que<strong> o valor arrecadado com a venda seja dividido entre as jogadoras<\/strong> e uma ONG, que conecta mulheres que querem jogar futebol.<\/li>\n<li><a href=\"https:\/\/twitter.com\/Visa\" target=\"_blank\" rel=\"noopener noreferrer\">VISA:<\/a> a operadora, que \u00e9 um dos apoiadores da Copa do Mundo Feminina de Futebol, lan\u00e7ou um <strong>comercial de TV<\/strong> recriando as hist\u00f3rias de jogadores da vida real e os momentos que mudaram suas vidas. A <u><a href=\"https:\/\/www.youtube.com\/watch?v=ovdevj9ZLmk\" target=\"_blank\" rel=\"noopener noreferrer\">campanha global<\/a><\/u> est\u00e1 sendo veiculada em 33 pa\u00edses.<\/li>\n<li>Twitter:<strong> durante todo o torneio, a equipe do Twitter vai identificar os melhores tweets<\/strong> das torcidas da Argentina, Austr\u00e1lia, Brasil, Canad\u00e1, Chile, Fran\u00e7a, Alemanha, Jap\u00e3o, M\u00e9xico, Espanha, Cor\u00e9ia do Sul, EUA e Reino Unido. Os tweets mais populares em v\u00e1rias categorias ser\u00e3o premiados com <a href=\"https:\/\/twitter.com\/search?q=%23GoldenTweet.&amp;src=typd\" target=\"_blank\" rel=\"noopener noreferrer\"><strong>#GoldenTweet.<\/strong><\/a><\/li>\n<\/ul>\n<p>[\/et_pb_text][et_pb_text admin_label=&#8221;Marcas como agentes de transforma\u00e7\u00e3o&#8221; _builder_version=&#8221;3.1.1&#8243;]<\/p>\n<h1>Marcas como agentes de transforma\u00e7\u00e3o<\/h1>\n<p>[\/et_pb_text][et_pb_text admin_label=&#8221;Marcas como agentes de transforma\u00e7\u00e3o&#8221; _builder_version=&#8221;3.1.1&#8243;]<\/p>\n<p><strong>A cada dia, fica mais claro que o discurso j\u00e1 n\u00e3o basta, as marcas precisam agir<\/strong>. Listamos boas pr\u00e1ticas para o ativismo de marca, a partir das li\u00e7\u00f5es que este Mundial Feminino nos apresenta.<\/p>\n<ul>\n<li>Identifica\u00e7\u00e3o: as marcas devem definir o seu prop\u00f3sito e, a partir dele, <strong>identificar quais as causas que podem ser fortalecidas com o seu apoio.<\/strong><\/li>\n<li>Colabora\u00e7\u00e3o: <strong>compreender uma proposta de participa\u00e7\u00e3o<\/strong> em que as duas partes possam evoluir sobre um tema, definindo pap\u00e9is e contribui\u00e7\u00f5es.<\/li>\n<li>Apoio cont\u00ednuo: uma marca que deseja abra\u00e7ar uma causa com legitimidade, deve se<strong> comprometer com o apoio cont\u00ednuo<\/strong> a iniciativas relacionadas ao tema.<\/li>\n<\/ul>\n<p>&nbsp;<\/p>\n<p>[\/et_pb_text][\/et_pb_column][\/et_pb_row][\/et_pb_section]<\/p>\n","protected":false},"excerpt":{"rendered":"<p>Mais uma vez, os meses de junho e julho trazem emo\u00e7\u00e3o ao mundo da bola. Atletas e sele\u00e7\u00f5es entram em campo para disputar a Copa do Mundo Feminina de Futebol, torneio que ser\u00e1 o mais representativo para as mulheres em toda a hist\u00f3ria da competi\u00e7\u00e3o.<\/p>\n","protected":false},"author":4,"featured_media":60147,"comment_status":"closed","ping_status":"closed","sticky":false,"template":"","format":"standard","meta":{"_acf_changed":false,"_et_pb_use_builder":"","_et_pb_old_content":"","_et_gb_content_width":"","footnotes":""},"categories":[87],"class_list":["post-60146","post","type-post","status-publish","format-standard","has-post-thumbnail","hentry","category-ideas"],"acf":[],"yoast_head":"<!-- This site is optimized with the Yoast SEO Premium plugin v24.7 (Yoast SEO v24.7) - https:\/\/yoast.com\/wordpress\/plugins\/seo\/ -->\n<title>As marcas e as causas: o que nos ensina a Copa do Mundo de Futebol feminino - LLYC<\/title>\n<meta name=\"robots\" content=\"index, follow, max-snippet:-1, max-image-preview:large, max-video-preview:-1\" \/>\n<link rel=\"canonical\" href=\"https:\/\/llyc.global\/pt-br\/ideas\/as-marcas-e-as-causas-o-que-nos-ensina-a-copa-do-mundo-de-futebol-feminino\/\" \/>\n<meta property=\"og:locale\" content=\"pt_BR\" \/>\n<meta property=\"og:type\" content=\"article\" \/>\n<meta property=\"og:title\" content=\"As marcas e as causas: o que nos ensina a Copa do Mundo de Futebol feminino\" \/>\n<meta property=\"og:description\" content=\"Mais uma vez, os meses de junho e julho trazem emo\u00e7\u00e3o ao mundo da bola. Atletas e sele\u00e7\u00f5es entram em campo para disputar a Copa do Mundo Feminina de Futebol, torneio que ser\u00e1 o mais representativo para as mulheres em toda a hist\u00f3ria da competi\u00e7\u00e3o.\" \/>\n<meta property=\"og:url\" content=\"https:\/\/llyc.global\/pt-br\/ideas\/as-marcas-e-as-causas-o-que-nos-ensina-a-copa-do-mundo-de-futebol-feminino\/\" \/>\n<meta property=\"og:site_name\" content=\"LLYC\" \/>\n<meta property=\"article:publisher\" content=\"https:\/\/www.facebook.com\/LLYC.Global\/\" \/>\n<meta property=\"article:published_time\" content=\"2019-06-19T22:00:00+00:00\" \/>\n<meta property=\"og:image\" content=\"https:\/\/llyc.global\/wp-content\/uploads\/2023\/10\/imagen_cuerpo_web-1-6.jpg\" \/>\n\t<meta property=\"og:image:width\" content=\"350\" \/>\n\t<meta property=\"og:image:height\" content=\"193\" \/>\n\t<meta property=\"og:image:type\" content=\"image\/jpeg\" \/>\n<meta name=\"author\" content=\"maguilar\" \/>\n<meta name=\"twitter:card\" content=\"summary_large_image\" \/>\n<meta name=\"twitter:creator\" content=\"@llorenteycuenca\" \/>\n<meta name=\"twitter:site\" content=\"@llorenteycuenca\" \/>\n<meta name=\"twitter:label1\" content=\"Written by\" \/>\n\t<meta name=\"twitter:data1\" content=\"maguilar\" \/>\n\t<meta name=\"twitter:label2\" content=\"Est. reading time\" \/>\n\t<meta name=\"twitter:data2\" content=\"5 minutos\" \/>\n<!-- \/ Yoast SEO Premium plugin. -->","yoast_head_json":{"title":"As marcas e as causas: o que nos ensina a Copa do Mundo de Futebol feminino - LLYC","robots":{"index":"index","follow":"follow","max-snippet":"max-snippet:-1","max-image-preview":"max-image-preview:large","max-video-preview":"max-video-preview:-1"},"canonical":"https:\/\/llyc.global\/pt-br\/ideas\/as-marcas-e-as-causas-o-que-nos-ensina-a-copa-do-mundo-de-futebol-feminino\/","og_locale":"pt_BR","og_type":"article","og_title":"As marcas e as causas: o que nos ensina a Copa do Mundo de Futebol feminino","og_description":"Mais uma vez, os meses de junho e julho trazem emo\u00e7\u00e3o ao mundo da bola. Atletas e sele\u00e7\u00f5es entram em campo para disputar a Copa do Mundo Feminina de Futebol, torneio que ser\u00e1 o mais representativo para as mulheres em toda a hist\u00f3ria da competi\u00e7\u00e3o.","og_url":"https:\/\/llyc.global\/pt-br\/ideas\/as-marcas-e-as-causas-o-que-nos-ensina-a-copa-do-mundo-de-futebol-feminino\/","og_site_name":"LLYC","article_publisher":"https:\/\/www.facebook.com\/LLYC.Global\/","article_published_time":"2019-06-19T22:00:00+00:00","og_image":[{"width":350,"height":193,"url":"https:\/\/llyc.global\/wp-content\/uploads\/2023\/10\/imagen_cuerpo_web-1-6.jpg","type":"image\/jpeg"}],"author":"maguilar","twitter_card":"summary_large_image","twitter_creator":"@llorenteycuenca","twitter_site":"@llorenteycuenca","twitter_misc":{"Written by":"maguilar","Est. reading time":"5 minutos"},"schema":{"@context":"https:\/\/schema.org","@graph":[{"@type":"WebPage","@id":"https:\/\/llyc.global\/pt-br\/ideas\/as-marcas-e-as-causas-o-que-nos-ensina-a-copa-do-mundo-de-futebol-feminino\/","url":"https:\/\/llyc.global\/pt-br\/ideas\/as-marcas-e-as-causas-o-que-nos-ensina-a-copa-do-mundo-de-futebol-feminino\/","name":"As marcas e as causas: o que nos ensina a Copa do Mundo de Futebol feminino - LLYC","isPartOf":{"@id":"https:\/\/llyc.global\/pt-br\/#website"},"primaryImageOfPage":{"@id":"https:\/\/llyc.global\/pt-br\/ideas\/as-marcas-e-as-causas-o-que-nos-ensina-a-copa-do-mundo-de-futebol-feminino\/#primaryimage"},"image":{"@id":"https:\/\/llyc.global\/pt-br\/ideas\/as-marcas-e-as-causas-o-que-nos-ensina-a-copa-do-mundo-de-futebol-feminino\/#primaryimage"},"thumbnailUrl":"https:\/\/llyc.global\/wp-content\/uploads\/2023\/10\/imagen_cuerpo_web-1-6.jpg","datePublished":"2019-06-19T22:00:00+00:00","author":{"@id":"https:\/\/llyc.global\/pt-br\/#\/schema\/person\/8187160eba73b996b064cce622bd4541"},"breadcrumb":{"@id":"https:\/\/llyc.global\/pt-br\/ideas\/as-marcas-e-as-causas-o-que-nos-ensina-a-copa-do-mundo-de-futebol-feminino\/#breadcrumb"},"inLanguage":"pt-BR","potentialAction":[{"@type":"ReadAction","target":["https:\/\/llyc.global\/pt-br\/ideas\/as-marcas-e-as-causas-o-que-nos-ensina-a-copa-do-mundo-de-futebol-feminino\/"]}]},{"@type":"ImageObject","inLanguage":"pt-BR","@id":"https:\/\/llyc.global\/pt-br\/ideas\/as-marcas-e-as-causas-o-que-nos-ensina-a-copa-do-mundo-de-futebol-feminino\/#primaryimage","url":"https:\/\/llyc.global\/wp-content\/uploads\/2023\/10\/imagen_cuerpo_web-1-6.jpg","contentUrl":"https:\/\/llyc.global\/wp-content\/uploads\/2023\/10\/imagen_cuerpo_web-1-6.jpg","width":350,"height":193},{"@type":"BreadcrumbList","@id":"https:\/\/llyc.global\/pt-br\/ideas\/as-marcas-e-as-causas-o-que-nos-ensina-a-copa-do-mundo-de-futebol-feminino\/#breadcrumb","itemListElement":[{"@type":"ListItem","position":1,"name":"Home","item":"https:\/\/llyc.global\/pt-br\/"},{"@type":"ListItem","position":2,"name":"As marcas e as causas: o que nos ensina a Copa do Mundo de Futebol feminino"}]},{"@type":"WebSite","@id":"https:\/\/llyc.global\/pt-br\/#website","url":"https:\/\/llyc.global\/pt-br\/","name":"LLYC","description":"Consultoria de comunicaci\u00f3n marketing y asuntos p\u00fablicos","potentialAction":[{"@type":"SearchAction","target":{"@type":"EntryPoint","urlTemplate":"https:\/\/llyc.global\/pt-br\/?s={search_term_string}"},"query-input":{"@type":"PropertyValueSpecification","valueRequired":true,"valueName":"search_term_string"}}],"inLanguage":"pt-BR"},{"@type":"Person","@id":"https:\/\/llyc.global\/pt-br\/#\/schema\/person\/8187160eba73b996b064cce622bd4541","name":"maguilar","image":{"@type":"ImageObject","inLanguage":"pt-BR","@id":"https:\/\/llyc.global\/pt-br\/#\/schema\/person\/image\/","url":"https:\/\/secure.gravatar.com\/avatar\/2567cb4cb8cda24204d7f7cde2c10fbd?s=96&d=mm&r=g","contentUrl":"https:\/\/secure.gravatar.com\/avatar\/2567cb4cb8cda24204d7f7cde2c10fbd?s=96&d=mm&r=g","caption":"maguilar"}}]}},"_links":{"self":[{"href":"https:\/\/llyc.global\/pt-br\/wp-json\/wp\/v2\/posts\/60146","targetHints":{"allow":["GET"]}}],"collection":[{"href":"https:\/\/llyc.global\/pt-br\/wp-json\/wp\/v2\/posts"}],"about":[{"href":"https:\/\/llyc.global\/pt-br\/wp-json\/wp\/v2\/types\/post"}],"author":[{"embeddable":true,"href":"https:\/\/llyc.global\/pt-br\/wp-json\/wp\/v2\/users\/4"}],"replies":[{"embeddable":true,"href":"https:\/\/llyc.global\/pt-br\/wp-json\/wp\/v2\/comments?post=60146"}],"version-history":[{"count":0,"href":"https:\/\/llyc.global\/pt-br\/wp-json\/wp\/v2\/posts\/60146\/revisions"}],"wp:featuredmedia":[{"embeddable":true,"href":"https:\/\/llyc.global\/pt-br\/wp-json\/wp\/v2\/media\/60147"}],"wp:attachment":[{"href":"https:\/\/llyc.global\/pt-br\/wp-json\/wp\/v2\/media?parent=60146"}],"wp:term":[{"taxonomy":"category","embeddable":true,"href":"https:\/\/llyc.global\/pt-br\/wp-json\/wp\/v2\/categories?post=60146"}],"curies":[{"name":"wp","href":"https:\/\/api.w.org\/{rel}","templated":true}]}}