{"id":60869,"date":"2022-08-17T00:00:00","date_gmt":"2022-08-16T22:00:00","guid":{"rendered":"https:\/\/llyc.global\/2022\/08\/18\/caminho-para-as-eleicoes-presidenciais-2022-analise-dos-planos-e-propostas-dos-candidatos\/"},"modified":"2025-02-14T11:06:48","modified_gmt":"2025-02-14T10:06:48","slug":"caminho-para-as-eleicoes-presidenciais-2022-analise-dos-planos-e-propostas-dos-candidatos","status":"publish","type":"post","link":"https:\/\/llyc.global\/pt-br\/ideas\/caminho-para-as-eleicoes-presidenciais-2022-analise-dos-planos-e-propostas-dos-candidatos\/","title":{"rendered":"CAMINHO PARA AS ELEI\u00c7\u00d5ES PRESIDENCIAIS 2022: AN\u00c1LISE DOS PLANOS E PROPOSTAS DOS CANDIDATOS"},"content":{"rendered":"<p>[et_pb_section bb_built=&#8221;1&#8243; inner_width=&#8221;auto&#8221; inner_max_width=&#8221;none&#8221;][et_pb_row][et_pb_column type=&#8221;4_4&#8243; custom_padding__hover=&#8221;|||&#8221; custom_padding=&#8221;|||&#8221;][et_pb_text _builder_version=&#8221;4.4.8&#8243; text_text_shadow_horizontal_length=&#8221;text_text_shadow_style,%91object Object%93&#8243; text_text_shadow_horizontal_length_tablet=&#8221;0px&#8221; text_text_shadow_vertical_length=&#8221;text_text_shadow_style,%91object Object%93&#8243; text_text_shadow_vertical_length_tablet=&#8221;0px&#8221; text_text_shadow_blur_strength=&#8221;text_text_shadow_style,%91object Object%93&#8243; text_text_shadow_blur_strength_tablet=&#8221;1px&#8221; link_text_shadow_horizontal_length=&#8221;link_text_shadow_style,%91object Object%93&#8243; link_text_shadow_horizontal_length_tablet=&#8221;0px&#8221; link_text_shadow_vertical_length=&#8221;link_text_shadow_style,%91object Object%93&#8243; link_text_shadow_vertical_length_tablet=&#8221;0px&#8221; link_text_shadow_blur_strength=&#8221;link_text_shadow_style,%91object Object%93&#8243; link_text_shadow_blur_strength_tablet=&#8221;1px&#8221; ul_text_shadow_horizontal_length=&#8221;ul_text_shadow_style,%91object Object%93&#8243; ul_text_shadow_horizontal_length_tablet=&#8221;0px&#8221; ul_text_shadow_vertical_length=&#8221;ul_text_shadow_style,%91object Object%93&#8243; ul_text_shadow_vertical_length_tablet=&#8221;0px&#8221; ul_text_shadow_blur_strength=&#8221;ul_text_shadow_style,%91object Object%93&#8243; ul_text_shadow_blur_strength_tablet=&#8221;1px&#8221; ol_text_shadow_horizontal_length=&#8221;ol_text_shadow_style,%91object Object%93&#8243; ol_text_shadow_horizontal_length_tablet=&#8221;0px&#8221; ol_text_shadow_vertical_length=&#8221;ol_text_shadow_style,%91object Object%93&#8243; ol_text_shadow_vertical_length_tablet=&#8221;0px&#8221; ol_text_shadow_blur_strength=&#8221;ol_text_shadow_style,%91object Object%93&#8243; ol_text_shadow_blur_strength_tablet=&#8221;1px&#8221; quote_text_shadow_horizontal_length=&#8221;quote_text_shadow_style,%91object Object%93&#8243; quote_text_shadow_horizontal_length_tablet=&#8221;0px&#8221; quote_text_shadow_vertical_length=&#8221;quote_text_shadow_style,%91object Object%93&#8243; quote_text_shadow_vertical_length_tablet=&#8221;0px&#8221; quote_text_shadow_blur_strength=&#8221;quote_text_shadow_style,%91object Object%93&#8243; quote_text_shadow_blur_strength_tablet=&#8221;1px&#8221; header_text_shadow_horizontal_length=&#8221;header_text_shadow_style,%91object Object%93&#8243; header_text_shadow_horizontal_length_tablet=&#8221;0px&#8221; header_text_shadow_vertical_length=&#8221;header_text_shadow_style,%91object Object%93&#8243; header_text_shadow_vertical_length_tablet=&#8221;0px&#8221; header_text_shadow_blur_strength=&#8221;header_text_shadow_style,%91object Object%93&#8243; header_text_shadow_blur_strength_tablet=&#8221;1px&#8221; header_2_text_shadow_horizontal_length=&#8221;header_2_text_shadow_style,%91object Object%93&#8243; header_2_text_shadow_horizontal_length_tablet=&#8221;0px&#8221; header_2_text_shadow_vertical_length=&#8221;header_2_text_shadow_style,%91object Object%93&#8243; header_2_text_shadow_vertical_length_tablet=&#8221;0px&#8221; header_2_text_shadow_blur_strength=&#8221;header_2_text_shadow_style,%91object Object%93&#8243; header_2_text_shadow_blur_strength_tablet=&#8221;1px&#8221; header_3_text_shadow_horizontal_length=&#8221;header_3_text_shadow_style,%91object Object%93&#8243; header_3_text_shadow_horizontal_length_tablet=&#8221;0px&#8221; header_3_text_shadow_vertical_length=&#8221;header_3_text_shadow_style,%91object Object%93&#8243; header_3_text_shadow_vertical_length_tablet=&#8221;0px&#8221; header_3_text_shadow_blur_strength=&#8221;header_3_text_shadow_style,%91object Object%93&#8243; header_3_text_shadow_blur_strength_tablet=&#8221;1px&#8221; header_4_text_shadow_horizontal_length=&#8221;header_4_text_shadow_style,%91object Object%93&#8243; header_4_text_shadow_horizontal_length_tablet=&#8221;0px&#8221; header_4_text_shadow_vertical_length=&#8221;header_4_text_shadow_style,%91object Object%93&#8243; header_4_text_shadow_vertical_length_tablet=&#8221;0px&#8221; header_4_text_shadow_blur_strength=&#8221;header_4_text_shadow_style,%91object Object%93&#8243; header_4_text_shadow_blur_strength_tablet=&#8221;1px&#8221; header_5_text_shadow_horizontal_length=&#8221;header_5_text_shadow_style,%91object Object%93&#8243; header_5_text_shadow_horizontal_length_tablet=&#8221;0px&#8221; header_5_text_shadow_vertical_length=&#8221;header_5_text_shadow_style,%91object Object%93&#8243; header_5_text_shadow_vertical_length_tablet=&#8221;0px&#8221; header_5_text_shadow_blur_strength=&#8221;header_5_text_shadow_style,%91object Object%93&#8243; header_5_text_shadow_blur_strength_tablet=&#8221;1px&#8221; header_6_text_shadow_horizontal_length=&#8221;header_6_text_shadow_style,%91object Object%93&#8243; header_6_text_shadow_horizontal_length_tablet=&#8221;0px&#8221; header_6_text_shadow_vertical_length=&#8221;header_6_text_shadow_style,%91object Object%93&#8243; header_6_text_shadow_vertical_length_tablet=&#8221;0px&#8221; header_6_text_shadow_blur_strength=&#8221;header_6_text_shadow_style,%91object Object%93&#8243; header_6_text_shadow_blur_strength_tablet=&#8221;1px&#8221; box_shadow_horizontal_tablet=&#8221;0px&#8221; box_shadow_vertical_tablet=&#8221;0px&#8221; box_shadow_blur_tablet=&#8221;40px&#8221; box_shadow_spread_tablet=&#8221;0px&#8221; vertical_offset_tablet=&#8221;0&#8243; horizontal_offset_tablet=&#8221;0&#8243; z_index_tablet=&#8221;0&#8243;]<\/p>\n<p>Estamos a aproximadamente 2 meses das Elei\u00e7\u00f5es no Brasil, que ir\u00e3o determinar o Chefe de Estado pelos pr\u00f3ximos 4 anos, al\u00e9m dos Governadores dos 26 Estados da Federa\u00e7\u00e3o e do Distrito Federal. Importante salientar, ainda, que todos os assentos da C\u00e2mara dos Deputados est\u00e3o em jogo, al\u00e9m de 1\/3 das vagas para o Senado, em importante disputa que indicar\u00e1 os caminhos da Governabilidade do pr\u00f3ximo presidente a partir de 2023.<\/p>\n<p>Em um cen\u00e1rio de incertezas, teremos importantes pontos a serem debatidos e discutidos pelos presidenci\u00e1veis nos pr\u00f3ximos meses, quest\u00f5es como efeitos sociais e econ\u00f4micos da Pandemia, Infla\u00e7\u00e3o, alta dos pre\u00e7os dos Combust\u00edveis e da Energia El\u00e9trica, quest\u00f5es ambientais de defesa da Amaz\u00f4nia, valoriza\u00e7\u00e3o do funcionalismo p\u00fablico, aux\u00edlio econ\u00f4mico para os caminhoneiros, privatiza\u00e7\u00f5es, e eventuais CPIs, prometem apimentar o j\u00e1 acalorado cen\u00e1rio pol\u00edtico desenhado desde a elei\u00e7\u00e3o do atual presidente, Jair Messias Bolsonaro, em 2018, e da anula\u00e7\u00e3o do julgamento do Ex-Presidente Lula.<\/p>\n<p>Os dois principais candidatos (Lula e Bolsonaro) ter\u00e3o a importante tarefa de diminuir sua rejei\u00e7\u00e3o perante o eleitorado brasileiro, some-se a isto o fato de que a t\u00e3o falada Terceira Via n\u00e3o parece decolar, em especial diante da falta de consenso em um nome \u00fanico para se opor \u00e0queles, nos parecendo certo, portanto, que o dia 02 de outubro de 2022 dever\u00e1 ratificar um eventual 2\u00ba turno entre Lula e Bolsonaro.<\/p>\n<p>As d\u00favidas trazidas pelo atual momento pol\u00edtico, social e econ\u00f4mico do pa\u00eds, assim como a contempor\u00e2nea divis\u00e3o da sociedade brasileira, torna importante tra\u00e7ar uma an\u00e1lise acerca dos pontos mais relevantes para o povo e para o consequente desenvolvimento do pa\u00eds nos pr\u00f3ximos anos.<\/p>\n<p>Assim, nas pr\u00f3ximas p\u00e1ginas, faremos uma breve an\u00e1lise das Elei\u00e7\u00f5es Presidenciais de 2022, dividindo o exame da quest\u00e3o em 8 principais pontos tem\u00e1ticos (Economia e Emprego, Sa\u00fade, Educa\u00e7\u00e3o, Pol\u00edtica, MeioAmbiente, Social, Pol\u00edtica Exterior e Seguran\u00e7a P\u00fablica), de forma a tentar trazer um pouco de luz \u00e0 quest\u00e3o, e diminuir a gangorra de incertezas que a pol\u00edtica brasileira costuma causar, sendo certo que, o pr\u00f3ximo Presidente ir\u00e1 assumir um pa\u00eds com alto desemprego e uma economia estagnada diante da infla\u00e7\u00e3o, uma sa\u00fade sobrecarregada e ainda sofrendo os efeitos da Pandemia da Covid19, descreditado internacionalmente pelas quest\u00f5es envolvendo a defesa do MeioAmbiente e os direitos das minorias, em um ambiente pol\u00edtico de total ebuli\u00e7\u00e3o pela divis\u00e3o social.<\/p>\n","protected":false},"excerpt":{"rendered":"<p>[et_pb_section bb_built=&#8221;1&#8243; inner_width=&#8221;auto&#8221; inner_max_width=&#8221;none&#8221;][et_pb_row][et_pb_column type=&#8221;4_4&#8243; custom_padding__hover=&#8221;|||&#8221; custom_padding=&#8221;|||&#8221;][et_pb_text _builder_version=&#8221;4.4.8&#8243; text_text_shadow_horizontal_length=&#8221;text_text_shadow_style,%91object Object%93&#8243; text_text_shadow_horizontal_length_tablet=&#8221;0px&#8221; text_text_shadow_vertical_length=&#8221;text_text_shadow_style,%91object Object%93&#8243; text_text_shadow_vertical_length_tablet=&#8221;0px&#8221; text_text_shadow_blur_strength=&#8221;text_text_shadow_style,%91object Object%93&#8243; text_text_shadow_blur_strength_tablet=&#8221;1px&#8221; link_text_shadow_horizontal_length=&#8221;link_text_shadow_style,%91object Object%93&#8243; link_text_shadow_horizontal_length_tablet=&#8221;0px&#8221; link_text_shadow_vertical_length=&#8221;link_text_shadow_style,%91object Object%93&#8243; link_text_shadow_vertical_length_tablet=&#8221;0px&#8221; link_text_shadow_blur_strength=&#8221;link_text_shadow_style,%91object Object%93&#8243; link_text_shadow_blur_strength_tablet=&#8221;1px&#8221; ul_text_shadow_horizontal_length=&#8221;ul_text_shadow_style,%91object Object%93&#8243; ul_text_shadow_horizontal_length_tablet=&#8221;0px&#8221; ul_text_shadow_vertical_length=&#8221;ul_text_shadow_style,%91object Object%93&#8243; ul_text_shadow_vertical_length_tablet=&#8221;0px&#8221; ul_text_shadow_blur_strength=&#8221;ul_text_shadow_style,%91object Object%93&#8243; ul_text_shadow_blur_strength_tablet=&#8221;1px&#8221; ol_text_shadow_horizontal_length=&#8221;ol_text_shadow_style,%91object Object%93&#8243; ol_text_shadow_horizontal_length_tablet=&#8221;0px&#8221; ol_text_shadow_vertical_length=&#8221;ol_text_shadow_style,%91object Object%93&#8243; ol_text_shadow_vertical_length_tablet=&#8221;0px&#8221; ol_text_shadow_blur_strength=&#8221;ol_text_shadow_style,%91object Object%93&#8243; ol_text_shadow_blur_strength_tablet=&#8221;1px&#8221; quote_text_shadow_horizontal_length=&#8221;quote_text_shadow_style,%91object Object%93&#8243; quote_text_shadow_horizontal_length_tablet=&#8221;0px&#8221; quote_text_shadow_vertical_length=&#8221;quote_text_shadow_style,%91object Object%93&#8243; quote_text_shadow_vertical_length_tablet=&#8221;0px&#8221; quote_text_shadow_blur_strength=&#8221;quote_text_shadow_style,%91object Object%93&#8243; quote_text_shadow_blur_strength_tablet=&#8221;1px&#8221; header_text_shadow_horizontal_length=&#8221;header_text_shadow_style,%91object Object%93&#8243; [&hellip;]<\/p>\n","protected":false},"author":4,"featured_media":60871,"comment_status":"closed","ping_status":"closed","sticky":false,"template":"","format":"standard","meta":{"_acf_changed":false,"_et_pb_use_builder":"","_et_pb_old_content":"","_et_gb_content_width":"","footnotes":""},"categories":[87],"class_list":["post-60869","post","type-post","status-publish","format-standard","has-post-thumbnail","hentry","category-ideas"],"acf":[],"yoast_head":"<!-- This site is optimized with the Yoast SEO Premium plugin v24.7 (Yoast SEO v24.7) - https:\/\/yoast.com\/wordpress\/plugins\/seo\/ -->\n<title>CAMINHO PARA AS ELEI\u00c7\u00d5ES PRESIDENCIAIS 2022: AN\u00c1LISE DOS PLANOS E PROPOSTAS DOS CANDIDATOS - LLYC<\/title>\n<meta name=\"robots\" content=\"index, follow, max-snippet:-1, max-image-preview:large, max-video-preview:-1\" \/>\n<link rel=\"canonical\" href=\"https:\/\/llyc.global\/pt-br\/ideas\/caminho-para-as-eleicoes-presidenciais-2022-analise-dos-planos-e-propostas-dos-candidatos\/\" \/>\n<meta property=\"og:locale\" content=\"pt_BR\" \/>\n<meta property=\"og:type\" content=\"article\" \/>\n<meta property=\"og:title\" content=\"CAMINHO PARA AS ELEI\u00c7\u00d5ES PRESIDENCIAIS 2022: AN\u00c1LISE DOS PLANOS E PROPOSTAS DOS CANDIDATOS\" \/>\n<meta property=\"og:description\" content=\"[et_pb_section bb_built=&#8221;1&#8243; inner_width=&#8221;auto&#8221; inner_max_width=&#8221;none&#8221;][et_pb_row][et_pb_column type=&#8221;4_4&#8243; custom_padding__hover=&#8221;|||&#8221; custom_padding=&#8221;|||&#8221;][et_pb_text _builder_version=&#8221;4.4.8&#8243; text_text_shadow_horizontal_length=&#8221;text_text_shadow_style,%91object Object%93&#8243; text_text_shadow_horizontal_length_tablet=&#8221;0px&#8221; text_text_shadow_vertical_length=&#8221;text_text_shadow_style,%91object Object%93&#8243; text_text_shadow_vertical_length_tablet=&#8221;0px&#8221; text_text_shadow_blur_strength=&#8221;text_text_shadow_style,%91object Object%93&#8243; text_text_shadow_blur_strength_tablet=&#8221;1px&#8221; link_text_shadow_horizontal_length=&#8221;link_text_shadow_style,%91object Object%93&#8243; link_text_shadow_horizontal_length_tablet=&#8221;0px&#8221; link_text_shadow_vertical_length=&#8221;link_text_shadow_style,%91object Object%93&#8243; link_text_shadow_vertical_length_tablet=&#8221;0px&#8221; link_text_shadow_blur_strength=&#8221;link_text_shadow_style,%91object Object%93&#8243; link_text_shadow_blur_strength_tablet=&#8221;1px&#8221; ul_text_shadow_horizontal_length=&#8221;ul_text_shadow_style,%91object Object%93&#8243; ul_text_shadow_horizontal_length_tablet=&#8221;0px&#8221; ul_text_shadow_vertical_length=&#8221;ul_text_shadow_style,%91object Object%93&#8243; ul_text_shadow_vertical_length_tablet=&#8221;0px&#8221; ul_text_shadow_blur_strength=&#8221;ul_text_shadow_style,%91object Object%93&#8243; ul_text_shadow_blur_strength_tablet=&#8221;1px&#8221; ol_text_shadow_horizontal_length=&#8221;ol_text_shadow_style,%91object Object%93&#8243; ol_text_shadow_horizontal_length_tablet=&#8221;0px&#8221; ol_text_shadow_vertical_length=&#8221;ol_text_shadow_style,%91object Object%93&#8243; ol_text_shadow_vertical_length_tablet=&#8221;0px&#8221; ol_text_shadow_blur_strength=&#8221;ol_text_shadow_style,%91object Object%93&#8243; ol_text_shadow_blur_strength_tablet=&#8221;1px&#8221; quote_text_shadow_horizontal_length=&#8221;quote_text_shadow_style,%91object Object%93&#8243; quote_text_shadow_horizontal_length_tablet=&#8221;0px&#8221; quote_text_shadow_vertical_length=&#8221;quote_text_shadow_style,%91object Object%93&#8243; quote_text_shadow_vertical_length_tablet=&#8221;0px&#8221; quote_text_shadow_blur_strength=&#8221;quote_text_shadow_style,%91object Object%93&#8243; quote_text_shadow_blur_strength_tablet=&#8221;1px&#8221; header_text_shadow_horizontal_length=&#8221;header_text_shadow_style,%91object Object%93&#8243; [&hellip;]\" \/>\n<meta property=\"og:url\" content=\"https:\/\/llyc.global\/pt-br\/ideas\/caminho-para-as-eleicoes-presidenciais-2022-analise-dos-planos-e-propostas-dos-candidatos\/\" \/>\n<meta property=\"og:site_name\" content=\"LLYC\" \/>\n<meta property=\"article:publisher\" content=\"https:\/\/www.facebook.com\/LLYC.Global\/\" \/>\n<meta property=\"article:published_time\" content=\"2022-08-16T22:00:00+00:00\" \/>\n<meta property=\"article:modified_time\" content=\"2025-02-14T10:06:48+00:00\" \/>\n<meta property=\"og:image\" content=\"https:\/\/llyc.global\/wp-content\/uploads\/2023\/10\/WEB-1-7-1.png\" \/>\n\t<meta property=\"og:image:width\" content=\"387\" \/>\n\t<meta property=\"og:image:height\" content=\"215\" \/>\n\t<meta property=\"og:image:type\" content=\"image\/png\" \/>\n<meta name=\"author\" content=\"maguilar\" \/>\n<meta name=\"twitter:card\" content=\"summary_large_image\" \/>\n<meta name=\"twitter:creator\" content=\"@llorenteycuenca\" \/>\n<meta name=\"twitter:site\" content=\"@llorenteycuenca\" \/>\n<meta name=\"twitter:label1\" content=\"Written by\" \/>\n\t<meta name=\"twitter:data1\" content=\"maguilar\" \/>\n\t<meta name=\"twitter:label2\" content=\"Est. reading time\" \/>\n\t<meta name=\"twitter:data2\" content=\"3 minutos\" \/>\n<!-- \/ Yoast SEO Premium plugin. -->","yoast_head_json":{"title":"CAMINHO PARA AS ELEI\u00c7\u00d5ES PRESIDENCIAIS 2022: AN\u00c1LISE DOS PLANOS E PROPOSTAS DOS CANDIDATOS - LLYC","robots":{"index":"index","follow":"follow","max-snippet":"max-snippet:-1","max-image-preview":"max-image-preview:large","max-video-preview":"max-video-preview:-1"},"canonical":"https:\/\/llyc.global\/pt-br\/ideas\/caminho-para-as-eleicoes-presidenciais-2022-analise-dos-planos-e-propostas-dos-candidatos\/","og_locale":"pt_BR","og_type":"article","og_title":"CAMINHO PARA AS ELEI\u00c7\u00d5ES PRESIDENCIAIS 2022: AN\u00c1LISE DOS PLANOS E PROPOSTAS DOS CANDIDATOS","og_description":"[et_pb_section bb_built=&#8221;1&#8243; inner_width=&#8221;auto&#8221; inner_max_width=&#8221;none&#8221;][et_pb_row][et_pb_column type=&#8221;4_4&#8243; custom_padding__hover=&#8221;|||&#8221; custom_padding=&#8221;|||&#8221;][et_pb_text _builder_version=&#8221;4.4.8&#8243; text_text_shadow_horizontal_length=&#8221;text_text_shadow_style,%91object Object%93&#8243; text_text_shadow_horizontal_length_tablet=&#8221;0px&#8221; text_text_shadow_vertical_length=&#8221;text_text_shadow_style,%91object Object%93&#8243; text_text_shadow_vertical_length_tablet=&#8221;0px&#8221; text_text_shadow_blur_strength=&#8221;text_text_shadow_style,%91object Object%93&#8243; text_text_shadow_blur_strength_tablet=&#8221;1px&#8221; link_text_shadow_horizontal_length=&#8221;link_text_shadow_style,%91object Object%93&#8243; link_text_shadow_horizontal_length_tablet=&#8221;0px&#8221; link_text_shadow_vertical_length=&#8221;link_text_shadow_style,%91object Object%93&#8243; link_text_shadow_vertical_length_tablet=&#8221;0px&#8221; link_text_shadow_blur_strength=&#8221;link_text_shadow_style,%91object Object%93&#8243; link_text_shadow_blur_strength_tablet=&#8221;1px&#8221; ul_text_shadow_horizontal_length=&#8221;ul_text_shadow_style,%91object Object%93&#8243; ul_text_shadow_horizontal_length_tablet=&#8221;0px&#8221; ul_text_shadow_vertical_length=&#8221;ul_text_shadow_style,%91object Object%93&#8243; ul_text_shadow_vertical_length_tablet=&#8221;0px&#8221; ul_text_shadow_blur_strength=&#8221;ul_text_shadow_style,%91object Object%93&#8243; ul_text_shadow_blur_strength_tablet=&#8221;1px&#8221; ol_text_shadow_horizontal_length=&#8221;ol_text_shadow_style,%91object Object%93&#8243; ol_text_shadow_horizontal_length_tablet=&#8221;0px&#8221; ol_text_shadow_vertical_length=&#8221;ol_text_shadow_style,%91object Object%93&#8243; ol_text_shadow_vertical_length_tablet=&#8221;0px&#8221; ol_text_shadow_blur_strength=&#8221;ol_text_shadow_style,%91object Object%93&#8243; ol_text_shadow_blur_strength_tablet=&#8221;1px&#8221; quote_text_shadow_horizontal_length=&#8221;quote_text_shadow_style,%91object Object%93&#8243; quote_text_shadow_horizontal_length_tablet=&#8221;0px&#8221; quote_text_shadow_vertical_length=&#8221;quote_text_shadow_style,%91object Object%93&#8243; quote_text_shadow_vertical_length_tablet=&#8221;0px&#8221; quote_text_shadow_blur_strength=&#8221;quote_text_shadow_style,%91object Object%93&#8243; quote_text_shadow_blur_strength_tablet=&#8221;1px&#8221; header_text_shadow_horizontal_length=&#8221;header_text_shadow_style,%91object Object%93&#8243; [&hellip;]","og_url":"https:\/\/llyc.global\/pt-br\/ideas\/caminho-para-as-eleicoes-presidenciais-2022-analise-dos-planos-e-propostas-dos-candidatos\/","og_site_name":"LLYC","article_publisher":"https:\/\/www.facebook.com\/LLYC.Global\/","article_published_time":"2022-08-16T22:00:00+00:00","article_modified_time":"2025-02-14T10:06:48+00:00","og_image":[{"width":387,"height":215,"url":"https:\/\/llyc.global\/wp-content\/uploads\/2023\/10\/WEB-1-7-1.png","type":"image\/png"}],"author":"maguilar","twitter_card":"summary_large_image","twitter_creator":"@llorenteycuenca","twitter_site":"@llorenteycuenca","twitter_misc":{"Written by":"maguilar","Est. reading time":"3 minutos"},"schema":{"@context":"https:\/\/schema.org","@graph":[{"@type":"WebPage","@id":"https:\/\/llyc.global\/pt-br\/ideas\/caminho-para-as-eleicoes-presidenciais-2022-analise-dos-planos-e-propostas-dos-candidatos\/","url":"https:\/\/llyc.global\/pt-br\/ideas\/caminho-para-as-eleicoes-presidenciais-2022-analise-dos-planos-e-propostas-dos-candidatos\/","name":"CAMINHO PARA AS ELEI\u00c7\u00d5ES PRESIDENCIAIS 2022: AN\u00c1LISE DOS PLANOS E PROPOSTAS DOS CANDIDATOS - LLYC","isPartOf":{"@id":"https:\/\/llyc.global\/pt-br\/#website"},"primaryImageOfPage":{"@id":"https:\/\/llyc.global\/pt-br\/ideas\/caminho-para-as-eleicoes-presidenciais-2022-analise-dos-planos-e-propostas-dos-candidatos\/#primaryimage"},"image":{"@id":"https:\/\/llyc.global\/pt-br\/ideas\/caminho-para-as-eleicoes-presidenciais-2022-analise-dos-planos-e-propostas-dos-candidatos\/#primaryimage"},"thumbnailUrl":"https:\/\/llyc.global\/wp-content\/uploads\/2023\/10\/WEB-1-7-1.png","datePublished":"2022-08-16T22:00:00+00:00","dateModified":"2025-02-14T10:06:48+00:00","author":{"@id":"https:\/\/llyc.global\/pt-br\/#\/schema\/person\/8187160eba73b996b064cce622bd4541"},"breadcrumb":{"@id":"https:\/\/llyc.global\/pt-br\/ideas\/caminho-para-as-eleicoes-presidenciais-2022-analise-dos-planos-e-propostas-dos-candidatos\/#breadcrumb"},"inLanguage":"pt-BR","potentialAction":[{"@type":"ReadAction","target":["https:\/\/llyc.global\/pt-br\/ideas\/caminho-para-as-eleicoes-presidenciais-2022-analise-dos-planos-e-propostas-dos-candidatos\/"]}]},{"@type":"ImageObject","inLanguage":"pt-BR","@id":"https:\/\/llyc.global\/pt-br\/ideas\/caminho-para-as-eleicoes-presidenciais-2022-analise-dos-planos-e-propostas-dos-candidatos\/#primaryimage","url":"https:\/\/llyc.global\/wp-content\/uploads\/2023\/10\/WEB-1-7-1.png","contentUrl":"https:\/\/llyc.global\/wp-content\/uploads\/2023\/10\/WEB-1-7-1.png","width":387,"height":215},{"@type":"BreadcrumbList","@id":"https:\/\/llyc.global\/pt-br\/ideas\/caminho-para-as-eleicoes-presidenciais-2022-analise-dos-planos-e-propostas-dos-candidatos\/#breadcrumb","itemListElement":[{"@type":"ListItem","position":1,"name":"Home","item":"https:\/\/llyc.global\/pt-br\/"},{"@type":"ListItem","position":2,"name":"CAMINHO PARA AS ELEI\u00c7\u00d5ES PRESIDENCIAIS 2022: AN\u00c1LISE DOS PLANOS E PROPOSTAS DOS CANDIDATOS"}]},{"@type":"WebSite","@id":"https:\/\/llyc.global\/pt-br\/#website","url":"https:\/\/llyc.global\/pt-br\/","name":"LLYC","description":"Consultoria de comunicaci\u00f3n marketing y asuntos p\u00fablicos","potentialAction":[{"@type":"SearchAction","target":{"@type":"EntryPoint","urlTemplate":"https:\/\/llyc.global\/pt-br\/?s={search_term_string}"},"query-input":{"@type":"PropertyValueSpecification","valueRequired":true,"valueName":"search_term_string"}}],"inLanguage":"pt-BR"},{"@type":"Person","@id":"https:\/\/llyc.global\/pt-br\/#\/schema\/person\/8187160eba73b996b064cce622bd4541","name":"maguilar","image":{"@type":"ImageObject","inLanguage":"pt-BR","@id":"https:\/\/llyc.global\/pt-br\/#\/schema\/person\/image\/","url":"https:\/\/secure.gravatar.com\/avatar\/2567cb4cb8cda24204d7f7cde2c10fbd?s=96&d=mm&r=g","contentUrl":"https:\/\/secure.gravatar.com\/avatar\/2567cb4cb8cda24204d7f7cde2c10fbd?s=96&d=mm&r=g","caption":"maguilar"}}]}},"_links":{"self":[{"href":"https:\/\/llyc.global\/pt-br\/wp-json\/wp\/v2\/posts\/60869","targetHints":{"allow":["GET"]}}],"collection":[{"href":"https:\/\/llyc.global\/pt-br\/wp-json\/wp\/v2\/posts"}],"about":[{"href":"https:\/\/llyc.global\/pt-br\/wp-json\/wp\/v2\/types\/post"}],"author":[{"embeddable":true,"href":"https:\/\/llyc.global\/pt-br\/wp-json\/wp\/v2\/users\/4"}],"replies":[{"embeddable":true,"href":"https:\/\/llyc.global\/pt-br\/wp-json\/wp\/v2\/comments?post=60869"}],"version-history":[{"count":2,"href":"https:\/\/llyc.global\/pt-br\/wp-json\/wp\/v2\/posts\/60869\/revisions"}],"predecessor-version":[{"id":179726,"href":"https:\/\/llyc.global\/pt-br\/wp-json\/wp\/v2\/posts\/60869\/revisions\/179726"}],"wp:featuredmedia":[{"embeddable":true,"href":"https:\/\/llyc.global\/pt-br\/wp-json\/wp\/v2\/media\/60871"}],"wp:attachment":[{"href":"https:\/\/llyc.global\/pt-br\/wp-json\/wp\/v2\/media?parent=60869"}],"wp:term":[{"taxonomy":"category","embeddable":true,"href":"https:\/\/llyc.global\/pt-br\/wp-json\/wp\/v2\/categories?post=60869"}],"curies":[{"name":"wp","href":"https:\/\/api.w.org\/{rel}","templated":true}]}}