{"id":91175,"date":"2023-06-20T00:00:00","date_gmt":"2023-06-19T22:00:00","guid":{"rendered":"https:\/\/llyc.global\/2023\/06\/20\/las-5-claves-para-saber-si-tu-organizacion-esta-preparada-para-atravesar-una-crisis-reputacional\/"},"modified":"2024-12-30T16:43:47","modified_gmt":"2024-12-30T15:43:47","slug":"las-5-claves-para-saber-si-tu-organizacion-esta-preparada-para-atravesar-una-crisis-reputacional","status":"publish","type":"post","link":"https:\/\/llyc.global\/pt-br\/corporate-affairs\/tendencias\/las-5-claves-para-saber-si-tu-organizacion-esta-preparada-para-atravesar-una-crisis-reputacional\/","title":{"rendered":"As 5 chaves para saber se a sua organiza\u00e7\u00e3o est\u00e1 preparada para passar por uma crise de reputa\u00e7\u00e3o"},"content":{"rendered":"<p>[et_pb_section fb_built=&#8221;1&#8243; admin_label=&#8221;Sec\u00e7\u00e3o&#8221; _builder_version=&#8221;4.4.8&#8243; custom_padding=&#8221;0px|||||&#8221; collapsed=&#8221;off&#8221;][et_pb_row _builder_version=&#8221;4.4. 8&#8243; custom_padding=&#8221;31px|||||&#8221;][et_pb_column type=&#8221;4_4&#8243; _builder_version=&#8221;3.25&#8243; custom_padding=&#8221;||||&#8221; custom_padding__hover=&#8221;||||&#8221;][et_pb_text admin_label=&#8221;Texto&#8221; _builder_version=&#8221;4.4. 8&#8243; vertical_offset_tablet=&#8221;0&#8243; horizontal_offset_tablet=&#8221;0&#8243; z_index_tablet=&#8221;0&#8243; text_text_shadow_horizontal_shadow_horizontal_length_tablet=&#8221;0px&#8221; text_text_shadow_vertical_shadow_length_tablet=&#8221;0px&#8221; text_text_shadow_blur_strength_tablet=&#8221;1px&#8221; link_text_shadow_horizontal_length_tablet=&#8221;0px&#8221; link_text_shadow_vertical_length_tablet=&#8221;0px&#8221; link_text_shadow_blur_strength_tablet=&#8221;1px&#8221; ul_text_shadow_horizontal_length_tablet=&#8221;0px&#8221; ul_text_shadow_vertical_length_tablet=&#8221;0px&#8221; ul_text_shadow_vertical_length_tablet=&#8221;0px&#8221; ul_text_shadow_shadow_blur_strength_tablet=&#8221;1px&#8221; ol_text_shadow_horizontal_length_tablet=&#8221;0px&#8221; ol_text_shadow_vertical_length_tablet=&#8221;0px&#8221; ol_text_shadow_blur_strength_tablet=&#8221;1px&#8221; quote_text_shadow_horizontal_length_tablet=&#8221;0px&#8221; quote_text_shadow_shadow_vertical_length_tablet=&#8221;0px&#8221; quote_text_shadow_blur_strength_tablet=&#8221;1px&#8221; header_text_shadow_horizontal_length_tablet=&#8221;0px&#8221; header_text_shadow_vertical_length_tablet=&#8221;0px&#8221; header_text_shadow_blur_strength_tablet=&#8221;1px&#8221; header_2_text_shadow_shadow_horizontal_length_tablet=&#8221;0px&#8221; header_2_text_shadow_vertical_length_tablet=&#8221;0px&#8221; header_2_text_shadow_blur_strength_tablet=&#8221;1px&#8221; header_3_text_shadow_shadow_horizontal_length_tablet=&#8221;0px&#8221; header_3_text_shadow_shadow_vertical_length_tablet=&#8221;0px&#8221; header_3_text_shadow_blur_strength_tablet=&#8221;1px&#8221; header_4_text_shadow_horizontal_length_tablet=&#8221;0px&#8221; header_4_text_shadow_vertical_length_tablet=&#8221;0px&#8221; header_4_text_shadow_blur_strength_tablet=&#8221;1px&#8221; header_4_text_shadow_blur_strength_tablet=&#8221;1px&#8221; header_5_text_shadow_shadow_horizontal_length_tablet=&#8221;0px&#8221; header_5_text_shadow_vertical_length_tablet=&#8221;0px&#8221; header_5_text_shadow_blur_strength_tablet=&#8221;1px&#8221; header_6_text_shadow_shadow_horizontal_length_tablet=&#8221;0px&#8221; header_6_text_shadow_shadow_vertical_length_tablet=&#8221;0px&#8221; header_6_text_shadow_blur_strength_tablet=&#8221;1px&#8221; box_shadow_horizontal_tablet=&#8221;0px&#8221; box_shadow_vertical_tablet=&#8221;0px&#8221; box_shadow_blur_tablet=&#8221;40px&#8221; box_shadow_spread_tablet=&#8221;0px&#8221;]<\/p>\n<p>Um <a href=\"https:\/\/www.wtwco.com\/es-es\/insights\/2022\/02\/estan-preparadas-las-empresas-para-el-riesgo-reputacional\" target=\"_blank\" rel=\"noopener noreferrer\">estudo recente<\/a> da Willis Towers Watson (WTW) concluiu que 89% dos executivos inquiridos consideram que a capacidade de resist\u00eancia da sua organiza\u00e7\u00e3o a &#8220;quest\u00f5es de reputa\u00e7\u00e3o&#8221; \u00e9 boa ou muito boa.<\/p>\n<p>Por outras palavras, a grande maioria das organiza\u00e7\u00f5es que participaram neste estudo sente-se preparada para uma crise de reputa\u00e7\u00e3o.<\/p>\n<p>Esta \u00e9 uma excelente not\u00edcia, considerando que os riscos de reputa\u00e7\u00e3o s\u00e3o inerentes \u00e0 atividade de quase todas as empresas atualmente. Enfrentar uma crise \u00e9 apenas uma quest\u00e3o de tempo.<\/p>\n<p>Vivemos numa sociedade cada vez mais exigente em termos de responsabilidade p\u00fablica que, para al\u00e9m de esperar que as organiza\u00e7\u00f5es e os seus dirigentes cumpram a lei (algo que j\u00e1 d\u00e1 por adquirido), exige uma contribui\u00e7\u00e3o social que ajude a melhorar o planeta e a sociedade.<\/p>\n<p>\u00c9, o que alguns chamam, a era do capitalismo respons\u00e1vel.<\/p>\n<p>Que elementos b\u00e1sicos s\u00e3o necess\u00e1rios para estar preparado para enfrentar o risco de reputa\u00e7\u00e3o?<\/p>\n<p>Neste contexto de m\u00e1ximo escrut\u00ednio por parte dos diferentes <em>stakeholders<\/em>, \u00e9 importante n\u00e3o os desiludir quando se trata de lidar com uma crise de reputa\u00e7\u00e3o..<\/p>\n<p>Geralmente, as crises n\u00e3o podem ser evitadas. Algumas nem sequer s\u00e3o o resultado de neglig\u00eancia por parte da empresa, mas s\u00e3o o resultado de eventos fora do controlo da empresa. Um bom exemplo \u00e9 a <a href=\"https:\/\/sevilla.abc.es\/agronoma\/noticias\/cultivos\/arandano\/junta-declaracion-institucional\/\" target=\"_blank\" rel=\"noopener noreferrer\">crise de cr\u00e9dito<\/a> recentemente vivida pelo sector espanhol do morango na Alemanha.<\/p>\n<p>O sucesso na supera\u00e7\u00e3o da crise depender\u00e1 das decis\u00f5es que a empresa adotar para gerir a crise em termos de reputa\u00e7\u00e3o.<\/p>\n<p>Embora cada organiza\u00e7\u00e3o tenha de adaptar os protocolos ao seu neg\u00f3cio, apresentamos de seguida uma breve lista de medidas b\u00e1sicas que as empresas podem adotar para mitigar os seus efeitos e, em muitos casos, at\u00e9 preveni-los:<\/p>\n<p>[\/et_pb_text][et_pb_text _builder_version=&#8221;4.4.8&#8243;]<\/p>\n<p style=\"padding-left: 40px;\">1. Pol\u00edticas de conformidade acompanhadas de planos de comunica\u00e7\u00e3o. As grandes empresas t\u00eam pol\u00edticas de conformidade extensas, regulamentos internos, protocolos, directrizes, manuais de boas pr\u00e1ticas e uma s\u00e9rie de materiais e processos para garantir a conformidade e o bom desempenho da organiza\u00e7\u00e3o e dos seus membros. Em termos de reputa\u00e7\u00e3o, \u00e9 igualmente importante que todo este sistema tenha um plano de comunica\u00e7\u00e3o que integre todas as partes interessadas.<\/p>\n<p>.<\/p>\n<p style=\"padding-left: 40px;\">2. Consolida\u00e7\u00e3o da identidade corporativa. A constru\u00e7\u00e3o da reputa\u00e7\u00e3o leva muito tempo e n\u00e3o depende de uma \u00fanica a\u00e7\u00e3o ou de uma gest\u00e3o de crise bem sucedida. Uma identidade corporativa em que a conformidade, as melhores pr\u00e1ticas e a sustentabilidade tenham um lugar ser\u00e1 fundamental para minimizar o impacto de uma crise de reputa\u00e7\u00e3o.<\/p>\n<p style=\"padding-left: 40px;\">3. Equipa dedicada e sistemas \u00e1geis quando a resposta \u00e9 necess\u00e1ria. A velocidade com que a informa\u00e7\u00e3o \u00e9 disseminada atualmente e a diversidade de canais atrav\u00e9s dos quais flui significa que a resposta deve ser \u00e1gil e r\u00e1pida. Para tal, e dado que as crises s\u00e3o geridas por pessoas, \u00e9 importante manter um contacto direto e permanente entre as equipas de gest\u00e3o e incluir os \u00f3rg\u00e3os de gest\u00e3o com capacidade de influenciar a tomada de decis\u00e3o da empresa. Al\u00e9m disso, estas equipas de gest\u00e3o devem ter membros especializados em crises de reputa\u00e7\u00e3o que conhe\u00e7am as especificidades e sensibilidades a ter em conta na gest\u00e3o deste tipo de situa\u00e7\u00f5es.<\/p>\n<p style=\"padding-left: 40px;\">4. Inclus\u00e3o da vari\u00e1vel reputacional nos planos estrat\u00e9gicos. Considerar o risco reputacional em cada uma das ac\u00e7\u00f5es da empresa \u00e9 hoje fundamental para garantir o sucesso das decis\u00f5es tomadas. A an\u00e1lise preliminar dos riscos reputacionais permitir\u00e1 antecipar as poss\u00edveis consequ\u00eancias (gravidade do impacto e probabilidade do mesmo) e adotar estrat\u00e9gias de preven\u00e7\u00e3o ou mitiga\u00e7\u00e3o, algo que \u00e9 fundamental na gest\u00e3o de uma crise.<\/p>\n<p>.<\/p>\n<p style=\"padding-left: 40px;\">5. Intelig\u00eancia artificial (IA). A IA representa um grande desafio principalmente no que diz respeito \u00e0 veracidade das informa\u00e7\u00f5es na internet. No entanto, as ferramentas digitais que combinam este tipo de intelig\u00eancia s\u00e3o extremamente \u00fateis para a an\u00e1lise da informa\u00e7\u00e3o. Isto permite \u00e0s empresas compreender melhor os seus <em>stakeholders<\/em> e prever com maior exatid\u00e3o os potenciais riscos de reputa\u00e7\u00e3o que enfrentam.<br \/>\n[\/et_pb_text][et_pb_text _builder_version=&#8221;4.4.8&#8243;]<\/p>\n<p>Estas s\u00e3o apenas algumas das chaves b\u00e1sicas que qualquer organiza\u00e7\u00e3o deve considerar para prevenir e lidar eficazmente com uma crise de reputa\u00e7\u00e3o.<\/p>\n<p>Como dissemos no in\u00edcio, a maioria dos executivos consultados considera-se preparada para uma crise de reputa\u00e7\u00e3o. No entanto, 87% tamb\u00e9m reconhecem que o modelo de risco &#8220;apenas cobre os riscos imediatos de terceiros e de primeira parte e n\u00e3o o impacto de uma crise grave e prolongada&#8221;.<\/p>\n<p>A integra\u00e7\u00e3o deste tipo de sistemas de preven\u00e7\u00e3o de crises numa base permanente e transversal ajuda as empresas a partir de uma posi\u00e7\u00e3o mais solvente quando confrontadas com riscos e crises de reputa\u00e7\u00e3o ao longo da sua hist\u00f3ria.<\/p>\n<p>[\/et_pb_text][\/et_pb_column][\/et_pb_row][et_pb_row _builder_version=&#8221;4.4. 8&#8243; background_color=&#8221;#148c9c&#8221; vertical_offset_tablet=&#8221;0&#8243; horizontal_offset_tablet=&#8221;0&#8243; custom_margin=&#8221;|10px|||10px&#8221; custom_padding=&#8221;|10px|||10px&#8221; z_index_tablet=&#8221;0&#8243; box_shadow_horizontal_tablet=&#8221;0px&#8221; box_shadow_vertical_tablet=&#8221;0px&#8221; box_shadow_blur_tablet=&#8221;40px&#8221; box_shadow_spread_tablet=&#8221;0px&#8221;][et_pb_column type=&#8221;4_4&#8243; _builder_version=&#8221;3. 0.47&#8243; custom_padding=&#8221;||||&#8221; custom_padding__hover=&#8221;||||&#8221;][et_pb_text admin_label=&#8221;Texto&#8221; _builder_version=&#8221;4.4. 8&#8243; text_text_color=&#8221;#ffffffffff&#8221; text_font_size=&#8221;18px&#8221; vertical_offset_tablet=&#8221;0&#8243; horizontal_offset_tablet=&#8221;0&#8243; z_index_tablet=&#8221;0&#8243; text_text_shadow_horizontal_length_tablet=&#8221;0px&#8221; text_text_shadow_vertical_length_tablet=&#8221;0px&#8221; text_text_shadow_shadow_blur_strength_tablet=&#8221;1px&#8221; link_text_shadow_horizontal_length_tablet=&#8221;0px&#8221; link_text_shadow_vertical_length_tablet=&#8221;0px&#8221; link_text_shadow_blur_blur_strength_tablet=&#8221;1px&#8221; ul_text_shadow_horizontal_length_tablet=&#8221;0px&#8221; ul_text_shadow_vertical_length_tablet=&#8221;0px&#8221; ul_text_shadow_blur_strength_tablet=&#8221;1px&#8221; ol_text_shadow_horizontal_length_tablet=&#8221;0px&#8221; ol_text_shadow_vertical_length_tablet=&#8221;0px&#8221; ol_text_shadow_blur_strength_tablet=&#8221;1px&#8221; ol_text_shadow_blur_strength_tablet=&#8221;1px&#8221; quote_text_shadow_shadow_horizontal_length_tablet=&#8221;0px&#8221; quote_text_shadow_vertical_length_tablet=&#8221;0px&#8221; quote_text_shadow_blur_strength_tablet=&#8221;1px&#8221; header_text_shadow_horizontal_length_tablet=&#8221;0px&#8221; header_text_shadow_vertical_length_tablet=&#8221;0px&#8221; header_text_shadow_shadow_blur_strength_tablet=&#8221;1px&#8221; header_2_text_shadow_horizontal_length_tablet=&#8221;0px&#8221; header_2_text_shadow_vertical_length_tablet=&#8221;0px&#8221; header_2_text_shadow_blur_strength_tablet=&#8221;1px&#8221; header_3_text_shadow_shadow_horizontal_length_tablet=&#8221;0px&#8221; header_3_text_shadow_shadow_vertical_length_tablet=&#8221;0px&#8221; header_3_text_shadow_blur_strength_tablet=&#8221;1px&#8221; header_4_text_shadow_horizontal_length_tablet=&#8221;0px&#8221; header_4_text_shadow_shadow_vertical_length_tablet=&#8221;0px&#8221; header_4_text_shadow_blur_strength_tablet=&#8221;1px&#8221; header_5_text_shadow_horizontal_length_tablet=&#8221;0px&#8221; header_5_text_shadow_vertical_length_tablet=&#8221;0px&#8221; header_5_text_shadow_blur_strength_tablet=&#8221;1px&#8221; header_6_text_shadow_horizontal_length_tablet=&#8221;0px&#8221; header_6_text_shadow_horizontal_length_tablet=&#8221;0px&#8221; header_6_text_shadow_shadow_vertical_length_tablet=&#8221;0px&#8221; header_6_text_shadow_blur_strength_tablet=&#8221;1px&#8221; box_shadow_horizontal_tablet=&#8221;0px&#8221; box_shadow_vertical_tablet=&#8221;0px&#8221; box_shadow_blur_tablet=&#8221;40px&#8221; box_shadow_spread_tablet=&#8221;0px&#8221;]<\/p>\n<p style=\"text-align: center;\">Se estiver interessado em saber mais sobre como gerir ou controlar o impacto dos riscos de reputa\u00e7\u00e3o na continuidade e sustentabilidade da empresa, convidamo-lo a descarregar &#8220;Como prevenir riscos de reputa\u00e7\u00e3o com cen\u00e1rios virtuais e automatiza\u00e7\u00e3o.&#8221;<\/p>\n","protected":false},"excerpt":{"rendered":"<p>[et_pb_section fb_built=&#8221;1&#8243; admin_label=&#8221;Sec\u00e7\u00e3o&#8221; _builder_version=&#8221;4.4.8&#8243; custom_padding=&#8221;0px|||||&#8221; collapsed=&#8221;off&#8221;][et_pb_row _builder_version=&#8221;4.4. 8&#8243; custom_padding=&#8221;31px|||||&#8221;][et_pb_column type=&#8221;4_4&#8243; _builder_version=&#8221;3.25&#8243; custom_padding=&#8221;||||&#8221; custom_padding__hover=&#8221;||||&#8221;][et_pb_text admin_label=&#8221;Texto&#8221; _builder_version=&#8221;4.4. 8&#8243; vertical_offset_tablet=&#8221;0&#8243; horizontal_offset_tablet=&#8221;0&#8243; z_index_tablet=&#8221;0&#8243; text_text_shadow_horizontal_shadow_horizontal_length_tablet=&#8221;0px&#8221; text_text_shadow_vertical_shadow_length_tablet=&#8221;0px&#8221; text_text_shadow_blur_strength_tablet=&#8221;1px&#8221; link_text_shadow_horizontal_length_tablet=&#8221;0px&#8221; link_text_shadow_vertical_length_tablet=&#8221;0px&#8221; link_text_shadow_blur_strength_tablet=&#8221;1px&#8221; ul_text_shadow_horizontal_length_tablet=&#8221;0px&#8221; ul_text_shadow_vertical_length_tablet=&#8221;0px&#8221; ul_text_shadow_vertical_length_tablet=&#8221;0px&#8221; ul_text_shadow_shadow_blur_strength_tablet=&#8221;1px&#8221; ol_text_shadow_horizontal_length_tablet=&#8221;0px&#8221; ol_text_shadow_vertical_length_tablet=&#8221;0px&#8221; ol_text_shadow_blur_strength_tablet=&#8221;1px&#8221; quote_text_shadow_horizontal_length_tablet=&#8221;0px&#8221; quote_text_shadow_shadow_vertical_length_tablet=&#8221;0px&#8221; quote_text_shadow_blur_strength_tablet=&#8221;1px&#8221; header_text_shadow_horizontal_length_tablet=&#8221;0px&#8221; header_text_shadow_vertical_length_tablet=&#8221;0px&#8221; header_text_shadow_blur_strength_tablet=&#8221;1px&#8221; header_2_text_shadow_shadow_horizontal_length_tablet=&#8221;0px&#8221; header_2_text_shadow_vertical_length_tablet=&#8221;0px&#8221; header_2_text_shadow_blur_strength_tablet=&#8221;1px&#8221; header_3_text_shadow_shadow_horizontal_length_tablet=&#8221;0px&#8221; header_3_text_shadow_shadow_vertical_length_tablet=&#8221;0px&#8221; header_3_text_shadow_blur_strength_tablet=&#8221;1px&#8221; header_4_text_shadow_horizontal_length_tablet=&#8221;0px&#8221; header_4_text_shadow_vertical_length_tablet=&#8221;0px&#8221; header_4_text_shadow_blur_strength_tablet=&#8221;1px&#8221; header_4_text_shadow_blur_strength_tablet=&#8221;1px&#8221; header_5_text_shadow_shadow_horizontal_length_tablet=&#8221;0px&#8221; header_5_text_shadow_vertical_length_tablet=&#8221;0px&#8221; header_5_text_shadow_blur_strength_tablet=&#8221;1px&#8221; header_6_text_shadow_shadow_horizontal_length_tablet=&#8221;0px&#8221; header_6_text_shadow_shadow_vertical_length_tablet=&#8221;0px&#8221; header_6_text_shadow_blur_strength_tablet=&#8221;1px&#8221; box_shadow_horizontal_tablet=&#8221;0px&#8221; [&hellip;]<\/p>\n","protected":false},"author":9,"featured_media":96116,"comment_status":"closed","ping_status":"closed","sticky":false,"template":"","format":"standard","meta":{"_acf_changed":false,"_et_pb_use_builder":"","_et_pb_old_content":"","_et_gb_content_width":"","footnotes":""},"categories":[132],"class_list":["post-91175","post","type-post","status-publish","format-standard","has-post-thumbnail","hentry","category-corporate-affairs"],"acf":[],"yoast_head":"<!-- This site is optimized with the Yoast SEO Premium plugin v24.7 (Yoast SEO v24.7) - https:\/\/yoast.com\/wordpress\/plugins\/seo\/ -->\n<title>As 5 chaves para saber se a sua organiza\u00e7\u00e3o est\u00e1 preparada para passar por uma crise de reputa\u00e7\u00e3o - LLYC<\/title>\n<meta name=\"robots\" content=\"index, follow, max-snippet:-1, max-image-preview:large, max-video-preview:-1\" \/>\n<link rel=\"canonical\" href=\"https:\/\/llyc.global\/pt-br\/corporate-affairs\/tendencias\/las-5-claves-para-saber-si-tu-organizacion-esta-preparada-para-atravesar-una-crisis-reputacional\/\" \/>\n<meta property=\"og:locale\" content=\"pt_BR\" \/>\n<meta property=\"og:type\" content=\"article\" \/>\n<meta property=\"og:title\" content=\"As 5 chaves para saber se a sua organiza\u00e7\u00e3o est\u00e1 preparada para passar por uma crise de reputa\u00e7\u00e3o\" \/>\n<meta property=\"og:description\" content=\"[et_pb_section fb_built=&#8221;1&#8243; admin_label=&#8221;Sec\u00e7\u00e3o&#8221; _builder_version=&#8221;4.4.8&#8243; custom_padding=&#8221;0px|||||&#8221; collapsed=&#8221;off&#8221;][et_pb_row _builder_version=&#8221;4.4. 8&#8243; custom_padding=&#8221;31px|||||&#8221;][et_pb_column type=&#8221;4_4&#8243; _builder_version=&#8221;3.25&#8243; custom_padding=&#8221;||||&#8221; custom_padding__hover=&#8221;||||&#8221;][et_pb_text admin_label=&#8221;Texto&#8221; _builder_version=&#8221;4.4. 8&#8243; vertical_offset_tablet=&#8221;0&#8243; horizontal_offset_tablet=&#8221;0&#8243; z_index_tablet=&#8221;0&#8243; text_text_shadow_horizontal_shadow_horizontal_length_tablet=&#8221;0px&#8221; text_text_shadow_vertical_shadow_length_tablet=&#8221;0px&#8221; text_text_shadow_blur_strength_tablet=&#8221;1px&#8221; link_text_shadow_horizontal_length_tablet=&#8221;0px&#8221; link_text_shadow_vertical_length_tablet=&#8221;0px&#8221; link_text_shadow_blur_strength_tablet=&#8221;1px&#8221; ul_text_shadow_horizontal_length_tablet=&#8221;0px&#8221; ul_text_shadow_vertical_length_tablet=&#8221;0px&#8221; ul_text_shadow_vertical_length_tablet=&#8221;0px&#8221; ul_text_shadow_shadow_blur_strength_tablet=&#8221;1px&#8221; ol_text_shadow_horizontal_length_tablet=&#8221;0px&#8221; ol_text_shadow_vertical_length_tablet=&#8221;0px&#8221; ol_text_shadow_blur_strength_tablet=&#8221;1px&#8221; quote_text_shadow_horizontal_length_tablet=&#8221;0px&#8221; quote_text_shadow_shadow_vertical_length_tablet=&#8221;0px&#8221; quote_text_shadow_blur_strength_tablet=&#8221;1px&#8221; header_text_shadow_horizontal_length_tablet=&#8221;0px&#8221; header_text_shadow_vertical_length_tablet=&#8221;0px&#8221; header_text_shadow_blur_strength_tablet=&#8221;1px&#8221; header_2_text_shadow_shadow_horizontal_length_tablet=&#8221;0px&#8221; header_2_text_shadow_vertical_length_tablet=&#8221;0px&#8221; header_2_text_shadow_blur_strength_tablet=&#8221;1px&#8221; header_3_text_shadow_shadow_horizontal_length_tablet=&#8221;0px&#8221; header_3_text_shadow_shadow_vertical_length_tablet=&#8221;0px&#8221; header_3_text_shadow_blur_strength_tablet=&#8221;1px&#8221; header_4_text_shadow_horizontal_length_tablet=&#8221;0px&#8221; header_4_text_shadow_vertical_length_tablet=&#8221;0px&#8221; header_4_text_shadow_blur_strength_tablet=&#8221;1px&#8221; header_4_text_shadow_blur_strength_tablet=&#8221;1px&#8221; header_5_text_shadow_shadow_horizontal_length_tablet=&#8221;0px&#8221; header_5_text_shadow_vertical_length_tablet=&#8221;0px&#8221; header_5_text_shadow_blur_strength_tablet=&#8221;1px&#8221; header_6_text_shadow_shadow_horizontal_length_tablet=&#8221;0px&#8221; header_6_text_shadow_shadow_vertical_length_tablet=&#8221;0px&#8221; header_6_text_shadow_blur_strength_tablet=&#8221;1px&#8221; box_shadow_horizontal_tablet=&#8221;0px&#8221; [&hellip;]\" \/>\n<meta property=\"og:url\" content=\"https:\/\/llyc.global\/pt-br\/corporate-affairs\/tendencias\/las-5-claves-para-saber-si-tu-organizacion-esta-preparada-para-atravesar-una-crisis-reputacional\/\" \/>\n<meta property=\"og:site_name\" content=\"LLYC\" \/>\n<meta property=\"article:publisher\" content=\"https:\/\/www.facebook.com\/LLYC.Global\/\" \/>\n<meta property=\"article:published_time\" content=\"2023-06-19T22:00:00+00:00\" \/>\n<meta property=\"article:modified_time\" content=\"2024-12-30T15:43:47+00:00\" \/>\n<meta property=\"og:image\" content=\"https:\/\/llyc.global\/wp-content\/uploads\/2023\/11\/Post-Maria-Gaytan-20.06.2023.png\" \/>\n\t<meta property=\"og:image:width\" content=\"1100\" \/>\n\t<meta property=\"og:image:height\" content=\"733\" \/>\n\t<meta property=\"og:image:type\" content=\"image\/png\" \/>\n<meta name=\"author\" content=\"dfernandez\" \/>\n<meta name=\"twitter:card\" content=\"summary_large_image\" \/>\n<meta name=\"twitter:creator\" content=\"@llorenteycuenca\" \/>\n<meta name=\"twitter:site\" content=\"@llorenteycuenca\" \/>\n<meta name=\"twitter:label1\" content=\"Written by\" \/>\n\t<meta name=\"twitter:data1\" content=\"dfernandez\" \/>\n\t<meta name=\"twitter:label2\" content=\"Est. reading time\" \/>\n\t<meta name=\"twitter:data2\" content=\"5 minutos\" \/>\n<!-- \/ Yoast SEO Premium plugin. -->","yoast_head_json":{"title":"As 5 chaves para saber se a sua organiza\u00e7\u00e3o est\u00e1 preparada para passar por uma crise de reputa\u00e7\u00e3o - LLYC","robots":{"index":"index","follow":"follow","max-snippet":"max-snippet:-1","max-image-preview":"max-image-preview:large","max-video-preview":"max-video-preview:-1"},"canonical":"https:\/\/llyc.global\/pt-br\/corporate-affairs\/tendencias\/las-5-claves-para-saber-si-tu-organizacion-esta-preparada-para-atravesar-una-crisis-reputacional\/","og_locale":"pt_BR","og_type":"article","og_title":"As 5 chaves para saber se a sua organiza\u00e7\u00e3o est\u00e1 preparada para passar por uma crise de reputa\u00e7\u00e3o","og_description":"[et_pb_section fb_built=&#8221;1&#8243; admin_label=&#8221;Sec\u00e7\u00e3o&#8221; _builder_version=&#8221;4.4.8&#8243; custom_padding=&#8221;0px|||||&#8221; collapsed=&#8221;off&#8221;][et_pb_row _builder_version=&#8221;4.4. 8&#8243; custom_padding=&#8221;31px|||||&#8221;][et_pb_column type=&#8221;4_4&#8243; _builder_version=&#8221;3.25&#8243; custom_padding=&#8221;||||&#8221; custom_padding__hover=&#8221;||||&#8221;][et_pb_text admin_label=&#8221;Texto&#8221; _builder_version=&#8221;4.4. 8&#8243; vertical_offset_tablet=&#8221;0&#8243; horizontal_offset_tablet=&#8221;0&#8243; z_index_tablet=&#8221;0&#8243; text_text_shadow_horizontal_shadow_horizontal_length_tablet=&#8221;0px&#8221; text_text_shadow_vertical_shadow_length_tablet=&#8221;0px&#8221; text_text_shadow_blur_strength_tablet=&#8221;1px&#8221; link_text_shadow_horizontal_length_tablet=&#8221;0px&#8221; link_text_shadow_vertical_length_tablet=&#8221;0px&#8221; link_text_shadow_blur_strength_tablet=&#8221;1px&#8221; ul_text_shadow_horizontal_length_tablet=&#8221;0px&#8221; ul_text_shadow_vertical_length_tablet=&#8221;0px&#8221; ul_text_shadow_vertical_length_tablet=&#8221;0px&#8221; ul_text_shadow_shadow_blur_strength_tablet=&#8221;1px&#8221; ol_text_shadow_horizontal_length_tablet=&#8221;0px&#8221; ol_text_shadow_vertical_length_tablet=&#8221;0px&#8221; ol_text_shadow_blur_strength_tablet=&#8221;1px&#8221; quote_text_shadow_horizontal_length_tablet=&#8221;0px&#8221; quote_text_shadow_shadow_vertical_length_tablet=&#8221;0px&#8221; quote_text_shadow_blur_strength_tablet=&#8221;1px&#8221; header_text_shadow_horizontal_length_tablet=&#8221;0px&#8221; header_text_shadow_vertical_length_tablet=&#8221;0px&#8221; header_text_shadow_blur_strength_tablet=&#8221;1px&#8221; header_2_text_shadow_shadow_horizontal_length_tablet=&#8221;0px&#8221; header_2_text_shadow_vertical_length_tablet=&#8221;0px&#8221; header_2_text_shadow_blur_strength_tablet=&#8221;1px&#8221; header_3_text_shadow_shadow_horizontal_length_tablet=&#8221;0px&#8221; header_3_text_shadow_shadow_vertical_length_tablet=&#8221;0px&#8221; header_3_text_shadow_blur_strength_tablet=&#8221;1px&#8221; header_4_text_shadow_horizontal_length_tablet=&#8221;0px&#8221; header_4_text_shadow_vertical_length_tablet=&#8221;0px&#8221; header_4_text_shadow_blur_strength_tablet=&#8221;1px&#8221; header_4_text_shadow_blur_strength_tablet=&#8221;1px&#8221; header_5_text_shadow_shadow_horizontal_length_tablet=&#8221;0px&#8221; header_5_text_shadow_vertical_length_tablet=&#8221;0px&#8221; header_5_text_shadow_blur_strength_tablet=&#8221;1px&#8221; header_6_text_shadow_shadow_horizontal_length_tablet=&#8221;0px&#8221; header_6_text_shadow_shadow_vertical_length_tablet=&#8221;0px&#8221; header_6_text_shadow_blur_strength_tablet=&#8221;1px&#8221; box_shadow_horizontal_tablet=&#8221;0px&#8221; [&hellip;]","og_url":"https:\/\/llyc.global\/pt-br\/corporate-affairs\/tendencias\/las-5-claves-para-saber-si-tu-organizacion-esta-preparada-para-atravesar-una-crisis-reputacional\/","og_site_name":"LLYC","article_publisher":"https:\/\/www.facebook.com\/LLYC.Global\/","article_published_time":"2023-06-19T22:00:00+00:00","article_modified_time":"2024-12-30T15:43:47+00:00","og_image":[{"width":1100,"height":733,"url":"https:\/\/llyc.global\/wp-content\/uploads\/2023\/11\/Post-Maria-Gaytan-20.06.2023.png","type":"image\/png"}],"author":"dfernandez","twitter_card":"summary_large_image","twitter_creator":"@llorenteycuenca","twitter_site":"@llorenteycuenca","twitter_misc":{"Written by":"dfernandez","Est. reading time":"5 minutos"},"schema":{"@context":"https:\/\/schema.org","@graph":[{"@type":"WebPage","@id":"https:\/\/llyc.global\/pt-br\/corporate-affairs\/tendencias\/las-5-claves-para-saber-si-tu-organizacion-esta-preparada-para-atravesar-una-crisis-reputacional\/","url":"https:\/\/llyc.global\/pt-br\/corporate-affairs\/tendencias\/las-5-claves-para-saber-si-tu-organizacion-esta-preparada-para-atravesar-una-crisis-reputacional\/","name":"As 5 chaves para saber se a sua organiza\u00e7\u00e3o est\u00e1 preparada para passar por uma crise de reputa\u00e7\u00e3o - LLYC","isPartOf":{"@id":"https:\/\/llyc.global\/pt-br\/#website"},"primaryImageOfPage":{"@id":"https:\/\/llyc.global\/pt-br\/corporate-affairs\/tendencias\/las-5-claves-para-saber-si-tu-organizacion-esta-preparada-para-atravesar-una-crisis-reputacional\/#primaryimage"},"image":{"@id":"https:\/\/llyc.global\/pt-br\/corporate-affairs\/tendencias\/las-5-claves-para-saber-si-tu-organizacion-esta-preparada-para-atravesar-una-crisis-reputacional\/#primaryimage"},"thumbnailUrl":"https:\/\/llyc.global\/wp-content\/uploads\/2023\/11\/Post-Maria-Gaytan-20.06.2023.png","datePublished":"2023-06-19T22:00:00+00:00","dateModified":"2024-12-30T15:43:47+00:00","author":{"@id":"https:\/\/llyc.global\/pt-br\/#\/schema\/person\/d0fbf46547f9b282684d067efddd3b8f"},"breadcrumb":{"@id":"https:\/\/llyc.global\/pt-br\/corporate-affairs\/tendencias\/las-5-claves-para-saber-si-tu-organizacion-esta-preparada-para-atravesar-una-crisis-reputacional\/#breadcrumb"},"inLanguage":"pt-BR","potentialAction":[{"@type":"ReadAction","target":["https:\/\/llyc.global\/pt-br\/corporate-affairs\/tendencias\/las-5-claves-para-saber-si-tu-organizacion-esta-preparada-para-atravesar-una-crisis-reputacional\/"]}]},{"@type":"ImageObject","inLanguage":"pt-BR","@id":"https:\/\/llyc.global\/pt-br\/corporate-affairs\/tendencias\/las-5-claves-para-saber-si-tu-organizacion-esta-preparada-para-atravesar-una-crisis-reputacional\/#primaryimage","url":"https:\/\/llyc.global\/wp-content\/uploads\/2023\/11\/Post-Maria-Gaytan-20.06.2023.png","contentUrl":"https:\/\/llyc.global\/wp-content\/uploads\/2023\/11\/Post-Maria-Gaytan-20.06.2023.png","width":1100,"height":733},{"@type":"BreadcrumbList","@id":"https:\/\/llyc.global\/pt-br\/corporate-affairs\/tendencias\/las-5-claves-para-saber-si-tu-organizacion-esta-preparada-para-atravesar-una-crisis-reputacional\/#breadcrumb","itemListElement":[{"@type":"ListItem","position":1,"name":"Home","item":"https:\/\/llyc.global\/pt-br\/"},{"@type":"ListItem","position":2,"name":"As 5 chaves para saber se a sua organiza\u00e7\u00e3o est\u00e1 preparada para passar por uma crise de reputa\u00e7\u00e3o"}]},{"@type":"WebSite","@id":"https:\/\/llyc.global\/pt-br\/#website","url":"https:\/\/llyc.global\/pt-br\/","name":"LLYC","description":"Consultoria de comunicaci\u00f3n marketing y asuntos p\u00fablicos","potentialAction":[{"@type":"SearchAction","target":{"@type":"EntryPoint","urlTemplate":"https:\/\/llyc.global\/pt-br\/?s={search_term_string}"},"query-input":{"@type":"PropertyValueSpecification","valueRequired":true,"valueName":"search_term_string"}}],"inLanguage":"pt-BR"},{"@type":"Person","@id":"https:\/\/llyc.global\/pt-br\/#\/schema\/person\/d0fbf46547f9b282684d067efddd3b8f","name":"dfernandez","image":{"@type":"ImageObject","inLanguage":"pt-BR","@id":"https:\/\/llyc.global\/pt-br\/#\/schema\/person\/image\/","url":"https:\/\/secure.gravatar.com\/avatar\/3c358dd74faefa20ef52136203fdccbd?s=96&d=mm&r=g","contentUrl":"https:\/\/secure.gravatar.com\/avatar\/3c358dd74faefa20ef52136203fdccbd?s=96&d=mm&r=g","caption":"dfernandez"}}]}},"_links":{"self":[{"href":"https:\/\/llyc.global\/pt-br\/wp-json\/wp\/v2\/posts\/91175","targetHints":{"allow":["GET"]}}],"collection":[{"href":"https:\/\/llyc.global\/pt-br\/wp-json\/wp\/v2\/posts"}],"about":[{"href":"https:\/\/llyc.global\/pt-br\/wp-json\/wp\/v2\/types\/post"}],"author":[{"embeddable":true,"href":"https:\/\/llyc.global\/pt-br\/wp-json\/wp\/v2\/users\/9"}],"replies":[{"embeddable":true,"href":"https:\/\/llyc.global\/pt-br\/wp-json\/wp\/v2\/comments?post=91175"}],"version-history":[{"count":8,"href":"https:\/\/llyc.global\/pt-br\/wp-json\/wp\/v2\/posts\/91175\/revisions"}],"predecessor-version":[{"id":165019,"href":"https:\/\/llyc.global\/pt-br\/wp-json\/wp\/v2\/posts\/91175\/revisions\/165019"}],"wp:featuredmedia":[{"embeddable":true,"href":"https:\/\/llyc.global\/pt-br\/wp-json\/wp\/v2\/media\/96116"}],"wp:attachment":[{"href":"https:\/\/llyc.global\/pt-br\/wp-json\/wp\/v2\/media?parent=91175"}],"wp:term":[{"taxonomy":"category","embeddable":true,"href":"https:\/\/llyc.global\/pt-br\/wp-json\/wp\/v2\/categories?post=91175"}],"curies":[{"name":"wp","href":"https:\/\/api.w.org\/{rel}","templated":true}]}}