{"id":106525,"date":"2024-01-29T09:29:07","date_gmt":"2024-01-29T08:29:07","guid":{"rendered":"https:\/\/llyc.global\/contexto-economico-incertidumbre\/"},"modified":"2024-09-17T12:46:20","modified_gmt":"2024-09-17T10:46:20","slug":"contexto-economico-incerteza","status":"publish","type":"post","link":"https:\/\/llyc.global\/pt-pt\/corporate-affairs\/tendencias\/contexto-economico-incerteza\/","title":{"rendered":"Contexto econ\u00f3mico | Incerteza"},"content":{"rendered":"<p>A apresenta\u00e7\u00e3o do or\u00e7amento para 2024<strong> \u00e9 vista como um indicador crucial da vontade pol\u00edtica e da disponibilidade do governo para evitar elei\u00e7\u00f5es antecipadas.<\/strong> Apesar dos sucessos econ\u00f3micos em 2023, prev\u00ea-se um abrandamento em 2024 devido aos riscos geopol\u00edticos.<\/p>\n<p>Embora o cen\u00e1rio central assente numa descida das taxas de juro, persistem problemas estruturais n\u00e3o resolvidos, que exigem acordos sociais e pol\u00edticos.<strong> Como \u00e9 que a apresenta\u00e7\u00e3o do or\u00e7amento ir\u00e1 influenciar esta situa\u00e7\u00e3o? Como \u00e9 que o pa\u00eds ir\u00e1 resolver os d\u00e9fices de produtividade, inova\u00e7\u00e3o e coes\u00e3o social no meio da atual polariza\u00e7\u00e3o pol\u00edtica?<\/strong><\/p>\n<p>Descubra no v\u00eddeo sobre o contexto econ\u00f3mico deste m\u00eas:<\/p>\n<p><iframe loading=\"lazy\" title=\"Contexto Econ\u00f3mico - Enero\" width=\"500\" height=\"281\" src=\"https:\/\/www.youtube.com\/embed\/Gtl8CIwDxHA?feature=oembed\" frameborder=\"0\" allow=\"accelerometer; autoplay; clipboard-write; encrypted-media; gyroscope; picture-in-picture; web-share\" referrerpolicy=\"strict-origin-when-cross-origin\" allowfullscreen><\/iframe><\/p>\n","protected":false},"excerpt":{"rendered":"<p>A apresenta\u00e7\u00e3o do or\u00e7amento para 2024 \u00e9 vista como um indicador crucial da vontade pol\u00edtica e da disponibilidade do governo para evitar elei\u00e7\u00f5es antecipadas. Apesar dos sucessos econ\u00f3micos em 2023, prev\u00ea-se um abrandamento em 2024 devido aos riscos geopol\u00edticos. Embora o cen\u00e1rio central assente numa descida das taxas de juro, persistem problemas estruturais n\u00e3o resolvidos, [&hellip;]<\/p>\n","protected":false},"author":2,"featured_media":106520,"comment_status":"closed","ping_status":"closed","sticky":false,"template":"","format":"standard","meta":{"_acf_changed":false,"_et_pb_use_builder":"","_et_pb_old_content":"","_et_gb_content_width":"","footnotes":""},"categories":[132,134],"class_list":["post-106525","post","type-post","status-publish","format-standard","has-post-thumbnail","hentry","category-corporate-affairs"],"acf":[],"yoast_head":"<!-- This site is optimized with the Yoast SEO Premium plugin v24.7 (Yoast SEO v24.7) - https:\/\/yoast.com\/wordpress\/plugins\/seo\/ -->\n<title>Contexto econ\u00f3mico | Incerteza - LLYC<\/title>\n<meta name=\"description\" content=\"Explore o contexto econ\u00f3mico atual e a incerteza global para 2024, marcado por tens\u00f5es pol\u00edticas, desafios geopol\u00edticos e problemas de coes\u00e3o social.\" \/>\n<meta name=\"robots\" content=\"index, follow, max-snippet:-1, max-image-preview:large, max-video-preview:-1\" \/>\n<link rel=\"canonical\" href=\"https:\/\/llyc.global\/pt-pt\/corporate-affairs\/tendencias\/contexto-economico-incerteza\/\" \/>\n<meta property=\"og:locale\" content=\"pt_PT\" \/>\n<meta property=\"og:type\" content=\"article\" \/>\n<meta property=\"og:title\" content=\"Contexto econ\u00f3mico | Incerteza\" \/>\n<meta property=\"og:description\" content=\"Explore o contexto econ\u00f3mico atual e a incerteza global para 2024, marcado por tens\u00f5es pol\u00edticas, desafios geopol\u00edticos e problemas de coes\u00e3o social.\" \/>\n<meta property=\"og:url\" content=\"https:\/\/llyc.global\/pt-pt\/corporate-affairs\/tendencias\/contexto-economico-incerteza\/\" \/>\n<meta property=\"og:site_name\" content=\"LLYC\" \/>\n<meta property=\"article:publisher\" content=\"https:\/\/www.facebook.com\/LLYC.Global\/\" \/>\n<meta property=\"article:published_time\" content=\"2024-01-29T08:29:07+00:00\" \/>\n<meta property=\"article:modified_time\" content=\"2024-09-17T10:46:20+00:00\" \/>\n<meta property=\"og:image\" content=\"https:\/\/llyc.global\/wp-content\/uploads\/2024\/01\/Video-Asuntos-Publicos-.jpeg\" \/>\n\t<meta property=\"og:image:width\" content=\"1920\" \/>\n\t<meta property=\"og:image:height\" content=\"639\" \/>\n\t<meta property=\"og:image:type\" content=\"image\/jpeg\" \/>\n<meta name=\"author\" content=\"vvalencia\" \/>\n<meta name=\"twitter:card\" content=\"summary_large_image\" \/>\n<meta name=\"twitter:creator\" content=\"@llorenteycuenca\" \/>\n<meta name=\"twitter:site\" content=\"@llorenteycuenca\" \/>\n<meta name=\"twitter:label1\" content=\"Written by\" \/>\n\t<meta name=\"twitter:data1\" content=\"vvalencia\" \/>\n\t<meta name=\"twitter:label2\" content=\"Est. reading time\" \/>\n\t<meta name=\"twitter:data2\" content=\"1 minuto\" \/>\n<!-- \/ Yoast SEO Premium plugin. -->","yoast_head_json":{"title":"Contexto econ\u00f3mico | Incerteza - LLYC","description":"Explore o contexto econ\u00f3mico atual e a incerteza global para 2024, marcado por tens\u00f5es pol\u00edticas, desafios geopol\u00edticos e problemas de coes\u00e3o social.","robots":{"index":"index","follow":"follow","max-snippet":"max-snippet:-1","max-image-preview":"max-image-preview:large","max-video-preview":"max-video-preview:-1"},"canonical":"https:\/\/llyc.global\/pt-pt\/corporate-affairs\/tendencias\/contexto-economico-incerteza\/","og_locale":"pt_PT","og_type":"article","og_title":"Contexto econ\u00f3mico | Incerteza","og_description":"Explore o contexto econ\u00f3mico atual e a incerteza global para 2024, marcado por tens\u00f5es pol\u00edticas, desafios geopol\u00edticos e problemas de coes\u00e3o social.","og_url":"https:\/\/llyc.global\/pt-pt\/corporate-affairs\/tendencias\/contexto-economico-incerteza\/","og_site_name":"LLYC","article_publisher":"https:\/\/www.facebook.com\/LLYC.Global\/","article_published_time":"2024-01-29T08:29:07+00:00","article_modified_time":"2024-09-17T10:46:20+00:00","og_image":[{"width":1920,"height":639,"url":"https:\/\/llyc.global\/wp-content\/uploads\/2024\/01\/Video-Asuntos-Publicos-.jpeg","type":"image\/jpeg"}],"author":"vvalencia","twitter_card":"summary_large_image","twitter_creator":"@llorenteycuenca","twitter_site":"@llorenteycuenca","twitter_misc":{"Written by":"vvalencia","Est. reading time":"1 minuto"},"schema":{"@context":"https:\/\/schema.org","@graph":[{"@type":"WebPage","@id":"https:\/\/llyc.global\/pt-pt\/corporate-affairs\/tendencias\/contexto-economico-incerteza\/","url":"https:\/\/llyc.global\/pt-pt\/corporate-affairs\/tendencias\/contexto-economico-incerteza\/","name":"Contexto econ\u00f3mico | Incerteza - LLYC","isPartOf":{"@id":"https:\/\/llyc.global\/pt-pt\/#website"},"primaryImageOfPage":{"@id":"https:\/\/llyc.global\/pt-pt\/corporate-affairs\/tendencias\/contexto-economico-incerteza\/#primaryimage"},"image":{"@id":"https:\/\/llyc.global\/pt-pt\/corporate-affairs\/tendencias\/contexto-economico-incerteza\/#primaryimage"},"thumbnailUrl":"https:\/\/llyc.global\/wp-content\/uploads\/2024\/01\/Video-Asuntos-Publicos-.jpeg","datePublished":"2024-01-29T08:29:07+00:00","dateModified":"2024-09-17T10:46:20+00:00","author":{"@id":"https:\/\/llyc.global\/pt-pt\/#\/schema\/person\/97bcdc005c6c36858ad3d12ef8b1503a"},"description":"Explore o contexto econ\u00f3mico atual e a incerteza global para 2024, marcado por tens\u00f5es pol\u00edticas, desafios geopol\u00edticos e problemas de coes\u00e3o social.","breadcrumb":{"@id":"https:\/\/llyc.global\/pt-pt\/corporate-affairs\/tendencias\/contexto-economico-incerteza\/#breadcrumb"},"inLanguage":"pt-PT","potentialAction":[{"@type":"ReadAction","target":["https:\/\/llyc.global\/pt-pt\/corporate-affairs\/tendencias\/contexto-economico-incerteza\/"]}]},{"@type":"ImageObject","inLanguage":"pt-PT","@id":"https:\/\/llyc.global\/pt-pt\/corporate-affairs\/tendencias\/contexto-economico-incerteza\/#primaryimage","url":"https:\/\/llyc.global\/wp-content\/uploads\/2024\/01\/Video-Asuntos-Publicos-.jpeg","contentUrl":"https:\/\/llyc.global\/wp-content\/uploads\/2024\/01\/Video-Asuntos-Publicos-.jpeg","width":1920,"height":639},{"@type":"BreadcrumbList","@id":"https:\/\/llyc.global\/pt-pt\/corporate-affairs\/tendencias\/contexto-economico-incerteza\/#breadcrumb","itemListElement":[{"@type":"ListItem","position":1,"name":"Home","item":"https:\/\/llyc.global\/pt-pt\/"},{"@type":"ListItem","position":2,"name":"Contexto econ\u00f3mico | Incerteza"}]},{"@type":"WebSite","@id":"https:\/\/llyc.global\/pt-pt\/#website","url":"https:\/\/llyc.global\/pt-pt\/","name":"LLYC","description":"Consultoria de comunicaci\u00f3n marketing y asuntos p\u00fablicos","potentialAction":[{"@type":"SearchAction","target":{"@type":"EntryPoint","urlTemplate":"https:\/\/llyc.global\/pt-pt\/?s={search_term_string}"},"query-input":{"@type":"PropertyValueSpecification","valueRequired":true,"valueName":"search_term_string"}}],"inLanguage":"pt-PT"},{"@type":"Person","@id":"https:\/\/llyc.global\/pt-pt\/#\/schema\/person\/97bcdc005c6c36858ad3d12ef8b1503a","name":"vvalencia","image":{"@type":"ImageObject","inLanguage":"pt-PT","@id":"https:\/\/llyc.global\/pt-pt\/#\/schema\/person\/image\/","url":"https:\/\/secure.gravatar.com\/avatar\/b81bdea2bf92a26d04ce686d71056b1f?s=96&d=mm&r=g","contentUrl":"https:\/\/secure.gravatar.com\/avatar\/b81bdea2bf92a26d04ce686d71056b1f?s=96&d=mm&r=g","caption":"vvalencia"}}]}},"_links":{"self":[{"href":"https:\/\/llyc.global\/pt-pt\/wp-json\/wp\/v2\/posts\/106525","targetHints":{"allow":["GET"]}}],"collection":[{"href":"https:\/\/llyc.global\/pt-pt\/wp-json\/wp\/v2\/posts"}],"about":[{"href":"https:\/\/llyc.global\/pt-pt\/wp-json\/wp\/v2\/types\/post"}],"author":[{"embeddable":true,"href":"https:\/\/llyc.global\/pt-pt\/wp-json\/wp\/v2\/users\/2"}],"replies":[{"embeddable":true,"href":"https:\/\/llyc.global\/pt-pt\/wp-json\/wp\/v2\/comments?post=106525"}],"version-history":[{"count":1,"href":"https:\/\/llyc.global\/pt-pt\/wp-json\/wp\/v2\/posts\/106525\/revisions"}],"predecessor-version":[{"id":106530,"href":"https:\/\/llyc.global\/pt-pt\/wp-json\/wp\/v2\/posts\/106525\/revisions\/106530"}],"wp:featuredmedia":[{"embeddable":true,"href":"https:\/\/llyc.global\/pt-pt\/wp-json\/wp\/v2\/media\/106520"}],"wp:attachment":[{"href":"https:\/\/llyc.global\/pt-pt\/wp-json\/wp\/v2\/media?parent=106525"}],"wp:term":[{"taxonomy":"category","embeddable":true,"href":"https:\/\/llyc.global\/pt-pt\/wp-json\/wp\/v2\/categories?post=106525"}],"curies":[{"name":"wp","href":"https:\/\/api.w.org\/{rel}","templated":true}]}}