{"id":110899,"date":"2024-03-08T12:57:50","date_gmt":"2024-03-08T11:57:50","guid":{"rendered":"https:\/\/llyc.global\/?p=110899"},"modified":"2025-03-31T12:18:30","modified_gmt":"2025-03-31T10:18:30","slug":"o-sangue-tambem-adoece","status":"publish","type":"post","link":"https:\/\/llyc.global\/pt-pt\/ideas\/o-sangue-tambem-adoece\/","title":{"rendered":"O sangue tamb\u00e9m adoece"},"content":{"rendered":"<p><strong>O papel da comunica\u00e7\u00e3o quando os sintomas, o tratamento e os cuidados tardam em aparecer.<\/strong><\/p>\n<p>Durante muitos anos, os especialistas em sa\u00fade p\u00fablica tentaram definir os <strong>conceitos de sa\u00fade e de doen\u00e7a.<\/strong> Uma publica\u00e7\u00e3o da Faculdade de Sa\u00fade P\u00fablica da Universidade de Antioquia, na Col\u00f4mbia, refere que, dado que ambas s\u00e3o experi\u00eancias t\u00e3o pr\u00f3ximas das pessoas, a sua defini\u00e7\u00e3o \u00e9 particularmente complexa. Mas depois de um simples inqu\u00e9rito, concluiu-se que, quando se pensa em doen\u00e7a, esta \u00e9 associada a <strong>les\u00f5es ou altera\u00e7\u00f5es do funcionamento de algum \u00f3rg\u00e3o ou parte do corpo, mas que dificilmente se pensa em doen\u00e7as do sangue<\/strong>.<\/p>\n<p>No entanto, em alguns casos, as doen\u00e7as do sangue podem ser complicadas e tornar-se graves. E, por vezes, os <strong>sintomas aparecem tardiamente,<\/strong> resultando numa visita ao especialista antes do tempo adequado. De acordo com alguns hematologistas, a sociedade tende a confundir esta especialidade m\u00e9dica com o pessoal de laborat\u00f3rio, tornando dif\u00edcil para o doente saber a quem recorrer para conhecer melhor as doen\u00e7as hematol\u00f3gicas e obter melhores cuidados e, sobretudo, um melhor progn\u00f3stico.<\/p>\n","protected":false},"excerpt":{"rendered":"<p>O papel da comunica\u00e7\u00e3o quando os sintomas, o tratamento e os cuidados tardam em aparecer. Durante muitos anos, os especialistas em sa\u00fade p\u00fablica tentaram definir os conceitos de sa\u00fade e de doen\u00e7a. Uma publica\u00e7\u00e3o da Faculdade de Sa\u00fade P\u00fablica da Universidade de Antioquia, na Col\u00f4mbia, refere que, dado que ambas s\u00e3o experi\u00eancias t\u00e3o pr\u00f3ximas das [&hellip;]<\/p>\n","protected":false},"author":15,"featured_media":0,"comment_status":"closed","ping_status":"closed","sticky":false,"template":"","format":"standard","meta":{"_acf_changed":false,"_et_pb_use_builder":"","_et_pb_old_content":"","_et_gb_content_width":"","footnotes":""},"categories":[88],"class_list":["post-110899","post","type-post","status-publish","format-standard","hentry","category-ideas"],"acf":[],"yoast_head":"<!-- This site is optimized with the Yoast SEO Premium plugin v24.7 (Yoast SEO v24.7) - https:\/\/yoast.com\/wordpress\/plugins\/seo\/ -->\n<title>O sangue tamb\u00e9m adoece - LLYC<\/title>\n<meta name=\"description\" content=\"As doen\u00e7as do sangue s\u00e3o dif\u00edceis de detectar, e o atraso nos sintomas afeta o diagn\u00f3stico e o tratamento, exigindo maior consciencializa\u00e7\u00e3o.\" \/>\n<meta name=\"robots\" content=\"index, follow, max-snippet:-1, max-image-preview:large, max-video-preview:-1\" \/>\n<link rel=\"canonical\" href=\"https:\/\/llyc.global\/pt-pt\/ideas\/o-sangue-tambem-adoece\/\" \/>\n<meta property=\"og:locale\" content=\"pt_PT\" \/>\n<meta property=\"og:type\" content=\"article\" \/>\n<meta property=\"og:title\" content=\"O sangue tamb\u00e9m adoece\" \/>\n<meta property=\"og:description\" content=\"As doen\u00e7as do sangue s\u00e3o dif\u00edceis de detectar, e o atraso nos sintomas afeta o diagn\u00f3stico e o tratamento, exigindo maior consciencializa\u00e7\u00e3o.\" \/>\n<meta property=\"og:url\" content=\"https:\/\/llyc.global\/pt-pt\/ideas\/o-sangue-tambem-adoece\/\" \/>\n<meta property=\"og:site_name\" content=\"LLYC\" \/>\n<meta property=\"article:publisher\" content=\"https:\/\/www.facebook.com\/LLYC.Global\/\" \/>\n<meta property=\"article:published_time\" content=\"2024-03-08T11:57:50+00:00\" \/>\n<meta property=\"article:modified_time\" content=\"2025-03-31T10:18:30+00:00\" \/>\n<meta property=\"og:image\" content=\"https:\/\/llyc.global\/wp-content\/uploads\/2024\/03\/Mobile-3.png\" \/>\n\t<meta property=\"og:image:width\" content=\"354\" \/>\n\t<meta property=\"og:image:height\" content=\"316\" \/>\n\t<meta property=\"og:image:type\" content=\"image\/png\" \/>\n<meta name=\"author\" content=\"Garazi Ortuzar\" \/>\n<meta name=\"twitter:card\" content=\"summary_large_image\" \/>\n<meta name=\"twitter:creator\" content=\"@llorenteycuenca\" \/>\n<meta name=\"twitter:site\" content=\"@llorenteycuenca\" \/>\n<meta name=\"twitter:label1\" content=\"Written by\" \/>\n\t<meta name=\"twitter:data1\" content=\"Garazi Ortuzar\" \/>\n\t<meta name=\"twitter:label2\" content=\"Est. reading time\" \/>\n\t<meta name=\"twitter:data2\" content=\"1 minuto\" \/>\n<!-- \/ Yoast SEO Premium plugin. -->","yoast_head_json":{"title":"O sangue tamb\u00e9m adoece - LLYC","description":"As doen\u00e7as do sangue s\u00e3o dif\u00edceis de detectar, e o atraso nos sintomas afeta o diagn\u00f3stico e o tratamento, exigindo maior consciencializa\u00e7\u00e3o.","robots":{"index":"index","follow":"follow","max-snippet":"max-snippet:-1","max-image-preview":"max-image-preview:large","max-video-preview":"max-video-preview:-1"},"canonical":"https:\/\/llyc.global\/pt-pt\/ideas\/o-sangue-tambem-adoece\/","og_locale":"pt_PT","og_type":"article","og_title":"O sangue tamb\u00e9m adoece","og_description":"As doen\u00e7as do sangue s\u00e3o dif\u00edceis de detectar, e o atraso nos sintomas afeta o diagn\u00f3stico e o tratamento, exigindo maior consciencializa\u00e7\u00e3o.","og_url":"https:\/\/llyc.global\/pt-pt\/ideas\/o-sangue-tambem-adoece\/","og_site_name":"LLYC","article_publisher":"https:\/\/www.facebook.com\/LLYC.Global\/","article_published_time":"2024-03-08T11:57:50+00:00","article_modified_time":"2025-03-31T10:18:30+00:00","og_image":[{"width":354,"height":316,"url":"https:\/\/llyc.global\/wp-content\/uploads\/2024\/03\/Mobile-3.png","type":"image\/png"}],"author":"Garazi Ortuzar","twitter_card":"summary_large_image","twitter_creator":"@llorenteycuenca","twitter_site":"@llorenteycuenca","twitter_misc":{"Written by":"Garazi Ortuzar","Est. reading time":"1 minuto"},"schema":{"@context":"https:\/\/schema.org","@graph":[{"@type":"WebPage","@id":"https:\/\/llyc.global\/pt-pt\/ideas\/o-sangue-tambem-adoece\/","url":"https:\/\/llyc.global\/pt-pt\/ideas\/o-sangue-tambem-adoece\/","name":"O sangue tamb\u00e9m adoece - LLYC","isPartOf":{"@id":"https:\/\/llyc.global\/pt-pt\/#website"},"datePublished":"2024-03-08T11:57:50+00:00","dateModified":"2025-03-31T10:18:30+00:00","author":{"@id":"https:\/\/llyc.global\/pt-pt\/#\/schema\/person\/27bbe9f2068727809830306108e3ddcb"},"description":"As doen\u00e7as do sangue s\u00e3o dif\u00edceis de detectar, e o atraso nos sintomas afeta o diagn\u00f3stico e o tratamento, exigindo maior consciencializa\u00e7\u00e3o.","breadcrumb":{"@id":"https:\/\/llyc.global\/pt-pt\/ideas\/o-sangue-tambem-adoece\/#breadcrumb"},"inLanguage":"pt-PT","potentialAction":[{"@type":"ReadAction","target":["https:\/\/llyc.global\/pt-pt\/ideas\/o-sangue-tambem-adoece\/"]}]},{"@type":"BreadcrumbList","@id":"https:\/\/llyc.global\/pt-pt\/ideas\/o-sangue-tambem-adoece\/#breadcrumb","itemListElement":[{"@type":"ListItem","position":1,"name":"Home","item":"https:\/\/llyc.global\/pt-pt\/"},{"@type":"ListItem","position":2,"name":"O sangue tamb\u00e9m adoece"}]},{"@type":"WebSite","@id":"https:\/\/llyc.global\/pt-pt\/#website","url":"https:\/\/llyc.global\/pt-pt\/","name":"LLYC","description":"Consultoria de comunicaci\u00f3n marketing y asuntos p\u00fablicos","potentialAction":[{"@type":"SearchAction","target":{"@type":"EntryPoint","urlTemplate":"https:\/\/llyc.global\/pt-pt\/?s={search_term_string}"},"query-input":{"@type":"PropertyValueSpecification","valueRequired":true,"valueName":"search_term_string"}}],"inLanguage":"pt-PT"},{"@type":"Person","@id":"https:\/\/llyc.global\/pt-pt\/#\/schema\/person\/27bbe9f2068727809830306108e3ddcb","name":"Garazi Ortuzar","image":{"@type":"ImageObject","inLanguage":"pt-PT","@id":"https:\/\/llyc.global\/pt-pt\/#\/schema\/person\/image\/","url":"https:\/\/secure.gravatar.com\/avatar\/f8ca64158bed2d8abb6222dbafe7f6d3?s=96&d=mm&r=g","contentUrl":"https:\/\/secure.gravatar.com\/avatar\/f8ca64158bed2d8abb6222dbafe7f6d3?s=96&d=mm&r=g","caption":"Garazi Ortuzar"}}]}},"_links":{"self":[{"href":"https:\/\/llyc.global\/pt-pt\/wp-json\/wp\/v2\/posts\/110899","targetHints":{"allow":["GET"]}}],"collection":[{"href":"https:\/\/llyc.global\/pt-pt\/wp-json\/wp\/v2\/posts"}],"about":[{"href":"https:\/\/llyc.global\/pt-pt\/wp-json\/wp\/v2\/types\/post"}],"author":[{"embeddable":true,"href":"https:\/\/llyc.global\/pt-pt\/wp-json\/wp\/v2\/users\/15"}],"replies":[{"embeddable":true,"href":"https:\/\/llyc.global\/pt-pt\/wp-json\/wp\/v2\/comments?post=110899"}],"version-history":[{"count":4,"href":"https:\/\/llyc.global\/pt-pt\/wp-json\/wp\/v2\/posts\/110899\/revisions"}],"predecessor-version":[{"id":197798,"href":"https:\/\/llyc.global\/pt-pt\/wp-json\/wp\/v2\/posts\/110899\/revisions\/197798"}],"wp:attachment":[{"href":"https:\/\/llyc.global\/pt-pt\/wp-json\/wp\/v2\/media?parent=110899"}],"wp:term":[{"taxonomy":"category","embeddable":true,"href":"https:\/\/llyc.global\/pt-pt\/wp-json\/wp\/v2\/categories?post=110899"}],"curies":[{"name":"wp","href":"https:\/\/api.w.org\/{rel}","templated":true}]}}