{"id":138532,"date":"2024-10-25T16:55:15","date_gmt":"2024-10-25T14:55:15","guid":{"rendered":"https:\/\/llyc.global\/ideas\/sopa-de-senas-de-la-moderna-gana-plata-en-los-effie-latam-2024\/"},"modified":"2024-10-29T16:09:30","modified_gmt":"2024-10-29T15:09:30","slug":"sopa-de-senas-da-la-moderna-ganha-prata-no-effie-latam-2024","status":"publish","type":"post","link":"https:\/\/llyc.global\/pt-pt\/marketing\/tendencias\/sopa-de-senas-da-la-moderna-ganha-prata-no-effie-latam-2024\/","title":{"rendered":"\u201cSopa de Se\u00f1as\u201d, da La Moderna, ganha Prata no Effie Latam 2024"},"content":{"rendered":"<p>\u201c<strong>A \u201cSopa de Se\u00f1as\u201d, da La Moderna<\/strong>, foi premiada com Prata na gala Effie Latam 2024, realizada no dia 24 de outubro, em Cartagena das \u00cdndias, na Col\u00f4mbia.<\/p>\n<p>Esta campanha transformadora, lan\u00e7ada por ocasi\u00e3o do<strong> Dia Nacional da L\u00edngua Gestual<\/strong>, transformou um produto quotidiano numa poderosa ferramenta educativa e inclusiva, integrando o alfabeto da L\u00edngua Gestual Mexicana diretamente na embalagem da sopa. A iniciativa tamb\u00e9m incluiu um c\u00f3digo QR que direcionou os consumidores para um mundo interativo de aprendizagem com frases simples, master classes e kits educativos, promovendo a aprendizagem e a inclus\u00e3o.<\/p>\n<p>Os resultados falam por si:<\/p>\n<ul>\n<li><strong>2,7 milh\u00f5es de sopas<\/strong> distribu\u00eddas nos principais supermercados do M\u00e9xico.<\/li>\n<li>Um alcance de <strong>22 milh\u00f5es de pessoas e 91 milh\u00f5es de impress\u00f5es nos media<\/strong>.<\/li>\n<li>Mais de 200.000 novos aprendizes de l\u00edngua gestual.<\/li>\n<\/ul>\n<p>Este reconhecimento n\u00e3o s\u00f3 sublinha a efic\u00e1cia e a criatividade da campanha, mas tamb\u00e9m o nosso compromisso com o impacto social positivo. <strong>A Sopa de Se\u00f1as<\/strong> continua a liderar com inova\u00e7\u00e3o e criatividade disruptiva.<\/p>\n<p><strong>Obrigado a todos os que confiaram em n\u00f3s para realizar este projeto &#8211;<\/strong> esta conquista leva-nos a continuar a criar campanhas que fazem a diferen\u00e7a!<\/p>\n<p><em>Esta tradu\u00e7\u00e3o foi efectuada com a IA.<\/em><\/p>\n","protected":false},"excerpt":{"rendered":"<p>\u201cA \u201cSopa de Se\u00f1as\u201d, da La Moderna, foi premiada com Prata na gala Effie Latam 2024, realizada no dia 24 de outubro, em Cartagena das \u00cdndias, na Col\u00f4mbia. Esta campanha transformadora, lan\u00e7ada por ocasi\u00e3o do Dia Nacional da L\u00edngua Gestual, transformou um produto quotidiano numa poderosa ferramenta educativa e inclusiva, integrando o alfabeto da L\u00edngua [&hellip;]<\/p>\n","protected":false},"author":22,"featured_media":0,"comment_status":"closed","ping_status":"closed","sticky":false,"template":"","format":"standard","meta":{"_acf_changed":false,"_et_pb_use_builder":"","_et_pb_old_content":"","_et_gb_content_width":"","footnotes":""},"categories":[95],"class_list":["post-138532","post","type-post","status-publish","format-standard","hentry","category-marketing"],"acf":[],"yoast_head":"<!-- This site is optimized with the Yoast SEO Premium plugin v24.7 (Yoast SEO v24.7) - https:\/\/yoast.com\/wordpress\/plugins\/seo\/ -->\n<title>\u201cSopa de Se\u00f1as\u201d, da La Moderna, ganha Prata no Effie Latam 2024 - LLYC<\/title>\n<meta name=\"description\" content=\"A campanha &quot;Sopa de Se\u00f1as&quot; da La Moderna ganha Prata nos Effie Latam 2024, promovendo a inclus\u00e3o e o ensino da l\u00edngua gestual no M\u00e9xico.\" \/>\n<meta name=\"robots\" content=\"index, follow, max-snippet:-1, max-image-preview:large, max-video-preview:-1\" \/>\n<link rel=\"canonical\" href=\"https:\/\/llyc.global\/pt-pt\/marketing\/tendencias\/sopa-de-senas-da-la-moderna-ganha-prata-no-effie-latam-2024\/\" \/>\n<meta property=\"og:locale\" content=\"pt_PT\" \/>\n<meta property=\"og:type\" content=\"article\" \/>\n<meta property=\"og:title\" content=\"\u201cSopa de Se\u00f1as\u201d, da La Moderna, ganha Prata no Effie Latam 2024\" \/>\n<meta property=\"og:description\" content=\"A campanha &quot;Sopa de Se\u00f1as&quot; da La Moderna ganha Prata nos Effie Latam 2024, promovendo a inclus\u00e3o e o ensino da l\u00edngua gestual no M\u00e9xico.\" \/>\n<meta property=\"og:url\" content=\"https:\/\/llyc.global\/pt-pt\/marketing\/tendencias\/sopa-de-senas-da-la-moderna-ganha-prata-no-effie-latam-2024\/\" \/>\n<meta property=\"og:site_name\" content=\"LLYC\" \/>\n<meta property=\"article:publisher\" content=\"https:\/\/www.facebook.com\/LLYC.Global\/\" \/>\n<meta property=\"article:published_time\" content=\"2024-10-25T14:55:15+00:00\" \/>\n<meta property=\"article:modified_time\" content=\"2024-10-29T15:09:30+00:00\" \/>\n<meta property=\"og:image\" content=\"https:\/\/llyc.global\/wp-content\/uploads\/2024\/10\/effie.jpg\" \/>\n\t<meta property=\"og:image:width\" content=\"1690\" \/>\n\t<meta property=\"og:image:height\" content=\"647\" \/>\n\t<meta property=\"og:image:type\" content=\"image\/jpeg\" \/>\n<meta name=\"author\" content=\"Karla Cruz Cabrera\" \/>\n<meta name=\"twitter:card\" content=\"summary_large_image\" \/>\n<meta name=\"twitter:creator\" content=\"@llorenteycuenca\" \/>\n<meta name=\"twitter:site\" content=\"@llorenteycuenca\" \/>\n<meta name=\"twitter:label1\" content=\"Written by\" \/>\n\t<meta name=\"twitter:data1\" content=\"Karla Cruz Cabrera\" \/>\n\t<meta name=\"twitter:label2\" content=\"Est. reading time\" \/>\n\t<meta name=\"twitter:data2\" content=\"1 minuto\" \/>\n<!-- \/ Yoast SEO Premium plugin. -->","yoast_head_json":{"title":"\u201cSopa de Se\u00f1as\u201d, da La Moderna, ganha Prata no Effie Latam 2024 - LLYC","description":"A campanha \"Sopa de Se\u00f1as\" da La Moderna ganha Prata nos Effie Latam 2024, promovendo a inclus\u00e3o e o ensino da l\u00edngua gestual no M\u00e9xico.","robots":{"index":"index","follow":"follow","max-snippet":"max-snippet:-1","max-image-preview":"max-image-preview:large","max-video-preview":"max-video-preview:-1"},"canonical":"https:\/\/llyc.global\/pt-pt\/marketing\/tendencias\/sopa-de-senas-da-la-moderna-ganha-prata-no-effie-latam-2024\/","og_locale":"pt_PT","og_type":"article","og_title":"\u201cSopa de Se\u00f1as\u201d, da La Moderna, ganha Prata no Effie Latam 2024","og_description":"A campanha \"Sopa de Se\u00f1as\" da La Moderna ganha Prata nos Effie Latam 2024, promovendo a inclus\u00e3o e o ensino da l\u00edngua gestual no M\u00e9xico.","og_url":"https:\/\/llyc.global\/pt-pt\/marketing\/tendencias\/sopa-de-senas-da-la-moderna-ganha-prata-no-effie-latam-2024\/","og_site_name":"LLYC","article_publisher":"https:\/\/www.facebook.com\/LLYC.Global\/","article_published_time":"2024-10-25T14:55:15+00:00","article_modified_time":"2024-10-29T15:09:30+00:00","og_image":[{"width":1690,"height":647,"url":"https:\/\/llyc.global\/wp-content\/uploads\/2024\/10\/effie.jpg","type":"image\/jpeg"}],"author":"Karla Cruz Cabrera","twitter_card":"summary_large_image","twitter_creator":"@llorenteycuenca","twitter_site":"@llorenteycuenca","twitter_misc":{"Written by":"Karla Cruz Cabrera","Est. reading time":"1 minuto"},"schema":{"@context":"https:\/\/schema.org","@graph":[{"@type":"WebPage","@id":"https:\/\/llyc.global\/pt-pt\/marketing\/tendencias\/sopa-de-senas-da-la-moderna-ganha-prata-no-effie-latam-2024\/","url":"https:\/\/llyc.global\/pt-pt\/marketing\/tendencias\/sopa-de-senas-da-la-moderna-ganha-prata-no-effie-latam-2024\/","name":"\u201cSopa de Se\u00f1as\u201d, da La Moderna, ganha Prata no Effie Latam 2024 - LLYC","isPartOf":{"@id":"https:\/\/llyc.global\/pt-pt\/#website"},"datePublished":"2024-10-25T14:55:15+00:00","dateModified":"2024-10-29T15:09:30+00:00","author":{"@id":"https:\/\/llyc.global\/pt-pt\/#\/schema\/person\/54becd68bec7ae94ccaaa5662a99fef9"},"description":"A campanha \"Sopa de Se\u00f1as\" da La Moderna ganha Prata nos Effie Latam 2024, promovendo a inclus\u00e3o e o ensino da l\u00edngua gestual no M\u00e9xico.","breadcrumb":{"@id":"https:\/\/llyc.global\/pt-pt\/marketing\/tendencias\/sopa-de-senas-da-la-moderna-ganha-prata-no-effie-latam-2024\/#breadcrumb"},"inLanguage":"pt-PT","potentialAction":[{"@type":"ReadAction","target":["https:\/\/llyc.global\/pt-pt\/marketing\/tendencias\/sopa-de-senas-da-la-moderna-ganha-prata-no-effie-latam-2024\/"]}]},{"@type":"BreadcrumbList","@id":"https:\/\/llyc.global\/pt-pt\/marketing\/tendencias\/sopa-de-senas-da-la-moderna-ganha-prata-no-effie-latam-2024\/#breadcrumb","itemListElement":[{"@type":"ListItem","position":1,"name":"Home","item":"https:\/\/llyc.global\/pt-pt\/"},{"@type":"ListItem","position":2,"name":"\u201cSopa de Se\u00f1as\u201d, da La Moderna, ganha Prata no Effie Latam 2024"}]},{"@type":"WebSite","@id":"https:\/\/llyc.global\/pt-pt\/#website","url":"https:\/\/llyc.global\/pt-pt\/","name":"LLYC","description":"Consultoria de comunicaci\u00f3n marketing y asuntos p\u00fablicos","potentialAction":[{"@type":"SearchAction","target":{"@type":"EntryPoint","urlTemplate":"https:\/\/llyc.global\/pt-pt\/?s={search_term_string}"},"query-input":{"@type":"PropertyValueSpecification","valueRequired":true,"valueName":"search_term_string"}}],"inLanguage":"pt-PT"},{"@type":"Person","@id":"https:\/\/llyc.global\/pt-pt\/#\/schema\/person\/54becd68bec7ae94ccaaa5662a99fef9","name":"Karla Cruz Cabrera","image":{"@type":"ImageObject","inLanguage":"pt-PT","@id":"https:\/\/llyc.global\/pt-pt\/#\/schema\/person\/image\/","url":"https:\/\/secure.gravatar.com\/avatar\/7d7f7916b167732e8952fd54d1a28124?s=96&d=mm&r=g","contentUrl":"https:\/\/secure.gravatar.com\/avatar\/7d7f7916b167732e8952fd54d1a28124?s=96&d=mm&r=g","caption":"Karla Cruz Cabrera"}}]}},"_links":{"self":[{"href":"https:\/\/llyc.global\/pt-pt\/wp-json\/wp\/v2\/posts\/138532","targetHints":{"allow":["GET"]}}],"collection":[{"href":"https:\/\/llyc.global\/pt-pt\/wp-json\/wp\/v2\/posts"}],"about":[{"href":"https:\/\/llyc.global\/pt-pt\/wp-json\/wp\/v2\/types\/post"}],"author":[{"embeddable":true,"href":"https:\/\/llyc.global\/pt-pt\/wp-json\/wp\/v2\/users\/22"}],"replies":[{"embeddable":true,"href":"https:\/\/llyc.global\/pt-pt\/wp-json\/wp\/v2\/comments?post=138532"}],"version-history":[{"count":2,"href":"https:\/\/llyc.global\/pt-pt\/wp-json\/wp\/v2\/posts\/138532\/revisions"}],"predecessor-version":[{"id":138612,"href":"https:\/\/llyc.global\/pt-pt\/wp-json\/wp\/v2\/posts\/138532\/revisions\/138612"}],"wp:attachment":[{"href":"https:\/\/llyc.global\/pt-pt\/wp-json\/wp\/v2\/media?parent=138532"}],"wp:term":[{"taxonomy":"category","embeddable":true,"href":"https:\/\/llyc.global\/pt-pt\/wp-json\/wp\/v2\/categories?post=138532"}],"curies":[{"name":"wp","href":"https:\/\/api.w.org\/{rel}","templated":true}]}}