{"id":144273,"date":"2024-11-14T09:18:44","date_gmt":"2024-11-14T08:18:44","guid":{"rendered":"https:\/\/llyc.global\/?p=144273"},"modified":"2024-11-14T09:18:55","modified_gmt":"2024-11-14T08:18:55","slug":"javier-milei-o-profeta-da-polarizacao","status":"publish","type":"post","link":"https:\/\/llyc.global\/pt-pt\/ideas\/uno\/javier-milei-o-profeta-da-polarizacao\/","title":{"rendered":"Javier Milei, o profeta da polariza\u00e7\u00e3o"},"content":{"rendered":"<p>Javier Milei venceu as elei\u00e7\u00f5es sem partido nem equipa, sem experi\u00eancia de Estado, sem financiamento. Ofereceu a uma sociedade angustiada um programa radical de cortes e uma m\u00e3o de ferro quando detetou que, perante a persist\u00eancia da crise econ\u00f3mica, o caos poderia ser uma op\u00e7\u00e3o mais atrativa do que aquilo que se conhecia. E se os argentinos tomassem uma decis\u00e3o imprudente, a comunica\u00e7\u00e3o tinha de cumprir o seu dever: ajud\u00e1-los.<\/p>\n<p>O sucesso de Milei assenta na sua capacidade de assimilar a transforma\u00e7\u00e3o do discurso, da est\u00e9tica e da conviv\u00eancia pol\u00edtica. A sua campanha, primeiro, e o seu governo, depois, souberam explorar a raiva social a seu favor, com base numa polariza\u00e7\u00e3o extrema e numa agressividade estrat\u00e9gica.<\/p>\n<p>Assenta que nem uma luva no estere\u00f3tipo do <em>presidente-troll<\/em>, guiado pela l\u00f3gica dos algoritmos que regem as redes sociais. Converter-se numa \u201ctend\u00eancia\u201d \u00e9 uma quest\u00e3o de estado para Milei. Celebra as m\u00e9tricas das visualiza\u00e7\u00f5es dos seus tweets como se fossem trof\u00e9us, sem vergonha de se comparar a figuras mundiais que o inspiraram, como Donald Trump. Pensa nas audi\u00eancias antes dos cidad\u00e3os. Uma rede de <em>influencers<\/em> amplifica a narrativa oficial, ataca os opositores e identifica os traidores.<\/p>\n<p>N\u00e3o existem armas proibidas para chamar a aten\u00e7\u00e3o. Que melhor s\u00edmbolo do que a sua imagem com uma motosserra ligada e a promessa de \u201cdestruir o Estado\u201d que pretende liderar. At\u00e9 a vulgaridade pode ser um valor. Milei compreendeu-o bem quando incorporou a palavra \u201ccarajo\u201d no seu grito de guerra: \u201cViva la libertad\u201d. N\u00e3o faz diferen\u00e7a irritar algumas pessoas se, em contrapartida, isso entusiasmar outras tantas.<\/p>\n<p>Os seus cr\u00edticos costumavam sublinhar a fraqueza institucional da sua forma\u00e7\u00e3o: \u201c\u00c9 ele, a sua irm\u00e3 e os seus cinco c\u00e3es\u201d. Com o tempo, descobriram que a descri\u00e7\u00e3o seria intoleravelmente injusta se n\u00e3o inclu\u00edssem o guru da comunica\u00e7\u00e3o, Santiago Caputo. O consultor de 38 anos concebeu a campanha presidencial e \u00e9 agora o chefe virtual da administra\u00e7\u00e3o, embora no papel seja apenas um conselheiro.<\/p>\n<p>Milei era um diamante em bruto nas suas m\u00e3os. Os produtores de televis\u00e3o foram os primeiros a detetar algo de magn\u00e9tico nesta personagem capaz de combinar a an\u00e1lise acad\u00e9mica e o insulto de um momento para o outro; o cabelo rebelde e a sobriedade de um fato escuro; a moral religiosa e a raiva contra o poder estabelecido. Transformaram-no num apresentador de <em>talk shows<\/em> a tempo inteiro durante os anos em que os argentinos come\u00e7avam a sentir a decad\u00eancia como um destino.<br \/>\n&nbsp;<\/p>\n<h5>Os produtores de televis\u00e3o detetaram algo magn\u00e9tico neste personagem. Transformaram-no num apresentador de talk shows a tempo inteiro, numa altura em que os argentinos come\u00e7avam a sentir a decad\u00eancia como um destino<\/h5>\n<p>&nbsp;<br \/>\nCaputo ajudou Milei a deixar de ser uma caricatura sem perder a sua frescura. Aplicou m\u00e9todos e estrat\u00e9gias que j\u00e1 estavam a triunfar noutros pa\u00edses da regi\u00e3o. A lideran\u00e7a agressiva, messi\u00e2nica e divisiva atravessa a Am\u00e9rica Latina como um novo normal. Da experi\u00eancia de Jair Bolsonaro, no Brasil, a Gustavo Petro, na Col\u00f4mbia. De Nayib Bukele em El Salvador a Andr\u00e9s L\u00f3pez Obrador no M\u00e9xico.<\/p>\n<p>O chavismo e os seus aliados &#8211; tal como o kirchnerismo que Milei derrotou &#8211; s\u00e3o uma inspira\u00e7\u00e3o long\u00ednqua para estes exerc\u00edcios de polariza\u00e7\u00e3o. Se esses \u201cpioneiros\u201d da esquerda lutaram contra a oligarquia, o monstro de Milei \u00e9 o Estado.<\/p>\n<p>A t\u00e9cnica foi aperfei\u00e7oada pelos \u201cengenheiros do caos\u201d que dominam a intermedia\u00e7\u00e3o digital. Partem do princ\u00edpio de que existe uma transfer\u00eancia de poder da esfera pol\u00edtica para a esfera tecnol\u00f3gica: o debate passou dos caf\u00e9s e dos est\u00fadios de televis\u00e3o para o telem\u00f3vel.<\/p>\n<p>A din\u00e2mica das plataformas visa aumentar o tempo que um utilizador passa <em>online<\/em>. As mensagens inflamat\u00f3rias prevalecem sobre o debate calmo. Se o advers\u00e1rio ficar ofendido, tanto melhor. A toler\u00e2ncia e a discord\u00e2ncia est\u00e3o escondidas no canto desprezado do politicamente correto.<\/p>\n<p>Milei interpreta um gui\u00e3o testado e comprovado. Vende-se a si pr\u00f3prio como o carrasco que vai acabar com \u201ca casta\u201d que condena o seu pa\u00eds ao fracasso e tra\u00e7a a linha que divide os bons dos maus. O seu talento para provocar a c\u00f3lera assusta os seus advers\u00e1rios: indica \u00e0 opini\u00e3o p\u00fablica quem deve ser culpado e quem deve ser acolhido na nova ordem.<\/p>\n<p>Faz da contradi\u00e7\u00e3o uma virtude. No ecossistema digital, mensagens diferentes funcionam para p\u00fablicos diferentes e \u00e9 poss\u00edvel forjar maiorias interagindo com comunidades dispersas. Tudo o que \u00e9 necess\u00e1rio \u00e9 uma segmenta\u00e7\u00e3o inteligente.<\/p>\n<p>Ao contr\u00e1rio de outros l\u00edderes do seu g\u00e9nero, o presidente argentino \u00e9 um crente antes de ser um l\u00edder. \u00c9 um profeta das ideias que far\u00e3o da Argentina \u201ca na\u00e7\u00e3o mais pr\u00f3spera do mundo\u201d. Ao liberalismo que prega, acrescenta uma componente moral que radicaliza qualquer discuss\u00e3o. Numa altura em que as pessoas se afastam da pol\u00edtica, este prop\u00f5e uma mitologia. A sua \u00e2ncora identit\u00e1ria \u00e9 um passado de grandeza econ\u00f3mica, tal como noutras latitudes o nacionalismo, a religi\u00e3o e a ra\u00e7a desempenham esse papel.<\/p>\n<p>Recorre frequentemente ao grito e ao insulto. \u00c9 visto como \u201caut\u00eantico\u201d: se a pol\u00edtica \u00e9 teatro, ele sobe ao palco para se representar a si pr\u00f3prio.<br \/>\n&nbsp;<\/p>\n<h5>Afirma que o jornalismo \u00e9 uma coisa do passado e que os meios de comunica\u00e7\u00e3o tradicionais j\u00e1 n\u00e3o t\u00eam um papel na forma\u00e7\u00e3o da opini\u00e3o p\u00fablica. Gosta de intervir nas redes e de conversar com os comunicadores que o deixam falar<\/h5>\n<p>&nbsp;<br \/>\n\u00c9 por isso que rejeita os artif\u00edcios da pol\u00edtica cl\u00e1ssica. Em oito meses de mandato, Milei n\u00e3o deu uma \u00fanica confer\u00eancia de imprensa. Diz que o jornalismo \u00e9 uma coisa do passado e que os meios de comunica\u00e7\u00e3o tradicionais j\u00e1 n\u00e3o desempenham qualquer papel na forma\u00e7\u00e3o da opini\u00e3o p\u00fablica. N\u00e3o se sente atra\u00eddo por fazer discursos atr\u00e1s de um p\u00falpito. Quando \u00e9 obrigado a faz\u00ea-lo, d\u00e1 aulas magistrais de teoria econ\u00f3mica. Em vez disso, gosta de intervir nas redes sociais e de conversar com comunicadores que o deixam falar com poucas interrup\u00e7\u00f5es.<\/p>\n<p>Desta forma, construiu uma lideran\u00e7a subversiva e avassaladora. Enfrenta agora um desafio que os seus admiradores Trump e Bolsonaro j\u00e1 vivenciaram. A polariza\u00e7\u00e3o extrema \u00e9 muitas vezes uma faca de dois gumes: bem-sucedida para alcan\u00e7ar o poder; perigosa para exerc\u00ea-lo de forma eficiente.<\/p>\n","protected":false},"excerpt":{"rendered":"<p>Javier Milei venceu as elei\u00e7\u00f5es sem partido nem equipa, sem experi\u00eancia de Estado, sem financiamento. Ofereceu a uma sociedade angustiada um programa radical de cortes e uma m\u00e3o de ferro quando detetou que, perante a persist\u00eancia da crise econ\u00f3mica, o caos poderia ser uma op\u00e7\u00e3o mais atrativa do que aquilo que se conhecia. E se [&hellip;]<\/p>\n","protected":false},"author":22,"featured_media":0,"comment_status":"closed","ping_status":"closed","sticky":false,"template":"","format":"standard","meta":{"_acf_changed":false,"_et_pb_use_builder":"","_et_pb_old_content":"","_et_gb_content_width":"","footnotes":""},"categories":[88],"class_list":["post-144273","post","type-post","status-publish","format-standard","hentry","category-ideas"],"acf":[],"yoast_head":"<!-- This site is optimized with the Yoast SEO Premium plugin v24.7 (Yoast SEO v24.7) - https:\/\/yoast.com\/wordpress\/plugins\/seo\/ -->\n<title>Javier Milei, o profeta da polariza\u00e7\u00e3o - LLYC - Revista UNO 41<\/title>\n<meta name=\"description\" content=\"Javier Milei, s\u00edmbolo da polariza\u00e7\u00e3o pol\u00edtica, utiliza as redes sociais e o discurso radical para construir a sua lideran\u00e7a disruptiva na Argentina.\" \/>\n<meta name=\"robots\" content=\"index, follow, max-snippet:-1, max-image-preview:large, max-video-preview:-1\" \/>\n<link rel=\"canonical\" href=\"https:\/\/llyc.global\/pt-pt\/ideas\/uno\/javier-milei-o-profeta-da-polarizacao\/\" \/>\n<meta property=\"og:locale\" content=\"pt_PT\" \/>\n<meta property=\"og:type\" content=\"article\" \/>\n<meta property=\"og:title\" content=\"Javier Milei, o profeta da polariza\u00e7\u00e3o\" \/>\n<meta property=\"og:description\" content=\"Javier Milei, s\u00edmbolo da polariza\u00e7\u00e3o pol\u00edtica, utiliza as redes sociais e o discurso radical para construir a sua lideran\u00e7a disruptiva na Argentina.\" \/>\n<meta property=\"og:url\" content=\"https:\/\/llyc.global\/pt-pt\/ideas\/uno\/javier-milei-o-profeta-da-polarizacao\/\" \/>\n<meta property=\"og:site_name\" content=\"LLYC\" \/>\n<meta property=\"article:publisher\" content=\"https:\/\/www.facebook.com\/LLYC.Global\/\" \/>\n<meta property=\"article:published_time\" content=\"2024-11-14T08:18:44+00:00\" \/>\n<meta property=\"article:modified_time\" content=\"2024-11-14T08:18:55+00:00\" \/>\n<meta property=\"og:image\" content=\"https:\/\/llyc.global\/wp-content\/uploads\/2024\/11\/JavierMilei_desktop.jpg\" \/>\n\t<meta property=\"og:image:width\" content=\"1691\" \/>\n\t<meta property=\"og:image:height\" content=\"648\" \/>\n\t<meta property=\"og:image:type\" content=\"image\/jpeg\" \/>\n<meta name=\"author\" content=\"Karla Cruz Cabrera\" \/>\n<meta name=\"twitter:card\" content=\"summary_large_image\" \/>\n<meta name=\"twitter:creator\" content=\"@llorenteycuenca\" \/>\n<meta name=\"twitter:site\" content=\"@llorenteycuenca\" \/>\n<meta name=\"twitter:label1\" content=\"Written by\" \/>\n\t<meta name=\"twitter:data1\" content=\"Karla Cruz Cabrera\" \/>\n\t<meta name=\"twitter:label2\" content=\"Est. reading time\" \/>\n\t<meta name=\"twitter:data2\" content=\"5 minutos\" \/>\n<!-- \/ Yoast SEO Premium plugin. -->","yoast_head_json":{"title":"Javier Milei, o profeta da polariza\u00e7\u00e3o - LLYC - Revista UNO 41","description":"Javier Milei, s\u00edmbolo da polariza\u00e7\u00e3o pol\u00edtica, utiliza as redes sociais e o discurso radical para construir a sua lideran\u00e7a disruptiva na Argentina.","robots":{"index":"index","follow":"follow","max-snippet":"max-snippet:-1","max-image-preview":"max-image-preview:large","max-video-preview":"max-video-preview:-1"},"canonical":"https:\/\/llyc.global\/pt-pt\/ideas\/uno\/javier-milei-o-profeta-da-polarizacao\/","og_locale":"pt_PT","og_type":"article","og_title":"Javier Milei, o profeta da polariza\u00e7\u00e3o","og_description":"Javier Milei, s\u00edmbolo da polariza\u00e7\u00e3o pol\u00edtica, utiliza as redes sociais e o discurso radical para construir a sua lideran\u00e7a disruptiva na Argentina.","og_url":"https:\/\/llyc.global\/pt-pt\/ideas\/uno\/javier-milei-o-profeta-da-polarizacao\/","og_site_name":"LLYC","article_publisher":"https:\/\/www.facebook.com\/LLYC.Global\/","article_published_time":"2024-11-14T08:18:44+00:00","article_modified_time":"2024-11-14T08:18:55+00:00","og_image":[{"width":1691,"height":648,"url":"https:\/\/llyc.global\/wp-content\/uploads\/2024\/11\/JavierMilei_desktop.jpg","type":"image\/jpeg"}],"author":"Karla Cruz Cabrera","twitter_card":"summary_large_image","twitter_creator":"@llorenteycuenca","twitter_site":"@llorenteycuenca","twitter_misc":{"Written by":"Karla Cruz Cabrera","Est. reading time":"5 minutos"},"schema":{"@context":"https:\/\/schema.org","@graph":[{"@type":"WebPage","@id":"https:\/\/llyc.global\/pt-pt\/ideas\/uno\/javier-milei-o-profeta-da-polarizacao\/","url":"https:\/\/llyc.global\/pt-pt\/ideas\/uno\/javier-milei-o-profeta-da-polarizacao\/","name":"Javier Milei, o profeta da polariza\u00e7\u00e3o - LLYC - Revista UNO 41","isPartOf":{"@id":"https:\/\/llyc.global\/pt-pt\/#website"},"datePublished":"2024-11-14T08:18:44+00:00","dateModified":"2024-11-14T08:18:55+00:00","author":{"@id":"https:\/\/llyc.global\/pt-pt\/#\/schema\/person\/54becd68bec7ae94ccaaa5662a99fef9"},"description":"Javier Milei, s\u00edmbolo da polariza\u00e7\u00e3o pol\u00edtica, utiliza as redes sociais e o discurso radical para construir a sua lideran\u00e7a disruptiva na Argentina.","breadcrumb":{"@id":"https:\/\/llyc.global\/pt-pt\/ideas\/uno\/javier-milei-o-profeta-da-polarizacao\/#breadcrumb"},"inLanguage":"pt-PT","potentialAction":[{"@type":"ReadAction","target":["https:\/\/llyc.global\/pt-pt\/ideas\/uno\/javier-milei-o-profeta-da-polarizacao\/"]}]},{"@type":"BreadcrumbList","@id":"https:\/\/llyc.global\/pt-pt\/ideas\/uno\/javier-milei-o-profeta-da-polarizacao\/#breadcrumb","itemListElement":[{"@type":"ListItem","position":1,"name":"Home","item":"https:\/\/llyc.global\/pt-pt\/"},{"@type":"ListItem","position":2,"name":"Javier Milei, o profeta da polariza\u00e7\u00e3o"}]},{"@type":"WebSite","@id":"https:\/\/llyc.global\/pt-pt\/#website","url":"https:\/\/llyc.global\/pt-pt\/","name":"LLYC","description":"Consultoria de comunicaci\u00f3n marketing y asuntos p\u00fablicos","potentialAction":[{"@type":"SearchAction","target":{"@type":"EntryPoint","urlTemplate":"https:\/\/llyc.global\/pt-pt\/?s={search_term_string}"},"query-input":{"@type":"PropertyValueSpecification","valueRequired":true,"valueName":"search_term_string"}}],"inLanguage":"pt-PT"},{"@type":"Person","@id":"https:\/\/llyc.global\/pt-pt\/#\/schema\/person\/54becd68bec7ae94ccaaa5662a99fef9","name":"Karla Cruz Cabrera","image":{"@type":"ImageObject","inLanguage":"pt-PT","@id":"https:\/\/llyc.global\/pt-pt\/#\/schema\/person\/image\/","url":"https:\/\/secure.gravatar.com\/avatar\/7d7f7916b167732e8952fd54d1a28124?s=96&d=mm&r=g","contentUrl":"https:\/\/secure.gravatar.com\/avatar\/7d7f7916b167732e8952fd54d1a28124?s=96&d=mm&r=g","caption":"Karla Cruz Cabrera"}}]}},"_links":{"self":[{"href":"https:\/\/llyc.global\/pt-pt\/wp-json\/wp\/v2\/posts\/144273","targetHints":{"allow":["GET"]}}],"collection":[{"href":"https:\/\/llyc.global\/pt-pt\/wp-json\/wp\/v2\/posts"}],"about":[{"href":"https:\/\/llyc.global\/pt-pt\/wp-json\/wp\/v2\/types\/post"}],"author":[{"embeddable":true,"href":"https:\/\/llyc.global\/pt-pt\/wp-json\/wp\/v2\/users\/22"}],"replies":[{"embeddable":true,"href":"https:\/\/llyc.global\/pt-pt\/wp-json\/wp\/v2\/comments?post=144273"}],"version-history":[{"count":2,"href":"https:\/\/llyc.global\/pt-pt\/wp-json\/wp\/v2\/posts\/144273\/revisions"}],"predecessor-version":[{"id":144542,"href":"https:\/\/llyc.global\/pt-pt\/wp-json\/wp\/v2\/posts\/144273\/revisions\/144542"}],"wp:attachment":[{"href":"https:\/\/llyc.global\/pt-pt\/wp-json\/wp\/v2\/media?parent=144273"}],"wp:term":[{"taxonomy":"category","embeddable":true,"href":"https:\/\/llyc.global\/pt-pt\/wp-json\/wp\/v2\/categories?post=144273"}],"curies":[{"name":"wp","href":"https:\/\/api.w.org\/{rel}","templated":true}]}}