{"id":144329,"date":"2024-11-14T09:17:52","date_gmt":"2024-11-14T08:17:52","guid":{"rendered":"https:\/\/llyc.global\/?p=144329"},"modified":"2024-11-14T09:18:03","modified_gmt":"2024-11-14T08:18:03","slug":"como-proteger-o-valor-do-seu-negocio","status":"publish","type":"post","link":"https:\/\/llyc.global\/pt-pt\/ideas\/uno\/como-proteger-o-valor-do-seu-negocio\/","title":{"rendered":"Como Proteger o Valor do Seu Neg\u00f3cio?"},"content":{"rendered":"<p><span style=\"font-weight: 400;\">A<\/span>tualmente, cada intera\u00e7\u00e3o parece tornar-se um campo de batalha. O panorama atual do di\u00e1logo p\u00fablico evoluiu para um cen\u00e1rio de confronto constante. Quer se trate da tens\u00e3o fugaz de um tweet, da discuss\u00e3o acesa de um debate televisivo ou mesmo da espera trivial mas ansiosa para comprar p\u00e3o, o conflito j\u00e1 n\u00e3o \u00e9 a exce\u00e7\u00e3o, mas sim a regra. Para n\u00e3o falar de temas como a pol\u00edtica, a religi\u00e3o ou o futebol, outrora catalisadores de trocas construtivas, s\u00e3o agora gatilhos para conversas cada vez mais violentas e agressivas.<\/p>\n<p>Esta omnipresen\u00e7a da polariza\u00e7\u00e3o n\u00e3o s\u00f3 divide as opini\u00f5es, como tamb\u00e9m radicaliza os nossos pensamentos e emo\u00e7\u00f5es. Empurra-nos para um estado em que o simples desacordo se torna motivo de rejei\u00e7\u00e3o visceral. E como se a divis\u00e3o ideol\u00f3gica n\u00e3o fosse um desafio suficiente, enfrentamos tamb\u00e9m uma polariza\u00e7\u00e3o emocional crescente. Com efeito, os conflitos n\u00e3o se manifestam apenas atrav\u00e9s de diferen\u00e7as ideol\u00f3gicas, mas s\u00e3o tamb\u00e9m motivados por respostas emocionais intensas e muitas vezes extremas. Esta dimens\u00e3o emocional da polariza\u00e7\u00e3o acrescenta uma maior complexidade \u00e0 gest\u00e3o da comunica\u00e7\u00e3o e das rela\u00e7\u00f5es p\u00fablicas, exigindo uma maior sensibilidade e agilidade na nossa estrat\u00e9gia de liga\u00e7\u00e3o aos nossos stakeholders e de mitiga\u00e7\u00e3o do impacto destas tens\u00f5es emocionais.<\/p>\n<p>Neste sentido, o territ\u00f3rio pol\u00edtico dos Estados Unidos est\u00e1 t\u00e3o polarizado que existem mesmo comunidades que debatem se existe ou n\u00e3o efetivamente uma polariza\u00e7\u00e3o no pa\u00eds. De tal forma que o grupo de reflex\u00e3o Carnegie Endowment for International Peace elaborou um documento sobre o que pode ser feito nos EUA para fazer face a este fen\u00f3meno. \u201cEmbora os americanos n\u00e3o sejam t\u00e3o polarizados ideologicamente como pensam \u2013diz o documento\u2013, est\u00e3o polarizados emocionalmente (polariza\u00e7\u00e3o afetiva). Por outras palavras, n\u00e3o gostam dos membros do outro partido (pol\u00edtico) (1) .\u201d Mas deixemos de lado a pol\u00edtica, onde este fen\u00f3meno de divis\u00e3o \u00e9 mais f\u00e1cil e at\u00e9 esperado.<br \/>\n&nbsp;<\/p>\n<h5>A dimens\u00e3o emocional da polariza\u00e7\u00e3o torna ainda mais complexa a gest\u00e3o da comunica\u00e7\u00e3o. Exige maior sensibilidade e agilidade na estrat\u00e9gia de contacto com os stakeholders<\/h5>\n<p>&nbsp;<br \/>\nPraticamente todos os eventos de grande proje\u00e7\u00e3o podem tornar-se um campo de batalha para ideologias em conflito. A cerim\u00f3nia dos Jogos Ol\u00edmpicos de Paris 2024 n\u00e3o foi exce\u00e7\u00e3o, tendo evidenciado v\u00e1rias din\u00e2micas controversas na comunica\u00e7\u00e3o social moderna. Alguns viram a cerim\u00f3nia como uma demonstra\u00e7\u00e3o de orgulho cultural e de unidade internacional, enquanto que outros a encararam tendo em conta os custos econ\u00f3micos, as cren\u00e7as religiosas, as implica\u00e7\u00f5es pol\u00edticas, as orienta\u00e7\u00f5es sexuais ou as identidades de g\u00e9nero, entre outros.<\/p>\n<p>Nem mesmo os artistas de Hollywood t\u00eam descanso. Em agosto deste ano, a atriz Blake Lively foi objeto de um artigo (2) na Vogue Espanha, intitulado \u201c<em>Blake Lively e a sua crise reputacional durante a tumultuosa digress\u00e3o de \u201cIsto Acaba Aqui<\/em>\u201d. Esta reportagem baseia-se especificamente na polariza\u00e7\u00e3o gerada entre os seus f\u00e3s pelo seu comportamento durante a digress\u00e3o promocional do seu recente filme. Segundo os cr\u00edticos, em vez de ser uma voz evang\u00e9lica sobre a viol\u00eancia de g\u00e9nero, de acordo com o tema central do filme, ela promoveu o seu papel de mulher de neg\u00f3cios e \u201cfashioner\u201d, o que incendiou as plataformas \u201cX\u201d e TikTok entre os seus pr\u00f3prios f\u00e3s. Assim, vemos como este fen\u00f3meno j\u00e1 n\u00e3o germina apenas entre aliados e opositores, mas pode tamb\u00e9m gerar divis\u00f5es entre os nossos apoiantes.<\/p>\n<p>A polariza\u00e7\u00e3o acompanha-nos h\u00e1 algum tempo; no entanto, como vimos, a natureza interligada das plataformas das redes sociais tem sido a causa do seu agravamento, permitindo que vozes d\u00edspares e frequentemente polarizadas se juntem e amplifiquem as suas mensagens.<\/p>\n<p>Obviamente, as organiza\u00e7\u00f5es e as empresas n\u00e3o est\u00e3o isentas deste fen\u00f3meno; na verdade, est\u00e3o sob um escrut\u00ednio constante da sociedade. Neste contexto, \u00e9 fundamental que as empresas se preparem para enfrentar estes desafios de forma estrat\u00e9gica e cuidadosa. O objetivo \u00e9 evitar alienar mais grupos de interesse e, ao mesmo tempo, proteger e refor\u00e7ar a reputa\u00e7\u00e3o corporativa, que \u00e9 um reflexo direto da opini\u00e3o p\u00fablica. \u00c9 na reputa\u00e7\u00e3o que devemos concentrar os nossos esfor\u00e7os para proteger os capitais das nossas empresas no contexto atual.<\/p>\n<p>Estamos conscientes do quanto constru\u00edmos em prol da nossa reputa\u00e7\u00e3o? Como se comportaria a nossa empresa se uma situa\u00e7\u00e3o cr\u00edtica fosse desencadeada por este risco de polariza\u00e7\u00e3o? Temos novas regras do jogo e n\u00e3o podemos continuar com a gest\u00e3o tradicional. As empresas t\u00eam de recalibrar quando e como se fazem ouvir. Temos dois caminhos: a Resili\u00eancia e a Antifragilidade, que n\u00e3o devem ser mutuamente exclusivos.<br \/>\n&nbsp;<\/p>\n<h5>As empresas devem preparar-se para enfrentar estes desafios de forma estrat\u00e9gica. O objetivo: n\u00e3o alienar mais grupos de interesse e, ao mesmo tempo, proteger e refor\u00e7ar a reputa\u00e7\u00e3o corporativa<\/h5>\n<p>&nbsp;<br \/>\nNuma estrat\u00e9gia de Resili\u00eancia, temos de ser capazes de nos adaptar e recuperar perante qualquer adversidade.<\/p>\n<ul>\n<li>Aproveitar os momentos de calma para garantir que estamos bem equipados e somos capazes de identificar e analisar quando um sinal de alerta pode ser desencadeado, sem perder o controlo da situa\u00e7\u00e3o, para que possamos reagir e defender-nos de forma atempada e satisfat\u00f3ria. N\u00e3o s\u00f3 com um bom panorama dos riscos potenciais, mas tamb\u00e9m com planos de a\u00e7\u00e3o para ajudar a mitig\u00e1-los.<\/li>\n<li>Participar numa escuta ativa para compreender as diversas perspetivas dos stakeholders. Ao reunir coment\u00e1rios com opini\u00f5es diversas, as empresas podem antecipar melhor os potenciais problemas e responder proativamente \u00e0s preocupa\u00e7\u00f5es.<\/li>\n<\/ul>\n<p>Em termos de uma estrat\u00e9gia de Antifragilidade, precisamos de ser capazes de prosperar e crescer em contextos de volatilidade, para n\u00e3o congelarmos perante esta chuva de riscos que caem como tetromin\u00f3s (pe\u00e7as de Tetris).<\/p>\n<ul>\n<li>Liderar a comunica\u00e7\u00e3o das nossas empresas, porque a pior coisa que nos pode acontecer \u00e9 ter de enfrentar um risco e n\u00e3o ter uma almofada reputacional que, pelo menos, nos d\u00ea o benef\u00edcio da d\u00favida.<\/li>\n<li>Investir em iniciativas que d\u00e3o vida ao objetivo da empresa e dar-lhes prioridade em rela\u00e7\u00e3o a a\u00e7\u00f5es com benef\u00edcios a curto prazo.<\/li>\n<li>Utilizar o pensamento sist\u00e9mico de Marca\/ Reputa\u00e7\u00e3o, para garantir que identificamos oportunidades para desenvolver uma hist\u00f3ria de acordo com a nossa promessa de valor, com base em: pilares da Marca (Personalidade, Promessa, Cultura e Objetivo) e fatores reputacionais (Personalidade, Promessa, Cultura, Objetivo e Contribui\u00e7\u00e3o).<\/li>\n<\/ul>\n<p>&nbsp;<\/p>\n<h5>O verdadeiro desafio para sermos valorizados pelos nossos stakeholders consiste em construir uma reputa\u00e7\u00e3o baseada num modelo de gest\u00e3o que seja respons\u00e1vel e sustent\u00e1vel na sua ess\u00eancia<\/h5>\n<p>&nbsp;<br \/>\nEm \u00faltima inst\u00e2ncia, o verdadeiro desafio para obter uma avalia\u00e7\u00e3o positiva por parte dos nossos stakeholders reside na constru\u00e7\u00e3o de uma reputa\u00e7\u00e3o baseada num modelo de gest\u00e3o que \u00e9 respons\u00e1vel e sustent\u00e1vel na sua ess\u00eancia. Este modelo deve estar profundamente integrado com as expetativas dos nossos grupos de interesse, refletindo as suas preocupa\u00e7\u00f5es em todas as decis\u00f5es tomadas. As empresas que conseguirem harmonizar eficazmente os seus valores corporativos com as exig\u00eancias dos seus p\u00fablicos-alvo n\u00e3o s\u00f3 sobreviver\u00e3o, como prosperar\u00e3o neste ambiente cada vez mais polarizado. Num contexto de intensifica\u00e7\u00e3o da divis\u00e3o e do conflito, apenas as organiza\u00e7\u00f5es que demonstrem adaptabilidade e uma estrat\u00e9gia alinhada ser\u00e3o capazes de navegar com sucesso nestes tempos turbulentos.<\/p>\n<p><em>(1) <a href=\"https:\/\/carnegieendowment.org\/research\/2023\/09\/polarization-democracy-and-political-violence-in-the-united-states-what-the-research-says?lang=en\">Polarization, Democracy, and Political Violence in the United States: What the Research Says<\/a><\/em><br \/>\n<em>(2) <a href=\"https:\/\/www.vogue.es\/articulos\/blake-lively-romper-el-circulo-crisis-reputacion\">Blake Lively y su crisis de reputaci\u00f3n durante la tumultuosa gira de promoci\u00f3n de \u2018Romper el c\u00edrculo\u2019<\/a><\/em><\/p>\n","protected":false},"excerpt":{"rendered":"<p>Atualmente, cada intera\u00e7\u00e3o parece tornar-se um campo de batalha. O panorama atual do di\u00e1logo p\u00fablico evoluiu para um cen\u00e1rio de confronto constante. Quer se trate da tens\u00e3o fugaz de um tweet, da discuss\u00e3o acesa de um debate televisivo ou mesmo da espera trivial mas ansiosa para comprar p\u00e3o, o conflito j\u00e1 n\u00e3o \u00e9 a exce\u00e7\u00e3o, [&hellip;]<\/p>\n","protected":false},"author":22,"featured_media":0,"comment_status":"closed","ping_status":"closed","sticky":false,"template":"","format":"standard","meta":{"_acf_changed":false,"_et_pb_use_builder":"","_et_pb_old_content":"","_et_gb_content_width":"","footnotes":""},"categories":[88],"class_list":["post-144329","post","type-post","status-publish","format-standard","hentry","category-ideas"],"acf":[],"yoast_head":"<!-- This site is optimized with the Yoast SEO Premium plugin v24.7 (Yoast SEO v24.7) - https:\/\/yoast.com\/wordpress\/plugins\/seo\/ -->\n<title>Como Proteger o Valor do Seu Neg\u00f3cio? - LLYC - Revista UNO 41<\/title>\n<meta name=\"description\" content=\"Aprenda a proteger a reputa\u00e7\u00e3o da sua empresa com estrat\u00e9gias de resili\u00eancia e antifragilidade para enfrentar desafios num mundo polarizado.\" \/>\n<meta name=\"robots\" content=\"index, follow, max-snippet:-1, max-image-preview:large, max-video-preview:-1\" \/>\n<link rel=\"canonical\" href=\"https:\/\/llyc.global\/pt-pt\/ideas\/uno\/como-proteger-o-valor-do-seu-negocio\/\" \/>\n<meta property=\"og:locale\" content=\"pt_PT\" \/>\n<meta property=\"og:type\" content=\"article\" \/>\n<meta property=\"og:title\" content=\"Como Proteger o Valor do Seu Neg\u00f3cio?\" \/>\n<meta property=\"og:description\" content=\"Aprenda a proteger a reputa\u00e7\u00e3o da sua empresa com estrat\u00e9gias de resili\u00eancia e antifragilidade para enfrentar desafios num mundo polarizado.\" \/>\n<meta property=\"og:url\" content=\"https:\/\/llyc.global\/pt-pt\/ideas\/uno\/como-proteger-o-valor-do-seu-negocio\/\" \/>\n<meta property=\"og:site_name\" content=\"LLYC\" \/>\n<meta property=\"article:publisher\" content=\"https:\/\/www.facebook.com\/LLYC.Global\/\" \/>\n<meta property=\"article:published_time\" content=\"2024-11-14T08:17:52+00:00\" \/>\n<meta property=\"article:modified_time\" content=\"2024-11-14T08:18:03+00:00\" \/>\n<meta property=\"og:image\" content=\"https:\/\/llyc.global\/wp-content\/uploads\/2024\/11\/Protegerelvalor_desktop.jpg\" \/>\n\t<meta property=\"og:image:width\" content=\"1691\" \/>\n\t<meta property=\"og:image:height\" content=\"648\" \/>\n\t<meta property=\"og:image:type\" content=\"image\/jpeg\" \/>\n<meta name=\"author\" content=\"Karla Cruz Cabrera\" \/>\n<meta name=\"twitter:card\" content=\"summary_large_image\" \/>\n<meta name=\"twitter:creator\" content=\"@llorenteycuenca\" \/>\n<meta name=\"twitter:site\" content=\"@llorenteycuenca\" \/>\n<meta name=\"twitter:label1\" content=\"Written by\" \/>\n\t<meta name=\"twitter:data1\" content=\"Karla Cruz Cabrera\" \/>\n\t<meta name=\"twitter:label2\" content=\"Est. reading time\" \/>\n\t<meta name=\"twitter:data2\" content=\"6 minutos\" \/>\n<!-- \/ Yoast SEO Premium plugin. -->","yoast_head_json":{"title":"Como Proteger o Valor do Seu Neg\u00f3cio? - LLYC - Revista UNO 41","description":"Aprenda a proteger a reputa\u00e7\u00e3o da sua empresa com estrat\u00e9gias de resili\u00eancia e antifragilidade para enfrentar desafios num mundo polarizado.","robots":{"index":"index","follow":"follow","max-snippet":"max-snippet:-1","max-image-preview":"max-image-preview:large","max-video-preview":"max-video-preview:-1"},"canonical":"https:\/\/llyc.global\/pt-pt\/ideas\/uno\/como-proteger-o-valor-do-seu-negocio\/","og_locale":"pt_PT","og_type":"article","og_title":"Como Proteger o Valor do Seu Neg\u00f3cio?","og_description":"Aprenda a proteger a reputa\u00e7\u00e3o da sua empresa com estrat\u00e9gias de resili\u00eancia e antifragilidade para enfrentar desafios num mundo polarizado.","og_url":"https:\/\/llyc.global\/pt-pt\/ideas\/uno\/como-proteger-o-valor-do-seu-negocio\/","og_site_name":"LLYC","article_publisher":"https:\/\/www.facebook.com\/LLYC.Global\/","article_published_time":"2024-11-14T08:17:52+00:00","article_modified_time":"2024-11-14T08:18:03+00:00","og_image":[{"width":1691,"height":648,"url":"https:\/\/llyc.global\/wp-content\/uploads\/2024\/11\/Protegerelvalor_desktop.jpg","type":"image\/jpeg"}],"author":"Karla Cruz Cabrera","twitter_card":"summary_large_image","twitter_creator":"@llorenteycuenca","twitter_site":"@llorenteycuenca","twitter_misc":{"Written by":"Karla Cruz Cabrera","Est. reading time":"6 minutos"},"schema":{"@context":"https:\/\/schema.org","@graph":[{"@type":"WebPage","@id":"https:\/\/llyc.global\/pt-pt\/ideas\/uno\/como-proteger-o-valor-do-seu-negocio\/","url":"https:\/\/llyc.global\/pt-pt\/ideas\/uno\/como-proteger-o-valor-do-seu-negocio\/","name":"Como Proteger o Valor do Seu Neg\u00f3cio? - LLYC - Revista UNO 41","isPartOf":{"@id":"https:\/\/llyc.global\/pt-pt\/#website"},"datePublished":"2024-11-14T08:17:52+00:00","dateModified":"2024-11-14T08:18:03+00:00","author":{"@id":"https:\/\/llyc.global\/pt-pt\/#\/schema\/person\/54becd68bec7ae94ccaaa5662a99fef9"},"description":"Aprenda a proteger a reputa\u00e7\u00e3o da sua empresa com estrat\u00e9gias de resili\u00eancia e antifragilidade para enfrentar desafios num mundo polarizado.","breadcrumb":{"@id":"https:\/\/llyc.global\/pt-pt\/ideas\/uno\/como-proteger-o-valor-do-seu-negocio\/#breadcrumb"},"inLanguage":"pt-PT","potentialAction":[{"@type":"ReadAction","target":["https:\/\/llyc.global\/pt-pt\/ideas\/uno\/como-proteger-o-valor-do-seu-negocio\/"]}]},{"@type":"BreadcrumbList","@id":"https:\/\/llyc.global\/pt-pt\/ideas\/uno\/como-proteger-o-valor-do-seu-negocio\/#breadcrumb","itemListElement":[{"@type":"ListItem","position":1,"name":"Home","item":"https:\/\/llyc.global\/pt-pt\/"},{"@type":"ListItem","position":2,"name":"Como Proteger o Valor do Seu Neg\u00f3cio?"}]},{"@type":"WebSite","@id":"https:\/\/llyc.global\/pt-pt\/#website","url":"https:\/\/llyc.global\/pt-pt\/","name":"LLYC","description":"Consultoria de comunicaci\u00f3n marketing y asuntos p\u00fablicos","potentialAction":[{"@type":"SearchAction","target":{"@type":"EntryPoint","urlTemplate":"https:\/\/llyc.global\/pt-pt\/?s={search_term_string}"},"query-input":{"@type":"PropertyValueSpecification","valueRequired":true,"valueName":"search_term_string"}}],"inLanguage":"pt-PT"},{"@type":"Person","@id":"https:\/\/llyc.global\/pt-pt\/#\/schema\/person\/54becd68bec7ae94ccaaa5662a99fef9","name":"Karla Cruz Cabrera","image":{"@type":"ImageObject","inLanguage":"pt-PT","@id":"https:\/\/llyc.global\/pt-pt\/#\/schema\/person\/image\/","url":"https:\/\/secure.gravatar.com\/avatar\/7d7f7916b167732e8952fd54d1a28124?s=96&d=mm&r=g","contentUrl":"https:\/\/secure.gravatar.com\/avatar\/7d7f7916b167732e8952fd54d1a28124?s=96&d=mm&r=g","caption":"Karla Cruz Cabrera"}}]}},"_links":{"self":[{"href":"https:\/\/llyc.global\/pt-pt\/wp-json\/wp\/v2\/posts\/144329","targetHints":{"allow":["GET"]}}],"collection":[{"href":"https:\/\/llyc.global\/pt-pt\/wp-json\/wp\/v2\/posts"}],"about":[{"href":"https:\/\/llyc.global\/pt-pt\/wp-json\/wp\/v2\/types\/post"}],"author":[{"embeddable":true,"href":"https:\/\/llyc.global\/pt-pt\/wp-json\/wp\/v2\/users\/22"}],"replies":[{"embeddable":true,"href":"https:\/\/llyc.global\/pt-pt\/wp-json\/wp\/v2\/comments?post=144329"}],"version-history":[{"count":2,"href":"https:\/\/llyc.global\/pt-pt\/wp-json\/wp\/v2\/posts\/144329\/revisions"}],"predecessor-version":[{"id":144550,"href":"https:\/\/llyc.global\/pt-pt\/wp-json\/wp\/v2\/posts\/144329\/revisions\/144550"}],"wp:attachment":[{"href":"https:\/\/llyc.global\/pt-pt\/wp-json\/wp\/v2\/media?parent=144329"}],"wp:term":[{"taxonomy":"category","embeddable":true,"href":"https:\/\/llyc.global\/pt-pt\/wp-json\/wp\/v2\/categories?post=144329"}],"curies":[{"name":"wp","href":"https:\/\/api.w.org\/{rel}","templated":true}]}}