{"id":151140,"date":"2024-11-21T09:59:33","date_gmt":"2024-11-21T08:59:33","guid":{"rendered":"https:\/\/llyc.global\/ideas\/dove-mencare-launches-campaign-promoting-male-self-care-in-partnership-with-the-portuguese-rugby-federation\/"},"modified":"2025-05-22T10:39:56","modified_gmt":"2025-05-22T08:39:56","slug":"dove-mencare-lanca-campanha-de-promocao-do-autocuidado-masculino-em-parceria-com-a-federacao-portuguesa-de-rugby","status":"publish","type":"post","link":"https:\/\/llyc.global\/pt-pt\/marketing\/dove-mencare-lanca-campanha-de-promocao-do-autocuidado-masculino-em-parceria-com-a-federacao-portuguesa-de-rugby\/","title":{"rendered":"Dove Men+Care lan\u00e7a campanha de promo\u00e7\u00e3o do autocuidado masculino em parceria com a Federa\u00e7\u00e3o Portuguesa de Rugby"},"content":{"rendered":"<p>[et_pb_section fb_built=&#8221;1&#8243; _builder_version=&#8221;4.16&#8243; global_colors_info=&#8221;{}&#8221;][et_pb_row _builder_version=&#8221;4.16&#8243; background_size=&#8221;initial&#8221; background_position=&#8221;top_left&#8221; background_repeat=&#8221;repeat&#8221; global_colors_info=&#8221;{}&#8221;][et_pb_column type=&#8221;4_4&#8243; _builder_version=&#8221;4.16&#8243; custom_padding=&#8221;|||&#8221; global_colors_info=&#8221;{}&#8221; custom_padding__hover=&#8221;|||&#8221;][et_pb_text _builder_version=&#8221;4.27.4&#8243; background_size=&#8221;initial&#8221; background_position=&#8221;top_left&#8221; background_repeat=&#8221;repeat&#8221; hover_enabled=&#8221;0&#8243; global_colors_info=&#8221;{}&#8221; sticky_enabled=&#8221;0&#8243;]<\/p>\n<p><strong>Dove Men+Care<\/strong>, em colabora\u00e7\u00e3o com a<strong> Federa\u00e7\u00e3o Portuguesa de Rugby<\/strong>, apresenta <em><strong>&#8220;Os Lobos S\u00e3o Homens Reais<\/strong><\/em><strong> \u201d<\/strong>, uma iniciativa que redefine o auto-cuidado masculino em Portugal. A campanha enfatiza<strong> a import\u00e2ncia do bem-estar f\u00edsico e emocional, ao mesmo tempo que desafia os estere\u00f3tipos tradicionais de masculinidade.<\/strong><\/p>\n<p>De acordo com a investiga\u00e7\u00e3o da Dove Men+Care, apenas 10% dos homens portugueses falam abertamente sobre o seu bem-estar emocional. Esta campanha <strong>aborda esta lacuna, encorajando os homens a dar prioridade ao autocuidado como base para a confian\u00e7a e for\u00e7a.<\/strong><\/p>\n<p><strong>\u201cOs Lobos\u201d s\u00e3o homens a s\u00e9rio<\/strong><\/p>\n<ul>\n<li><em>Homens de verdade porque, fora do campo de r\u00e2guebi, muitos equilibram o r\u00e2guebi com o trabalho, os estudos e a fam\u00edlia.<\/em><\/li>\n<li><em>Homens de verdade porque deixam transparecer as suas emo\u00e7\u00f5es.<\/em><\/li>\n<li><em>Homens de verdade porque cuidam de si pr\u00f3prios &#8211; f\u00edsica e emocionalmente.<\/em><\/li>\n<\/ul>\n<p>Com os testemunhos das estrelas do r\u00e2guebi <strong>Tom\u00e1s Appleton, Martim Bello e Manuel Cardoso Pinto <\/strong>(conhecidos como \u201cOs Lobos\u201d), a campanha real\u00e7a a forma como o autocuidado permite que os homens se destaquem dentro e fora do campo, ao mesmo tempo que fomenta a empatia e o cuidado com os outros.<\/p>\n<p>Esta campanha n\u00e3o se limita aos ecr\u00e3s. Tem uma forte presen\u00e7a em Lisboa e no Porto, em an\u00fancios Out-Of-Home (OOH), an\u00fancios de cinema durante os intervalos da NOS e em plataformas digitais. Ao levar a sua mensagem offline, Dove Men+Care refor\u00e7a que o autocuidado ultrapassa fronteiras.<\/p>\n<p>A parceria de Dove Men+Care com a Federa\u00e7\u00e3o Portuguesa de Rugby promove uma perspetiva moderna e inclusiva sobre a masculinidade, encorajando os homens a cuidarem de si pr\u00f3prios e dos outros com confian\u00e7a.<\/p>\n<p><strong>Esta iniciativa reflecte a criatividade e a dedica\u00e7\u00e3o da nossa equipa em Portugal, demonstrando o compromisso da LLYC em apresentar campanhas que inspiram e ligam.<\/strong><\/p>\n<p><strong>Veja o v\u00eddeo da campanha aqui:<\/strong> <strong>Dove Men+Care | Os Lobos S\u00e3o Homens Reais<\/strong><\/p>\n<p>&nbsp;<br \/>\n&nbsp;<br \/>\n<iframe loading=\"lazy\" title=\"Dove Men+Care | Os Lobos S\u00e3o Homens Reais\" width=\"500\" height=\"281\" src=\"https:\/\/www.youtube.com\/embed\/D5Xh7Vo-mPA?feature=oembed\" frameborder=\"0\" allow=\"accelerometer; autoplay; clipboard-write; encrypted-media; gyroscope; picture-in-picture; web-share\" referrerpolicy=\"strict-origin-when-cross-origin\" allowfullscreen><\/iframe><\/p>\n<p>[\/et_pb_text][\/et_pb_column][\/et_pb_row][\/et_pb_section]<\/p>\n","protected":false},"excerpt":{"rendered":"<p>Dove Men+Care, em colabora\u00e7\u00e3o com a Federa\u00e7\u00e3o&#8230;<\/p>\n","protected":false},"author":22,"featured_media":0,"comment_status":"closed","ping_status":"closed","sticky":false,"template":"","format":"standard","meta":{"_acf_changed":false,"_et_pb_use_builder":"on","_et_pb_old_content":"Dove Men+Care, in collaboration with the Portuguese Rugby Federation, presents \u201cOs Lobos S\u00e3o Homens Reais\u201d (\u201cThe Wolves Are Real Men\u201d), an initiative that redefines male self-care in Portugal. The campaign emphasizes the importance of physical and emotional well-being while challenging traditional stereotypes of masculinity.\r\n\r\nAccording to Dove Men+Care research, only 10% of Portuguese men openly talk about their emotional well-being. This campaign addresses this gap by encouraging men to prioritize self-care as a foundation for confidence and strength.\r\n\r\n<strong>\u201cThe Wolves Are Real Men\u201d<\/strong>\r\nReal men because off the rugby field, many balance rugby with work, studies, and family.\r\nReal men because they let their emotions show.\r\nReal men because they take care of themselves \u2013 physically and emotionally.\r\n\r\nWith testimonials from rugby stars Tom\u00e1s Appleton, Martim Bello, and Manuel Cardoso Pinto, the campaign emphasizes how self-care empowers men to excel on and off the field while fostering empathy and care for others.\r\n\r\nThis campaign is not limited to screens. It has a strong presence in Lisbon and Porto, featured in Out-Of-Home (OOH) advertisements, cinema ads during NOS breaks, and digital platforms. By taking its message offline, Dove Men+Care reinforces that self-care transcends boundaries.\r\n\r\nDove Men+Care\u2019s partnership with the Portuguese Rugby Federation promotes a modern, inclusive perspective about masculinity, encouraging men to care for themselves and others with confidence.\r\n\r\nThis initiative reflects the creativity and dedication of our team in Portugal, demonstrating LLYC's commitment to delivering campaigns that inspire and connect.\r\n\r\nWatch the campaign video here: Dove Men+Care | Os Lobos S\u00e3o Homens Reais","_et_gb_content_width":"","footnotes":""},"categories":[20,88,75,95],"class_list":{"0":"post-151140","1":"post","2":"type-post","3":"status-publish","4":"format-standard","5":"hentry","6":"category-ideas","8":"category-marketing"},"acf":[],"yoast_head":"<!-- This site is optimized with the Yoast SEO Premium plugin v24.7 (Yoast SEO v24.7) - https:\/\/yoast.com\/wordpress\/plugins\/seo\/ -->\n<title>Dove Men+Care lan\u00e7a campanha de promo\u00e7\u00e3o do autocuidado masculino em parceria com a Federa\u00e7\u00e3o Portuguesa de Rugby - LLYC<\/title>\n<meta name=\"description\" content=\"Descubra como a Dove Men+Care e a Federa\u00e7\u00e3o Portuguesa de Rugby est\u00e3o a redefinir a masculinidade com a sua nova campanha, &quot;Os Lobos S\u00e3o Homens de Verdade&quot;, promovendo o autocuidado masculino.\" \/>\n<meta name=\"robots\" content=\"index, follow, max-snippet:-1, max-image-preview:large, max-video-preview:-1\" \/>\n<link rel=\"canonical\" href=\"https:\/\/llyc.global\/pt-pt\/marketing\/dove-mencare-lanca-campanha-de-promocao-do-autocuidado-masculino-em-parceria-com-a-federacao-portuguesa-de-rugby\/\" \/>\n<meta property=\"og:locale\" content=\"pt_PT\" \/>\n<meta property=\"og:type\" content=\"article\" \/>\n<meta property=\"og:title\" content=\"Dove Men+Care lan\u00e7a campanha de promo\u00e7\u00e3o do autocuidado masculino em parceria com a Federa\u00e7\u00e3o Portuguesa de Rugby\" \/>\n<meta property=\"og:description\" content=\"Descubra como a Dove Men+Care e a Federa\u00e7\u00e3o Portuguesa de Rugby est\u00e3o a redefinir a masculinidade com a sua nova campanha, &quot;Os Lobos S\u00e3o Homens de Verdade&quot;, promovendo o autocuidado masculino.\" \/>\n<meta property=\"og:url\" content=\"https:\/\/llyc.global\/pt-pt\/marketing\/dove-mencare-lanca-campanha-de-promocao-do-autocuidado-masculino-em-parceria-com-a-federacao-portuguesa-de-rugby\/\" \/>\n<meta property=\"og:site_name\" content=\"LLYC\" \/>\n<meta property=\"article:publisher\" content=\"https:\/\/www.facebook.com\/LLYC.Global\/\" \/>\n<meta property=\"article:published_time\" content=\"2024-11-21T08:59:33+00:00\" \/>\n<meta property=\"article:modified_time\" content=\"2025-05-22T08:39:56+00:00\" \/>\n<meta property=\"og:image\" content=\"https:\/\/llyc.global\/wp-content\/uploads\/2024\/11\/Dove_mobile.jpg\" \/>\n\t<meta property=\"og:image:width\" content=\"355\" \/>\n\t<meta property=\"og:image:height\" content=\"317\" \/>\n\t<meta property=\"og:image:type\" content=\"image\/jpeg\" \/>\n<meta name=\"author\" content=\"Karla Cruz Cabrera\" \/>\n<meta name=\"twitter:card\" content=\"summary_large_image\" \/>\n<meta name=\"twitter:creator\" content=\"@llorenteycuenca\" \/>\n<meta name=\"twitter:site\" content=\"@llorenteycuenca\" \/>\n<meta name=\"twitter:label1\" content=\"Written by\" \/>\n\t<meta name=\"twitter:data1\" content=\"Karla Cruz Cabrera\" \/>\n\t<meta name=\"twitter:label2\" content=\"Est. reading time\" \/>\n\t<meta name=\"twitter:data2\" content=\"2 minutos\" \/>\n<!-- \/ Yoast SEO Premium plugin. -->","yoast_head_json":{"title":"Dove Men+Care lan\u00e7a campanha de promo\u00e7\u00e3o do autocuidado masculino em parceria com a Federa\u00e7\u00e3o Portuguesa de Rugby - LLYC","description":"Descubra como a Dove Men+Care e a Federa\u00e7\u00e3o Portuguesa de Rugby est\u00e3o a redefinir a masculinidade com a sua nova campanha, \"Os Lobos S\u00e3o Homens de Verdade\", promovendo o autocuidado masculino.","robots":{"index":"index","follow":"follow","max-snippet":"max-snippet:-1","max-image-preview":"max-image-preview:large","max-video-preview":"max-video-preview:-1"},"canonical":"https:\/\/llyc.global\/pt-pt\/marketing\/dove-mencare-lanca-campanha-de-promocao-do-autocuidado-masculino-em-parceria-com-a-federacao-portuguesa-de-rugby\/","og_locale":"pt_PT","og_type":"article","og_title":"Dove Men+Care lan\u00e7a campanha de promo\u00e7\u00e3o do autocuidado masculino em parceria com a Federa\u00e7\u00e3o Portuguesa de Rugby","og_description":"Descubra como a Dove Men+Care e a Federa\u00e7\u00e3o Portuguesa de Rugby est\u00e3o a redefinir a masculinidade com a sua nova campanha, \"Os Lobos S\u00e3o Homens de Verdade\", promovendo o autocuidado masculino.","og_url":"https:\/\/llyc.global\/pt-pt\/marketing\/dove-mencare-lanca-campanha-de-promocao-do-autocuidado-masculino-em-parceria-com-a-federacao-portuguesa-de-rugby\/","og_site_name":"LLYC","article_publisher":"https:\/\/www.facebook.com\/LLYC.Global\/","article_published_time":"2024-11-21T08:59:33+00:00","article_modified_time":"2025-05-22T08:39:56+00:00","og_image":[{"width":355,"height":317,"url":"https:\/\/llyc.global\/wp-content\/uploads\/2024\/11\/Dove_mobile.jpg","type":"image\/jpeg"}],"author":"Karla Cruz Cabrera","twitter_card":"summary_large_image","twitter_creator":"@llorenteycuenca","twitter_site":"@llorenteycuenca","twitter_misc":{"Written by":"Karla Cruz Cabrera","Est. reading time":"2 minutos"},"schema":{"@context":"https:\/\/schema.org","@graph":[{"@type":"WebPage","@id":"https:\/\/llyc.global\/pt-pt\/marketing\/dove-mencare-lanca-campanha-de-promocao-do-autocuidado-masculino-em-parceria-com-a-federacao-portuguesa-de-rugby\/","url":"https:\/\/llyc.global\/pt-pt\/marketing\/dove-mencare-lanca-campanha-de-promocao-do-autocuidado-masculino-em-parceria-com-a-federacao-portuguesa-de-rugby\/","name":"Dove Men+Care lan\u00e7a campanha de promo\u00e7\u00e3o do autocuidado masculino em parceria com a Federa\u00e7\u00e3o Portuguesa de Rugby - LLYC","isPartOf":{"@id":"https:\/\/llyc.global\/pt-pt\/#website"},"datePublished":"2024-11-21T08:59:33+00:00","dateModified":"2025-05-22T08:39:56+00:00","author":{"@id":"https:\/\/llyc.global\/pt-pt\/#\/schema\/person\/54becd68bec7ae94ccaaa5662a99fef9"},"description":"Descubra como a Dove Men+Care e a Federa\u00e7\u00e3o Portuguesa de Rugby est\u00e3o a redefinir a masculinidade com a sua nova campanha, \"Os Lobos S\u00e3o Homens de Verdade\", promovendo o autocuidado masculino.","breadcrumb":{"@id":"https:\/\/llyc.global\/pt-pt\/marketing\/dove-mencare-lanca-campanha-de-promocao-do-autocuidado-masculino-em-parceria-com-a-federacao-portuguesa-de-rugby\/#breadcrumb"},"inLanguage":"pt-PT","potentialAction":[{"@type":"ReadAction","target":["https:\/\/llyc.global\/pt-pt\/marketing\/dove-mencare-lanca-campanha-de-promocao-do-autocuidado-masculino-em-parceria-com-a-federacao-portuguesa-de-rugby\/"]}]},{"@type":"BreadcrumbList","@id":"https:\/\/llyc.global\/pt-pt\/marketing\/dove-mencare-lanca-campanha-de-promocao-do-autocuidado-masculino-em-parceria-com-a-federacao-portuguesa-de-rugby\/#breadcrumb","itemListElement":[{"@type":"ListItem","position":1,"name":"Home","item":"https:\/\/llyc.global\/pt-pt\/"},{"@type":"ListItem","position":2,"name":"Dove Men+Care lan\u00e7a campanha de promo\u00e7\u00e3o do autocuidado masculino em parceria com a Federa\u00e7\u00e3o Portuguesa de Rugby"}]},{"@type":"WebSite","@id":"https:\/\/llyc.global\/pt-pt\/#website","url":"https:\/\/llyc.global\/pt-pt\/","name":"LLYC","description":"Consultoria de comunicaci\u00f3n marketing y asuntos p\u00fablicos","potentialAction":[{"@type":"SearchAction","target":{"@type":"EntryPoint","urlTemplate":"https:\/\/llyc.global\/pt-pt\/?s={search_term_string}"},"query-input":{"@type":"PropertyValueSpecification","valueRequired":true,"valueName":"search_term_string"}}],"inLanguage":"pt-PT"},{"@type":"Person","@id":"https:\/\/llyc.global\/pt-pt\/#\/schema\/person\/54becd68bec7ae94ccaaa5662a99fef9","name":"Karla Cruz Cabrera","image":{"@type":"ImageObject","inLanguage":"pt-PT","@id":"https:\/\/llyc.global\/pt-pt\/#\/schema\/person\/image\/","url":"https:\/\/secure.gravatar.com\/avatar\/7d7f7916b167732e8952fd54d1a28124?s=96&d=mm&r=g","contentUrl":"https:\/\/secure.gravatar.com\/avatar\/7d7f7916b167732e8952fd54d1a28124?s=96&d=mm&r=g","caption":"Karla Cruz Cabrera"}}]}},"_links":{"self":[{"href":"https:\/\/llyc.global\/pt-pt\/wp-json\/wp\/v2\/posts\/151140","targetHints":{"allow":["GET"]}}],"collection":[{"href":"https:\/\/llyc.global\/pt-pt\/wp-json\/wp\/v2\/posts"}],"about":[{"href":"https:\/\/llyc.global\/pt-pt\/wp-json\/wp\/v2\/types\/post"}],"author":[{"embeddable":true,"href":"https:\/\/llyc.global\/pt-pt\/wp-json\/wp\/v2\/users\/22"}],"replies":[{"embeddable":true,"href":"https:\/\/llyc.global\/pt-pt\/wp-json\/wp\/v2\/comments?post=151140"}],"version-history":[{"count":6,"href":"https:\/\/llyc.global\/pt-pt\/wp-json\/wp\/v2\/posts\/151140\/revisions"}],"predecessor-version":[{"id":230986,"href":"https:\/\/llyc.global\/pt-pt\/wp-json\/wp\/v2\/posts\/151140\/revisions\/230986"}],"wp:attachment":[{"href":"https:\/\/llyc.global\/pt-pt\/wp-json\/wp\/v2\/media?parent=151140"}],"wp:term":[{"taxonomy":"category","embeddable":true,"href":"https:\/\/llyc.global\/pt-pt\/wp-json\/wp\/v2\/categories?post=151140"}],"curies":[{"name":"wp","href":"https:\/\/api.w.org\/{rel}","templated":true}]}}