{"id":179046,"date":"2024-06-01T15:52:08","date_gmt":"2024-06-01T13:52:08","guid":{"rendered":"https:\/\/llyc.global\/ideas\/value-washing-cuando-la-comunicacion-carece-de-gestion-que-la-fundamente\/"},"modified":"2025-02-13T12:57:19","modified_gmt":"2025-02-13T11:57:19","slug":"value-washing-quando-a-comunicacao-carece-de-gestao-para-a-sustentar","status":"publish","type":"post","link":"https:\/\/llyc.global\/pt-pt\/corporate-affairs\/tendencias\/value-washing-quando-a-comunicacao-carece-de-gestao-para-a-sustentar\/","title":{"rendered":"Value Washing: Quando a comunica\u00e7\u00e3o carece de gest\u00e3o para a sustentar"},"content":{"rendered":"<p>Durante o primeiro semestre de 2024, houve v\u00e1rios anivers\u00e1rios ou datas de comemora\u00e7\u00e3o global, como o Dia da Mulher, o Dia do Homem, o Dia da Educa\u00e7\u00e3o Ambiental, a Hora do Planeta, entre muitos outros. Agora, aproximando-se a comemora\u00e7\u00e3o dos direitos das popula\u00e7\u00f5es LGBTIQ+, mais conhecida como o Dia do Orgulho, v\u00e1rias empresas e marcas pretendem gerar esfor\u00e7os de comunica\u00e7\u00e3o e campanhas para fazer uma declara\u00e7\u00e3o. No entanto, embora exista uma inten\u00e7\u00e3o genu\u00edna de promover posi\u00e7\u00f5es de apoio e solidariedade, \u00e9 essencial analisar se estas manifesta\u00e7\u00f5es, mais do que construir valor, constituem uma amea\u00e7a \u00e0 reputa\u00e7\u00e3o corporativa e geram uma perce\u00e7\u00e3o de<em> lavagem de valor <\/em>por parte dos seus p\u00fablicos.<br \/>\n&nbsp;<\/p>\n<h3><b>Mas o que \u00e9 <em>lavagem de valor<\/em>?<\/b><\/h3>\n<p>&nbsp;<br \/>\nAs express\u00f5es green washing ou pink washing s\u00e3o provavelmente mais familiares. <em>A lavagem de valor<\/em> ocorre quando as palavras falam mais alto do que as ac\u00e7\u00f5es; quando h\u00e1 uma implanta\u00e7\u00e3o comunicacional sem um verdadeiro compromisso ou gest\u00e3o por detr\u00e1s; quando n\u00e3o h\u00e1 uma verdadeira voca\u00e7\u00e3o para contribuir ou para criar uma liga\u00e7\u00e3o a longo prazo com uma determinada causa.<\/p>\n<p>As diferentes formas de branqueamento de valores incluem o social washing, o greenwashing, o rainbow washing, o purple washing, entre outras pr\u00e1ticas que afectam indubitavelmente a reputa\u00e7\u00e3o, uma vez que todas elas resultam de pr\u00e1ticas de marketing enganosas ou de comunica\u00e7\u00e3o \u00e9tica.<\/p>\n<p><em><strong>Purple Washing:<\/strong> Aparente <\/em>empenho e trabalho em prol da igualdade de g\u00e9nero, aproveitando datas comemorativas como o Dia da Mulher para lan\u00e7ar campanhas de marketing vazias, sem ac\u00e7\u00f5es concretas e verific\u00e1veis em prol dos direitos das mulheres.<\/p>\n<p><em><strong>Rainbow Washing:<\/strong> Estrat\u00e9gias <\/em>destinadas a apresentar institui\u00e7\u00f5es, pa\u00edses, indiv\u00edduos, produtos ou empresas como aliados da comunidade LGTBIQ+, a fim de projetar uma imagem progressista e tolerante.<\/p>\n<p><em><strong>Green Washing:<\/strong> De acordo com a <\/em>Greenpeace, trata-se de enganar os consumidores sobre as pr\u00e1ticas ambientais de uma empresa ou o baixo impacto de um produto ou servi\u00e7o. Uma estrat\u00e9gia utilizada por algumas organiza\u00e7\u00f5es para apresentar um compromisso com o ambiente, sem qualquer gest\u00e3o que o comprove.<\/p>\n<p><em><strong>Lavagem Social:<\/strong><\/em> Este termo abrange todos os tipos de atividade \u00e9tica, ou melhor, de inatividade, e vai al\u00e9m do cuidado com os recursos naturais, incluindo alegadas pr\u00e1ticas a favor do trabalho e dos direitos humanos, igualdade de g\u00e9nero, escravatura moderna, entre outras quest\u00f5es sociais.<\/p>\n<p>Estes comportamentos s\u00e3o cada vez mais preocupantes para as empresas e para a governa\u00e7\u00e3o empresarial, pois minam a confian\u00e7a e a credibilidade do p\u00fablico e t\u00eam um impacto negativo no posicionamento das organiza\u00e7\u00f5es. A \u00fanica forma de os prevenir e evitar \u00e9 comunicar sobre pr\u00e1ticas que sejam aut\u00eanticas e consistentes com os valores previamente definidos e demonstr\u00e1veis com factos verific\u00e1veis.<br \/>\n&nbsp;<\/p>\n<h3><b>Tr\u00eas dicas para evitar uma comunica\u00e7\u00e3o que incorra em <em>lavagem de valores:<\/em><\/b><\/h3>\n<p>&nbsp;<\/p>\n<ol>\n<li>Fazer e refletir sobre quest\u00f5es como as seguintes: a marca j\u00e1 est\u00e1 a trabalhar nesta causa? Temos ac\u00e7\u00f5es e resultados mensur\u00e1veis a este respeito? Existe uma estrat\u00e9gia ou plano de a\u00e7\u00e3o, para al\u00e9m da comunica\u00e7\u00e3o? A empresa ou marca aplica e vive uma cultura baseada em valores ou tem pol\u00edticas que apoiam uma voz ativa sobre o tema da campanha?<\/li>\n<li>Consultar uma voz autorizada sobre o assunto: Valide a sua campanha, antes de a lan\u00e7ar, junto de uma entidade especializada, funda\u00e7\u00e3o, entre outras vozes autorizadas sobre o assunto. Esta an\u00e1lise pode dar-lhe uma vis\u00e3o consciente do impacto da sua iniciativa ou alert\u00e1-lo para a forma como esta pode ser percepcionada pela popula\u00e7\u00e3o ou comunidade envolvida.<\/li>\n<li>Escolha uma causa intimamente relacionada com a sua atividade principal. Evite ativar em todas as datas do calend\u00e1rio cultural s\u00f3 por ativar: as empresas que encontram o maior valor e liga\u00e7\u00e3o reputacional com o p\u00fablico escolhem e concentram-se numa iniciativa que podem desenvolver e melhorar todos os anos, de modo a terem provas de um apoio genu\u00edno e sustent\u00e1vel.<\/li>\n<\/ol>\n<p><em>A lavagem de valores<\/em> n\u00e3o s\u00f3 levanta grandes quest\u00f5es \u00e9ticas, como tamb\u00e9m pode minar os esfor\u00e7os genu\u00ednos para alcan\u00e7ar mudan\u00e7as sociais e ambientais significativas.<\/p>\n<p>As empresas precisam de agir com integridade e um verdadeiro compromisso para com estas causas, aumentando a perce\u00e7\u00e3o da sua imagem corporativa com base na verdade.<\/p>\n<p>Uma comunica\u00e7\u00e3o n\u00e3o gerida acarreta riscos para a reputa\u00e7\u00e3o.<\/p>\n<p>&nbsp;<\/p>\n<p><em>Esta tradu\u00e7\u00e3o foi efectuada com a IA.<a href=\"https:\/\/llyc.global\/corporate-affairs\/tendencias\/value-washing-cuando-la-comunicacion-carece-de-gestion-que-la-fundamente\/\"> Leia o artigo na sua l\u00edngua original.<\/a><\/em><\/p>\n","protected":false},"excerpt":{"rendered":"<p>Durante o primeiro semestre de 2024, houve v\u00e1rios anivers\u00e1rios ou datas de comemora\u00e7\u00e3o global, como o Dia da Mulher, o Dia do Homem, o Dia da Educa\u00e7\u00e3o Ambiental, a Hora do Planeta, entre muitos outros. Agora, aproximando-se a comemora\u00e7\u00e3o dos direitos das popula\u00e7\u00f5es LGBTIQ+, mais conhecida como o Dia do Orgulho, v\u00e1rias empresas e marcas [&hellip;]<\/p>\n","protected":false},"author":22,"featured_media":0,"comment_status":"closed","ping_status":"closed","sticky":false,"template":"","format":"standard","meta":{"_acf_changed":false,"_et_pb_use_builder":"","_et_pb_old_content":"","_et_gb_content_width":"","footnotes":""},"categories":[134],"class_list":["post-179046","post","type-post","status-publish","format-standard","hentry","category-corporate-affairs"],"acf":[],"yoast_head":"<!-- This site is optimized with the Yoast SEO Premium plugin v24.7 (Yoast SEO v24.7) - https:\/\/yoast.com\/wordpress\/plugins\/seo\/ -->\n<title>Value Washing: Quando a comunica\u00e7\u00e3o carece de gest\u00e3o para a sustentar - LLYC<\/title>\n<meta name=\"description\" content=\"Descubra o que \u00e9 a lavagem de valores e como evit\u00e1-la nas comunica\u00e7\u00f5es empresariais para proteger a reputa\u00e7\u00e3o e a credibilidade da sua marca.\" \/>\n<meta name=\"robots\" content=\"index, follow, max-snippet:-1, max-image-preview:large, max-video-preview:-1\" \/>\n<link rel=\"canonical\" href=\"https:\/\/llyc.global\/pt-pt\/corporate-affairs\/tendencias\/value-washing-quando-a-comunicacao-carece-de-gestao-para-a-sustentar\/\" \/>\n<meta property=\"og:locale\" content=\"pt_PT\" \/>\n<meta property=\"og:type\" content=\"article\" \/>\n<meta property=\"og:title\" content=\"Value Washing: Quando a comunica\u00e7\u00e3o carece de gest\u00e3o para a sustentar\" \/>\n<meta property=\"og:description\" content=\"Descubra o que \u00e9 a lavagem de valores e como evit\u00e1-la nas comunica\u00e7\u00f5es empresariais para proteger a reputa\u00e7\u00e3o e a credibilidade da sua marca.\" \/>\n<meta property=\"og:url\" content=\"https:\/\/llyc.global\/pt-pt\/corporate-affairs\/tendencias\/value-washing-quando-a-comunicacao-carece-de-gestao-para-a-sustentar\/\" \/>\n<meta property=\"og:site_name\" content=\"LLYC\" \/>\n<meta property=\"article:publisher\" content=\"https:\/\/www.facebook.com\/LLYC.Global\/\" \/>\n<meta property=\"article:published_time\" content=\"2024-06-01T13:52:08+00:00\" \/>\n<meta property=\"article:modified_time\" content=\"2025-02-13T11:57:19+00:00\" \/>\n<meta property=\"og:image\" content=\"https:\/\/llyc.global\/wp-content\/uploads\/2024\/06\/Mobile-355-317.jpg\" \/>\n\t<meta property=\"og:image:width\" content=\"356\" \/>\n\t<meta property=\"og:image:height\" content=\"318\" \/>\n\t<meta property=\"og:image:type\" content=\"image\/jpeg\" \/>\n<meta name=\"author\" content=\"Karla Cruz Cabrera\" \/>\n<meta name=\"twitter:card\" content=\"summary_large_image\" \/>\n<meta name=\"twitter:creator\" content=\"@llorenteycuenca\" \/>\n<meta name=\"twitter:site\" content=\"@llorenteycuenca\" \/>\n<meta name=\"twitter:label1\" content=\"Written by\" \/>\n\t<meta name=\"twitter:data1\" content=\"Karla Cruz Cabrera\" \/>\n\t<meta name=\"twitter:label2\" content=\"Est. reading time\" \/>\n\t<meta name=\"twitter:data2\" content=\"4 minutos\" \/>\n<!-- \/ Yoast SEO Premium plugin. -->","yoast_head_json":{"title":"Value Washing: Quando a comunica\u00e7\u00e3o carece de gest\u00e3o para a sustentar - LLYC","description":"Descubra o que \u00e9 a lavagem de valores e como evit\u00e1-la nas comunica\u00e7\u00f5es empresariais para proteger a reputa\u00e7\u00e3o e a credibilidade da sua marca.","robots":{"index":"index","follow":"follow","max-snippet":"max-snippet:-1","max-image-preview":"max-image-preview:large","max-video-preview":"max-video-preview:-1"},"canonical":"https:\/\/llyc.global\/pt-pt\/corporate-affairs\/tendencias\/value-washing-quando-a-comunicacao-carece-de-gestao-para-a-sustentar\/","og_locale":"pt_PT","og_type":"article","og_title":"Value Washing: Quando a comunica\u00e7\u00e3o carece de gest\u00e3o para a sustentar","og_description":"Descubra o que \u00e9 a lavagem de valores e como evit\u00e1-la nas comunica\u00e7\u00f5es empresariais para proteger a reputa\u00e7\u00e3o e a credibilidade da sua marca.","og_url":"https:\/\/llyc.global\/pt-pt\/corporate-affairs\/tendencias\/value-washing-quando-a-comunicacao-carece-de-gestao-para-a-sustentar\/","og_site_name":"LLYC","article_publisher":"https:\/\/www.facebook.com\/LLYC.Global\/","article_published_time":"2024-06-01T13:52:08+00:00","article_modified_time":"2025-02-13T11:57:19+00:00","og_image":[{"width":356,"height":318,"url":"https:\/\/llyc.global\/wp-content\/uploads\/2024\/06\/Mobile-355-317.jpg","type":"image\/jpeg"}],"author":"Karla Cruz Cabrera","twitter_card":"summary_large_image","twitter_creator":"@llorenteycuenca","twitter_site":"@llorenteycuenca","twitter_misc":{"Written by":"Karla Cruz Cabrera","Est. reading time":"4 minutos"},"schema":{"@context":"https:\/\/schema.org","@graph":[{"@type":"WebPage","@id":"https:\/\/llyc.global\/pt-pt\/corporate-affairs\/tendencias\/value-washing-quando-a-comunicacao-carece-de-gestao-para-a-sustentar\/","url":"https:\/\/llyc.global\/pt-pt\/corporate-affairs\/tendencias\/value-washing-quando-a-comunicacao-carece-de-gestao-para-a-sustentar\/","name":"Value Washing: Quando a comunica\u00e7\u00e3o carece de gest\u00e3o para a sustentar - LLYC","isPartOf":{"@id":"https:\/\/llyc.global\/pt-pt\/#website"},"datePublished":"2024-06-01T13:52:08+00:00","dateModified":"2025-02-13T11:57:19+00:00","author":{"@id":"https:\/\/llyc.global\/pt-pt\/#\/schema\/person\/54becd68bec7ae94ccaaa5662a99fef9"},"description":"Descubra o que \u00e9 a lavagem de valores e como evit\u00e1-la nas comunica\u00e7\u00f5es empresariais para proteger a reputa\u00e7\u00e3o e a credibilidade da sua marca.","breadcrumb":{"@id":"https:\/\/llyc.global\/pt-pt\/corporate-affairs\/tendencias\/value-washing-quando-a-comunicacao-carece-de-gestao-para-a-sustentar\/#breadcrumb"},"inLanguage":"pt-PT","potentialAction":[{"@type":"ReadAction","target":["https:\/\/llyc.global\/pt-pt\/corporate-affairs\/tendencias\/value-washing-quando-a-comunicacao-carece-de-gestao-para-a-sustentar\/"]}]},{"@type":"BreadcrumbList","@id":"https:\/\/llyc.global\/pt-pt\/corporate-affairs\/tendencias\/value-washing-quando-a-comunicacao-carece-de-gestao-para-a-sustentar\/#breadcrumb","itemListElement":[{"@type":"ListItem","position":1,"name":"Home","item":"https:\/\/llyc.global\/pt-pt\/"},{"@type":"ListItem","position":2,"name":"Value Washing: Quando a comunica\u00e7\u00e3o carece de gest\u00e3o para a sustentar"}]},{"@type":"WebSite","@id":"https:\/\/llyc.global\/pt-pt\/#website","url":"https:\/\/llyc.global\/pt-pt\/","name":"LLYC","description":"Consultoria de comunicaci\u00f3n marketing y asuntos p\u00fablicos","potentialAction":[{"@type":"SearchAction","target":{"@type":"EntryPoint","urlTemplate":"https:\/\/llyc.global\/pt-pt\/?s={search_term_string}"},"query-input":{"@type":"PropertyValueSpecification","valueRequired":true,"valueName":"search_term_string"}}],"inLanguage":"pt-PT"},{"@type":"Person","@id":"https:\/\/llyc.global\/pt-pt\/#\/schema\/person\/54becd68bec7ae94ccaaa5662a99fef9","name":"Karla Cruz Cabrera","image":{"@type":"ImageObject","inLanguage":"pt-PT","@id":"https:\/\/llyc.global\/pt-pt\/#\/schema\/person\/image\/","url":"https:\/\/secure.gravatar.com\/avatar\/7d7f7916b167732e8952fd54d1a28124?s=96&d=mm&r=g","contentUrl":"https:\/\/secure.gravatar.com\/avatar\/7d7f7916b167732e8952fd54d1a28124?s=96&d=mm&r=g","caption":"Karla Cruz Cabrera"}}]}},"_links":{"self":[{"href":"https:\/\/llyc.global\/pt-pt\/wp-json\/wp\/v2\/posts\/179046","targetHints":{"allow":["GET"]}}],"collection":[{"href":"https:\/\/llyc.global\/pt-pt\/wp-json\/wp\/v2\/posts"}],"about":[{"href":"https:\/\/llyc.global\/pt-pt\/wp-json\/wp\/v2\/types\/post"}],"author":[{"embeddable":true,"href":"https:\/\/llyc.global\/pt-pt\/wp-json\/wp\/v2\/users\/22"}],"replies":[{"embeddable":true,"href":"https:\/\/llyc.global\/pt-pt\/wp-json\/wp\/v2\/comments?post=179046"}],"version-history":[{"count":4,"href":"https:\/\/llyc.global\/pt-pt\/wp-json\/wp\/v2\/posts\/179046\/revisions"}],"predecessor-version":[{"id":179550,"href":"https:\/\/llyc.global\/pt-pt\/wp-json\/wp\/v2\/posts\/179046\/revisions\/179550"}],"wp:attachment":[{"href":"https:\/\/llyc.global\/pt-pt\/wp-json\/wp\/v2\/media?parent=179046"}],"wp:term":[{"taxonomy":"category","embeddable":true,"href":"https:\/\/llyc.global\/pt-pt\/wp-json\/wp\/v2\/categories?post=179046"}],"curies":[{"name":"wp","href":"https:\/\/api.w.org\/{rel}","templated":true}]}}