{"id":181335,"date":"2025-02-18T09:30:12","date_gmt":"2025-02-18T08:30:12","guid":{"rendered":"https:\/\/llyc.global\/?p=181335"},"modified":"2025-04-15T17:13:42","modified_gmt":"2025-04-15T15:13:42","slug":"publicidade-programatica-tecnologia-dados-e-personalizacao-ao-servico-das-marcas","status":"publish","type":"post","link":"https:\/\/llyc.global\/pt-pt\/marketing\/tendencias\/publicidade-programatica-tecnologia-dados-e-personalizacao-ao-servico-das-marcas\/","title":{"rendered":"Publicidade program\u00e1tica: tecnologia, dados e personaliza\u00e7\u00e3o ao servi\u00e7o das marcas"},"content":{"rendered":"<p>A evolu\u00e7\u00e3o da publicidade digital transformou a forma como as marcas se relacionam com os seus p\u00fablicos. Neste novo contexto, a compra program\u00e1tica n\u00e3o s\u00f3 optimiza os gastos com publicidade, como tamb\u00e9m permite n\u00edveis de precis\u00e3o e personaliza\u00e7\u00e3o sem precedentes. \u00c9 um fen\u00f3meno que continua a crescer e a consolidar-se como uma das \u00e1reas-chave da publicidade digital.<\/p>\n<p>Nos \u00faltimos meses, assistimos a um aumento constante do n\u00famero de empresas que se juntaram a este ecossistema, sublinhando o interesse e a necessidade de adotar a compra program\u00e1tica como parte essencial das estrat\u00e9gias de publicidade. O recente <a href=\"https:\/\/www.programaticaly.com\/ecosistema\"><em>AdTech Landscape<\/em><\/a>, publicado pela <em>Programmatic Spain<\/em>, reflecte este facto e coloca a LLYC no mapeamento do sector.<\/p>\n<p>Na LLYC, adopt\u00e1mos uma abordagem que d\u00e1 prioridade \u00e0 <strong>tecnologia avan\u00e7ada e \u00e0 an\u00e1lise de dados<\/strong>, o que nos permite segmentar audi\u00eancias com uma precis\u00e3o excecional e redefinir o impacto das campanhas digitais. No entanto, o impacto da compra program\u00e1tica varia de acordo com as particularidades de cada mercado. Nas economias desenvolvidas, como os EUA e a Europa Ocidental, a tecnologia \u00e9 amplamente adoptada. Nos mercados emergentes, como a Am\u00e9rica Latina e o Sudeste Asi\u00e1tico, a ado\u00e7\u00e3o est\u00e1 a crescer.<\/p>\n<p>Gra\u00e7as \u00e0 nossa experi\u00eancia na adapta\u00e7\u00e3o de estrat\u00e9gias program\u00e1ticas a diferentes ambientes culturais, econ\u00f3micos e regulamentares, a LLYC garante que as marcas podem maximizar o seu impacto, independentemente da sua localiza\u00e7\u00e3o.<br \/>\n&nbsp;<\/p>\n<h3><b>Um olhar sobre a hist\u00f3ria da program\u00e1tica<\/b><\/h3>\n<p>&nbsp;<br \/>\nA compra program\u00e1tica teve o seu in\u00edcio no final dos anos 2000, quando os primeiros algoritmos come\u00e7aram a gerir a licita\u00e7\u00e3o em tempo real (RTB) de espa\u00e7os publicit\u00e1rios. Este avan\u00e7o tecnol\u00f3gico permitiu aos anunciantes comprar impress\u00f5es individuais, eliminando as negocia\u00e7\u00f5es manuais e aumentando a efici\u00eancia do processo.<\/p>\n<p>Ao longo do tempo, a tecnologia foi-se aperfei\u00e7oando e evoluindo. A introdu\u00e7\u00e3o das DMP (plataformas de gest\u00e3o de dados) e a integra\u00e7\u00e3o de dados de audi\u00eancias pr\u00f3prios e de terceiros abriram a porta a uma segmenta\u00e7\u00e3o mais precisa. Atualmente, a program\u00e1tica expandiu-se para canais como o v\u00eddeo, <em>os telem\u00f3veis<\/em> e as <em>redes sociais<\/em>, permitindo estrat\u00e9gias integradas e omnicanal que maximizam o impacto da publicidade.<\/p>\n<p><img loading=\"lazy\" decoding=\"async\" class=\" wp-image-181319 aligncenter\" src=\"https:\/\/llyc.global\/wp-content\/uploads\/2025\/02\/timeline-1024x393.jpg\" alt=\"\" width=\"873\" height=\"335\" srcset=\"https:\/\/llyc.global\/wp-content\/uploads\/2025\/02\/timeline-1024x393.jpg 1024w, https:\/\/llyc.global\/wp-content\/uploads\/2025\/02\/timeline-300x115.jpg 300w, https:\/\/llyc.global\/wp-content\/uploads\/2025\/02\/timeline-768x294.jpg 768w, https:\/\/llyc.global\/wp-content\/uploads\/2025\/02\/timeline-1536x589.jpg 1536w, https:\/\/llyc.global\/wp-content\/uploads\/2025\/02\/timeline-1080x414.jpg 1080w, https:\/\/llyc.global\/wp-content\/uploads\/2025\/02\/timeline.jpg 1690w\" sizes=\"(max-width: 873px) 100vw, 873px\" \/><br \/>\n&nbsp;<\/p>\n<h3><b>Da segmenta\u00e7\u00e3o alargada \u00e0 hiper-personaliza\u00e7\u00e3o<\/b><\/h3>\n<p>&nbsp;<br \/>\nTradicionalmente, as campanhas publicit\u00e1rias centravam-se em segmentos amplos e mal definidos, o que gerava desperd\u00edcio de investimento e limitava a relev\u00e2ncia das mensagens. Atualmente, gra\u00e7as \u00e0 tecnologia avan\u00e7ada de segmenta\u00e7\u00e3o, podemos identificar p\u00fablicos hiper-orientados com base em dados demogr\u00e1ficos, interesses, comportamento em linha e at\u00e9 padr\u00f5es de compra em tempo real.<\/p>\n<p>A compra program\u00e1tica, apoiada por ferramentas como a <em>Plataforma do Lado da Procura<\/em> (DSP) e a <em>Plataforma de Gest\u00e3o de Dados<\/em> (DMP), permite-nos analisar grandes volumes de dados e criar perfis de consumidores pormenorizados. Isto n\u00e3o s\u00f3 optimiza a efic\u00e1cia das campanhas, como tamb\u00e9m garante que as mensagens chegam ao local certo, no momento certo e no formato certo.<br \/>\n&nbsp;<\/p>\n<h3><b>Tecnologia para a precis\u00e3o<\/b><\/h3>\n<p>&nbsp;<br \/>\nNa LLYC, utilizamos tecnologias de ponta para segmentar audi\u00eancias com uma granularidade impressionante. A nossa abordagem combina:<\/p>\n<ul>\n<li><strong>Dados pr\u00f3prios e de terceiros:<\/strong> Recolhemos e analisamos dados de uma variedade de fontes para obter uma imagem completa dos p\u00fablicos-alvo.<\/li>\n<li><strong>Modela\u00e7\u00e3o preditiva baseada em intelig\u00eancia artificial:<\/strong> identificamos padr\u00f5es de comportamento e prefer\u00eancias para antecipar as necessidades e os desejos dos consumidores.<\/li>\n<li><strong>Otimiza\u00e7\u00e3o em tempo real:<\/strong> ajustamos as campanhas em tempo real para maximizar o seu impacto, assegurando que cada impress\u00e3o conta.<\/li>\n<\/ul>\n<p>Esta capacidade de segmenta\u00e7\u00e3o n\u00e3o s\u00f3 melhora a exatid\u00e3o das campanhas, como tamb\u00e9m nos permite abordar nichos de p\u00fablico que, de outra forma, seriam dif\u00edceis de alcan\u00e7ar.<\/p>\n<h3><img loading=\"lazy\" decoding=\"async\" class=\" wp-image-181315 aligncenter\" style=\"font-size: 16px;\" src=\"https:\/\/llyc.global\/wp-content\/uploads\/2025\/02\/Publicidadprogamatica-1024x393.jpg\" alt=\"\" width=\"928\" height=\"356\" srcset=\"https:\/\/llyc.global\/wp-content\/uploads\/2025\/02\/Publicidadprogamatica-1024x393.jpg 1024w, https:\/\/llyc.global\/wp-content\/uploads\/2025\/02\/Publicidadprogamatica-300x115.jpg 300w, https:\/\/llyc.global\/wp-content\/uploads\/2025\/02\/Publicidadprogamatica-768x294.jpg 768w, https:\/\/llyc.global\/wp-content\/uploads\/2025\/02\/Publicidadprogamatica-1536x589.jpg 1536w, https:\/\/llyc.global\/wp-content\/uploads\/2025\/02\/Publicidadprogamatica-1080x414.jpg 1080w, https:\/\/llyc.global\/wp-content\/uploads\/2025\/02\/Publicidadprogamatica.jpg 1690w\" sizes=\"(max-width: 928px) 100vw, 928px\" \/><\/h3>\n<p>&nbsp;<\/p>\n<h3><b>Desafios da segmenta\u00e7\u00e3o avan\u00e7ada<\/b><\/h3>\n<p>&nbsp;<br \/>\nEmbora a segmenta\u00e7\u00e3o avan\u00e7ada ofere\u00e7a in\u00fameras vantagens, tamb\u00e9m enfrenta uma s\u00e9rie de desafios:<\/p>\n<ol>\n<li><strong>Privacidade e regulamenta\u00e7\u00e3o:<\/strong> As leis de prote\u00e7\u00e3o de dados, como o RGPD na Europa, limitam o acesso e a utiliza\u00e7\u00e3o de dados pessoais, obrigando os anunciantes a procurar estrat\u00e9gias de segmenta\u00e7\u00e3o \u00e9ticas e conformes.<\/li>\n<li><strong>Qualidade dos dados:<\/strong> trabalhar com dados inexactos ou desactualizados pode levar a erros na campanha, reduzindo a efic\u00e1cia da mesma.<\/li>\n<li><strong>Integra\u00e7\u00e3o de canais:<\/strong> Garantir uma experi\u00eancia de utilizador consistente em todos os canais continua a ser um desafio.<\/li>\n<\/ol>\n<p>Na LLYC, desenvolvemos solu\u00e7\u00f5es que abordam estas quest\u00f5es, como a ado\u00e7\u00e3o de dados propriet\u00e1rios e a utiliza\u00e7\u00e3o de ferramentas de integra\u00e7\u00e3o avan\u00e7adas para otimizar as campanhas.<\/p>\n<p>Por \u00faltimo, um dos factores mais subestimados na segmenta\u00e7\u00e3o de audi\u00eancias \u00e9 o contexto. O ambiente em que um an\u00fancio \u00e9 apresentado afecta diretamente a sua relev\u00e2ncia e efic\u00e1cia. Por exemplo, um an\u00fancio de produtos de fitness ter\u00e1 mais impacto num blogue de sa\u00fade do que num site gen\u00e9rico. Na LLYC, utilizamos ferramentas avan\u00e7adas de contextualiza\u00e7\u00e3o para garantir que os an\u00fancios aparecem em espa\u00e7os que melhoram a sua mensagem. Isto n\u00e3o s\u00f3 melhora a experi\u00eancia do utilizador, como tamb\u00e9m aumenta as taxas de convers\u00e3o. Al\u00e9m disso, desenvolvemos uma abordagem estrat\u00e9gica que integra tecnologia, dados e criatividade para maximizar o impacto das campanhas.<br \/>\n&nbsp;<\/p>\n<h3><b>Novas oportunidades para as marcas<\/b><\/h3>\n<p>&nbsp;<br \/>\nA capacidade de segmentar audi\u00eancias com precis\u00e3o abriu novas oportunidades para as marcas. Agora \u00e9 poss\u00edvel:<\/p>\n<ul>\n<li><strong>Impactar profissionais espec\u00edficos em sectores B2B:<\/strong> utilizando dados contextuais e comportamentais para identificar os principais decisores.<\/li>\n<li><strong>Conceber mensagens para micro-audi\u00eancias<\/strong>: por exemplo, direcionar os entusiastas da tecnologia que tamb\u00e9m s\u00e3o entusiastas do ambiente.<\/li>\n<li><strong>Aproveitar os momentos-chave:<\/strong> Alcan\u00e7ar os consumidores em fases espec\u00edficas do percurso do cliente, desde a descoberta at\u00e9 \u00e0 convers\u00e3o.<\/li>\n<\/ul>\n<p>Algumas das nossas principais estrat\u00e9gias incluem:<\/p>\n<p><strong>1. Utiliza\u00e7\u00e3o de dados de 1\u00aa parte: <\/strong>Os nossos clientes aproveitam dados propriet\u00e1rios recolhidos a partir de intera\u00e7\u00f5es com os seus p\u00fablicos, tais como visitas a websites, registos em plataformas e transac\u00e7\u00f5es. Isto permite-nos criar perfis de clientes altamente precisos e personalizar as mensagens de acordo com as necessidades espec\u00edficas de cada segmento.<\/p>\n<p><strong>2) Integra\u00e7\u00e3o da intelig\u00eancia artificial (IA):<\/strong> Aplicamos algoritmos de aprendizagem autom\u00e1tica para identificar padr\u00f5es de consumo e prever o comportamento dos utilizadores. Isto facilita a entrega de an\u00fancios em momentos \u00f3ptimos, aumentando a probabilidade de convers\u00e3o.<\/p>\n<p><strong>3.<\/strong> <strong>Otimiza\u00e7\u00e3o entre canais:<\/strong> ao integrar a compra program\u00e1tica em v\u00e1rios canais (display, v\u00eddeo, redes sociais e telem\u00f3vel), conseguimos uma experi\u00eancia de utilizador consistente e aumentamos a efic\u00e1cia das campanhas.<\/p>\n<p><strong>4.<\/strong> <strong>Testes A\/B e criativos din\u00e2micos:<\/strong> efectuamos testes cont\u00ednuos para determinar que mensagens, designs e formatos geram maior impacto junto de diferentes p\u00fablicos. Isto inclui criativos que se adaptam em tempo real de acordo com o perfil do utilizador.<br \/>\n&nbsp;<\/p>\n<h3><b>Da segmenta\u00e7\u00e3o \u00e0 otimiza\u00e7\u00e3o do neg\u00f3cio<\/b><\/h3>\n<p>&nbsp;<br \/>\nPara al\u00e9m da segmenta\u00e7\u00e3o precisa e da personaliza\u00e7\u00e3o das mensagens, <strong>a compra program\u00e1tica desempenha um papel fundamental na melhoria dos resultados comerciais.<\/strong> A capacidade de antecipar as audi\u00eancias e de compreender o seu comportamento permite a otimiza\u00e7\u00e3o em todas as fases do percurso do cliente, <strong>desde a aquisi\u00e7\u00e3o \u00e0 convers\u00e3o e \u00e0 fideliza\u00e7\u00e3o.<\/strong><\/p>\n<p>Em sectores como o <em><strong>retalho<\/strong><\/em><strong>, o autom\u00f3vel e a banca<\/strong>, os modelos preditivos podem identificar os clientes com maior probabilidade de comprar, permitindo uma segmenta\u00e7\u00e3o mais precisa. Ao integrar estes modelos com a publicidade program\u00e1tica, as marcas podem ajustar dinamicamente as cria\u00e7\u00f5es e otimizar as suas estrat\u00e9gias de impacto. No consumo de massa, por exemplo, isto traduz-se em campanhas<em> de retargeting<\/em> mais eficazes, atingindo os utilizadores em momentos-chave da sua decis\u00e3o de compra.<\/p>\n<p>Gra\u00e7as \u00e0 <strong>an\u00e1lise avan\u00e7ada e<\/strong> \u00e0 <strong>IA, as marcas podem adaptar dinamicamente as suas campanhas.<\/strong> Isto garante que cada gasto em publicidade \u00e9 mais eficiente e relevante, resultando em melhorias nas principais m\u00e9tricas, como o retorno do investimento (ROI), a taxa de convers\u00e3o e o valor do cliente ao longo do tempo. Al\u00e9m disso, a publicidade program\u00e1tica ajuda a criar experi\u00eancias de utilizador consistentes e personalizadas em v\u00e1rios canais, refor\u00e7ando a rela\u00e7\u00e3o com os consumidores e consolidando a presen\u00e7a da marca no mercado.<br \/>\n&nbsp;<\/p>\n<h3><b>O futuro da compra program\u00e1tica<\/b><\/h3>\n<p>&nbsp;<\/p>\n<h3><img loading=\"lazy\" decoding=\"async\" class=\" wp-image-181311 aligncenter\" style=\"font-size: 16px;\" src=\"https:\/\/llyc.global\/wp-content\/uploads\/2025\/02\/Adtech.jpg\" alt=\"\" width=\"848\" height=\"638\" srcset=\"https:\/\/llyc.global\/wp-content\/uploads\/2025\/02\/Adtech.jpg 930w, https:\/\/llyc.global\/wp-content\/uploads\/2025\/02\/Adtech-300x226.jpg 300w, https:\/\/llyc.global\/wp-content\/uploads\/2025\/02\/Adtech-768x578.jpg 768w\" sizes=\"(max-width: 848px) 100vw, 848px\" \/><\/h3>\n<p>&nbsp;<br \/>\nO cen\u00e1rio futuro da compra program\u00e1tica promete avan\u00e7os significativos, incluindo:<\/p>\n<ul>\n<li><strong>Automa\u00e7\u00e3o total:<\/strong> ferramentas que permitir\u00e3o uma gest\u00e3o de campanhas totalmente aut\u00f3noma.<\/li>\n<li><strong>Maior integra\u00e7\u00e3o da IA:<\/strong> algoritmos<strong>mais<\/strong> sofisticados capazes de prever comportamentos com uma precis\u00e3o surpreendente.<\/li>\n<li><strong>Direcionamento preditivo:<\/strong> utiliza\u00e7\u00e3o de dados em tempo real para antecipar as necessidades dos consumidores.<\/li>\n<\/ul>\n<p>Num ambiente t\u00e3o din\u00e2mico, a LLYC est\u00e1 na vanguarda, adoptando e desenvolvendo tecnologias que garantem o sucesso das campanhas dos nossos clientes.<\/p>\n<p>A tecnologia de segmenta\u00e7\u00e3o de audi\u00eancias transformou a compra program\u00e1tica numa ferramenta poderosa para as marcas que procuram destacar-se num mercado competitivo. <strong>Na LLYC continuamos a explorar novas formas de inovar neste campo, assegurando que os nossos clientes n\u00e3o s\u00f3 atingem o seu p\u00fablico-alvo, mas que o fazem de uma forma eficaz, personalizada e mensur\u00e1vel.<\/strong><\/p>\n","protected":false},"excerpt":{"rendered":"<p>A evolu\u00e7\u00e3o da publicidade digital transformou a forma como as marcas se relacionam com os seus p\u00fablicos. Neste novo contexto, a compra program\u00e1tica n\u00e3o s\u00f3 optimiza os gastos com publicidade, como tamb\u00e9m permite n\u00edveis de precis\u00e3o e personaliza\u00e7\u00e3o sem precedentes. \u00c9 um fen\u00f3meno que continua a crescer e a consolidar-se como uma das \u00e1reas-chave da [&hellip;]<\/p>\n","protected":false},"author":22,"featured_media":0,"comment_status":"closed","ping_status":"closed","sticky":false,"template":"","format":"standard","meta":{"_acf_changed":false,"_et_pb_use_builder":"","_et_pb_old_content":"","_et_gb_content_width":"","footnotes":""},"categories":[95],"class_list":["post-181335","post","type-post","status-publish","format-standard","hentry","category-marketing"],"acf":[],"yoast_head":"<!-- This site is optimized with the Yoast SEO Premium plugin v24.7 (Yoast SEO v24.7) - https:\/\/yoast.com\/wordpress\/plugins\/seo\/ -->\n<title>Publicidade program\u00e1tica, tecnologia, dados e personaliza\u00e7\u00e3o - LLYC<\/title>\n<meta name=\"description\" content=\"Publicidade program\u00e1tica, tecnologia, dados e personaliza\u00e7\u00e3o para marcas. A LLYC impulsiona estrat\u00e9gias digitais para maximizar os gastos com publicidade.\" \/>\n<meta name=\"robots\" content=\"index, follow, max-snippet:-1, max-image-preview:large, max-video-preview:-1\" \/>\n<link rel=\"canonical\" href=\"https:\/\/llyc.global\/pt-pt\/marketing\/tendencias\/publicidade-programatica-tecnologia-dados-e-personalizacao-ao-servico-das-marcas\/\" \/>\n<meta property=\"og:locale\" content=\"pt_PT\" \/>\n<meta property=\"og:type\" content=\"article\" \/>\n<meta property=\"og:title\" content=\"Publicidade program\u00e1tica: tecnologia, dados e personaliza\u00e7\u00e3o ao servi\u00e7o das marcas\" \/>\n<meta property=\"og:description\" content=\"Publicidade program\u00e1tica, tecnologia, dados e personaliza\u00e7\u00e3o para marcas. A LLYC impulsiona estrat\u00e9gias digitais para maximizar os gastos com publicidade.\" \/>\n<meta property=\"og:url\" content=\"https:\/\/llyc.global\/pt-pt\/marketing\/tendencias\/publicidade-programatica-tecnologia-dados-e-personalizacao-ao-servico-das-marcas\/\" \/>\n<meta property=\"og:site_name\" content=\"LLYC\" \/>\n<meta property=\"article:publisher\" content=\"https:\/\/www.facebook.com\/LLYC.Global\/\" \/>\n<meta property=\"article:published_time\" content=\"2025-02-18T08:30:12+00:00\" \/>\n<meta property=\"article:modified_time\" content=\"2025-04-15T15:13:42+00:00\" \/>\n<meta property=\"og:image\" content=\"https:\/\/llyc.global\/wp-content\/uploads\/2025\/02\/Adtech_Desktop.jpg\" \/>\n\t<meta property=\"og:image:width\" content=\"1690\" \/>\n\t<meta property=\"og:image:height\" content=\"648\" \/>\n\t<meta property=\"og:image:type\" content=\"image\/jpeg\" \/>\n<meta name=\"author\" content=\"Karla Cruz Cabrera\" \/>\n<meta name=\"twitter:card\" content=\"summary_large_image\" \/>\n<meta name=\"twitter:creator\" content=\"@llorenteycuenca\" \/>\n<meta name=\"twitter:site\" content=\"@llorenteycuenca\" \/>\n<meta name=\"twitter:label1\" content=\"Written by\" \/>\n\t<meta name=\"twitter:data1\" content=\"Karla Cruz Cabrera\" \/>\n\t<meta name=\"twitter:label2\" content=\"Est. reading time\" \/>\n\t<meta name=\"twitter:data2\" content=\"7 minutos\" \/>\n<!-- \/ Yoast SEO Premium plugin. -->","yoast_head_json":{"title":"Publicidade program\u00e1tica, tecnologia, dados e personaliza\u00e7\u00e3o - LLYC","description":"Publicidade program\u00e1tica, tecnologia, dados e personaliza\u00e7\u00e3o para marcas. A LLYC impulsiona estrat\u00e9gias digitais para maximizar os gastos com publicidade.","robots":{"index":"index","follow":"follow","max-snippet":"max-snippet:-1","max-image-preview":"max-image-preview:large","max-video-preview":"max-video-preview:-1"},"canonical":"https:\/\/llyc.global\/pt-pt\/marketing\/tendencias\/publicidade-programatica-tecnologia-dados-e-personalizacao-ao-servico-das-marcas\/","og_locale":"pt_PT","og_type":"article","og_title":"Publicidade program\u00e1tica: tecnologia, dados e personaliza\u00e7\u00e3o ao servi\u00e7o das marcas","og_description":"Publicidade program\u00e1tica, tecnologia, dados e personaliza\u00e7\u00e3o para marcas. A LLYC impulsiona estrat\u00e9gias digitais para maximizar os gastos com publicidade.","og_url":"https:\/\/llyc.global\/pt-pt\/marketing\/tendencias\/publicidade-programatica-tecnologia-dados-e-personalizacao-ao-servico-das-marcas\/","og_site_name":"LLYC","article_publisher":"https:\/\/www.facebook.com\/LLYC.Global\/","article_published_time":"2025-02-18T08:30:12+00:00","article_modified_time":"2025-04-15T15:13:42+00:00","og_image":[{"width":1690,"height":648,"url":"https:\/\/llyc.global\/wp-content\/uploads\/2025\/02\/Adtech_Desktop.jpg","type":"image\/jpeg"}],"author":"Karla Cruz Cabrera","twitter_card":"summary_large_image","twitter_creator":"@llorenteycuenca","twitter_site":"@llorenteycuenca","twitter_misc":{"Written by":"Karla Cruz Cabrera","Est. reading time":"7 minutos"},"schema":{"@context":"https:\/\/schema.org","@graph":[{"@type":"WebPage","@id":"https:\/\/llyc.global\/pt-pt\/marketing\/tendencias\/publicidade-programatica-tecnologia-dados-e-personalizacao-ao-servico-das-marcas\/","url":"https:\/\/llyc.global\/pt-pt\/marketing\/tendencias\/publicidade-programatica-tecnologia-dados-e-personalizacao-ao-servico-das-marcas\/","name":"Publicidade program\u00e1tica, tecnologia, dados e personaliza\u00e7\u00e3o - LLYC","isPartOf":{"@id":"https:\/\/llyc.global\/pt-pt\/#website"},"primaryImageOfPage":{"@id":"https:\/\/llyc.global\/pt-pt\/marketing\/tendencias\/publicidade-programatica-tecnologia-dados-e-personalizacao-ao-servico-das-marcas\/#primaryimage"},"image":{"@id":"https:\/\/llyc.global\/pt-pt\/marketing\/tendencias\/publicidade-programatica-tecnologia-dados-e-personalizacao-ao-servico-das-marcas\/#primaryimage"},"thumbnailUrl":"https:\/\/llyc.global\/wp-content\/uploads\/2025\/02\/timeline-1024x393.jpg","datePublished":"2025-02-18T08:30:12+00:00","dateModified":"2025-04-15T15:13:42+00:00","author":{"@id":"https:\/\/llyc.global\/pt-pt\/#\/schema\/person\/54becd68bec7ae94ccaaa5662a99fef9"},"description":"Publicidade program\u00e1tica, tecnologia, dados e personaliza\u00e7\u00e3o para marcas. A LLYC impulsiona estrat\u00e9gias digitais para maximizar os gastos com publicidade.","breadcrumb":{"@id":"https:\/\/llyc.global\/pt-pt\/marketing\/tendencias\/publicidade-programatica-tecnologia-dados-e-personalizacao-ao-servico-das-marcas\/#breadcrumb"},"inLanguage":"pt-PT","potentialAction":[{"@type":"ReadAction","target":["https:\/\/llyc.global\/pt-pt\/marketing\/tendencias\/publicidade-programatica-tecnologia-dados-e-personalizacao-ao-servico-das-marcas\/"]}]},{"@type":"ImageObject","inLanguage":"pt-PT","@id":"https:\/\/llyc.global\/pt-pt\/marketing\/tendencias\/publicidade-programatica-tecnologia-dados-e-personalizacao-ao-servico-das-marcas\/#primaryimage","url":"https:\/\/llyc.global\/wp-content\/uploads\/2025\/02\/timeline-1024x393.jpg","contentUrl":"https:\/\/llyc.global\/wp-content\/uploads\/2025\/02\/timeline-1024x393.jpg"},{"@type":"BreadcrumbList","@id":"https:\/\/llyc.global\/pt-pt\/marketing\/tendencias\/publicidade-programatica-tecnologia-dados-e-personalizacao-ao-servico-das-marcas\/#breadcrumb","itemListElement":[{"@type":"ListItem","position":1,"name":"Home","item":"https:\/\/llyc.global\/pt-pt\/"},{"@type":"ListItem","position":2,"name":"Publicidade program\u00e1tica: tecnologia, dados e personaliza\u00e7\u00e3o ao servi\u00e7o das marcas"}]},{"@type":"WebSite","@id":"https:\/\/llyc.global\/pt-pt\/#website","url":"https:\/\/llyc.global\/pt-pt\/","name":"LLYC","description":"Consultoria de comunicaci\u00f3n marketing y asuntos p\u00fablicos","potentialAction":[{"@type":"SearchAction","target":{"@type":"EntryPoint","urlTemplate":"https:\/\/llyc.global\/pt-pt\/?s={search_term_string}"},"query-input":{"@type":"PropertyValueSpecification","valueRequired":true,"valueName":"search_term_string"}}],"inLanguage":"pt-PT"},{"@type":"Person","@id":"https:\/\/llyc.global\/pt-pt\/#\/schema\/person\/54becd68bec7ae94ccaaa5662a99fef9","name":"Karla Cruz Cabrera","image":{"@type":"ImageObject","inLanguage":"pt-PT","@id":"https:\/\/llyc.global\/pt-pt\/#\/schema\/person\/image\/","url":"https:\/\/secure.gravatar.com\/avatar\/7d7f7916b167732e8952fd54d1a28124?s=96&d=mm&r=g","contentUrl":"https:\/\/secure.gravatar.com\/avatar\/7d7f7916b167732e8952fd54d1a28124?s=96&d=mm&r=g","caption":"Karla Cruz Cabrera"}}]}},"_links":{"self":[{"href":"https:\/\/llyc.global\/pt-pt\/wp-json\/wp\/v2\/posts\/181335","targetHints":{"allow":["GET"]}}],"collection":[{"href":"https:\/\/llyc.global\/pt-pt\/wp-json\/wp\/v2\/posts"}],"about":[{"href":"https:\/\/llyc.global\/pt-pt\/wp-json\/wp\/v2\/types\/post"}],"author":[{"embeddable":true,"href":"https:\/\/llyc.global\/pt-pt\/wp-json\/wp\/v2\/users\/22"}],"replies":[{"embeddable":true,"href":"https:\/\/llyc.global\/pt-pt\/wp-json\/wp\/v2\/comments?post=181335"}],"version-history":[{"count":9,"href":"https:\/\/llyc.global\/pt-pt\/wp-json\/wp\/v2\/posts\/181335\/revisions"}],"predecessor-version":[{"id":206788,"href":"https:\/\/llyc.global\/pt-pt\/wp-json\/wp\/v2\/posts\/181335\/revisions\/206788"}],"wp:attachment":[{"href":"https:\/\/llyc.global\/pt-pt\/wp-json\/wp\/v2\/media?parent=181335"}],"wp:term":[{"taxonomy":"category","embeddable":true,"href":"https:\/\/llyc.global\/pt-pt\/wp-json\/wp\/v2\/categories?post=181335"}],"curies":[{"name":"wp","href":"https:\/\/api.w.org\/{rel}","templated":true}]}}