{"id":215569,"date":"2025-04-29T19:37:58","date_gmt":"2025-04-29T17:37:58","guid":{"rendered":"https:\/\/llyc.global\/ideas\/el-apagon-iberico-y-su-impacto-en-el-marketing-digital\/"},"modified":"2025-04-30T13:59:47","modified_gmt":"2025-04-30T11:59:47","slug":"o-apagao-iberico-e-o-seu-impacto-no-marketing-digital","status":"publish","type":"post","link":"https:\/\/llyc.global\/pt-pt\/marketing\/tendencias\/o-apagao-iberico-e-o-seu-impacto-no-marketing-digital\/","title":{"rendered":"O apag\u00e3o ib\u00e9rico e o seu impacto no marketing digital"},"content":{"rendered":"<p>O <b>sil\u00eancio digital<\/b> que nos envolveu em <b>Espanha e Portugal<\/b> durante o dia de ontem n\u00e3o s\u00f3 gerou incerteza sobre a sua origem e alcance, como tamb\u00e9m deixou entrever a<b> fragilidade e as for\u00e7as<\/b> de uma sociedade em que tomamos a conectividade como garantida. \u00c9 de salientar a naturalidade e a aus\u00eancia de incidentes graves com que decorreu o dia, apesar da incerteza e da falta de not\u00edcias confirmadas.<\/p>\n<p>Atualmente, termos como<b> apag\u00e3o, r\u00e1dio, metro, Renfe, kit de sobreviv\u00eancia e<i> Spain power outage<\/i><\/b> est\u00e3o entre os mais pesquisados pelos utilizadores. Neste contexto, \u00e9 inevit\u00e1vel que este panorama n\u00e3o afete a <b>atividade econ\u00f3mica global do pa\u00eds<\/b> e, em particular, as estrat\u00e9gias de <b>presen\u00e7a online<\/b> das empresas, bem como a <b>experi\u00eancia digital<\/b> dos consumidores.<\/p>\n<p>Embora seja muito cedo para quantificar com precis\u00e3o as<b> perdas<\/b> geradas por <b>mais de oito horas de desconex\u00e3o<\/b> para mais de 50 milh\u00f5es de pessoas, as primeiras estimativas apontam para um impacto significativo, acentuado no setor de publicidade digital. A interrup\u00e7\u00e3o abrupta do fluxo de utilizadores na rede afetou as campanhas de plataformas como DV360, redes sociais, pesquisa, entre outras, provocando a suspens\u00e3o do principal meio de contacto entre as marcas e os seus p\u00fablicos. As m\u00e9tricas habituais, como impress\u00f5es, cliques, visitas e convers\u00f5es, n\u00e3o sofreram altera\u00e7\u00f5es muito significativas, uma vez que, durante as primeiras horas do dia, at\u00e9 aproximadamente \u00e0s 12h30, o tr\u00e1fego e o funcionamento foram normais. No entanto, a partir desse momento, registou-se uma queda acentuada que afetou indicadores-chave como visitas, sess\u00f5es e pedidos, com uma diminui\u00e7\u00e3o superior a 50%. Durante as \u00faltimas horas do dia, a quantidade de utilizadores conectados fez com que as sess\u00f5es, impress\u00f5es e outras m\u00e9tricas triplicassem os valores normais de um dia qualquer a essa hora. Enquanto isso, a geolocaliza\u00e7\u00e3o, ferramenta essencial para a publicidade hipersegmentada, ficou inutilizada durante quase todo o dia. O cen\u00e1rio inicial \u00e9, sem d\u00favida, de perdas consider\u00e1veis.<\/p>\n<p>A <b>publicidade program\u00e1tica<\/b>, com a sua depend\u00eancia da imediatez e da disponibilidade constante de invent\u00e1rio e dados do utilizador, <b>ficou paralisada<\/b>. A capacidade de impactar o p\u00fablico-alvo no momento certo desapareceu completamente. As empresas de retalho foram as mais afetadas, com uma queda de mais de 50% nas encomendas durante v\u00e1rias horas, sem margem para reagir.<br \/>\n&nbsp;<\/p>\n<h3>E agora?<\/h3>\n<p>&nbsp;<br \/>\nDiante deste cen\u00e1rio, a <b>rea\u00e7\u00e3o imediata<\/b> ap\u00f3s o restabelecimento do servi\u00e7o centra-se numa <b>revis\u00e3o exaustiva.<\/b> A nossa <b>recomenda\u00e7\u00e3o principal \u00e9 extrair relat\u00f3rios e analisar os dados<\/b> para compreender a real magnitude do impacto em cada campanha. Neste novo cen\u00e1rio, <b>recomendamos adaptar o conte\u00fado a uma nova realidade<\/b>, marcada pela incerteza e pela potencial cautela dos consumidores.<\/p>\n<p>As <b>estrat\u00e9gias de presen\u00e7a digital p\u00f3s-apag\u00e3o tamb\u00e9m se bifurcam.<\/b> Enquanto alguns anunciantes podem optar por um aumento do or\u00e7amento para tentar compensar as perdas do dia anterior, buscando uma r\u00e1pida recupera\u00e7\u00e3o da visibilidade e das convers\u00f5es, outros podem adotar uma postura mais conservadora, paralisando as campanhas at\u00e9 que a situa\u00e7\u00e3o se normalize e os pre\u00e7os do invent\u00e1rio publicit\u00e1rio se ajustem \u00e0 nova demanda.<\/p>\n<p>Longe de ser um sintoma de fragilidade do setor, este epis\u00f3dio deve ser interpretado como uma prova da resili\u00eancia do mundo digital. Assim que a liga\u00e7\u00e3o foi restabelecida, <b>a capacidade de reativa\u00e7\u00e3o e adapta\u00e7\u00e3o do setor foi imediata.<\/b> Este evento obriga-nos a <b>considerar a diversifica\u00e7\u00e3o dos nossos canais de marketing, sem esquecer a complementaridade entre o mundo online e offline<\/b>, de forma a enriquecer as nossas estrat\u00e9gias de comunica\u00e7\u00e3o.<\/p>\n","protected":false},"excerpt":{"rendered":"<p>O sil\u00eancio digital que nos envolveu em Espanha e Portugal durante o dia de ontem n\u00e3o s\u00f3 gerou incerteza sobre a sua origem e alcance, como tamb\u00e9m deixou entrever a fragilidade e as for\u00e7as de uma sociedade em que tomamos a conectividade como garantida. \u00c9 de salientar a naturalidade e a aus\u00eancia de incidentes graves [&hellip;]<\/p>\n","protected":false},"author":22,"featured_media":0,"comment_status":"closed","ping_status":"closed","sticky":false,"template":"","format":"standard","meta":{"_acf_changed":false,"_et_pb_use_builder":"","_et_pb_old_content":"","_et_gb_content_width":"","footnotes":""},"categories":[95],"class_list":["post-215569","post","type-post","status-publish","format-standard","hentry","category-marketing"],"acf":[],"yoast_head":"<!-- This site is optimized with the Yoast SEO Premium plugin v24.7 (Yoast SEO v24.7) - https:\/\/yoast.com\/wordpress\/plugins\/seo\/ -->\n<title>O apag\u00e3o ib\u00e9rico e o seu impacto no marketing digital - LLYC<\/title>\n<meta name=\"description\" content=\"Na LLYC analisamos o apag\u00e3o ib\u00e9rico, a fragilidade da conectividade, o impacto na publicidade digital e as consequ\u00eancias no ambiente digital.\" \/>\n<meta name=\"robots\" content=\"index, follow, max-snippet:-1, max-image-preview:large, max-video-preview:-1\" \/>\n<link rel=\"canonical\" href=\"https:\/\/llyc.global\/pt-pt\/marketing\/tendencias\/o-apagao-iberico-e-o-seu-impacto-no-marketing-digital\/\" \/>\n<meta property=\"og:locale\" content=\"pt_PT\" \/>\n<meta property=\"og:type\" content=\"article\" \/>\n<meta property=\"og:title\" content=\"O apag\u00e3o ib\u00e9rico e o seu impacto no marketing digital\" \/>\n<meta property=\"og:description\" content=\"Na LLYC analisamos o apag\u00e3o ib\u00e9rico, a fragilidade da conectividade, o impacto na publicidade digital e as consequ\u00eancias no ambiente digital.\" \/>\n<meta property=\"og:url\" content=\"https:\/\/llyc.global\/pt-pt\/marketing\/tendencias\/o-apagao-iberico-e-o-seu-impacto-no-marketing-digital\/\" \/>\n<meta property=\"og:site_name\" content=\"LLYC\" \/>\n<meta property=\"article:publisher\" content=\"https:\/\/www.facebook.com\/LLYC.Global\/\" \/>\n<meta property=\"article:published_time\" content=\"2025-04-29T17:37:58+00:00\" \/>\n<meta property=\"article:modified_time\" content=\"2025-04-30T11:59:47+00:00\" \/>\n<meta property=\"og:image\" content=\"https:\/\/llyc.global\/wp-content\/uploads\/2025\/04\/Apagon_Desktop.png\" \/>\n\t<meta property=\"og:image:width\" content=\"1690\" \/>\n\t<meta property=\"og:image:height\" content=\"647\" \/>\n\t<meta property=\"og:image:type\" content=\"image\/png\" \/>\n<meta name=\"author\" content=\"Karla Cruz Cabrera\" \/>\n<meta name=\"twitter:card\" content=\"summary_large_image\" \/>\n<meta name=\"twitter:creator\" content=\"@llorenteycuenca\" \/>\n<meta name=\"twitter:site\" content=\"@llorenteycuenca\" \/>\n<meta name=\"twitter:label1\" content=\"Written by\" \/>\n\t<meta name=\"twitter:data1\" content=\"Karla Cruz Cabrera\" \/>\n\t<meta name=\"twitter:label2\" content=\"Est. reading time\" \/>\n\t<meta name=\"twitter:data2\" content=\"3 minutos\" \/>\n<!-- \/ Yoast SEO Premium plugin. -->","yoast_head_json":{"title":"O apag\u00e3o ib\u00e9rico e o seu impacto no marketing digital - LLYC","description":"Na LLYC analisamos o apag\u00e3o ib\u00e9rico, a fragilidade da conectividade, o impacto na publicidade digital e as consequ\u00eancias no ambiente digital.","robots":{"index":"index","follow":"follow","max-snippet":"max-snippet:-1","max-image-preview":"max-image-preview:large","max-video-preview":"max-video-preview:-1"},"canonical":"https:\/\/llyc.global\/pt-pt\/marketing\/tendencias\/o-apagao-iberico-e-o-seu-impacto-no-marketing-digital\/","og_locale":"pt_PT","og_type":"article","og_title":"O apag\u00e3o ib\u00e9rico e o seu impacto no marketing digital","og_description":"Na LLYC analisamos o apag\u00e3o ib\u00e9rico, a fragilidade da conectividade, o impacto na publicidade digital e as consequ\u00eancias no ambiente digital.","og_url":"https:\/\/llyc.global\/pt-pt\/marketing\/tendencias\/o-apagao-iberico-e-o-seu-impacto-no-marketing-digital\/","og_site_name":"LLYC","article_publisher":"https:\/\/www.facebook.com\/LLYC.Global\/","article_published_time":"2025-04-29T17:37:58+00:00","article_modified_time":"2025-04-30T11:59:47+00:00","og_image":[{"width":1690,"height":647,"url":"https:\/\/llyc.global\/wp-content\/uploads\/2025\/04\/Apagon_Desktop.png","type":"image\/png"}],"author":"Karla Cruz Cabrera","twitter_card":"summary_large_image","twitter_creator":"@llorenteycuenca","twitter_site":"@llorenteycuenca","twitter_misc":{"Written by":"Karla Cruz Cabrera","Est. reading time":"3 minutos"},"schema":{"@context":"https:\/\/schema.org","@graph":[{"@type":"WebPage","@id":"https:\/\/llyc.global\/pt-pt\/marketing\/tendencias\/o-apagao-iberico-e-o-seu-impacto-no-marketing-digital\/","url":"https:\/\/llyc.global\/pt-pt\/marketing\/tendencias\/o-apagao-iberico-e-o-seu-impacto-no-marketing-digital\/","name":"O apag\u00e3o ib\u00e9rico e o seu impacto no marketing digital - LLYC","isPartOf":{"@id":"https:\/\/llyc.global\/pt-pt\/#website"},"datePublished":"2025-04-29T17:37:58+00:00","dateModified":"2025-04-30T11:59:47+00:00","author":{"@id":"https:\/\/llyc.global\/pt-pt\/#\/schema\/person\/54becd68bec7ae94ccaaa5662a99fef9"},"description":"Na LLYC analisamos o apag\u00e3o ib\u00e9rico, a fragilidade da conectividade, o impacto na publicidade digital e as consequ\u00eancias no ambiente digital.","breadcrumb":{"@id":"https:\/\/llyc.global\/pt-pt\/marketing\/tendencias\/o-apagao-iberico-e-o-seu-impacto-no-marketing-digital\/#breadcrumb"},"inLanguage":"pt-PT","potentialAction":[{"@type":"ReadAction","target":["https:\/\/llyc.global\/pt-pt\/marketing\/tendencias\/o-apagao-iberico-e-o-seu-impacto-no-marketing-digital\/"]}]},{"@type":"BreadcrumbList","@id":"https:\/\/llyc.global\/pt-pt\/marketing\/tendencias\/o-apagao-iberico-e-o-seu-impacto-no-marketing-digital\/#breadcrumb","itemListElement":[{"@type":"ListItem","position":1,"name":"Home","item":"https:\/\/llyc.global\/pt-pt\/"},{"@type":"ListItem","position":2,"name":"O apag\u00e3o ib\u00e9rico e o seu impacto no marketing digital"}]},{"@type":"WebSite","@id":"https:\/\/llyc.global\/pt-pt\/#website","url":"https:\/\/llyc.global\/pt-pt\/","name":"LLYC","description":"Consultoria de comunicaci\u00f3n marketing y asuntos p\u00fablicos","potentialAction":[{"@type":"SearchAction","target":{"@type":"EntryPoint","urlTemplate":"https:\/\/llyc.global\/pt-pt\/?s={search_term_string}"},"query-input":{"@type":"PropertyValueSpecification","valueRequired":true,"valueName":"search_term_string"}}],"inLanguage":"pt-PT"},{"@type":"Person","@id":"https:\/\/llyc.global\/pt-pt\/#\/schema\/person\/54becd68bec7ae94ccaaa5662a99fef9","name":"Karla Cruz Cabrera","image":{"@type":"ImageObject","inLanguage":"pt-PT","@id":"https:\/\/llyc.global\/pt-pt\/#\/schema\/person\/image\/","url":"https:\/\/secure.gravatar.com\/avatar\/7d7f7916b167732e8952fd54d1a28124?s=96&d=mm&r=g","contentUrl":"https:\/\/secure.gravatar.com\/avatar\/7d7f7916b167732e8952fd54d1a28124?s=96&d=mm&r=g","caption":"Karla Cruz Cabrera"}}]}},"_links":{"self":[{"href":"https:\/\/llyc.global\/pt-pt\/wp-json\/wp\/v2\/posts\/215569","targetHints":{"allow":["GET"]}}],"collection":[{"href":"https:\/\/llyc.global\/pt-pt\/wp-json\/wp\/v2\/posts"}],"about":[{"href":"https:\/\/llyc.global\/pt-pt\/wp-json\/wp\/v2\/types\/post"}],"author":[{"embeddable":true,"href":"https:\/\/llyc.global\/pt-pt\/wp-json\/wp\/v2\/users\/22"}],"replies":[{"embeddable":true,"href":"https:\/\/llyc.global\/pt-pt\/wp-json\/wp\/v2\/comments?post=215569"}],"version-history":[{"count":3,"href":"https:\/\/llyc.global\/pt-pt\/wp-json\/wp\/v2\/posts\/215569\/revisions"}],"predecessor-version":[{"id":215634,"href":"https:\/\/llyc.global\/pt-pt\/wp-json\/wp\/v2\/posts\/215569\/revisions\/215634"}],"wp:attachment":[{"href":"https:\/\/llyc.global\/pt-pt\/wp-json\/wp\/v2\/media?parent=215569"}],"wp:term":[{"taxonomy":"category","embeddable":true,"href":"https:\/\/llyc.global\/pt-pt\/wp-json\/wp\/v2\/categories?post=215569"}],"curies":[{"name":"wp","href":"https:\/\/api.w.org\/{rel}","templated":true}]}}