{"id":268249,"date":"2025-06-27T13:43:20","date_gmt":"2025-06-27T11:43:20","guid":{"rendered":"https:\/\/llyc.global\/?p=268249"},"modified":"2025-07-04T12:13:23","modified_gmt":"2025-07-04T10:13:23","slug":"fomos-distinguidos-como-agencia-do-ano-em-pr-nos-premios-lusofonos-da-criatividade-2024-2025","status":"publish","type":"post","link":"https:\/\/llyc.global\/pt-pt\/corporate-affairs\/tendencias\/fomos-distinguidos-como-agencia-do-ano-em-pr-nos-premios-lusofonos-da-criatividade-2024-2025\/","title":{"rendered":"Fomos distinguidos como Ag\u00eancia do Ano em PR nos Pr\u00e9mios Lus\u00f3fonos da Criatividade 2024\u20132025"},"content":{"rendered":"<p>Fomos reconhecidos como<strong> Ag\u00eancia do Ano em Rela\u00e7\u00f5es P\u00fablicas<\/strong> na edi\u00e7\u00e3o 2024\u20132025 dos Pr\u00e9mios Lus\u00f3fonos da Criatividade. Com um total de <strong>420 pontos<\/strong>, alcan\u00e7\u00e1mos o <strong>primeiro lugar no ranking<\/strong> entre ag\u00eancias de pa\u00edses de l\u00edngua portuguesa: Portugal, Brasil, Angola, Mo\u00e7ambique e Cabo Verde.<\/p>\n<p>Este reconhecimento sublinha o impacto do nosso trabalho em comunica\u00e7\u00e3o, criatividade e rela\u00e7\u00f5es p\u00fablicas, refor\u00e7ando o posicionamento do nosso escrit\u00f3rio de Lisboa como uma refer\u00eancia no setor.<\/p>\n<p>\u00c9 a <strong>terceira vez<\/strong> que recebemos esta distin\u00e7\u00e3o \u2014 e a emo\u00e7\u00e3o continua a ser a mesma da primeira vez. No in\u00edcio deste ano, conquist\u00e1mos ainda <strong>dois pr\u00e9mios ouro<\/strong> com projetos liderados a partir de Portugal:<\/p>\n<ul>\n<li><em>Estudo LLYC Legislativas 2024<\/em> \u2013 categoria Public Affairs \/ Lobby<\/li>\n<li><em>O Retorno da Comunica\u00e7\u00e3o Financeira (XTB)<\/em> \u2013 categoria Media Relations<\/li>\n<\/ul>\n<p>Este pr\u00e9mio celebra o talento, a qualidade e a paix\u00e3o que colocamos em tudo o que fazemos.<\/p>\n<p><strong>Parab\u00e9ns a todos os que tornaram isto poss\u00edvel!<\/strong><\/p>\n","protected":false},"excerpt":{"rendered":"<p>Fomos reconhecidos como Ag\u00eancia do Ano em Rela\u00e7\u00f5es P\u00fablicas na edi\u00e7\u00e3o 2024\u20132025 dos Pr\u00e9mios Lus\u00f3fonos da Criatividade. Com um total de 420 pontos, alcan\u00e7\u00e1mos o primeiro lugar no ranking entre ag\u00eancias de pa\u00edses de l\u00edngua portuguesa: Portugal, Brasil, Angola, Mo\u00e7ambique e Cabo Verde. Este reconhecimento sublinha o impacto do nosso trabalho em comunica\u00e7\u00e3o, criatividade e [&hellip;]<\/p>\n","protected":false},"author":22,"featured_media":0,"comment_status":"closed","ping_status":"closed","sticky":false,"template":"","format":"standard","meta":{"_acf_changed":false,"_et_pb_use_builder":"","_et_pb_old_content":"","_et_gb_content_width":"","footnotes":""},"categories":[134],"class_list":["post-268249","post","type-post","status-publish","format-standard","hentry","category-corporate-affairs"],"acf":[],"yoast_head":"<!-- This site is optimized with the Yoast SEO Premium plugin v24.7 (Yoast SEO v24.7) - https:\/\/yoast.com\/wordpress\/plugins\/seo\/ -->\n<title>Ag\u00eancia do Ano em Rela\u00e7\u00f5es P\u00fablicas - LLYC<\/title>\n<meta name=\"description\" content=\"Fomos reconhecidos como Ag\u00eancia do Ano em Rela\u00e7\u00f5es P\u00fablicas na edi\u00e7\u00e3o 2024\u20132025 dos Pr\u00e9mios Lus\u00f3fonos da Criatividade.\" \/>\n<meta name=\"robots\" content=\"index, follow, max-snippet:-1, max-image-preview:large, max-video-preview:-1\" \/>\n<link rel=\"canonical\" href=\"https:\/\/llyc.global\/pt-pt\/corporate-affairs\/tendencias\/fomos-distinguidos-como-agencia-do-ano-em-pr-nos-premios-lusofonos-da-criatividade-2024-2025\/\" \/>\n<meta property=\"og:locale\" content=\"pt_PT\" \/>\n<meta property=\"og:type\" content=\"article\" \/>\n<meta property=\"og:title\" content=\"Fomos distinguidos como Ag\u00eancia do Ano em PR nos Pr\u00e9mios Lus\u00f3fonos da Criatividade 2024\u20132025\" \/>\n<meta property=\"og:description\" content=\"Fomos reconhecidos como Ag\u00eancia do Ano em Rela\u00e7\u00f5es P\u00fablicas na edi\u00e7\u00e3o 2024\u20132025 dos Pr\u00e9mios Lus\u00f3fonos da Criatividade.\" \/>\n<meta property=\"og:url\" content=\"https:\/\/llyc.global\/pt-pt\/corporate-affairs\/tendencias\/fomos-distinguidos-como-agencia-do-ano-em-pr-nos-premios-lusofonos-da-criatividade-2024-2025\/\" \/>\n<meta property=\"og:site_name\" content=\"LLYC\" \/>\n<meta property=\"article:publisher\" content=\"https:\/\/www.facebook.com\/LLYC.Global\/\" \/>\n<meta property=\"article:published_time\" content=\"2025-06-27T11:43:20+00:00\" \/>\n<meta property=\"article:modified_time\" content=\"2025-07-04T10:13:23+00:00\" \/>\n<meta property=\"og:image\" content=\"https:\/\/llyc.global\/wp-content\/uploads\/2025\/06\/Lusofonos_mobile.jpg\" \/>\n\t<meta property=\"og:image:width\" content=\"354\" \/>\n\t<meta property=\"og:image:height\" content=\"316\" \/>\n\t<meta property=\"og:image:type\" content=\"image\/jpeg\" \/>\n<meta name=\"author\" content=\"Karla Cruz Cabrera\" \/>\n<meta name=\"twitter:card\" content=\"summary_large_image\" \/>\n<meta name=\"twitter:creator\" content=\"@llorenteycuenca\" \/>\n<meta name=\"twitter:site\" content=\"@llorenteycuenca\" \/>\n<meta name=\"twitter:label1\" content=\"Written by\" \/>\n\t<meta name=\"twitter:data1\" content=\"Karla Cruz Cabrera\" \/>\n\t<meta name=\"twitter:label2\" content=\"Est. reading time\" \/>\n\t<meta name=\"twitter:data2\" content=\"1 minuto\" \/>\n<!-- \/ Yoast SEO Premium plugin. -->","yoast_head_json":{"title":"Ag\u00eancia do Ano em Rela\u00e7\u00f5es P\u00fablicas - LLYC","description":"Fomos reconhecidos como Ag\u00eancia do Ano em Rela\u00e7\u00f5es P\u00fablicas na edi\u00e7\u00e3o 2024\u20132025 dos Pr\u00e9mios Lus\u00f3fonos da Criatividade.","robots":{"index":"index","follow":"follow","max-snippet":"max-snippet:-1","max-image-preview":"max-image-preview:large","max-video-preview":"max-video-preview:-1"},"canonical":"https:\/\/llyc.global\/pt-pt\/corporate-affairs\/tendencias\/fomos-distinguidos-como-agencia-do-ano-em-pr-nos-premios-lusofonos-da-criatividade-2024-2025\/","og_locale":"pt_PT","og_type":"article","og_title":"Fomos distinguidos como Ag\u00eancia do Ano em PR nos Pr\u00e9mios Lus\u00f3fonos da Criatividade 2024\u20132025","og_description":"Fomos reconhecidos como Ag\u00eancia do Ano em Rela\u00e7\u00f5es P\u00fablicas na edi\u00e7\u00e3o 2024\u20132025 dos Pr\u00e9mios Lus\u00f3fonos da Criatividade.","og_url":"https:\/\/llyc.global\/pt-pt\/corporate-affairs\/tendencias\/fomos-distinguidos-como-agencia-do-ano-em-pr-nos-premios-lusofonos-da-criatividade-2024-2025\/","og_site_name":"LLYC","article_publisher":"https:\/\/www.facebook.com\/LLYC.Global\/","article_published_time":"2025-06-27T11:43:20+00:00","article_modified_time":"2025-07-04T10:13:23+00:00","og_image":[{"width":354,"height":316,"url":"https:\/\/llyc.global\/wp-content\/uploads\/2025\/06\/Lusofonos_mobile.jpg","type":"image\/jpeg"}],"author":"Karla Cruz Cabrera","twitter_card":"summary_large_image","twitter_creator":"@llorenteycuenca","twitter_site":"@llorenteycuenca","twitter_misc":{"Written by":"Karla Cruz Cabrera","Est. reading time":"1 minuto"},"schema":{"@context":"https:\/\/schema.org","@graph":[{"@type":"WebPage","@id":"https:\/\/llyc.global\/pt-pt\/corporate-affairs\/tendencias\/fomos-distinguidos-como-agencia-do-ano-em-pr-nos-premios-lusofonos-da-criatividade-2024-2025\/","url":"https:\/\/llyc.global\/pt-pt\/corporate-affairs\/tendencias\/fomos-distinguidos-como-agencia-do-ano-em-pr-nos-premios-lusofonos-da-criatividade-2024-2025\/","name":"Ag\u00eancia do Ano em Rela\u00e7\u00f5es P\u00fablicas - LLYC","isPartOf":{"@id":"https:\/\/llyc.global\/pt-pt\/#website"},"datePublished":"2025-06-27T11:43:20+00:00","dateModified":"2025-07-04T10:13:23+00:00","author":{"@id":"https:\/\/llyc.global\/pt-pt\/#\/schema\/person\/54becd68bec7ae94ccaaa5662a99fef9"},"description":"Fomos reconhecidos como Ag\u00eancia do Ano em Rela\u00e7\u00f5es P\u00fablicas na edi\u00e7\u00e3o 2024\u20132025 dos Pr\u00e9mios Lus\u00f3fonos da Criatividade.","breadcrumb":{"@id":"https:\/\/llyc.global\/pt-pt\/corporate-affairs\/tendencias\/fomos-distinguidos-como-agencia-do-ano-em-pr-nos-premios-lusofonos-da-criatividade-2024-2025\/#breadcrumb"},"inLanguage":"pt-PT","potentialAction":[{"@type":"ReadAction","target":["https:\/\/llyc.global\/pt-pt\/corporate-affairs\/tendencias\/fomos-distinguidos-como-agencia-do-ano-em-pr-nos-premios-lusofonos-da-criatividade-2024-2025\/"]}]},{"@type":"BreadcrumbList","@id":"https:\/\/llyc.global\/pt-pt\/corporate-affairs\/tendencias\/fomos-distinguidos-como-agencia-do-ano-em-pr-nos-premios-lusofonos-da-criatividade-2024-2025\/#breadcrumb","itemListElement":[{"@type":"ListItem","position":1,"name":"Home","item":"https:\/\/llyc.global\/pt-pt\/"},{"@type":"ListItem","position":2,"name":"Fomos distinguidos como Ag\u00eancia do Ano em PR nos Pr\u00e9mios Lus\u00f3fonos da Criatividade 2024\u20132025"}]},{"@type":"WebSite","@id":"https:\/\/llyc.global\/pt-pt\/#website","url":"https:\/\/llyc.global\/pt-pt\/","name":"LLYC","description":"Consultoria de comunicaci\u00f3n marketing y asuntos p\u00fablicos","potentialAction":[{"@type":"SearchAction","target":{"@type":"EntryPoint","urlTemplate":"https:\/\/llyc.global\/pt-pt\/?s={search_term_string}"},"query-input":{"@type":"PropertyValueSpecification","valueRequired":true,"valueName":"search_term_string"}}],"inLanguage":"pt-PT"},{"@type":"Person","@id":"https:\/\/llyc.global\/pt-pt\/#\/schema\/person\/54becd68bec7ae94ccaaa5662a99fef9","name":"Karla Cruz Cabrera","image":{"@type":"ImageObject","inLanguage":"pt-PT","@id":"https:\/\/llyc.global\/pt-pt\/#\/schema\/person\/image\/","url":"https:\/\/secure.gravatar.com\/avatar\/7d7f7916b167732e8952fd54d1a28124?s=96&d=mm&r=g","contentUrl":"https:\/\/secure.gravatar.com\/avatar\/7d7f7916b167732e8952fd54d1a28124?s=96&d=mm&r=g","caption":"Karla Cruz Cabrera"}}]}},"_links":{"self":[{"href":"https:\/\/llyc.global\/pt-pt\/wp-json\/wp\/v2\/posts\/268249","targetHints":{"allow":["GET"]}}],"collection":[{"href":"https:\/\/llyc.global\/pt-pt\/wp-json\/wp\/v2\/posts"}],"about":[{"href":"https:\/\/llyc.global\/pt-pt\/wp-json\/wp\/v2\/types\/post"}],"author":[{"embeddable":true,"href":"https:\/\/llyc.global\/pt-pt\/wp-json\/wp\/v2\/users\/22"}],"replies":[{"embeddable":true,"href":"https:\/\/llyc.global\/pt-pt\/wp-json\/wp\/v2\/comments?post=268249"}],"version-history":[{"count":6,"href":"https:\/\/llyc.global\/pt-pt\/wp-json\/wp\/v2\/posts\/268249\/revisions"}],"predecessor-version":[{"id":277143,"href":"https:\/\/llyc.global\/pt-pt\/wp-json\/wp\/v2\/posts\/268249\/revisions\/277143"}],"wp:attachment":[{"href":"https:\/\/llyc.global\/pt-pt\/wp-json\/wp\/v2\/media?parent=268249"}],"wp:term":[{"taxonomy":"category","embeddable":true,"href":"https:\/\/llyc.global\/pt-pt\/wp-json\/wp\/v2\/categories?post=268249"}],"curies":[{"name":"wp","href":"https:\/\/api.w.org\/{rel}","templated":true}]}}