{"id":272224,"date":"2025-06-30T15:51:39","date_gmt":"2025-06-30T13:51:39","guid":{"rendered":"https:\/\/llyc.global\/ideas\/lo-importante-no-siempre-es-lo-mas-visible-nuestra-mirada-sobre-la-atribucion\/"},"modified":"2025-06-30T17:48:14","modified_gmt":"2025-06-30T15:48:14","slug":"o-importante-nem-sempre-e-o-mais-visivel-a-nossa-visao-sobre-a-atribuicao","status":"publish","type":"post","link":"https:\/\/llyc.global\/pt-pt\/marketing\/tendencias\/o-importante-nem-sempre-e-o-mais-visivel-a-nossa-visao-sobre-a-atribuicao\/","title":{"rendered":"O importante nem sempre \u00e9 o mais vis\u00edvel: a nossa vis\u00e3o sobre a atribui\u00e7\u00e3o"},"content":{"rendered":"<h3>Atribuir bem n\u00e3o \u00e9 medir mais, \u00e9 decidir melhor<\/h3>\n<p>No contexto atual do marketing, falar de atribui\u00e7\u00e3o j\u00e1 n\u00e3o implica simplesmente distribuir o m\u00e9rito ou a responsabilidade entre canais, especialmente no ambiente digital. Significa, antes, compreender com precis\u00e3o quais os elementos que est\u00e3o a gerar um impacto real no neg\u00f3cio, como identificar se o aumento do tr\u00e1fego se deve a uma campanha de v\u00eddeo bem planeada ou se responde a uma promo\u00e7\u00e3o t\u00e1tica que coincidiu com um pico pontual de procura.<\/p>\n<p>Nesta altura, a conversa j\u00e1 n\u00e3o gira apenas em torno de m\u00e9tricas. O que as marcas exigem s\u00e3o certezas: decis\u00f5es baseadas em dados, investimentos que possam ser justificados e modelos que permitam replicar o sucesso com efici\u00eancia.<\/p>\n<p>\u00c9 nesse ponto que a atribui\u00e7\u00e3o assume um papel relevante. N\u00e3o como uma visualiza\u00e7\u00e3o sofisticada ou mais um recurso dentro do ecossistema de <i>martech<\/i>, mas como uma alavanca real para entender o que est\u00e1 a acontecer e, acima de tudo, o porqu\u00ea, com uma perspetiva de neg\u00f3cio.<\/p>\n<h3>Tecnologia, sim, mas sempre ao servi\u00e7o da estrat\u00e9gia<\/h3>\n<p>Ferramentas como o <i>Campaign Manager 360<\/i> oferecem um elevado n\u00edvel de rastreabilidade sobre o percurso do utilizador antes de uma convers\u00e3o. No entanto, o verdadeiro valor n\u00e3o reside na plataforma em si, mas nas perguntas que somos capazes de fazer a partir dela. Escolher entre um modelo linear, de decaimento ou de atribui\u00e7\u00e3o por posi\u00e7\u00e3o \u00e9 irrelevante se n\u00e3o houver clareza sobre o objetivo que se pretende otimizar.<\/p>\n<p>O que \u00e9 realmente eficaz parte de uma base bem estruturada:<\/p>\n<ul>\n<li>Dados limpos e consistentes.<\/li>\n<li>Campanhas corretamente etiquetadas.<\/li>\n<li>Mapeamento exaustivo dos pontos de contacto.<\/li>\n<\/ul>\n<p>Com estes fundamentos, os dados tornam-se sinais \u00fateis para a tomada de decis\u00f5es. Porque nem tudo est\u00e1 nos n\u00fameros, mas sem eles \u00e9 muito mais dif\u00edcil ver o caminho com clareza.<\/p>\n<h3>Al\u00e9m do \u00faltimo clique: atribuir impacto, n\u00e3o apenas presen\u00e7a<\/h3>\n<p>Uma tend\u00eancia crescente entre as marcas mais avan\u00e7adas \u00e9 abandonar a l\u00f3gica do \u00faltimo clique para se questionar algo mais relevante: esta convers\u00e3o teria ocorrido se n\u00e3o tiv\u00e9ssemos ativado a campanha?<\/p>\n<p>Esse \u00e9 o eixo do enfoque pela <b>incrementalidade<\/b>. N\u00e3o se trata de distribuir m\u00e9ritos, mas sim de medir a causalidade. Ou seja, determinar que parte do resultado \u00e9 diretamente atribu\u00edvel a uma interven\u00e7\u00e3o publicit\u00e1ria espec\u00edfica.<\/p>\n<p>Este tipo de an\u00e1lise \u00e9 especialmente valioso em ambientes com baixa rastreabilidade, como a televis\u00e3o conectada, determinados formatos sociais ou campanhas de <i>consciencializa\u00e7\u00e3o<\/i> sem apelo direto \u00e0 a\u00e7\u00e3o. S\u00e3o espa\u00e7os onde o efeito existe, embora nem sempre seja evidente, e que tendem a ser subvalorizados se nos guiarmos apenas pelo que \u00e9 mensur\u00e1vel.<\/p>\n<h3>Como se constr\u00f3i um modelo de atribui\u00e7\u00e3o eficaz no Campaign Manager 360?<\/h3>\n<p>Tudo parte de uma base de dados s\u00f3lida, bem compilada e classificada. Para que um modelo de atribui\u00e7\u00e3o funcione como ferramenta de an\u00e1lise e decis\u00e3o, \u00e9 essencial contar com uma etiquetagem rigorosa das campanhas (<i>Floodlights, UTMs<\/i>) e com uma conven\u00e7\u00e3o de nomenclatura coerente e homog\u00e9nea entre plataformas. A isso se soma um sistema de medi\u00e7\u00e3o de convers\u00f5es claro e est\u00e1vel, que permita interpretar corretamente cada intera\u00e7\u00e3o do utilizador, incluindo, \u00e9 claro, uma rastreabilidade completa da jornada atrav\u00e9s de canais, formatos e dispositivos.<\/p>\n<p>A partir desta base, nas plataformas podemos aplicar diferentes modelos de atribui\u00e7\u00e3o (desde o \u00faltimo clique, passando pelo modelo linear ou por posi\u00e7\u00e3o, ou confiar no algoritmo para aplicar uma <i>Data-Driven Attribution<\/i>) para analisar percursos de convers\u00e3o e visualizar qual combina\u00e7\u00e3o de impactos gera maior contribui\u00e7\u00e3o.<\/p>\n<p>No entanto, em 2025, muitas marcas deixaram de se concentrar apenas em \u00abatribuir\u00bb e est\u00e3o a focar-se em algo mais ambicioso: demonstrar impacto real. Para isso, \u00e9 necess\u00e1rio evoluir para modelos avan\u00e7ados, combinando os dados operacionais das plataformas com uma leitura estrat\u00e9gica ao n\u00edvel do neg\u00f3cio.<\/p>\n<h3>Atribui\u00e7\u00e3o baseada na incrementalidade: medir o que realmente muda gra\u00e7as \u00e0 campanha<\/h3>\n<p>Esta abordagem parte de uma premissa simples, mas poderosa: o importante n\u00e3o \u00e9 apenas identificar qual canal aparece na rota de convers\u00e3o, mas saber se essa convers\u00e3o teria ocorrido naturalmente sem a campanha.<\/p>\n<p>Ao contr\u00e1rio dos modelos tradicionais, a atribui\u00e7\u00e3o por incrementalidade n\u00e3o procura distribuir o m\u00e9rito, mas medir a causalidade. Ou seja, determinar que parte do resultado pode ser atribu\u00edda diretamente ao investimento publicit\u00e1rio e qual teria sido gerada organicamente.<\/p>\n<p>Aplicar este tipo de an\u00e1lise \u00e9 especialmente valioso num ambiente onde a press\u00e3o sobre o ROI \u00e9 elevada e a rastreabilidade \u00e9 cada vez mais limitada, como acontece em canais com atribui\u00e7\u00e3o difusa, como a televis\u00e3o conectada (CTV), formatos de upper funnel ou estrat\u00e9gias de branding.<\/p>\n<h3>Modelos h\u00edbridos: atribui\u00e7\u00e3o digital + Marketing Mix Modelling<\/h3>\n<p>Paralelamente, as marcas com alta maturidade digital est\u00e3o a adotar modelos h\u00edbridos que integram duas abordagens complementares: a precis\u00e3o t\u00e1tica da atribui\u00e7\u00e3o digital e a vis\u00e3o global atrav\u00e9s do<b> <i>Marketing Mix Modelling<\/i><\/b><i> (MMM).<\/i><\/p>\n<p>O atual ressurgimento do <i>MMM<\/i> \u00e9 impulsionado pelo avan\u00e7o da intelig\u00eancia artificial nos processos de modelagem, o desaparecimento progressivo dos <i>cookies<\/i> e a necessidade de compreender o efeito combinado de m\u00faltiplas vari\u00e1veis (canais, <i>pre\u00e7os<\/i>, promo\u00e7\u00f5es, sazonalidade, etc.).<\/p>\n<p>Como funciona este modelo combinado?<\/p>\n<p>Integramos os dados de campanhas digitais e<i> offline<\/i>, adicionamos informa\u00e7\u00f5es sobre investimento, canais de venda e pol\u00edticas comerciais e cruzamos os resultados obtidos do <i>MMM<\/i> com os <i>insights<\/i> da atribui\u00e7\u00e3o digital. Desta forma, obtemos uma vis\u00e3o completa:<\/p>\n<ul>\n<li>O contexto macro e estrat\u00e9gico fornecido pelo <i>MMM.<\/i><\/li>\n<li>A granularidade t\u00e1tica e acion\u00e1vel oferecida pela atribui\u00e7\u00e3o digital.<\/li>\n<\/ul>\n<p>Na LLYC, gra\u00e7as \u00e0 nossa vasta experi\u00eancia em projetos com marcas l\u00edderes em v\u00e1rios setores, verificamos e adaptamos o modelo de atribui\u00e7\u00e3o \u00e0 realidade do neg\u00f3cio, indo al\u00e9m do padr\u00e3o da plataforma, para garantir um impacto tang\u00edvel nos resultados.<\/p>\n<p>N\u00e3o se trata de ter mais dados, mas de conect\u00e1-los com intelig\u00eancia para tomar melhores decis\u00f5es; e isso \u00e9, hoje, uma vantagem competitiva real.<\/p>\n","protected":false},"excerpt":{"rendered":"<p>Atribuir bem n\u00e3o \u00e9 medir mais, \u00e9 decidir melhor No contexto atual do marketing, falar de atribui\u00e7\u00e3o j\u00e1 n\u00e3o implica simplesmente distribuir o m\u00e9rito ou a responsabilidade entre canais, especialmente no ambiente digital. Significa, antes, compreender com precis\u00e3o quais os elementos que est\u00e3o a gerar um impacto real no neg\u00f3cio, como identificar se o aumento [&hellip;]<\/p>\n","protected":false},"author":29,"featured_media":0,"comment_status":"closed","ping_status":"closed","sticky":false,"template":"","format":"standard","meta":{"_acf_changed":false,"_et_pb_use_builder":"","_et_pb_old_content":"","_et_gb_content_width":"","footnotes":""},"categories":[95],"class_list":["post-272224","post","type-post","status-publish","format-standard","hentry","category-marketing"],"acf":[],"yoast_head":"<!-- This site is optimized with the Yoast SEO Premium plugin v24.7 (Yoast SEO v24.7) - https:\/\/yoast.com\/wordpress\/plugins\/seo\/ -->\n<title>Atribui\u00e7\u00e3o digital - O importante nem sempre \u00e9 o mais vis\u00edvel LLYC<\/title>\n<meta name=\"description\" content=\"Atribui\u00e7\u00e3o digital, Campaign Manager 360 e Marketing Mix Modelling, a nossa vis\u00e3o sobre a atribui\u00e7\u00e3o no contexto atual do marketing.\" \/>\n<meta name=\"robots\" content=\"index, follow, max-snippet:-1, max-image-preview:large, max-video-preview:-1\" \/>\n<link rel=\"canonical\" href=\"https:\/\/llyc.global\/pt-pt\/marketing\/tendencias\/o-importante-nem-sempre-e-o-mais-visivel-a-nossa-visao-sobre-a-atribuicao\/\" \/>\n<meta property=\"og:locale\" content=\"pt_PT\" \/>\n<meta property=\"og:type\" content=\"article\" \/>\n<meta property=\"og:title\" content=\"O importante nem sempre \u00e9 o mais vis\u00edvel: a nossa vis\u00e3o sobre a atribui\u00e7\u00e3o\" \/>\n<meta property=\"og:description\" content=\"Atribui\u00e7\u00e3o digital, Campaign Manager 360 e Marketing Mix Modelling, a nossa vis\u00e3o sobre a atribui\u00e7\u00e3o no contexto atual do marketing.\" \/>\n<meta property=\"og:url\" content=\"https:\/\/llyc.global\/pt-pt\/marketing\/tendencias\/o-importante-nem-sempre-e-o-mais-visivel-a-nossa-visao-sobre-a-atribuicao\/\" \/>\n<meta property=\"og:site_name\" content=\"LLYC\" \/>\n<meta property=\"article:publisher\" content=\"https:\/\/www.facebook.com\/LLYC.Global\/\" \/>\n<meta property=\"article:published_time\" content=\"2025-06-30T13:51:39+00:00\" \/>\n<meta property=\"article:modified_time\" content=\"2025-06-30T15:48:14+00:00\" \/>\n<meta property=\"og:image\" content=\"https:\/\/llyc.global\/wp-content\/uploads\/2025\/06\/05_Desktop.png\" \/>\n\t<meta property=\"og:image:width\" content=\"1690\" \/>\n\t<meta property=\"og:image:height\" content=\"647\" \/>\n\t<meta property=\"og:image:type\" content=\"image\/png\" \/>\n<meta name=\"author\" content=\"Marcos Basterrechea\" \/>\n<meta name=\"twitter:card\" content=\"summary_large_image\" \/>\n<meta name=\"twitter:creator\" content=\"@llorenteycuenca\" \/>\n<meta name=\"twitter:site\" content=\"@llorenteycuenca\" \/>\n<meta name=\"twitter:label1\" content=\"Written by\" \/>\n\t<meta name=\"twitter:data1\" content=\"Marcos Basterrechea\" \/>\n\t<meta name=\"twitter:label2\" content=\"Est. reading time\" \/>\n\t<meta name=\"twitter:data2\" content=\"5 minutos\" \/>\n<!-- \/ Yoast SEO Premium plugin. -->","yoast_head_json":{"title":"Atribui\u00e7\u00e3o digital - O importante nem sempre \u00e9 o mais vis\u00edvel LLYC","description":"Atribui\u00e7\u00e3o digital, Campaign Manager 360 e Marketing Mix Modelling, a nossa vis\u00e3o sobre a atribui\u00e7\u00e3o no contexto atual do marketing.","robots":{"index":"index","follow":"follow","max-snippet":"max-snippet:-1","max-image-preview":"max-image-preview:large","max-video-preview":"max-video-preview:-1"},"canonical":"https:\/\/llyc.global\/pt-pt\/marketing\/tendencias\/o-importante-nem-sempre-e-o-mais-visivel-a-nossa-visao-sobre-a-atribuicao\/","og_locale":"pt_PT","og_type":"article","og_title":"O importante nem sempre \u00e9 o mais vis\u00edvel: a nossa vis\u00e3o sobre a atribui\u00e7\u00e3o","og_description":"Atribui\u00e7\u00e3o digital, Campaign Manager 360 e Marketing Mix Modelling, a nossa vis\u00e3o sobre a atribui\u00e7\u00e3o no contexto atual do marketing.","og_url":"https:\/\/llyc.global\/pt-pt\/marketing\/tendencias\/o-importante-nem-sempre-e-o-mais-visivel-a-nossa-visao-sobre-a-atribuicao\/","og_site_name":"LLYC","article_publisher":"https:\/\/www.facebook.com\/LLYC.Global\/","article_published_time":"2025-06-30T13:51:39+00:00","article_modified_time":"2025-06-30T15:48:14+00:00","og_image":[{"width":1690,"height":647,"url":"https:\/\/llyc.global\/wp-content\/uploads\/2025\/06\/05_Desktop.png","type":"image\/png"}],"author":"Marcos Basterrechea","twitter_card":"summary_large_image","twitter_creator":"@llorenteycuenca","twitter_site":"@llorenteycuenca","twitter_misc":{"Written by":"Marcos Basterrechea","Est. reading time":"5 minutos"},"schema":{"@context":"https:\/\/schema.org","@graph":[{"@type":"WebPage","@id":"https:\/\/llyc.global\/pt-pt\/marketing\/tendencias\/o-importante-nem-sempre-e-o-mais-visivel-a-nossa-visao-sobre-a-atribuicao\/","url":"https:\/\/llyc.global\/pt-pt\/marketing\/tendencias\/o-importante-nem-sempre-e-o-mais-visivel-a-nossa-visao-sobre-a-atribuicao\/","name":"Atribui\u00e7\u00e3o digital - O importante nem sempre \u00e9 o mais vis\u00edvel LLYC","isPartOf":{"@id":"https:\/\/llyc.global\/pt-pt\/#website"},"datePublished":"2025-06-30T13:51:39+00:00","dateModified":"2025-06-30T15:48:14+00:00","author":{"@id":"https:\/\/llyc.global\/pt-pt\/#\/schema\/person\/27cafde7825bd98006bf28be61bd2605"},"description":"Atribui\u00e7\u00e3o digital, Campaign Manager 360 e Marketing Mix Modelling, a nossa vis\u00e3o sobre a atribui\u00e7\u00e3o no contexto atual do marketing.","breadcrumb":{"@id":"https:\/\/llyc.global\/pt-pt\/marketing\/tendencias\/o-importante-nem-sempre-e-o-mais-visivel-a-nossa-visao-sobre-a-atribuicao\/#breadcrumb"},"inLanguage":"pt-PT","potentialAction":[{"@type":"ReadAction","target":["https:\/\/llyc.global\/pt-pt\/marketing\/tendencias\/o-importante-nem-sempre-e-o-mais-visivel-a-nossa-visao-sobre-a-atribuicao\/"]}]},{"@type":"BreadcrumbList","@id":"https:\/\/llyc.global\/pt-pt\/marketing\/tendencias\/o-importante-nem-sempre-e-o-mais-visivel-a-nossa-visao-sobre-a-atribuicao\/#breadcrumb","itemListElement":[{"@type":"ListItem","position":1,"name":"Home","item":"https:\/\/llyc.global\/pt-pt\/"},{"@type":"ListItem","position":2,"name":"O importante nem sempre \u00e9 o mais vis\u00edvel: a nossa vis\u00e3o sobre a atribui\u00e7\u00e3o"}]},{"@type":"WebSite","@id":"https:\/\/llyc.global\/pt-pt\/#website","url":"https:\/\/llyc.global\/pt-pt\/","name":"LLYC","description":"Consultoria de comunicaci\u00f3n marketing y asuntos p\u00fablicos","potentialAction":[{"@type":"SearchAction","target":{"@type":"EntryPoint","urlTemplate":"https:\/\/llyc.global\/pt-pt\/?s={search_term_string}"},"query-input":{"@type":"PropertyValueSpecification","valueRequired":true,"valueName":"search_term_string"}}],"inLanguage":"pt-PT"},{"@type":"Person","@id":"https:\/\/llyc.global\/pt-pt\/#\/schema\/person\/27cafde7825bd98006bf28be61bd2605","name":"Marcos Basterrechea","image":{"@type":"ImageObject","inLanguage":"pt-PT","@id":"https:\/\/llyc.global\/pt-pt\/#\/schema\/person\/image\/","url":"https:\/\/secure.gravatar.com\/avatar\/2d9f2c14dc143d0c79ac1b5d0bc66d81?s=96&d=mm&r=g","contentUrl":"https:\/\/secure.gravatar.com\/avatar\/2d9f2c14dc143d0c79ac1b5d0bc66d81?s=96&d=mm&r=g","caption":"Marcos Basterrechea"}}]}},"_links":{"self":[{"href":"https:\/\/llyc.global\/pt-pt\/wp-json\/wp\/v2\/posts\/272224","targetHints":{"allow":["GET"]}}],"collection":[{"href":"https:\/\/llyc.global\/pt-pt\/wp-json\/wp\/v2\/posts"}],"about":[{"href":"https:\/\/llyc.global\/pt-pt\/wp-json\/wp\/v2\/types\/post"}],"author":[{"embeddable":true,"href":"https:\/\/llyc.global\/pt-pt\/wp-json\/wp\/v2\/users\/29"}],"replies":[{"embeddable":true,"href":"https:\/\/llyc.global\/pt-pt\/wp-json\/wp\/v2\/comments?post=272224"}],"version-history":[{"count":4,"href":"https:\/\/llyc.global\/pt-pt\/wp-json\/wp\/v2\/posts\/272224\/revisions"}],"predecessor-version":[{"id":272236,"href":"https:\/\/llyc.global\/pt-pt\/wp-json\/wp\/v2\/posts\/272224\/revisions\/272236"}],"wp:attachment":[{"href":"https:\/\/llyc.global\/pt-pt\/wp-json\/wp\/v2\/media?parent=272224"}],"wp:term":[{"taxonomy":"category","embeddable":true,"href":"https:\/\/llyc.global\/pt-pt\/wp-json\/wp\/v2\/categories?post=272224"}],"curies":[{"name":"wp","href":"https:\/\/api.w.org\/{rel}","templated":true}]}}