{"id":300112,"date":"2025-07-23T17:48:12","date_gmt":"2025-07-23T15:48:12","guid":{"rendered":"https:\/\/llyc.global\/?p=300112"},"modified":"2025-07-23T17:48:36","modified_gmt":"2025-07-23T15:48:36","slug":"levamos-16-shortlist-no-effie-awards-colombia-2025","status":"publish","type":"post","link":"https:\/\/llyc.global\/pt-pt\/marketing\/tendencias\/levamos-16-shortlist-no-effie-awards-colombia-2025\/","title":{"rendered":"Levamos 16 Shortlist no Effie Awards Col\u00f4mbia 2025"},"content":{"rendered":"<p>Estamos entre os protagonistas da edi\u00e7\u00e3o 2025 do Effie Awards Col\u00f4mbia, com<b> 16 nomea\u00e7\u00f5es em 12 categorias e 9 campanhas<\/b> que celebram a efic\u00e1cia das nossas campanhas no mercado. Este reconhecimento \u00e9 uma prova do esfor\u00e7o e da criatividade das nossas equipas, que conseguiram destacar-se entre os melhores trabalhos de marketing do pa\u00eds.<\/p>\n<p>Os casos reconhecidos abrangem desde estrat\u00e9gias de sucesso sustentado at\u00e9 a\u00e7\u00f5es em tempo real e marketing de influ\u00eancia, refletindo a versatilidade do nosso trabalho para empresas como <strong>Alpina, Brinsa e Bavaria<\/strong>, com marcas t\u00e3o emblem\u00e1ticas como<strong> \u00c1guila, Yogo Yogo, Bon Yurt, Refisal ou Stella Artois<\/strong>.<\/p>\n<p>Comemoramos este reconhecimento em categorias como <b>Sucesso sustentado, Comunidade engajada, Redes sociais, Marketing para jovens, Promo\u00e7\u00f5es, Snacks doces e guloseimas, Marketing experiencial, Marketing em tempo real, Marketing sazonal, Promo\u00e7\u00f5es de produtos, Marketing de influenciadores e Extens\u00e3o de linha.<\/b><\/p>\n<p>Para al\u00e9m do n\u00famero, estas nomea\u00e7\u00f5es reconhecem a capacidade das nossas equipas para transformar a criatividade em resultados. Os Effie Awards Col\u00f4mbia, organizados pela Associa\u00e7\u00e3o Nacional de Anunciantes (ANDA) sob licen\u00e7a da Effie Worldwide, s\u00e3o a principal refer\u00eancia em efic\u00e1cia publicit\u00e1ria no pa\u00eds.<\/p>\n<p>Parab\u00e9ns a todos e boa sorte no dia 28 de agosto, quando ser\u00e3o anunciados os resultados.<\/p>\n","protected":false},"excerpt":{"rendered":"<p>Estamos entre os protagonistas da edi\u00e7\u00e3o 2025 do Effie Awards Col\u00f4mbia, com 16 nomea\u00e7\u00f5es em 12 categorias e 9 campanhas que celebram a efic\u00e1cia das nossas campanhas no mercado. Este reconhecimento \u00e9 uma prova do esfor\u00e7o e da criatividade das nossas equipas, que conseguiram destacar-se entre os melhores trabalhos de marketing do pa\u00eds. Os casos [&hellip;]<\/p>\n","protected":false},"author":22,"featured_media":0,"comment_status":"closed","ping_status":"closed","sticky":false,"template":"","format":"standard","meta":{"_acf_changed":false,"_et_pb_use_builder":"","_et_pb_old_content":"","_et_gb_content_width":"","footnotes":""},"categories":[95],"class_list":["post-300112","post","type-post","status-publish","format-standard","hentry","category-marketing"],"acf":[],"yoast_head":"<!-- This site is optimized with the Yoast SEO Premium plugin v24.7 (Yoast SEO v24.7) - https:\/\/yoast.com\/wordpress\/plugins\/seo\/ -->\n<title>Levamos 16 Shortlist no Effie Awards Col\u00f4mbia 2025 - LLYC<\/title>\n<meta name=\"description\" content=\"Este reconhecimento \u00e9 uma prova do esfor\u00e7o e da criatividade das nossas equipas, destacando-se nos melhores trabalhos de marketing do pa\u00eds.\" \/>\n<meta name=\"robots\" content=\"index, follow, max-snippet:-1, max-image-preview:large, max-video-preview:-1\" \/>\n<link rel=\"canonical\" href=\"https:\/\/llyc.global\/pt-pt\/marketing\/tendencias\/levamos-16-shortlist-no-effie-awards-colombia-2025\/\" \/>\n<meta property=\"og:locale\" content=\"pt_PT\" \/>\n<meta property=\"og:type\" content=\"article\" \/>\n<meta property=\"og:title\" content=\"Levamos 16 Shortlist no Effie Awards Col\u00f4mbia 2025\" \/>\n<meta property=\"og:description\" content=\"Este reconhecimento \u00e9 uma prova do esfor\u00e7o e da criatividade das nossas equipas, destacando-se nos melhores trabalhos de marketing do pa\u00eds.\" \/>\n<meta property=\"og:url\" content=\"https:\/\/llyc.global\/pt-pt\/marketing\/tendencias\/levamos-16-shortlist-no-effie-awards-colombia-2025\/\" \/>\n<meta property=\"og:site_name\" content=\"LLYC\" \/>\n<meta property=\"article:publisher\" content=\"https:\/\/www.facebook.com\/LLYC.Global\/\" \/>\n<meta property=\"article:published_time\" content=\"2025-07-23T15:48:12+00:00\" \/>\n<meta property=\"article:modified_time\" content=\"2025-07-23T15:48:36+00:00\" \/>\n<meta property=\"og:image\" content=\"https:\/\/llyc.global\/wp-content\/uploads\/2025\/07\/Effie_Colombia_desktop.jpg\" \/>\n\t<meta property=\"og:image:width\" content=\"1690\" \/>\n\t<meta property=\"og:image:height\" content=\"647\" \/>\n\t<meta property=\"og:image:type\" content=\"image\/jpeg\" \/>\n<meta name=\"author\" content=\"Karla Cruz Cabrera\" \/>\n<meta name=\"twitter:card\" content=\"summary_large_image\" \/>\n<meta name=\"twitter:creator\" content=\"@llorenteycuenca\" \/>\n<meta name=\"twitter:site\" content=\"@llorenteycuenca\" \/>\n<meta name=\"twitter:label1\" content=\"Written by\" \/>\n\t<meta name=\"twitter:data1\" content=\"Karla Cruz Cabrera\" \/>\n\t<meta name=\"twitter:label2\" content=\"Est. reading time\" \/>\n\t<meta name=\"twitter:data2\" content=\"1 minuto\" \/>\n<!-- \/ Yoast SEO Premium plugin. -->","yoast_head_json":{"title":"Levamos 16 Shortlist no Effie Awards Col\u00f4mbia 2025 - LLYC","description":"Este reconhecimento \u00e9 uma prova do esfor\u00e7o e da criatividade das nossas equipas, destacando-se nos melhores trabalhos de marketing do pa\u00eds.","robots":{"index":"index","follow":"follow","max-snippet":"max-snippet:-1","max-image-preview":"max-image-preview:large","max-video-preview":"max-video-preview:-1"},"canonical":"https:\/\/llyc.global\/pt-pt\/marketing\/tendencias\/levamos-16-shortlist-no-effie-awards-colombia-2025\/","og_locale":"pt_PT","og_type":"article","og_title":"Levamos 16 Shortlist no Effie Awards Col\u00f4mbia 2025","og_description":"Este reconhecimento \u00e9 uma prova do esfor\u00e7o e da criatividade das nossas equipas, destacando-se nos melhores trabalhos de marketing do pa\u00eds.","og_url":"https:\/\/llyc.global\/pt-pt\/marketing\/tendencias\/levamos-16-shortlist-no-effie-awards-colombia-2025\/","og_site_name":"LLYC","article_publisher":"https:\/\/www.facebook.com\/LLYC.Global\/","article_published_time":"2025-07-23T15:48:12+00:00","article_modified_time":"2025-07-23T15:48:36+00:00","og_image":[{"width":1690,"height":647,"url":"https:\/\/llyc.global\/wp-content\/uploads\/2025\/07\/Effie_Colombia_desktop.jpg","type":"image\/jpeg"}],"author":"Karla Cruz Cabrera","twitter_card":"summary_large_image","twitter_creator":"@llorenteycuenca","twitter_site":"@llorenteycuenca","twitter_misc":{"Written by":"Karla Cruz Cabrera","Est. reading time":"1 minuto"},"schema":{"@context":"https:\/\/schema.org","@graph":[{"@type":"WebPage","@id":"https:\/\/llyc.global\/pt-pt\/marketing\/tendencias\/levamos-16-shortlist-no-effie-awards-colombia-2025\/","url":"https:\/\/llyc.global\/pt-pt\/marketing\/tendencias\/levamos-16-shortlist-no-effie-awards-colombia-2025\/","name":"Levamos 16 Shortlist no Effie Awards Col\u00f4mbia 2025 - LLYC","isPartOf":{"@id":"https:\/\/llyc.global\/pt-pt\/#website"},"datePublished":"2025-07-23T15:48:12+00:00","dateModified":"2025-07-23T15:48:36+00:00","author":{"@id":"https:\/\/llyc.global\/pt-pt\/#\/schema\/person\/54becd68bec7ae94ccaaa5662a99fef9"},"description":"Este reconhecimento \u00e9 uma prova do esfor\u00e7o e da criatividade das nossas equipas, destacando-se nos melhores trabalhos de marketing do pa\u00eds.","breadcrumb":{"@id":"https:\/\/llyc.global\/pt-pt\/marketing\/tendencias\/levamos-16-shortlist-no-effie-awards-colombia-2025\/#breadcrumb"},"inLanguage":"pt-PT","potentialAction":[{"@type":"ReadAction","target":["https:\/\/llyc.global\/pt-pt\/marketing\/tendencias\/levamos-16-shortlist-no-effie-awards-colombia-2025\/"]}]},{"@type":"BreadcrumbList","@id":"https:\/\/llyc.global\/pt-pt\/marketing\/tendencias\/levamos-16-shortlist-no-effie-awards-colombia-2025\/#breadcrumb","itemListElement":[{"@type":"ListItem","position":1,"name":"Home","item":"https:\/\/llyc.global\/pt-pt\/"},{"@type":"ListItem","position":2,"name":"Levamos 16 Shortlist no Effie Awards Col\u00f4mbia 2025"}]},{"@type":"WebSite","@id":"https:\/\/llyc.global\/pt-pt\/#website","url":"https:\/\/llyc.global\/pt-pt\/","name":"LLYC","description":"Consultoria de comunicaci\u00f3n marketing y asuntos p\u00fablicos","potentialAction":[{"@type":"SearchAction","target":{"@type":"EntryPoint","urlTemplate":"https:\/\/llyc.global\/pt-pt\/?s={search_term_string}"},"query-input":{"@type":"PropertyValueSpecification","valueRequired":true,"valueName":"search_term_string"}}],"inLanguage":"pt-PT"},{"@type":"Person","@id":"https:\/\/llyc.global\/pt-pt\/#\/schema\/person\/54becd68bec7ae94ccaaa5662a99fef9","name":"Karla Cruz Cabrera","image":{"@type":"ImageObject","inLanguage":"pt-PT","@id":"https:\/\/llyc.global\/pt-pt\/#\/schema\/person\/image\/","url":"https:\/\/secure.gravatar.com\/avatar\/7d7f7916b167732e8952fd54d1a28124?s=96&d=mm&r=g","contentUrl":"https:\/\/secure.gravatar.com\/avatar\/7d7f7916b167732e8952fd54d1a28124?s=96&d=mm&r=g","caption":"Karla Cruz Cabrera"}}]}},"_links":{"self":[{"href":"https:\/\/llyc.global\/pt-pt\/wp-json\/wp\/v2\/posts\/300112","targetHints":{"allow":["GET"]}}],"collection":[{"href":"https:\/\/llyc.global\/pt-pt\/wp-json\/wp\/v2\/posts"}],"about":[{"href":"https:\/\/llyc.global\/pt-pt\/wp-json\/wp\/v2\/types\/post"}],"author":[{"embeddable":true,"href":"https:\/\/llyc.global\/pt-pt\/wp-json\/wp\/v2\/users\/22"}],"replies":[{"embeddable":true,"href":"https:\/\/llyc.global\/pt-pt\/wp-json\/wp\/v2\/comments?post=300112"}],"version-history":[{"count":2,"href":"https:\/\/llyc.global\/pt-pt\/wp-json\/wp\/v2\/posts\/300112\/revisions"}],"predecessor-version":[{"id":300129,"href":"https:\/\/llyc.global\/pt-pt\/wp-json\/wp\/v2\/posts\/300112\/revisions\/300129"}],"wp:attachment":[{"href":"https:\/\/llyc.global\/pt-pt\/wp-json\/wp\/v2\/media?parent=300112"}],"wp:term":[{"taxonomy":"category","embeddable":true,"href":"https:\/\/llyc.global\/pt-pt\/wp-json\/wp\/v2\/categories?post=300112"}],"curies":[{"name":"wp","href":"https:\/\/api.w.org\/{rel}","templated":true}]}}