{"id":324048,"date":"2025-08-14T14:50:42","date_gmt":"2025-08-14T12:50:42","guid":{"rendered":"https:\/\/llyc.global\/ideas\/ganamos-seis-metales-en-los-international-business-awards\/"},"modified":"2025-08-14T15:05:32","modified_gmt":"2025-08-14T13:05:32","slug":"ganhamos-seis-medalhas-no-international-business-awards","status":"publish","type":"post","link":"https:\/\/llyc.global\/pt-pt\/marketing\/tendencias\/ganhamos-seis-medalhas-no-international-business-awards\/","title":{"rendered":"Ganhamos seis medalhas no International Business Awards"},"content":{"rendered":"<p>Os nossos projetos conquistaram os ju\u00edzes do <b>International Business Awards 2025<\/b> (tamb\u00e9m conhecido como <b>The Stevie Awards<\/b>), somando seis pr\u00eamios, incluindo duas medalhas de ouro. Esses pr\u00eamios celebram o melhor da comunica\u00e7\u00e3o e do marketing a n\u00edvel global, valorizando o uso da inova\u00e7\u00e3o e da criatividade.<\/p>\n<p><i>Free the Voices<\/i> \u00e9 um projeto pioneiro que <b>combate a discrimina\u00e7\u00e3o vocal na intelig\u00eancia artificial e promove a diversidade em ambientes digitais.<\/b> Com a participa\u00e7\u00e3o de mais de <b>1.200 pessoas da comunidade LGBTIQ+ de 12 pa\u00edses<\/b>, cri\u00e1mos o primeiro reposit\u00f3rio global de vozes sint\u00e9ticas diversas em espanhol, ingl\u00eas e portugu\u00eas. Este marco gerou milhares de downloads, presen\u00e7a na m\u00eddia internacional e uma mudan\u00e7a tang\u00edvel em dire\u00e7\u00e3o a uma tecnologia mais inclusiva.<\/p>\n<p>Al\u00e9m disso, fomos reconhecidos por uma iniciativa que<b> quebrou o sil\u00eancio em torno dos procedimentos est\u00e9ticos no M\u00e9xico<\/b>, onde apenas 6% das conversas p\u00fablicas abordam o tema abertamente. A partir de uma an\u00e1lise massiva de dados e de uma abordagem emp\u00e1tica, conseguimos <b>abrir um di\u00e1logo nacional sobre beleza e autenticidade.<\/b><\/p>\n<p>Por \u00faltimo, outro dos projetos premiados destacou-se pela sua <b>estrat\u00e9gia criativa<\/b> para <b>posicionar a Patr\u00f3n Cristalino como refer\u00eancia de suavidade e sofistica\u00e7\u00e3o<\/b> num mercado altamente competitivo, alcan\u00e7ando milh\u00f5es de impress\u00f5es digitais e um aumento not\u00e1vel nas <b>vendas e reconhecimento.<\/b><\/p>\n<p><strong>Campanhas premiadas:<\/strong><\/p>\n<ul>\n<li><b><i>Free The Voices:<\/i><\/b> Ouro em <i>Campanha de Comunica\u00e7\u00e3o ou Rela\u00e7\u00f5es P\u00fablicas do Ano \u2013 Tecnologia.<\/i><\/li>\n<li><b><i>Free the Voices:<\/i><\/b><i> <\/i>Prata em <i>Campanha de Comunica\u00e7\u00e3o ou Rela\u00e7\u00f5es P\u00fablicas do Ano \u2013 Diversidade, Equidade e Inclus\u00e3o.<\/i><\/li>\n<li><b><i>Free the Voices:<\/i><\/b><i> <\/i>Bronze em <i>Realiza\u00e7\u00e3o em Diversidade e Inclus\u00e3o<\/i><\/li>\n<li><b>A conversa mais natural:<\/b> Ouro em<i> Campanha de Comunica\u00e7\u00e3o ou Rela\u00e7\u00f5es P\u00fablicas do Ano \u2013 Sa\u00fade.<\/i><\/li>\n<li><b>A conversa mais natural:<\/b> Bronze em <i>Campanha ou Programa de Comunica\u00e7\u00e3o ou Rela\u00e7\u00f5es P\u00fablicas do Ano \u2013 Pesquisa em Comunica\u00e7\u00e3o<\/i><\/li>\n<li><b>Estrat\u00e9gia de lan\u00e7amento do Patr\u00f3n Cristalino:<\/b> Bronze em <i>Lan\u00e7amento de Novo Produto ou Servi\u00e7o do Ano<\/i><\/li>\n<\/ul>\n<p>Parab\u00e9ns a todos os profissionais envolvidos. Juntos, continuamos a demonstrar que ideias com prop\u00f3sito podem transformar ind\u00fastrias.<\/p>\n","protected":false},"excerpt":{"rendered":"<p>Os nossos projetos conquistaram os ju\u00edzes do International Business Awards 2025 (tamb\u00e9m conhecido como The Stevie Awards), somando seis pr\u00eamios, incluindo duas medalhas de ouro. Esses pr\u00eamios celebram o melhor da comunica\u00e7\u00e3o e do marketing a n\u00edvel global, valorizando o uso da inova\u00e7\u00e3o e da criatividade. Free the Voices \u00e9 um projeto pioneiro que combate [&hellip;]<\/p>\n","protected":false},"author":22,"featured_media":0,"comment_status":"closed","ping_status":"closed","sticky":false,"template":"","format":"standard","meta":{"_acf_changed":false,"_et_pb_use_builder":"","_et_pb_old_content":"","_et_gb_content_width":"","footnotes":""},"categories":[95],"class_list":["post-324048","post","type-post","status-publish","format-standard","hentry","category-marketing"],"acf":[],"yoast_head":"<!-- This site is optimized with the Yoast SEO Premium plugin v24.7 (Yoast SEO v24.7) - https:\/\/yoast.com\/wordpress\/plugins\/seo\/ -->\n<title>Pr\u00e9mios International Business Awards 2025 - Ganh\u00e1mos 6 Metais - LLYC<\/title>\n<meta name=\"description\" content=\"Os nossos projetos venceram seis pr\u00e9mios nos International Business Awards 2025, destacando-se pela inova\u00e7\u00e3o, criatividade e impacto global.\" \/>\n<meta name=\"robots\" content=\"index, follow, max-snippet:-1, max-image-preview:large, max-video-preview:-1\" \/>\n<link rel=\"canonical\" href=\"https:\/\/llyc.global\/pt-pt\/marketing\/tendencias\/ganamos-seis-metales-en-los-international-business-awards\/\" \/>\n<meta property=\"og:locale\" content=\"pt_PT\" \/>\n<meta property=\"og:type\" content=\"article\" \/>\n<meta property=\"og:title\" content=\"Ganhamos seis medalhas no International Business Awards\" \/>\n<meta property=\"og:description\" content=\"Os nossos projetos venceram seis pr\u00e9mios nos International Business Awards 2025, destacando-se pela inova\u00e7\u00e3o, criatividade e impacto global.\" \/>\n<meta property=\"og:url\" content=\"https:\/\/llyc.global\/marketing\/tendencias\/ganamos-seis-metales-en-los-international-business-awards\/\" \/>\n<meta property=\"og:site_name\" content=\"LLYC\" \/>\n<meta property=\"article:publisher\" content=\"https:\/\/www.facebook.com\/LLYC.Global\/\" \/>\n<meta property=\"article:published_time\" content=\"2025-08-14T12:50:42+00:00\" \/>\n<meta property=\"article:modified_time\" content=\"2025-08-14T13:05:32+00:00\" \/>\n<meta property=\"og:image\" content=\"https:\/\/llyc.global\/wp-content\/uploads\/2025\/08\/Stevies_Awards_mobile.jpg\" \/>\n\t<meta property=\"og:image:width\" content=\"354\" \/>\n\t<meta property=\"og:image:height\" content=\"316\" \/>\n\t<meta property=\"og:image:type\" content=\"image\/jpeg\" \/>\n<meta name=\"author\" content=\"Karla Cruz Cabrera\" \/>\n<meta name=\"twitter:card\" content=\"summary_large_image\" \/>\n<meta name=\"twitter:creator\" content=\"@llorenteycuenca\" \/>\n<meta name=\"twitter:site\" content=\"@llorenteycuenca\" \/>\n<meta name=\"twitter:label1\" content=\"Written by\" \/>\n\t<meta name=\"twitter:data1\" content=\"Karla Cruz Cabrera\" \/>\n\t<meta name=\"twitter:label2\" content=\"Est. reading time\" \/>\n\t<meta name=\"twitter:data2\" content=\"2 minutos\" \/>\n<!-- \/ Yoast SEO Premium plugin. -->","yoast_head_json":{"title":"Pr\u00e9mios International Business Awards 2025 - Ganh\u00e1mos 6 Metais - LLYC","description":"Os nossos projetos venceram seis pr\u00e9mios nos International Business Awards 2025, destacando-se pela inova\u00e7\u00e3o, criatividade e impacto global.","robots":{"index":"index","follow":"follow","max-snippet":"max-snippet:-1","max-image-preview":"max-image-preview:large","max-video-preview":"max-video-preview:-1"},"canonical":"https:\/\/llyc.global\/pt-pt\/marketing\/tendencias\/ganamos-seis-metales-en-los-international-business-awards\/","og_locale":"pt_PT","og_type":"article","og_title":"Ganhamos seis medalhas no International Business Awards","og_description":"Os nossos projetos venceram seis pr\u00e9mios nos International Business Awards 2025, destacando-se pela inova\u00e7\u00e3o, criatividade e impacto global.","og_url":"https:\/\/llyc.global\/marketing\/tendencias\/ganamos-seis-metales-en-los-international-business-awards\/","og_site_name":"LLYC","article_publisher":"https:\/\/www.facebook.com\/LLYC.Global\/","article_published_time":"2025-08-14T12:50:42+00:00","article_modified_time":"2025-08-14T13:05:32+00:00","og_image":[{"width":354,"height":316,"url":"https:\/\/llyc.global\/wp-content\/uploads\/2025\/08\/Stevies_Awards_mobile.jpg","type":"image\/jpeg"}],"author":"Karla Cruz Cabrera","twitter_card":"summary_large_image","twitter_creator":"@llorenteycuenca","twitter_site":"@llorenteycuenca","twitter_misc":{"Written by":"Karla Cruz Cabrera","Est. reading time":"2 minutos"},"schema":{"@context":"https:\/\/schema.org","@graph":[{"@type":"WebPage","@id":"https:\/\/llyc.global\/pt-pt\/marketing\/tendencias\/ganhamos-seis-medalhas-no-international-business-awards\/","url":"https:\/\/llyc.global\/marketing\/tendencias\/ganamos-seis-metales-en-los-international-business-awards\/","name":"Pr\u00e9mios International Business Awards 2025 - Ganh\u00e1mos 6 Metais - LLYC","isPartOf":{"@id":"https:\/\/llyc.global\/pt-pt\/#website"},"datePublished":"2025-08-14T12:50:42+00:00","dateModified":"2025-08-14T13:05:32+00:00","author":{"@id":"https:\/\/llyc.global\/pt-pt\/#\/schema\/person\/54becd68bec7ae94ccaaa5662a99fef9"},"description":"Os nossos projetos venceram seis pr\u00e9mios nos International Business Awards 2025, destacando-se pela inova\u00e7\u00e3o, criatividade e impacto global.","breadcrumb":{"@id":"https:\/\/llyc.global\/marketing\/tendencias\/ganamos-seis-metales-en-los-international-business-awards\/#breadcrumb"},"inLanguage":"pt-PT","potentialAction":[{"@type":"ReadAction","target":["https:\/\/llyc.global\/marketing\/tendencias\/ganamos-seis-metales-en-los-international-business-awards\/"]}]},{"@type":"BreadcrumbList","@id":"https:\/\/llyc.global\/marketing\/tendencias\/ganamos-seis-metales-en-los-international-business-awards\/#breadcrumb","itemListElement":[{"@type":"ListItem","position":1,"name":"Home","item":"https:\/\/llyc.global\/pt-pt\/"},{"@type":"ListItem","position":2,"name":"Ganhamos seis medalhas no International Business Awards"}]},{"@type":"WebSite","@id":"https:\/\/llyc.global\/pt-pt\/#website","url":"https:\/\/llyc.global\/pt-pt\/","name":"LLYC","description":"Consultoria de comunicaci\u00f3n marketing y asuntos p\u00fablicos","potentialAction":[{"@type":"SearchAction","target":{"@type":"EntryPoint","urlTemplate":"https:\/\/llyc.global\/pt-pt\/?s={search_term_string}"},"query-input":{"@type":"PropertyValueSpecification","valueRequired":true,"valueName":"search_term_string"}}],"inLanguage":"pt-PT"},{"@type":"Person","@id":"https:\/\/llyc.global\/pt-pt\/#\/schema\/person\/54becd68bec7ae94ccaaa5662a99fef9","name":"Karla Cruz Cabrera","image":{"@type":"ImageObject","inLanguage":"pt-PT","@id":"https:\/\/llyc.global\/pt-pt\/#\/schema\/person\/image\/","url":"https:\/\/secure.gravatar.com\/avatar\/7d7f7916b167732e8952fd54d1a28124?s=96&d=mm&r=g","contentUrl":"https:\/\/secure.gravatar.com\/avatar\/7d7f7916b167732e8952fd54d1a28124?s=96&d=mm&r=g","caption":"Karla Cruz Cabrera"}}]}},"_links":{"self":[{"href":"https:\/\/llyc.global\/pt-pt\/wp-json\/wp\/v2\/posts\/324048","targetHints":{"allow":["GET"]}}],"collection":[{"href":"https:\/\/llyc.global\/pt-pt\/wp-json\/wp\/v2\/posts"}],"about":[{"href":"https:\/\/llyc.global\/pt-pt\/wp-json\/wp\/v2\/types\/post"}],"author":[{"embeddable":true,"href":"https:\/\/llyc.global\/pt-pt\/wp-json\/wp\/v2\/users\/22"}],"replies":[{"embeddable":true,"href":"https:\/\/llyc.global\/pt-pt\/wp-json\/wp\/v2\/comments?post=324048"}],"version-history":[{"count":2,"href":"https:\/\/llyc.global\/pt-pt\/wp-json\/wp\/v2\/posts\/324048\/revisions"}],"predecessor-version":[{"id":324052,"href":"https:\/\/llyc.global\/pt-pt\/wp-json\/wp\/v2\/posts\/324048\/revisions\/324052"}],"wp:attachment":[{"href":"https:\/\/llyc.global\/pt-pt\/wp-json\/wp\/v2\/media?parent=324048"}],"wp:term":[{"taxonomy":"category","embeddable":true,"href":"https:\/\/llyc.global\/pt-pt\/wp-json\/wp\/v2\/categories?post=324048"}],"curies":[{"name":"wp","href":"https:\/\/api.w.org\/{rel}","templated":true}]}}