{"id":336959,"date":"2025-08-26T15:50:41","date_gmt":"2025-08-26T13:50:41","guid":{"rendered":"https:\/\/llyc.global\/?p=336959"},"modified":"2025-09-04T16:10:54","modified_gmt":"2025-09-04T14:10:54","slug":"a-inclusao-tambem-se-reflete-nos-resultados-e-estamos-no-caminho-certo-entramos-no-ranking-par-da-aequales-na-colombia","status":"publish","type":"post","link":"https:\/\/llyc.global\/pt-pt\/corporate-affairs\/tendencias\/a-inclusao-tambem-se-reflete-nos-resultados-e-estamos-no-caminho-certo-entramos-no-ranking-par-da-aequales-na-colombia\/","title":{"rendered":"A inclus\u00e3o tamb\u00e9m se reflete nos resultados. E estamos no caminho certo! Entramos no Ranking PAR da Aequales na Col\u00f4mbia"},"content":{"rendered":"<p>A nossa equipa na Col\u00f4mbia foi reconhecida no <b>Ranking PAR da Aequales<\/b>, alcan\u00e7ando a <b>9\u00aa posi\u00e7\u00e3o na categoria de empresas com 1 a 200 colaboradores no pa\u00eds<\/b>. Esta conquista reflete o nosso compromisso global e decidido de criar ambientes diversos, equitativos e inclusivos.<\/p>\n<p><b>O Ranking PAR<\/b>, elaborado pela <b>Aequales<\/b>, \u00e9 a medi\u00e7\u00e3o mais importante da Am\u00e9rica Latina sobre equidade de g\u00e9nero e diversidade corporativa. Na sua edi\u00e7\u00e3o de 2025, participaram <b>mais de 500 organiza\u00e7\u00f5es de 18 pa\u00edses.<\/b> Em compara\u00e7\u00e3o com a nossa \u00faltima avalia\u00e7\u00e3o em 2020<b>, melhor\u00e1mos 37,6 pontos, superando em 15,5 pontos a m\u00e9dia regional.<\/b><\/p>\n<p>Um dos aspectos mais destacados da nossa avalia\u00e7\u00e3o foi a gest\u00e3o de objetivos de diversidade, com uma pontua\u00e7\u00e3o de <b>90,7%<\/b>, <b>gra\u00e7as a pol\u00edticas claras, metas definidas e recursos destinados a eliminar as disparidades de g\u00e9nero.<\/b><\/p>\n<p>Este avan\u00e7o est\u00e1 em linha com o nosso <b>Marco Global de DEI 2025-2027<\/b>, que orienta a estrat\u00e9gia e garante a coer\u00eancia em cada regi\u00e3o onde operamos.<\/p>\n","protected":false},"excerpt":{"rendered":"<p>A nossa equipa na Col\u00f4mbia foi reconhecida no Ranking PAR da Aequales, alcan\u00e7ando a 9\u00aa posi\u00e7\u00e3o na categoria de empresas com 1 a 200 colaboradores no pa\u00eds. Esta conquista reflete o nosso compromisso global e decidido de criar ambientes diversos, equitativos e inclusivos. O Ranking PAR, elaborado pela Aequales, \u00e9 a medi\u00e7\u00e3o mais importante da [&hellip;]<\/p>\n","protected":false},"author":22,"featured_media":0,"comment_status":"closed","ping_status":"closed","sticky":false,"template":"","format":"standard","meta":{"_acf_changed":false,"_et_pb_use_builder":"","_et_pb_old_content":"","_et_gb_content_width":"","footnotes":""},"categories":[134],"class_list":["post-336959","post","type-post","status-publish","format-standard","hentry","category-corporate-affairs"],"acf":[],"yoast_head":"<!-- This site is optimized with the Yoast SEO Premium plugin v24.7 (Yoast SEO v24.7) - https:\/\/yoast.com\/wordpress\/plugins\/seo\/ -->\n<title>Ranking PAR Aequales 2025: Estamos no Top 10 na Col\u00f4mbia- LLYC<\/title>\n<meta name=\"description\" content=\"Entr\u00e1mos no Ranking PAR Aequales 2025 na Col\u00f4mbia, alcan\u00e7ando o 9.\u00ba lugar gra\u00e7as ao nosso compromisso com a equidade e a diversidade corporativa.\" \/>\n<meta name=\"robots\" content=\"index, follow, max-snippet:-1, max-image-preview:large, max-video-preview:-1\" \/>\n<link rel=\"canonical\" href=\"https:\/\/llyc.global\/pt-pt\/corporate-affairs\/tendencias\/a-inclusao-tambem-se-reflete-nos-resultados-e-estamos-no-caminho-certo-entramos-no-ranking-par-da-aequales-na-colombia\/\" \/>\n<meta property=\"og:locale\" content=\"pt_PT\" \/>\n<meta property=\"og:type\" content=\"article\" \/>\n<meta property=\"og:title\" content=\"A inclus\u00e3o tamb\u00e9m se reflete nos resultados. E estamos no caminho certo! Entramos no Ranking PAR da Aequales na Col\u00f4mbia\" \/>\n<meta property=\"og:description\" content=\"Entr\u00e1mos no Ranking PAR Aequales 2025 na Col\u00f4mbia, alcan\u00e7ando o 9.\u00ba lugar gra\u00e7as ao nosso compromisso com a equidade e a diversidade corporativa.\" \/>\n<meta property=\"og:url\" content=\"https:\/\/llyc.global\/pt-pt\/corporate-affairs\/tendencias\/a-inclusao-tambem-se-reflete-nos-resultados-e-estamos-no-caminho-certo-entramos-no-ranking-par-da-aequales-na-colombia\/\" \/>\n<meta property=\"og:site_name\" content=\"LLYC\" \/>\n<meta property=\"article:publisher\" content=\"https:\/\/www.facebook.com\/LLYC.Global\/\" \/>\n<meta property=\"article:published_time\" content=\"2025-08-26T13:50:41+00:00\" \/>\n<meta property=\"article:modified_time\" content=\"2025-09-04T14:10:54+00:00\" \/>\n<meta property=\"og:image\" content=\"https:\/\/llyc.global\/wp-content\/uploads\/2025\/08\/premios_aequales_Mobile-min.jpg\" \/>\n\t<meta property=\"og:image:width\" content=\"354\" \/>\n\t<meta property=\"og:image:height\" content=\"316\" \/>\n\t<meta property=\"og:image:type\" content=\"image\/jpeg\" \/>\n<meta name=\"author\" content=\"Karla Cruz Cabrera\" \/>\n<meta name=\"twitter:card\" content=\"summary_large_image\" \/>\n<meta name=\"twitter:creator\" content=\"@llorenteycuenca\" \/>\n<meta name=\"twitter:site\" content=\"@llorenteycuenca\" \/>\n<meta name=\"twitter:label1\" content=\"Written by\" \/>\n\t<meta name=\"twitter:data1\" content=\"Karla Cruz Cabrera\" \/>\n\t<meta name=\"twitter:label2\" content=\"Est. reading time\" \/>\n\t<meta name=\"twitter:data2\" content=\"1 minuto\" \/>\n<!-- \/ Yoast SEO Premium plugin. -->","yoast_head_json":{"title":"Ranking PAR Aequales 2025: Estamos no Top 10 na Col\u00f4mbia- LLYC","description":"Entr\u00e1mos no Ranking PAR Aequales 2025 na Col\u00f4mbia, alcan\u00e7ando o 9.\u00ba lugar gra\u00e7as ao nosso compromisso com a equidade e a diversidade corporativa.","robots":{"index":"index","follow":"follow","max-snippet":"max-snippet:-1","max-image-preview":"max-image-preview:large","max-video-preview":"max-video-preview:-1"},"canonical":"https:\/\/llyc.global\/pt-pt\/corporate-affairs\/tendencias\/a-inclusao-tambem-se-reflete-nos-resultados-e-estamos-no-caminho-certo-entramos-no-ranking-par-da-aequales-na-colombia\/","og_locale":"pt_PT","og_type":"article","og_title":"A inclus\u00e3o tamb\u00e9m se reflete nos resultados. E estamos no caminho certo! Entramos no Ranking PAR da Aequales na Col\u00f4mbia","og_description":"Entr\u00e1mos no Ranking PAR Aequales 2025 na Col\u00f4mbia, alcan\u00e7ando o 9.\u00ba lugar gra\u00e7as ao nosso compromisso com a equidade e a diversidade corporativa.","og_url":"https:\/\/llyc.global\/pt-pt\/corporate-affairs\/tendencias\/a-inclusao-tambem-se-reflete-nos-resultados-e-estamos-no-caminho-certo-entramos-no-ranking-par-da-aequales-na-colombia\/","og_site_name":"LLYC","article_publisher":"https:\/\/www.facebook.com\/LLYC.Global\/","article_published_time":"2025-08-26T13:50:41+00:00","article_modified_time":"2025-09-04T14:10:54+00:00","og_image":[{"width":354,"height":316,"url":"https:\/\/llyc.global\/wp-content\/uploads\/2025\/08\/premios_aequales_Mobile-min.jpg","type":"image\/jpeg"}],"author":"Karla Cruz Cabrera","twitter_card":"summary_large_image","twitter_creator":"@llorenteycuenca","twitter_site":"@llorenteycuenca","twitter_misc":{"Written by":"Karla Cruz Cabrera","Est. reading time":"1 minuto"},"schema":{"@context":"https:\/\/schema.org","@graph":[{"@type":"WebPage","@id":"https:\/\/llyc.global\/pt-pt\/corporate-affairs\/tendencias\/a-inclusao-tambem-se-reflete-nos-resultados-e-estamos-no-caminho-certo-entramos-no-ranking-par-da-aequales-na-colombia\/","url":"https:\/\/llyc.global\/pt-pt\/corporate-affairs\/tendencias\/a-inclusao-tambem-se-reflete-nos-resultados-e-estamos-no-caminho-certo-entramos-no-ranking-par-da-aequales-na-colombia\/","name":"Ranking PAR Aequales 2025: Estamos no Top 10 na Col\u00f4mbia- LLYC","isPartOf":{"@id":"https:\/\/llyc.global\/pt-pt\/#website"},"datePublished":"2025-08-26T13:50:41+00:00","dateModified":"2025-09-04T14:10:54+00:00","author":{"@id":"https:\/\/llyc.global\/pt-pt\/#\/schema\/person\/54becd68bec7ae94ccaaa5662a99fef9"},"description":"Entr\u00e1mos no Ranking PAR Aequales 2025 na Col\u00f4mbia, alcan\u00e7ando o 9.\u00ba lugar gra\u00e7as ao nosso compromisso com a equidade e a diversidade corporativa.","breadcrumb":{"@id":"https:\/\/llyc.global\/pt-pt\/corporate-affairs\/tendencias\/a-inclusao-tambem-se-reflete-nos-resultados-e-estamos-no-caminho-certo-entramos-no-ranking-par-da-aequales-na-colombia\/#breadcrumb"},"inLanguage":"pt-PT","potentialAction":[{"@type":"ReadAction","target":["https:\/\/llyc.global\/pt-pt\/corporate-affairs\/tendencias\/a-inclusao-tambem-se-reflete-nos-resultados-e-estamos-no-caminho-certo-entramos-no-ranking-par-da-aequales-na-colombia\/"]}]},{"@type":"BreadcrumbList","@id":"https:\/\/llyc.global\/pt-pt\/corporate-affairs\/tendencias\/a-inclusao-tambem-se-reflete-nos-resultados-e-estamos-no-caminho-certo-entramos-no-ranking-par-da-aequales-na-colombia\/#breadcrumb","itemListElement":[{"@type":"ListItem","position":1,"name":"Home","item":"https:\/\/llyc.global\/pt-pt\/"},{"@type":"ListItem","position":2,"name":"A inclus\u00e3o tamb\u00e9m se reflete nos resultados. E estamos no caminho certo! Entramos no Ranking PAR da Aequales na Col\u00f4mbia"}]},{"@type":"WebSite","@id":"https:\/\/llyc.global\/pt-pt\/#website","url":"https:\/\/llyc.global\/pt-pt\/","name":"LLYC","description":"Consultoria de comunicaci\u00f3n marketing y asuntos p\u00fablicos","potentialAction":[{"@type":"SearchAction","target":{"@type":"EntryPoint","urlTemplate":"https:\/\/llyc.global\/pt-pt\/?s={search_term_string}"},"query-input":{"@type":"PropertyValueSpecification","valueRequired":true,"valueName":"search_term_string"}}],"inLanguage":"pt-PT"},{"@type":"Person","@id":"https:\/\/llyc.global\/pt-pt\/#\/schema\/person\/54becd68bec7ae94ccaaa5662a99fef9","name":"Karla Cruz Cabrera","image":{"@type":"ImageObject","inLanguage":"pt-PT","@id":"https:\/\/llyc.global\/pt-pt\/#\/schema\/person\/image\/","url":"https:\/\/secure.gravatar.com\/avatar\/7d7f7916b167732e8952fd54d1a28124?s=96&d=mm&r=g","contentUrl":"https:\/\/secure.gravatar.com\/avatar\/7d7f7916b167732e8952fd54d1a28124?s=96&d=mm&r=g","caption":"Karla Cruz Cabrera"}}]}},"_links":{"self":[{"href":"https:\/\/llyc.global\/pt-pt\/wp-json\/wp\/v2\/posts\/336959","targetHints":{"allow":["GET"]}}],"collection":[{"href":"https:\/\/llyc.global\/pt-pt\/wp-json\/wp\/v2\/posts"}],"about":[{"href":"https:\/\/llyc.global\/pt-pt\/wp-json\/wp\/v2\/types\/post"}],"author":[{"embeddable":true,"href":"https:\/\/llyc.global\/pt-pt\/wp-json\/wp\/v2\/users\/22"}],"replies":[{"embeddable":true,"href":"https:\/\/llyc.global\/pt-pt\/wp-json\/wp\/v2\/comments?post=336959"}],"version-history":[{"count":2,"href":"https:\/\/llyc.global\/pt-pt\/wp-json\/wp\/v2\/posts\/336959\/revisions"}],"predecessor-version":[{"id":375004,"href":"https:\/\/llyc.global\/pt-pt\/wp-json\/wp\/v2\/posts\/336959\/revisions\/375004"}],"wp:attachment":[{"href":"https:\/\/llyc.global\/pt-pt\/wp-json\/wp\/v2\/media?parent=336959"}],"wp:term":[{"taxonomy":"category","embeddable":true,"href":"https:\/\/llyc.global\/pt-pt\/wp-json\/wp\/v2\/categories?post=336959"}],"curies":[{"name":"wp","href":"https:\/\/api.w.org\/{rel}","templated":true}]}}