{"id":447126,"date":"2025-11-12T16:26:50","date_gmt":"2025-11-12T15:26:50","guid":{"rendered":"https:\/\/llyc.global\/?p=447126"},"modified":"2025-11-12T16:27:04","modified_gmt":"2025-11-12T15:27:04","slug":"la-conversacion-mas-natural-uma-campanha-que-transforma-o-dialogo-sobre-beleza-reconhecida-nos-premios-amco-2025","status":"publish","type":"post","link":"https:\/\/llyc.global\/pt-pt\/marketing\/tendencias\/la-conversacion-mas-natural-uma-campanha-que-transforma-o-dialogo-sobre-beleza-reconhecida-nos-premios-amco-2025\/","title":{"rendered":"&#8220;La Conversaci\u00f3n M\u00e1s Natural&#8221;: uma campanha que transforma o di\u00e1logo sobre beleza, reconhecida nos Pr\u00e9mios AMCO 2025"},"content":{"rendered":"<p>Romper tabus e abrir espa\u00e7os de di\u00e1logo aut\u00eantico em torno da beleza foi o ponto de partida de <strong>\u201cLa Conversaci\u00f3n M\u00e1s Natural\u201d (A Conversa Mais Natural)<\/strong>, a iniciativa desenvolvida em conjunto com a Galderma, que acaba de receber o <strong>Pr\u00e9mio AMCO 2025<\/strong> na categoria <strong>Execu\u00e7\u00e3o \u2013 Meios Digitais<\/strong>, atribu\u00eddo pela <strong>Asociaci\u00f3n Mexicana de Comunicadores<\/strong>.<\/p>\n<p>Este galard\u00e3o reconhece <strong>as estrat\u00e9gias que melhor integram a comunica\u00e7\u00e3o com os resultados de neg\u00f3cio, consolidando-se como um dos reconhecimentos mais relevantes da ind\u00fastria no M\u00e9xico<\/strong>.<\/p>\n<p>A campanha nasceu com uma meta clara: <strong>romper o sil\u00eancio que ainda existe em torno dos tratamentos est\u00e9ticos e fomentar um di\u00e1logo mais aberto, honesto e natural sobre o autocuidado<\/strong>. Para tal, foram analisadas <strong>mais de 200 mil conversas digitais atrav\u00e9s de t\u00e9cnicas de Big Data e processamento de linguagem natural, identificando os principais estigmas e barreiras sociais sobre o tema<\/strong>.<\/p>\n<p>Com esses resultados, a LLYC e a Galderma desenharam uma estrat\u00e9gia que <strong>convidou as pessoas a falar sem julgamentos sobre a beleza, resignificando conceitos como autenticidade e naturalidade num contexto em que a conversa digital evolui a cada dia<\/strong>.<\/p>\n<p>O reconhecimento foi recebido durante a gala por <strong>Luis Anaya, Diretor de Healthcare da LLYC<\/strong>, juntamente com representantes da <strong>Galderma<\/strong>, celebrando um novo marco para um projeto que tamb\u00e9m foi distinguido nos <strong>Stevie Awards 2025 e nos Pr\u00e9mios Portada 2025<\/strong>.<\/p>\n<p>Mais do que uma campanha, <strong>\u201cLa Conversaci\u00f3n M\u00e1s Natural\u201d (A Conversa Mais Natural)<\/strong> reflete uma tend\u00eancia crescente na comunica\u00e7\u00e3o de marca: <strong>ouvir ativamente as audi\u00eancias, usar os dados para compreender as suas emo\u00e7\u00f5es e construir mensagens que promovam autenticidade, transpar\u00eancia e conex\u00e3o real<\/strong>.<\/p>\n","protected":false},"excerpt":{"rendered":"<p>Romper tabus e abrir espa\u00e7os de di\u00e1logo aut\u00eantico em torno da beleza foi o ponto de partida de \u201cLa Conversaci\u00f3n M\u00e1s Natural\u201d (A Conversa Mais Natural), a iniciativa desenvolvida em conjunto com a Galderma, que acaba de receber o Pr\u00e9mio AMCO 2025 na categoria Execu\u00e7\u00e3o \u2013 Meios Digitais, atribu\u00eddo pela Asociaci\u00f3n Mexicana de Comunicadores. Este [&hellip;]<\/p>\n","protected":false},"author":31,"featured_media":0,"comment_status":"closed","ping_status":"closed","sticky":false,"template":"","format":"standard","meta":{"_acf_changed":false,"_et_pb_use_builder":"","_et_pb_old_content":"","_et_gb_content_width":"","footnotes":""},"categories":[95],"class_list":["post-447126","post","type-post","status-publish","format-standard","hentry","category-marketing"],"acf":[],"yoast_head":"<!-- This site is optimized with the Yoast SEO Premium plugin v24.7 (Yoast SEO v24.7) - https:\/\/yoast.com\/wordpress\/plugins\/seo\/ -->\n<title>A Conversa Mais Natural: LLYC premiada en AMCO 2025<\/title>\n<meta name=\"description\" content=\"\u201cA Conversa Mais Natural\u201d da LLYC, premiada em AMCO 2025, transforma o di\u00e1logo sobre beleza, promovendo autenticidade e conex\u00e3o.\" \/>\n<meta name=\"robots\" content=\"index, follow, max-snippet:-1, max-image-preview:large, max-video-preview:-1\" \/>\n<link rel=\"canonical\" href=\"https:\/\/llyc.global\/pt-pt\/marketing\/tendencias\/la-conversacion-mas-natural-uma-campanha-que-transforma-o-dialogo-sobre-beleza-reconhecida-nos-premios-amco-2025\/\" \/>\n<meta property=\"og:locale\" content=\"pt_PT\" \/>\n<meta property=\"og:type\" content=\"article\" \/>\n<meta property=\"og:title\" content=\"&quot;La Conversaci\u00f3n M\u00e1s Natural&quot;: uma campanha que transforma o di\u00e1logo sobre beleza, reconhecida nos Pr\u00e9mios AMCO 2025\" \/>\n<meta property=\"og:description\" content=\"\u201cA Conversa Mais Natural\u201d da LLYC, premiada em AMCO 2025, transforma o di\u00e1logo sobre beleza, promovendo autenticidade e conex\u00e3o.\" \/>\n<meta property=\"og:url\" content=\"https:\/\/llyc.global\/pt-pt\/marketing\/tendencias\/la-conversacion-mas-natural-uma-campanha-que-transforma-o-dialogo-sobre-beleza-reconhecida-nos-premios-amco-2025\/\" \/>\n<meta property=\"og:site_name\" content=\"LLYC\" \/>\n<meta property=\"article:publisher\" content=\"https:\/\/www.facebook.com\/LLYC.Global\/\" \/>\n<meta property=\"article:published_time\" content=\"2025-11-12T15:26:50+00:00\" \/>\n<meta property=\"article:modified_time\" content=\"2025-11-12T15:27:04+00:00\" \/>\n<meta property=\"og:image\" content=\"https:\/\/llyc.global\/wp-content\/uploads\/2025\/11\/amco_mobile.jpg\" \/>\n\t<meta property=\"og:image:width\" content=\"354\" \/>\n\t<meta property=\"og:image:height\" content=\"316\" \/>\n\t<meta property=\"og:image:type\" content=\"image\/jpeg\" \/>\n<meta name=\"author\" content=\"Sara S\u00e1nchez Gal\u00e1n\" \/>\n<meta name=\"twitter:card\" content=\"summary_large_image\" \/>\n<meta name=\"twitter:creator\" content=\"@llorenteycuenca\" \/>\n<meta name=\"twitter:site\" content=\"@llorenteycuenca\" \/>\n<meta name=\"twitter:label1\" content=\"Written by\" \/>\n\t<meta name=\"twitter:data1\" content=\"Sara S\u00e1nchez Gal\u00e1n\" \/>\n\t<meta name=\"twitter:label2\" content=\"Est. reading time\" \/>\n\t<meta name=\"twitter:data2\" content=\"2 minutos\" \/>\n<!-- \/ Yoast SEO Premium plugin. -->","yoast_head_json":{"title":"A Conversa Mais Natural: LLYC premiada en AMCO 2025","description":"\u201cA Conversa Mais Natural\u201d da LLYC, premiada em AMCO 2025, transforma o di\u00e1logo sobre beleza, promovendo autenticidade e conex\u00e3o.","robots":{"index":"index","follow":"follow","max-snippet":"max-snippet:-1","max-image-preview":"max-image-preview:large","max-video-preview":"max-video-preview:-1"},"canonical":"https:\/\/llyc.global\/pt-pt\/marketing\/tendencias\/la-conversacion-mas-natural-uma-campanha-que-transforma-o-dialogo-sobre-beleza-reconhecida-nos-premios-amco-2025\/","og_locale":"pt_PT","og_type":"article","og_title":"\"La Conversaci\u00f3n M\u00e1s Natural\": uma campanha que transforma o di\u00e1logo sobre beleza, reconhecida nos Pr\u00e9mios AMCO 2025","og_description":"\u201cA Conversa Mais Natural\u201d da LLYC, premiada em AMCO 2025, transforma o di\u00e1logo sobre beleza, promovendo autenticidade e conex\u00e3o.","og_url":"https:\/\/llyc.global\/pt-pt\/marketing\/tendencias\/la-conversacion-mas-natural-uma-campanha-que-transforma-o-dialogo-sobre-beleza-reconhecida-nos-premios-amco-2025\/","og_site_name":"LLYC","article_publisher":"https:\/\/www.facebook.com\/LLYC.Global\/","article_published_time":"2025-11-12T15:26:50+00:00","article_modified_time":"2025-11-12T15:27:04+00:00","og_image":[{"width":354,"height":316,"url":"https:\/\/llyc.global\/wp-content\/uploads\/2025\/11\/amco_mobile.jpg","type":"image\/jpeg"}],"author":"Sara S\u00e1nchez Gal\u00e1n","twitter_card":"summary_large_image","twitter_creator":"@llorenteycuenca","twitter_site":"@llorenteycuenca","twitter_misc":{"Written by":"Sara S\u00e1nchez Gal\u00e1n","Est. reading time":"2 minutos"},"schema":{"@context":"https:\/\/schema.org","@graph":[{"@type":"WebPage","@id":"https:\/\/llyc.global\/pt-pt\/marketing\/tendencias\/la-conversacion-mas-natural-uma-campanha-que-transforma-o-dialogo-sobre-beleza-reconhecida-nos-premios-amco-2025\/","url":"https:\/\/llyc.global\/pt-pt\/marketing\/tendencias\/la-conversacion-mas-natural-uma-campanha-que-transforma-o-dialogo-sobre-beleza-reconhecida-nos-premios-amco-2025\/","name":"A Conversa Mais Natural: LLYC premiada en AMCO 2025","isPartOf":{"@id":"https:\/\/llyc.global\/pt-pt\/#website"},"datePublished":"2025-11-12T15:26:50+00:00","dateModified":"2025-11-12T15:27:04+00:00","author":{"@id":"https:\/\/llyc.global\/pt-pt\/#\/schema\/person\/b9e6cdf87ffc8f83e0aba20e01848965"},"description":"\u201cA Conversa Mais Natural\u201d da LLYC, premiada em AMCO 2025, transforma o di\u00e1logo sobre beleza, promovendo autenticidade e conex\u00e3o.","breadcrumb":{"@id":"https:\/\/llyc.global\/pt-pt\/marketing\/tendencias\/la-conversacion-mas-natural-uma-campanha-que-transforma-o-dialogo-sobre-beleza-reconhecida-nos-premios-amco-2025\/#breadcrumb"},"inLanguage":"pt-PT","potentialAction":[{"@type":"ReadAction","target":["https:\/\/llyc.global\/pt-pt\/marketing\/tendencias\/la-conversacion-mas-natural-uma-campanha-que-transforma-o-dialogo-sobre-beleza-reconhecida-nos-premios-amco-2025\/"]}]},{"@type":"BreadcrumbList","@id":"https:\/\/llyc.global\/pt-pt\/marketing\/tendencias\/la-conversacion-mas-natural-uma-campanha-que-transforma-o-dialogo-sobre-beleza-reconhecida-nos-premios-amco-2025\/#breadcrumb","itemListElement":[{"@type":"ListItem","position":1,"name":"Home","item":"https:\/\/llyc.global\/pt-pt\/"},{"@type":"ListItem","position":2,"name":"&#8220;La Conversaci\u00f3n M\u00e1s Natural&#8221;: uma campanha que transforma o di\u00e1logo sobre beleza, reconhecida nos Pr\u00e9mios AMCO 2025"}]},{"@type":"WebSite","@id":"https:\/\/llyc.global\/pt-pt\/#website","url":"https:\/\/llyc.global\/pt-pt\/","name":"LLYC","description":"Consultoria de comunicaci\u00f3n marketing y asuntos p\u00fablicos","potentialAction":[{"@type":"SearchAction","target":{"@type":"EntryPoint","urlTemplate":"https:\/\/llyc.global\/pt-pt\/?s={search_term_string}"},"query-input":{"@type":"PropertyValueSpecification","valueRequired":true,"valueName":"search_term_string"}}],"inLanguage":"pt-PT"},{"@type":"Person","@id":"https:\/\/llyc.global\/pt-pt\/#\/schema\/person\/b9e6cdf87ffc8f83e0aba20e01848965","name":"Sara S\u00e1nchez Gal\u00e1n","image":{"@type":"ImageObject","inLanguage":"pt-PT","@id":"https:\/\/llyc.global\/pt-pt\/#\/schema\/person\/image\/","url":"https:\/\/secure.gravatar.com\/avatar\/1ff5f6c176e4b5e2a35a43f87cac285c?s=96&d=mm&r=g","contentUrl":"https:\/\/secure.gravatar.com\/avatar\/1ff5f6c176e4b5e2a35a43f87cac285c?s=96&d=mm&r=g","caption":"Sara S\u00e1nchez Gal\u00e1n"}}]}},"_links":{"self":[{"href":"https:\/\/llyc.global\/pt-pt\/wp-json\/wp\/v2\/posts\/447126","targetHints":{"allow":["GET"]}}],"collection":[{"href":"https:\/\/llyc.global\/pt-pt\/wp-json\/wp\/v2\/posts"}],"about":[{"href":"https:\/\/llyc.global\/pt-pt\/wp-json\/wp\/v2\/types\/post"}],"author":[{"embeddable":true,"href":"https:\/\/llyc.global\/pt-pt\/wp-json\/wp\/v2\/users\/31"}],"replies":[{"embeddable":true,"href":"https:\/\/llyc.global\/pt-pt\/wp-json\/wp\/v2\/comments?post=447126"}],"version-history":[{"count":2,"href":"https:\/\/llyc.global\/pt-pt\/wp-json\/wp\/v2\/posts\/447126\/revisions"}],"predecessor-version":[{"id":447137,"href":"https:\/\/llyc.global\/pt-pt\/wp-json\/wp\/v2\/posts\/447126\/revisions\/447137"}],"wp:attachment":[{"href":"https:\/\/llyc.global\/pt-pt\/wp-json\/wp\/v2\/media?parent=447126"}],"wp:term":[{"taxonomy":"category","embeddable":true,"href":"https:\/\/llyc.global\/pt-pt\/wp-json\/wp\/v2\/categories?post=447126"}],"curies":[{"name":"wp","href":"https:\/\/api.w.org\/{rel}","templated":true}]}}