{"id":463220,"date":"2026-04-27T10:38:05","date_gmt":"2026-04-27T08:38:05","guid":{"rendered":"https:\/\/llyc.global\/?p=463220"},"modified":"2026-04-28T10:10:59","modified_gmt":"2026-04-28T08:10:59","slug":"social-matter-a-humanizacao-radical-e-a-lideranca-de-impacto-vol-08","status":"publish","type":"post","link":"https:\/\/llyc.global\/pt-pt\/marketing\/tendencias\/social-matter-a-humanizacao-radical-e-a-lideranca-de-impacto-vol-08\/","title":{"rendered":"Social Matter, a humaniza\u00e7\u00e3o radical e a lideran\u00e7a de impacto &#8211; Vol. 08"},"content":{"rendered":"<p>Neste relat\u00f3rio de abril, observamos uma consolida\u00e7\u00e3o do que v\u00ednhamos a analisar em relat\u00f3rios anteriores: a desloca\u00e7\u00e3o do capital de confian\u00e7a <b>dos log\u00f3tipos para as pessoas<\/b>. J\u00e1 n\u00e3o basta ter um produto excelente ou uma distribui\u00e7\u00e3o massiva; <b>a relev\u00e2ncia<\/b> hoje <b>constr\u00f3i-se no terreno<\/b> do simb\u00f3lico e, sobretudo, <b>do aut\u00eantico<\/b>. O <i>Zeitgeist<\/i> atual exige que as organiza\u00e7\u00f5es deixem de ser entes abstratos para se tornarem agentes com voz, rosto e, por vezes, at\u00e9 sentido de humor perante a adversidade.<br \/>\n&nbsp;<\/p>\n<h3>01. FOUNDER GENERATED CONTENT (FGC): O EMPRES\u00c1RIO COMO ATIVO DE MARCA<\/h3>\n<p><b>A narrativa da origem face ao filtro corporativo<\/b><br \/>\n&nbsp;<br \/>\nO auge do conte\u00fado gerado por fundadores (FGC) marca o fim da era dos porta-vozes na sombra. J\u00e1 n\u00e3o falamos de influencers que lan\u00e7am marcas, mas de <b>empres\u00e1rios que utilizam a sua vis\u00e3o e o seu dia a dia como o principal motor de confian\u00e7a<\/b>. Num ecossistema saturado, o consumidor procura o &#8220;porqu\u00ea&#8221; por tr\u00e1s do neg\u00f3cio, e ningu\u00e9m o comunica melhor do que quem o construiu do zero.<\/p>\n<p>Vemos este fen\u00f3meno consolidado em perfis como os de <b>Alex Benlloch e Bruno Casanovas<\/b>, a dupla por tr\u00e1s da <a href=\"https:\/\/www.modaes.com\/back-stage\/a-benlloch-y-b-casanovas-el-duo-que-proyecta-tras-nude-project\" target=\"_blank\" rel=\"noopener\">Nude Project<\/a>, que converteram o seu podcast e as suas apari\u00e7\u00f5es na cara vis\u00edvel de uma comunidade que transcende a moda urbana. Do mesmo modo, num setor t\u00e3o tradicional como a pastelaria, <b>Gisela Cruz<\/b> de <a href=\"https:\/\/tartasbastantemajas.com\/sobre-mi\/\" target=\"_blank\" rel=\"noopener\">Tartas Bastante Majas<\/a> conseguiu escalar um neg\u00f3cio nacional ao partilhar as suas <a href=\"https:\/\/cronicaglobal.elespanol.com\/mas-economia\/20260202\/gisela-duena-pasteleria-barcelona-puedes-ganando-comes-trt\/1003742727068_0.html\" target=\"_blank\" rel=\"noopener\">experi\u00eancias e decis\u00f5es<\/a> de forma pr\u00f3xima e transparente no TikTok. Fora de Espanha destaca-se tamb\u00e9m o caso da <a href=\"https:\/\/www.instagram.com\/drinkpoppi\/\">Poppi<\/a>: a marca de refrigerantes criada por <b>Allison Ellsworth<\/b>, que documentou nas suas redes desde as suas primeiras experi\u00eancias caseiras at\u00e9 \u00e0 <a href=\"https:\/\/cincodias.elpais.com\/companias\/2025-03-17\/pepsico-compra-poppi-por-1950-millones-de-dolares-para-reforzarse-en-bebidas-funcionales.html\" target=\"_blank\" rel=\"noopener\">venda da marca \u00e0 Pepsico<\/a> (e, apesar disso, ela continua a ser a porta-voz da marca).<\/p>\n<p>O <b>FGC elimina a fric\u00e7\u00e3o entre a marca e a audi\u00eancia<\/b>. As empresas devem compreender que a vulnerabilidade e a honestidade do fundador s\u00e3o hoje ativos financeiros. O desafio est\u00e1 em fazer com que esta visibilidade seja um <a href=\"https:\/\/www.linkedin.com\/posts\/influencer-marketing-agencia_burnette-redessociales-marketingdigital-activity-7450422807710216192-rex4\/?utm_source=share&amp;utm_medium=member_desktop&amp;rcm=ACoAADe90ggBRip2btUA4NTUJqnrQPXSnByaX8g\" target=\"_blank\" rel=\"noopener\">reflexo genu\u00edno do prop\u00f3sito<\/a> da empresa, ao evitar que o ego pessoal canibalize a estrat\u00e9gia corporativa.<br \/>\n&nbsp;<\/p>\n<h3>02. O NOVO TABULEIRO DA INFLU\u00caNCIA: O CEO \u00c9 A MENSAGEM<\/h3>\n<p><b>Quando a reputa\u00e7\u00e3o pessoal \u00e9 o principal escudo da companhia.<\/b><br \/>\n&nbsp;<br \/>\nA capacidade de influ\u00eancia de uma marca est\u00e1 hoje tamb\u00e9m ligada \u00e0 figura do seu l\u00edder. Os dados do relat\u00f3rio da <a href=\"https:\/\/onclusive.com\/en-gb\/resources\/whitepaper\/influential-brands-in-the-media-2026\/\" target=\"_blank\" rel=\"noopener\">Onclusive sobre marcas influentes em 2026<\/a> s\u00e3o claros: a influ\u00eancia medi\u00e1tica de <b>Elon Musk<\/b> \u00e9 dez vezes superior \u00e0 de qualquer outro l\u00edder, ao gerar mais men\u00e7\u00f5es do que a pr\u00f3pria Tesla.<\/p>\n<p>Este fen\u00f3meno repete-se com <b>Sam Altman<\/b>, cuja visibilidade \u00e9 o verdadeiro motor do ChatGPT, ao superar em impacto medi\u00e1tico figuras como Mark Zuckerberg. Isto v\u00ea-se claramente em outros exemplos como <b>Tim Cook<\/b>, que recentemente anunciou que deixaria de ser o CEO da Apple atrav\u00e9s de uma <a href=\"https:\/\/www.apple.com\/community-letter-from-tim\/\" target=\"_blank\" rel=\"noopener\">carta \u00e0 sua comunidade<\/a> assinada por ele pr\u00f3prio.<\/p>\n<p>O CEO deixou de ser uma figura institucional para se tornar o porta-voz direto e protagonista narrativo do produto e gerador de relato corporativo. No entanto, esta alta exposi\u00e7\u00e3o \u00e9 uma arma de dois gumes: o sentimento da marca fica sequestrado pela conduta pessoal do l\u00edder.<\/p>\n<p>A lideran\u00e7a executiva \u00e9 a alavanca de alcance mais eficaz, mas requer uma gest\u00e3o de precis\u00e3o.<b> As marcas devem profissionalizar a identidade digital dos seus quadros diretivos<\/b>, ao compreender que hoje, mais do que nunca, <b>as pessoas confiam em pessoas.<\/b><br \/>\n&nbsp;<\/p>\n<h3>03. A CRISE COMO OPORTUNIDADE<\/h3>\n<p><b>Transformar a vulnerabilidade log\u00edstica em share social<\/b><br \/>\n&nbsp;<br \/>\nGerir uma crise j\u00e1 n\u00e3o consiste apenas em mitigar o dano, mas em ter a agilidade mental para capitalizar a conversa. <b>O sil\u00eancio j\u00e1 n\u00e3o \u00e9 a \u00fanica op\u00e7\u00e3o t\u00e1tica<\/b>; por vezes, <b>abra\u00e7ar o problema e convert\u00ea-lo numa narrativa partilhada com a audi\u00eancia gera um v\u00ednculo de cumplicidade que nenhuma campanha planeada poderia comprar<\/b>. A chave reside na velocidade de resposta e na capacidade de ler o sentimento social em tempo real.<\/p>\n<p>O caso da <b>Nestl\u00e9<\/b> com o roubo de um cami\u00e3o de <a href=\"https:\/\/cincodias.elpais.com\/companias\/2026-04-01\/nestle-da-la-vuelta-al-robo-de-413793-kitkats-y-lo-transforma-en-un-golpe-publicitario.html\" target=\"_blank\" rel=\"noopener\">KitKat<\/a> nas v\u00e9speras do <i>April Fool\u2019s<\/i> \u00e9 paradigm\u00e1tico. Perante a vaga de memes de marcas como a Domino&#8217;s ou a Ryanair, a marca n\u00e3o s\u00f3 n\u00e3o se p\u00f4s \u00e0 defensiva, como transformou o incidente numa <a href=\"https:\/\/www.marketingdirecto.com\/anunciantes-general\/kitkat-como-robo-muto-maniobra-relaciones-publicas\" target=\"_blank\" rel=\"noopener\">a\u00e7\u00e3o de rela\u00e7\u00f5es p\u00fablicas<\/a> atrav\u00e9s de uma ferramenta de rastreio para os utilizadores. O que come\u00e7ou como um problema de fornecimento terminou como uma <a href=\"https:\/\/www.linkedin.com\/posts\/marca-marketing-publicidad-ugcPost-7446573222222983169-jAU7?utm_source=share&amp;utm_medium=member_desktop&amp;rcm=ACoAADe90ggBRip2btUA4NTUJqnrQPXSnByaX8g\" target=\"_blank\" rel=\"noopener\">manobra de engagement<\/a> global mencionada por meios como a <a href=\"https:\/\/time.com\/article\/2026\/04\/01\/kit-kat-chocolate-bars-stolen-heist-tracker\/\" target=\"_blank\" rel=\"noopener\">Time<\/a>.<\/p>\n<p>A resili\u00eancia moderna \u00e9 criativa. As marcas devem desenvolver protocolos que permitam &#8220;surfar&#8221; a crise com humor e transpar\u00eancia. Se o erro \u00e9 humano, a resposta tamb\u00e9m deve s\u00ea-lo.<br \/>\n&nbsp;<\/p>\n<h3>04. A CONQUISTA DO TERRIT\u00d3RIO SIMB\u00d3LICO<\/h3>\n<p><b>Para al\u00e9m do benef\u00edcio funcional: o legado da desejabilidade<\/b><br \/>\n&nbsp;<br \/>\nCompetir apenas pelo pre\u00e7o ou caracter\u00edsticas t\u00e9cnicas \u00e9 uma corrida para o esquecimento. <b>As marcas que perduram s\u00e3o as que conseguem posicionar-se em territ\u00f3rios que parecem alheios ao seu produto mas que s\u00e3o centrais na cultura<\/b>. A batalha hoje ganha-se no plano simb\u00f3lico, onde a marca deixa de ser um objeto para se tornar um emblema de estatuto, perten\u00e7a ou valores.<\/p>\n<p><a href=\"https:\/\/www.marketingdirecto.com\/anunciantes-general\/apple-celebra-50-aniversario-conoce-hitos-han-marcado-legado-marketing\" target=\"_blank\" rel=\"noopener\">Apple<\/a> \u00e9 o mestre indiscut\u00edvel nesta arte. Nos seus 50 anos de trajet\u00f3ria, demonstrou que o seu sucesso n\u00e3o reside apenas no sil\u00edcio, mas em ter ganho a <a href=\"https:\/\/www.linkedin.com\/posts\/marketingdirecto_marca-marketing-publicidad-activity-7446633310866354177-JV2N?utm_source=share&amp;utm_medium=member_desktop&amp;rcm=ACoAADe90ggBRip2btUA4NTUJqnrQPXSnByaX8g\" target=\"_blank\" rel=\"noopener\">batalha do significado<\/a>. Ao deixar de se definir como uma empresa de tecnologia para <b>ser uma de &#8220;estilo de vida e criatividade&#8221;<\/b>, blindou a sua margem de lucro e a sua desejabilidade face a qualquer competidor.<\/p>\n<p>Isto ocorre em muitas outras marcas, e em alguns casos temos isso mais do que interiorizado. O exemplo da <a href=\"https:\/\/guide.michelin.com\/es\/es\/historia-de-la-guia-michelin\" target=\"_blank\" rel=\"noopener\">Michelin<\/a> \u00e9, talvez, o mais audaz: uma <a href=\"https:\/\/motor.elpais.com\/actualidad\/el-gran-secreto-de-michelin-por-que-una-marca-de-neumaticos-decide-quien-es-el-mejor-chef-del-planeta\/\" target=\"_blank\" rel=\"noopener\">f\u00e1brica de pneus que conseguiu apropriar-se da alta gastronomia mundial<\/a>. O que nasceu como uma t\u00e1tica funcional para fomentar a viagem por estrada, terminou a redefinir o padr\u00e3o do luxo. Ao atribuir estrelas aos melhores restaurantes, a Michelin deixou de vender borracha para vender exclusividade e crit\u00e9rio, ao demonstrar que <b>uma marca pode transcender a sua origem<\/b> industrial para se tornar o \u201c\u00e1rbitro supremo\u201d do prest\u00edgio social.<\/p>\n<p>As marcas devem perguntar-se o que representam na vida do utilizador para al\u00e9m da sua utilidade. A lideran\u00e7a estrat\u00e9gica hoje requer uma vis\u00e3o a longo prazo que d\u00ea prioridade \u00e0 constru\u00e7\u00e3o de um <b>legado cultural sobre o ROI imediato<\/b> da pr\u00f3xima atualiza\u00e7\u00e3o de produto.<br \/>\n&nbsp;<\/p>\n<h3>05. PERSONIFICACI\u00d3N E MASCOTES: O REGRESSO AO &#8220;CUTE MARKETING&#8221;<\/h3>\n<p><b>Avatares e personagens como guias na satura\u00e7\u00e3o digital<\/b><br \/>\n&nbsp;<br \/>\nNum ambiente digital frio e dominado por algoritmos, <b>a figura da mascote ou a personagem<\/b> de marca vive um ressurgimento estrat\u00e9gico. Estes ativos atuam como pontes emocionais, <b>personificando valores de forma visual e atrativa<\/b>, especialmente para as novas gera\u00e7\u00f5es que procuram formatos mais &#8220;vivos&#8221; e menos institucionais.<\/p>\n<p>Mesmo uma marca t\u00e3o s\u00f3bria como a <b>Apple<\/b> sucumbiu a esta tend\u00eancia, ao lan\u00e7ar o seu <a href=\"https:\/\/www.reasonwhy.es\/actualidad\/apple-mascota-finder-tiktok-generacion-z\" target=\"_blank\" rel=\"noopener\">Finder Guy<\/a> no TikTok para ligar com a Gen Z. Este movimento convive com <b>a recupera\u00e7\u00e3o de \u00edcones cl\u00e1ssicos<\/b>, como o gelado <a href=\"https:\/\/www.reasonwhy.es\/actualidad\/la-menorquina-campana-punky-vuelve-nueva-etapa-marca\" target=\"_blank\" rel=\"noopener\">Punky da La Menorquina<\/a>, ou a vig\u00eancia de figuras hist\u00f3ricas como o tigre dos <b>Cheetos<\/b> ou o ursinho da <b>Bimbo<\/b>. Estas personagens n\u00e3o s\u00e3o <a href=\"https:\/\/www.puromarketing.com\/146\/213836\/mascotas-personajes-marcas-pasan-moda\" target=\"_blank\" rel=\"noopener\">moda passageira<\/a>, mas <b>\u00e2ncoras de identidade<\/b>.<\/p>\n<p><b>A personifica\u00e7\u00e3o facilita o &#8220;storytelling&#8221; e aumenta a recorda\u00e7\u00e3o de marca<\/b>. Para as empresas, contar com uma mascote ou um avatar digital permite uma comunica\u00e7\u00e3o mais \u00e1gil e l\u00fadica, ideal para canais como o TikTok onde o relato manda acima do log\u00f3tipo.<\/p>\n","protected":false},"excerpt":{"rendered":"<p>Neste relat\u00f3rio de abril, observamos uma consolida\u00e7\u00e3o do que v\u00ednhamos a analisar em relat\u00f3rios anteriores: a desloca\u00e7\u00e3o do capital de confian\u00e7a dos log\u00f3tipos para as pessoas. J\u00e1 n\u00e3o basta ter um produto excelente ou uma distribui\u00e7\u00e3o massiva; a relev\u00e2ncia hoje constr\u00f3i-se no terreno do simb\u00f3lico e, sobretudo, do aut\u00eantico. O Zeitgeist atual exige que as [&hellip;]<\/p>\n","protected":false},"author":11,"featured_media":0,"comment_status":"closed","ping_status":"closed","sticky":false,"template":"","format":"standard","meta":{"_acf_changed":false,"_et_pb_use_builder":"","_et_pb_old_content":"","_et_gb_content_width":"","footnotes":""},"categories":[95],"class_list":["post-463220","post","type-post","status-publish","format-standard","hentry","category-marketing"],"acf":[],"yoast_head":"<!-- This site is optimized with the Yoast SEO Premium plugin v24.7 (Yoast SEO v24.7) - https:\/\/yoast.com\/wordpress\/plugins\/seo\/ -->\n<title>Social Matter, a humaniza\u00e7\u00e3o radical e a lideran\u00e7a de impacto - Vol. 08 - LLYC<\/title>\n<meta name=\"description\" content=\"Descubra as tend\u00eancias em humaniza\u00e7\u00e3o de marca e lideran\u00e7a: fundadores, criadores e storytelling redefinem a confian\u00e7a e a influ\u00eancia em 2026.\" \/>\n<meta name=\"robots\" content=\"index, follow, max-snippet:-1, max-image-preview:large, max-video-preview:-1\" \/>\n<link rel=\"canonical\" href=\"https:\/\/llyc.global\/pt-pt\/marketing\/tendencias\/social-matter-a-humanizacao-radical-e-a-lideranca-de-impacto-vol-08\/\" \/>\n<meta property=\"og:locale\" content=\"pt_PT\" \/>\n<meta property=\"og:type\" content=\"article\" \/>\n<meta property=\"og:title\" content=\"Social Matter, a humaniza\u00e7\u00e3o radical e a lideran\u00e7a de impacto - Vol. 08\" \/>\n<meta property=\"og:description\" content=\"Descubra as tend\u00eancias em humaniza\u00e7\u00e3o de marca e lideran\u00e7a: fundadores, criadores e storytelling redefinem a confian\u00e7a e a influ\u00eancia em 2026.\" \/>\n<meta property=\"og:url\" content=\"https:\/\/llyc.global\/pt-pt\/marketing\/tendencias\/social-matter-a-humanizacao-radical-e-a-lideranca-de-impacto-vol-08\/\" \/>\n<meta property=\"og:site_name\" content=\"LLYC\" \/>\n<meta property=\"article:publisher\" content=\"https:\/\/www.facebook.com\/LLYC.Global\/\" \/>\n<meta property=\"article:published_time\" content=\"2026-04-27T08:38:05+00:00\" \/>\n<meta property=\"article:modified_time\" content=\"2026-04-28T08:10:59+00:00\" \/>\n<meta property=\"og:image\" content=\"https:\/\/llyc.global\/wp-content\/uploads\/2026\/04\/social_matter_april_mobile.jpg\" \/>\n\t<meta property=\"og:image:width\" content=\"354\" \/>\n\t<meta property=\"og:image:height\" content=\"316\" \/>\n\t<meta property=\"og:image:type\" content=\"image\/jpeg\" \/>\n<meta name=\"author\" content=\"phenriques\" \/>\n<meta name=\"twitter:card\" content=\"summary_large_image\" \/>\n<meta name=\"twitter:creator\" content=\"@llorenteycuenca\" \/>\n<meta name=\"twitter:site\" content=\"@llorenteycuenca\" \/>\n<meta name=\"twitter:label1\" content=\"Written by\" \/>\n\t<meta name=\"twitter:data1\" content=\"phenriques\" \/>\n\t<meta name=\"twitter:label2\" content=\"Est. reading time\" \/>\n\t<meta name=\"twitter:data2\" content=\"6 minutos\" \/>\n<!-- \/ Yoast SEO Premium plugin. -->","yoast_head_json":{"title":"Social Matter, a humaniza\u00e7\u00e3o radical e a lideran\u00e7a de impacto - Vol. 08 - LLYC","description":"Descubra as tend\u00eancias em humaniza\u00e7\u00e3o de marca e lideran\u00e7a: fundadores, criadores e storytelling redefinem a confian\u00e7a e a influ\u00eancia em 2026.","robots":{"index":"index","follow":"follow","max-snippet":"max-snippet:-1","max-image-preview":"max-image-preview:large","max-video-preview":"max-video-preview:-1"},"canonical":"https:\/\/llyc.global\/pt-pt\/marketing\/tendencias\/social-matter-a-humanizacao-radical-e-a-lideranca-de-impacto-vol-08\/","og_locale":"pt_PT","og_type":"article","og_title":"Social Matter, a humaniza\u00e7\u00e3o radical e a lideran\u00e7a de impacto - Vol. 08","og_description":"Descubra as tend\u00eancias em humaniza\u00e7\u00e3o de marca e lideran\u00e7a: fundadores, criadores e storytelling redefinem a confian\u00e7a e a influ\u00eancia em 2026.","og_url":"https:\/\/llyc.global\/pt-pt\/marketing\/tendencias\/social-matter-a-humanizacao-radical-e-a-lideranca-de-impacto-vol-08\/","og_site_name":"LLYC","article_publisher":"https:\/\/www.facebook.com\/LLYC.Global\/","article_published_time":"2026-04-27T08:38:05+00:00","article_modified_time":"2026-04-28T08:10:59+00:00","og_image":[{"width":354,"height":316,"url":"https:\/\/llyc.global\/wp-content\/uploads\/2026\/04\/social_matter_april_mobile.jpg","type":"image\/jpeg"}],"author":"phenriques","twitter_card":"summary_large_image","twitter_creator":"@llorenteycuenca","twitter_site":"@llorenteycuenca","twitter_misc":{"Written by":"phenriques","Est. reading time":"6 minutos"},"schema":{"@context":"https:\/\/schema.org","@graph":[{"@type":"WebPage","@id":"https:\/\/llyc.global\/pt-pt\/marketing\/tendencias\/social-matter-a-humanizacao-radical-e-a-lideranca-de-impacto-vol-08\/","url":"https:\/\/llyc.global\/pt-pt\/marketing\/tendencias\/social-matter-a-humanizacao-radical-e-a-lideranca-de-impacto-vol-08\/","name":"Social Matter, a humaniza\u00e7\u00e3o radical e a lideran\u00e7a de impacto - Vol. 08 - LLYC","isPartOf":{"@id":"https:\/\/llyc.global\/pt-pt\/#website"},"datePublished":"2026-04-27T08:38:05+00:00","dateModified":"2026-04-28T08:10:59+00:00","author":{"@id":"https:\/\/llyc.global\/pt-pt\/#\/schema\/person\/1223af8264d152f6db90b24c2767405b"},"description":"Descubra as tend\u00eancias em humaniza\u00e7\u00e3o de marca e lideran\u00e7a: fundadores, criadores e storytelling redefinem a confian\u00e7a e a influ\u00eancia em 2026.","breadcrumb":{"@id":"https:\/\/llyc.global\/pt-pt\/marketing\/tendencias\/social-matter-a-humanizacao-radical-e-a-lideranca-de-impacto-vol-08\/#breadcrumb"},"inLanguage":"pt-PT","potentialAction":[{"@type":"ReadAction","target":["https:\/\/llyc.global\/pt-pt\/marketing\/tendencias\/social-matter-a-humanizacao-radical-e-a-lideranca-de-impacto-vol-08\/"]}]},{"@type":"BreadcrumbList","@id":"https:\/\/llyc.global\/pt-pt\/marketing\/tendencias\/social-matter-a-humanizacao-radical-e-a-lideranca-de-impacto-vol-08\/#breadcrumb","itemListElement":[{"@type":"ListItem","position":1,"name":"Home","item":"https:\/\/llyc.global\/pt-pt\/"},{"@type":"ListItem","position":2,"name":"Social Matter, a humaniza\u00e7\u00e3o radical e a lideran\u00e7a de impacto &#8211; Vol. 08"}]},{"@type":"WebSite","@id":"https:\/\/llyc.global\/pt-pt\/#website","url":"https:\/\/llyc.global\/pt-pt\/","name":"LLYC","description":"Consultoria de comunicaci\u00f3n marketing y asuntos p\u00fablicos","potentialAction":[{"@type":"SearchAction","target":{"@type":"EntryPoint","urlTemplate":"https:\/\/llyc.global\/pt-pt\/?s={search_term_string}"},"query-input":{"@type":"PropertyValueSpecification","valueRequired":true,"valueName":"search_term_string"}}],"inLanguage":"pt-PT"},{"@type":"Person","@id":"https:\/\/llyc.global\/pt-pt\/#\/schema\/person\/1223af8264d152f6db90b24c2767405b","name":"phenriques","image":{"@type":"ImageObject","inLanguage":"pt-PT","@id":"https:\/\/llyc.global\/pt-pt\/#\/schema\/person\/image\/","url":"https:\/\/secure.gravatar.com\/avatar\/d7b4370a5606d1efad5688240922e036?s=96&d=mm&r=g","contentUrl":"https:\/\/secure.gravatar.com\/avatar\/d7b4370a5606d1efad5688240922e036?s=96&d=mm&r=g","caption":"phenriques"}}]}},"_links":{"self":[{"href":"https:\/\/llyc.global\/pt-pt\/wp-json\/wp\/v2\/posts\/463220","targetHints":{"allow":["GET"]}}],"collection":[{"href":"https:\/\/llyc.global\/pt-pt\/wp-json\/wp\/v2\/posts"}],"about":[{"href":"https:\/\/llyc.global\/pt-pt\/wp-json\/wp\/v2\/types\/post"}],"author":[{"embeddable":true,"href":"https:\/\/llyc.global\/pt-pt\/wp-json\/wp\/v2\/users\/11"}],"replies":[{"embeddable":true,"href":"https:\/\/llyc.global\/pt-pt\/wp-json\/wp\/v2\/comments?post=463220"}],"version-history":[{"count":7,"href":"https:\/\/llyc.global\/pt-pt\/wp-json\/wp\/v2\/posts\/463220\/revisions"}],"predecessor-version":[{"id":463412,"href":"https:\/\/llyc.global\/pt-pt\/wp-json\/wp\/v2\/posts\/463220\/revisions\/463412"}],"wp:attachment":[{"href":"https:\/\/llyc.global\/pt-pt\/wp-json\/wp\/v2\/media?parent=463220"}],"wp:term":[{"taxonomy":"category","embeddable":true,"href":"https:\/\/llyc.global\/pt-pt\/wp-json\/wp\/v2\/categories?post=463220"}],"curies":[{"name":"wp","href":"https:\/\/api.w.org\/{rel}","templated":true}]}}