{"id":463338,"date":"2026-04-27T15:30:17","date_gmt":"2026-04-27T13:30:17","guid":{"rendered":"https:\/\/llyc.global\/ideas\/rafa-anton-reconocido-por-su-trayectoria-profesional-por-festival-jovenes-tocados-por-la-publicidad\/"},"modified":"2026-04-27T15:45:16","modified_gmt":"2026-04-27T13:45:16","slug":"rafa-anton-reconhecido-pela-sua-trajetoria-profissional-pelo-festival-jovenes-tocados-por-la-publicidad","status":"publish","type":"post","link":"https:\/\/llyc.global\/pt-pt\/marketing\/tendencias\/rafa-anton-reconhecido-pela-sua-trajetoria-profissional-pelo-festival-jovenes-tocados-por-la-publicidad\/","title":{"rendered":"Rafa Ant\u00f3n, reconhecido pela sua Trajet\u00f3ria Profissional pelo Festival J\u00f3venes Tocados por la Publicidad"},"content":{"rendered":"<p><strong>Rafa Ant\u00f3n, Diretor Criativo Global da LLYC,<\/strong> foi reconhecido com o Pr\u00e9mio Carreira no Festival J\u00f3venes Tocados por la Publicidad da Universidade Nebrija, ao consolidar-se, uma vez mais, <strong>como uma das figuras mais influentes da criatividade em Espanha.<\/strong><\/p>\n<p>O seu trabalho profissional, &#8220;aplaudido por muitos colegas da ind\u00fastria que n\u00e3o hesitaram em acompanh\u00e1-lo, continua a ser um exemplo para as novas gera\u00e7\u00f5es&#8221;, argumentam da universidade.<\/p>\n<p>A sua trajet\u00f3ria foi tamb\u00e9m reconhecida em festivais internacionais como Cannes Lions, al\u00e9m de outros certames prestigiados do setor, onde o seu trabalho foi premiado e destacado de forma recorrente. Al\u00e9m disso, participou como j\u00fari em diversos festivais publicit\u00e1rios, ao aportar a sua experi\u00eancia na avalia\u00e7\u00e3o da criatividade a n\u00edvel internacional. Tamb\u00e9m a sua carreira foi reconhecida com o Pr\u00e9mio \u00e0 Melhor Trajet\u00f3ria Profissional nos Pr\u00e9mios Efic\u00e1cia 2025.<\/p>\n<p>Com mais de tr\u00eas d\u00e9cadas de percurso, Rafa \u00e9 uma das vozes mais influentes da criatividade contempor\u00e2nea. Cofundou a CHINA em 2010 ap\u00f3s uma extensa etapa como Diretor Criativo na Leo Burnett Espanha e a sua passagem pelo Global Creative Council. Desenvolveu campanhas para marcas como Coca-Cola, Levi\u2019s, VISA, Loewe, WWF, Alhambra ou Adolfo Dom\u00ednguez, ao consolidar uma vis\u00e3o da criatividade baseada no impacto e no significado.<\/p>\n<p><strong>O Festival J\u00f3venes Tocados por la Publicidad refor\u00e7a a liga\u00e7\u00e3o entre universidade e ind\u00fastria,<\/strong> ao apostar desde 1998 no modelo learning by doing e ao consolidar-se como plataforma de talento emergente no \u00e2mbito da comunica\u00e7\u00e3o.<\/p>\n<p>Parab\u00e9ns ao Rafa!<\/p>\n","protected":false},"excerpt":{"rendered":"<p>Rafa Ant\u00f3n, Diretor Criativo Global da LLYC, foi reconhecido com o Pr\u00e9mio Carreira no Festival J\u00f3venes Tocados por la Publicidad da Universidade Nebrija, ao consolidar-se, uma vez mais, como uma das figuras mais influentes da criatividade em Espanha. O seu trabalho profissional, &#8220;aplaudido por muitos colegas da ind\u00fastria que n\u00e3o hesitaram em acompanh\u00e1-lo, continua a [&hellip;]<\/p>\n","protected":false},"author":22,"featured_media":0,"comment_status":"closed","ping_status":"closed","sticky":false,"template":"","format":"standard","meta":{"_acf_changed":false,"_et_pb_use_builder":"","_et_pb_old_content":"","_et_gb_content_width":"","footnotes":""},"categories":[95],"class_list":["post-463338","post","type-post","status-publish","format-standard","hentry","category-marketing"],"acf":[],"yoast_head":"<!-- This site is optimized with the Yoast SEO Premium plugin v24.7 (Yoast SEO v24.7) - https:\/\/yoast.com\/wordpress\/plugins\/seo\/ -->\n<title>Rafa Ant\u00f3n, reconhecido pela sua Trajet\u00f3ria Profissional pelo Festival J\u00f3venes Tocados por la Publicidad - LLYC<\/title>\n<meta name=\"description\" content=\"Rafa Ant\u00f3n, Diretor Criativo Global da LLYC, \u00e9 reconhecido pela sua carreira no Festival J\u00f3venes Tocados por la Publicidad, consolidando a sua lideran\u00e7a na criatividade.\" \/>\n<meta name=\"robots\" content=\"index, follow, max-snippet:-1, max-image-preview:large, max-video-preview:-1\" \/>\n<link rel=\"canonical\" href=\"https:\/\/llyc.global\/pt-pt\/marketing\/tendencias\/rafa-anton-reconhecido-pela-sua-trajetoria-profissional-pelo-festival-jovenes-tocados-por-la-publicidad\/\" \/>\n<meta property=\"og:locale\" content=\"pt_PT\" \/>\n<meta property=\"og:type\" content=\"article\" \/>\n<meta property=\"og:title\" content=\"Rafa Ant\u00f3n, reconhecido pela sua Trajet\u00f3ria Profissional pelo Festival J\u00f3venes Tocados por la Publicidad\" \/>\n<meta property=\"og:description\" content=\"Rafa Ant\u00f3n, Diretor Criativo Global da LLYC, \u00e9 reconhecido pela sua carreira no Festival J\u00f3venes Tocados por la Publicidad, consolidando a sua lideran\u00e7a na criatividade.\" \/>\n<meta property=\"og:url\" content=\"https:\/\/llyc.global\/pt-pt\/marketing\/tendencias\/rafa-anton-reconhecido-pela-sua-trajetoria-profissional-pelo-festival-jovenes-tocados-por-la-publicidad\/\" \/>\n<meta property=\"og:site_name\" content=\"LLYC\" \/>\n<meta property=\"article:publisher\" content=\"https:\/\/www.facebook.com\/LLYC.Global\/\" \/>\n<meta property=\"article:published_time\" content=\"2026-04-27T13:30:17+00:00\" \/>\n<meta property=\"article:modified_time\" content=\"2026-04-27T13:45:16+00:00\" \/>\n<meta property=\"og:image\" content=\"https:\/\/llyc.global\/wp-content\/uploads\/2026\/04\/Tocados_Rafa_Anton_LLYC_mobile.jpg\" \/>\n\t<meta property=\"og:image:width\" content=\"354\" \/>\n\t<meta property=\"og:image:height\" content=\"316\" \/>\n\t<meta property=\"og:image:type\" content=\"image\/jpeg\" \/>\n<meta name=\"author\" content=\"Karla Cruz Cabrera\" \/>\n<meta name=\"twitter:card\" content=\"summary_large_image\" \/>\n<meta name=\"twitter:creator\" content=\"@llorenteycuenca\" \/>\n<meta name=\"twitter:site\" content=\"@llorenteycuenca\" \/>\n<meta name=\"twitter:label1\" content=\"Written by\" \/>\n\t<meta name=\"twitter:data1\" content=\"Karla Cruz Cabrera\" \/>\n\t<meta name=\"twitter:label2\" content=\"Est. reading time\" \/>\n\t<meta name=\"twitter:data2\" content=\"2 minutos\" \/>\n<!-- \/ Yoast SEO Premium plugin. -->","yoast_head_json":{"title":"Rafa Ant\u00f3n, reconhecido pela sua Trajet\u00f3ria Profissional pelo Festival J\u00f3venes Tocados por la Publicidad - LLYC","description":"Rafa Ant\u00f3n, Diretor Criativo Global da LLYC, \u00e9 reconhecido pela sua carreira no Festival J\u00f3venes Tocados por la Publicidad, consolidando a sua lideran\u00e7a na criatividade.","robots":{"index":"index","follow":"follow","max-snippet":"max-snippet:-1","max-image-preview":"max-image-preview:large","max-video-preview":"max-video-preview:-1"},"canonical":"https:\/\/llyc.global\/pt-pt\/marketing\/tendencias\/rafa-anton-reconhecido-pela-sua-trajetoria-profissional-pelo-festival-jovenes-tocados-por-la-publicidad\/","og_locale":"pt_PT","og_type":"article","og_title":"Rafa Ant\u00f3n, reconhecido pela sua Trajet\u00f3ria Profissional pelo Festival J\u00f3venes Tocados por la Publicidad","og_description":"Rafa Ant\u00f3n, Diretor Criativo Global da LLYC, \u00e9 reconhecido pela sua carreira no Festival J\u00f3venes Tocados por la Publicidad, consolidando a sua lideran\u00e7a na criatividade.","og_url":"https:\/\/llyc.global\/pt-pt\/marketing\/tendencias\/rafa-anton-reconhecido-pela-sua-trajetoria-profissional-pelo-festival-jovenes-tocados-por-la-publicidad\/","og_site_name":"LLYC","article_publisher":"https:\/\/www.facebook.com\/LLYC.Global\/","article_published_time":"2026-04-27T13:30:17+00:00","article_modified_time":"2026-04-27T13:45:16+00:00","og_image":[{"width":354,"height":316,"url":"https:\/\/llyc.global\/wp-content\/uploads\/2026\/04\/Tocados_Rafa_Anton_LLYC_mobile.jpg","type":"image\/jpeg"}],"author":"Karla Cruz Cabrera","twitter_card":"summary_large_image","twitter_creator":"@llorenteycuenca","twitter_site":"@llorenteycuenca","twitter_misc":{"Written by":"Karla Cruz Cabrera","Est. reading time":"2 minutos"},"schema":{"@context":"https:\/\/schema.org","@graph":[{"@type":"WebPage","@id":"https:\/\/llyc.global\/pt-pt\/marketing\/tendencias\/rafa-anton-reconhecido-pela-sua-trajetoria-profissional-pelo-festival-jovenes-tocados-por-la-publicidad\/","url":"https:\/\/llyc.global\/pt-pt\/marketing\/tendencias\/rafa-anton-reconhecido-pela-sua-trajetoria-profissional-pelo-festival-jovenes-tocados-por-la-publicidad\/","name":"Rafa Ant\u00f3n, reconhecido pela sua Trajet\u00f3ria Profissional pelo Festival J\u00f3venes Tocados por la Publicidad - LLYC","isPartOf":{"@id":"https:\/\/llyc.global\/pt-pt\/#website"},"datePublished":"2026-04-27T13:30:17+00:00","dateModified":"2026-04-27T13:45:16+00:00","author":{"@id":"https:\/\/llyc.global\/pt-pt\/#\/schema\/person\/54becd68bec7ae94ccaaa5662a99fef9"},"description":"Rafa Ant\u00f3n, Diretor Criativo Global da LLYC, \u00e9 reconhecido pela sua carreira no Festival J\u00f3venes Tocados por la Publicidad, consolidando a sua lideran\u00e7a na criatividade.","breadcrumb":{"@id":"https:\/\/llyc.global\/pt-pt\/marketing\/tendencias\/rafa-anton-reconhecido-pela-sua-trajetoria-profissional-pelo-festival-jovenes-tocados-por-la-publicidad\/#breadcrumb"},"inLanguage":"pt-PT","potentialAction":[{"@type":"ReadAction","target":["https:\/\/llyc.global\/pt-pt\/marketing\/tendencias\/rafa-anton-reconhecido-pela-sua-trajetoria-profissional-pelo-festival-jovenes-tocados-por-la-publicidad\/"]}]},{"@type":"BreadcrumbList","@id":"https:\/\/llyc.global\/pt-pt\/marketing\/tendencias\/rafa-anton-reconhecido-pela-sua-trajetoria-profissional-pelo-festival-jovenes-tocados-por-la-publicidad\/#breadcrumb","itemListElement":[{"@type":"ListItem","position":1,"name":"Home","item":"https:\/\/llyc.global\/pt-pt\/"},{"@type":"ListItem","position":2,"name":"Rafa Ant\u00f3n, reconhecido pela sua Trajet\u00f3ria Profissional pelo Festival J\u00f3venes Tocados por la Publicidad"}]},{"@type":"WebSite","@id":"https:\/\/llyc.global\/pt-pt\/#website","url":"https:\/\/llyc.global\/pt-pt\/","name":"LLYC","description":"Consultoria de comunicaci\u00f3n marketing y asuntos p\u00fablicos","potentialAction":[{"@type":"SearchAction","target":{"@type":"EntryPoint","urlTemplate":"https:\/\/llyc.global\/pt-pt\/?s={search_term_string}"},"query-input":{"@type":"PropertyValueSpecification","valueRequired":true,"valueName":"search_term_string"}}],"inLanguage":"pt-PT"},{"@type":"Person","@id":"https:\/\/llyc.global\/pt-pt\/#\/schema\/person\/54becd68bec7ae94ccaaa5662a99fef9","name":"Karla Cruz Cabrera","image":{"@type":"ImageObject","inLanguage":"pt-PT","@id":"https:\/\/llyc.global\/pt-pt\/#\/schema\/person\/image\/","url":"https:\/\/secure.gravatar.com\/avatar\/7d7f7916b167732e8952fd54d1a28124?s=96&d=mm&r=g","contentUrl":"https:\/\/secure.gravatar.com\/avatar\/7d7f7916b167732e8952fd54d1a28124?s=96&d=mm&r=g","caption":"Karla Cruz Cabrera"}}]}},"_links":{"self":[{"href":"https:\/\/llyc.global\/pt-pt\/wp-json\/wp\/v2\/posts\/463338","targetHints":{"allow":["GET"]}}],"collection":[{"href":"https:\/\/llyc.global\/pt-pt\/wp-json\/wp\/v2\/posts"}],"about":[{"href":"https:\/\/llyc.global\/pt-pt\/wp-json\/wp\/v2\/types\/post"}],"author":[{"embeddable":true,"href":"https:\/\/llyc.global\/pt-pt\/wp-json\/wp\/v2\/users\/22"}],"replies":[{"embeddable":true,"href":"https:\/\/llyc.global\/pt-pt\/wp-json\/wp\/v2\/comments?post=463338"}],"version-history":[{"count":3,"href":"https:\/\/llyc.global\/pt-pt\/wp-json\/wp\/v2\/posts\/463338\/revisions"}],"predecessor-version":[{"id":463353,"href":"https:\/\/llyc.global\/pt-pt\/wp-json\/wp\/v2\/posts\/463338\/revisions\/463353"}],"wp:attachment":[{"href":"https:\/\/llyc.global\/pt-pt\/wp-json\/wp\/v2\/media?parent=463338"}],"wp:term":[{"taxonomy":"category","embeddable":true,"href":"https:\/\/llyc.global\/pt-pt\/wp-json\/wp\/v2\/categories?post=463338"}],"curies":[{"name":"wp","href":"https:\/\/api.w.org\/{rel}","templated":true}]}}