{"id":58431,"date":"2020-04-01T00:00:00","date_gmt":"2020-03-31T22:00:00","guid":{"rendered":"https:\/\/llyc.global\/2020\/04\/01\/covid-19-criar-engagement-com-os-colaboradores-num-periodo-de-incerteza\/"},"modified":"2023-10-27T11:08:31","modified_gmt":"2023-10-27T09:08:31","slug":"covid-19-criar-engagement-com-os-colaboradores-num-periodo-de-incerteza","status":"publish","type":"post","link":"https:\/\/llyc.global\/pt-pt\/ideas\/covid-19-criar-engagement-com-os-colaboradores-num-periodo-de-incerteza\/","title":{"rendered":"COVID-19 CRIAR ENGAGEMENT COM OS COLABORADORES NUM PER\u00cdODO DE INCERTEZA"},"content":{"rendered":"<p>[et_pb_section bb_built=&#8221;1&#8243; _builder_version=&#8221;3.0.47&#8243; inner_width=&#8221;auto&#8221; inner_max_width=&#8221;none&#8221;][et_pb_row _builder_version=&#8221;3.0.47&#8243; background_size=&#8221;initial&#8221; background_position=&#8221;top_left&#8221; background_repeat=&#8221;repeat&#8221; width=&#8221;80%&#8221; max_width=&#8221;1080px&#8221;][et_pb_column type=&#8221;4_4&#8243; _builder_version=&#8221;3.0.47&#8243; parallax=&#8221;off&#8221; parallax_method=&#8221;on&#8221; custom_padding__hover=&#8221;|||&#8221; custom_padding=&#8221;|||&#8221;][et_pb_image src=&#8221;http:\/\/ideaspt.llorenteycuenca.com\/wp-content\/uploads\/sites\/9\/2020\/06\/PODCAST-PT.jpg&#8221; url=&#8221;https:\/\/www.ivoox.com\/covid-19-claves-para-gestionar-engagement-el-audios-mp3_rf_49532484_1.html&#8221; _builder_version=&#8221;4.4.8&#8243; align_last_edited=&#8221;on|desktop&#8221; align_tablet=&#8221;center&#8221; box_shadow_horizontal_tablet=&#8221;0px&#8221; box_shadow_vertical_tablet=&#8221;0px&#8221; box_shadow_blur_tablet=&#8221;40px&#8221; box_shadow_spread_tablet=&#8221;0px&#8221; vertical_offset_tablet=&#8221;0&#8243; horizontal_offset_tablet=&#8221;0&#8243; z_index_tablet=&#8221;0&#8243;]<\/p>\n<p>&nbsp;<\/p>\n<p>[\/et_pb_image][et_pb_image src=&#8221;http:\/\/ideaspt.llorenteycuenca.com\/wp-content\/uploads\/sites\/9\/2020\/06\/PODCAST-PT.jpg&#8221; url=&#8221;https:\/\/www.ivoox.com\/covid-19-claves-para-gestionar-engagement-el-audios-mp3_rf_49532484_1.html&#8221; _builder_version=&#8221;4.4.8&#8243; align_last_edited=&#8221;on|desktop&#8221; align_tablet=&#8221;center&#8221; box_shadow_horizontal_tablet=&#8221;0px&#8221; box_shadow_vertical_tablet=&#8221;0px&#8221; box_shadow_blur_tablet=&#8221;40px&#8221; box_shadow_spread_tablet=&#8221;0px&#8221; vertical_offset_tablet=&#8221;0&#8243; horizontal_offset_tablet=&#8221;0&#8243; z_index_tablet=&#8221;0&#8243;]<\/p>\n<p>&nbsp;<\/p>\n<p>[\/et_pb_image][et_pb_text _builder_version=&#8221;3.1.1&#8243; text_orientation=&#8221;left&#8221;]<\/p>\n<p>Quando demos as boas-vindas a esta nova d\u00e9cada em 1\u00ba de janeiro, n\u00e3o imagin\u00e1vamos que ela nos surpreenderia com um desafio t\u00e3o gigantesco quanto o que estamos enfrentando em todo o mundo. Sem d\u00favida, estamos em um contexto cheio de incertezas em que a sigla anglo-sax\u00f4nica VUCA (vol\u00e1til, incerto, complexo e amb\u00edguo) ficar\u00e1 aqu\u00e9m para descrever todo este cen\u00e1rio.<\/p>\n<p>As consequ\u00eancias da pandemia alteraram tudo, tamb\u00e9m a maneira como trabalhamos e nos relacionamos com a nossa empresa. De acordo com um estudo da Gartner, 88% das empresas incentivaram ou exigiram que seus funcion\u00e1rios trabalhassem em casa, muitas outras est\u00e3o pedindo um esfor\u00e7o quase tit\u00e2nico de profissionais de servi\u00e7os essenciais que se tornaram her\u00f3is apesar de tudo, e outros como na Espanha, que foram for\u00e7ados a realizar um Expediente Tempor\u00e1rio de Regula\u00e7\u00e3o do Trabalho (ERTE). Em todos os casos, s\u00e3o momentos extraordin\u00e1rios que apresentam pelo menos tr\u00eas desafios principais: Como mantermos a motiva\u00e7\u00e3o de uma for\u00e7a de trabalho a quem exige-se que coloque a responsabilidade social antes do bem-estar individual? Como aprimoramos o engajamento quando trabalhamos separadamente? Como recuperamos o \u00e2nimo depois de um processo doloroso?<\/p>\n<p>Acreditamos que a <strong>comunica\u00e7\u00e3o desempenha um papel fundamental<\/strong> na solu\u00e7\u00e3o desses desafios. &#8220;Dar seguran\u00e7a n\u00e3o \u00e9 oferecer informa\u00e7\u00f5es, mas conectar-se&#8221;, diz o professor do IESE, Yago de la Cierva. Portanto, a comunica\u00e7\u00e3o em tempos incertos deve ser baseada em relatos. Uma hist\u00f3ria envolvente, que marque a linha e o tom de tudo o que dizemos, que resuma a coisa mais importante que queremos contar. A hist\u00f3ria deve ser constru\u00edda a partir da empatia e do entendimento com as preocupa\u00e7\u00f5es de nossos profissionais. Ela baseia-se no reconhecimento como alavanca do engajamento, \u00e9 comunicada internamente, mas tamb\u00e9m \u00e9 vis\u00edvel externamente e \u00e9 concretizada e refletida em uma s\u00e9rie de conte\u00fados e experi\u00eancias que compartilham uma mensagem em comum.<\/p>\n<p>[\/et_pb_text][et_pb_text admin_label=&#8221;Destacado&#8221; _builder_version=&#8221;3.1.1&#8243; background_color=&#8221;#e6eef4&#8243; custom_margin=&#8221;60px|60px|60px|60px&#8221; custom_padding=&#8221;30px|30px|30px|30px&#8221; text_orientation=&#8221;left&#8221;]<\/p>\n<h2 style=\"text-align: center;\">\u201cA\u00a0comunica\u00e7\u00e3o em tempos incertos deve ser baseada em relatos. \u201d<\/h2>\n<p>[\/et_pb_text][et_pb_text _builder_version=&#8221;3.1.1&#8243; text_orientation=&#8221;left&#8221;]<\/p>\n<p>A partir de uma boa hist\u00f3ria, e com a inten\u00e7\u00e3o de clarear um pouco sobre esse est\u00e1gio, na \u00e1rea de Talent Engagement, refletimos sobre como deve ser essa comunica\u00e7\u00e3o, para que ela se incline na dire\u00e7\u00e3o certa:,<\/p>\n<ol>\n<li><strong> Pr\u00f3xima<\/strong>. Que escute, entenda e responda \u00e0s preocupa\u00e7\u00f5es do profissional. \u00c9 mais importante do que nunca usar uma linguagem clara, compreens\u00edvel e direta. O momento dos grandes discursos corporativos e complexos j\u00e1 passou.<\/li>\n<li><strong> Sincera. <\/strong>Para ser cred\u00edvel (sempre, mas mais ainda agora), \u00e9 necess\u00e1rio ser radicalmente honesto e isso geralmente acontece mostrando-se vulner\u00e1vel. N\u00e3o h\u00e1 nada errado em compartilhar as preocupa\u00e7\u00f5es para o futuro; \u00e9 bom aceitar a incerteza e dar-lhe o seu devido espa\u00e7o.<\/li>\n<li><strong> Constante.<\/strong> Segundo Yago de la Cierva, &#8220;a ansiedade cresce no v\u00e1cuo&#8221;. \u00c9 mais necess\u00e1rio do que nunca manter uma comunica\u00e7\u00e3o fluida com nossos profissionais, para n\u00e3o perder o contato. Devemos ser a principal fonte de informa\u00e7\u00e3o para tudo o que tem a ver com sua atividade profissional.<\/li>\n<li><strong> Bidirecional. <\/strong>A comunica\u00e7\u00e3o bidirecional \u00e9 um desafio para as organiza\u00e7\u00f5es, pois no exerc\u00edcio de criar conte\u00fado, precisamos adicionar o exerc\u00edcio de responder. No entanto, se deixarmos que as preocupa\u00e7\u00f5es dos profissionais fluam, possibilitaremos espa\u00e7os para express\u00e1-las, estaremos perto de ouvi-las e trabalharmos para agir, o benef\u00edcio ser\u00e1 maior. A comunica\u00e7\u00e3o unidirecional fornece um falso senso de controle, mas n\u00e3o representa a realidade da organiza\u00e7\u00e3o. N\u00e3o esque\u00e7amos que, se algu\u00e9m sente, \u00e9 prov\u00e1vel que o resto tamb\u00e9m sinta o mesmo.<\/li>\n<li><strong> Proativa.<\/strong> A preocupa\u00e7\u00e3o de nossos profissionais tem a ver com o desconhecimento sobre o futuro, do que vem a seguir. Antecipar-se a essa necessidade e fazer uma comunica\u00e7\u00e3o que esteja um passo \u00e0 frente melhorar\u00e1 a conex\u00e3o e o engajamento com eles.<\/li>\n<li><strong> Coerente.<\/strong> A comunica\u00e7\u00e3o deve ser coerente o tempo todo com o que fazemos. Tempos dif\u00edceis s\u00e3o a melhor oportunidade para mostrar qual \u00e9 a nossa cultura e maneira de fazer as coisas. Por esse motivo, devemos evitar a tenta\u00e7\u00e3o de criar hist\u00f3rias grandiloquentes, mas vazias. Mais uma vez, <em>storydoing <\/em>antes do <em>storytelling.<\/em><\/li>\n<li><strong> A longo prazo.<\/strong> Vamos manter os relatos e a comunica\u00e7\u00e3o depois que tudo isso passe. Poucas coisas ser\u00e3o iguais novamente, portanto, quando a rotina voltar, n\u00e3o vamos esquecer que nossos profissionais, todos eles, passaram por um momento doloroso. Vamos encontrar a oportunidade de gerar conte\u00fado e experi\u00eancias que sirvam como uma catarse coletiva em nossos ambientes de trabalho. Em todos os momentos, vamos combinar a capacidade de reagir no curto prazo, mas com o olhar para o longo.<\/li>\n<\/ol>\n<p>[\/et_pb_text][et_pb_image src=&#8221;http:\/\/ideaspt.llorenteycuenca.com\/wp-content\/uploads\/sites\/9\/2020\/05\/1-2.jpg&#8221; align=&#8221;center&#8221; _builder_version=&#8221;3.1.1&#8243; align_last_edited=&#8221;on|desktop&#8221; align_tablet=&#8221;center&#8221;]<\/p>\n<p>&nbsp;<\/p>\n<p>[\/et_pb_image][et_pb_text _builder_version=&#8221;3.1.1&#8243; text_orientation=&#8221;left&#8221;]<\/p>\n<p>&nbsp;<\/p>\n<p>Outra chave importante, al\u00e9m da boa comunica\u00e7\u00e3o, <strong>\u00e9 a maneira como a fazemos chegar ao nosso p\u00fablico.<\/strong> Nossa comunica\u00e7\u00e3o ou hist\u00f3ria devem ser compartilhadas:<\/p>\n<ul>\n<li>&#8211; Atrav\u00e9s de<strong> canais<\/strong> criados ou adaptados especificamente para o momento em que a organiza\u00e7\u00e3o e seus profissionais est\u00e3o passando. Canais \u00e1geis, participativos e adequados \u00e0 situa\u00e7\u00e3o. Vamos verificar se os canais que temos s\u00e3o v\u00e1lidos e, se n\u00e3o, n\u00e3o tenhamos medo de estabelecer novos.<\/li>\n<li><strong>As lideran\u00e7as de n\u00edvel intermedi\u00e1rio<\/strong> desempenham um papel fundamental e, nestes momentos, costumam ficar sob press\u00e3o. Elas nem sempre t\u00eam informa\u00e7\u00f5es em primeira m\u00e3o e, ao mesmo tempo, s\u00e3o o principal contato pessoal da empresa com muitos profissionais. Crie um manual para eles, d\u00ea conselhos sobre como gerenciar a equipe em um momento como este e ofere\u00e7a ferramentas de comunica\u00e7\u00e3o \u00fateis.<\/li>\n<li>As formas s\u00e3o mais importantes do que nunca, por isso<strong>, o exemplo<\/strong> \u00e9 mais um caminho para compartilhar hist\u00f3rias. N\u00e3o podemos pedir aos profissionais que se comportem de uma maneira enquanto nos comportamos de outra. Recompense os comportamentos que voc\u00ea deseja impulsionar e implemente-os a partir do direcionamento da empresa.<\/li>\n<li>Por meio de uma <strong>rede de embaixadores externos e internos<\/strong> que impulsionem uma comunica\u00e7\u00e3o mais informal. \u00c9 importante mostrar normalidade, pois ajuda a refor\u00e7ar a tranquilidade da equipe. Designe embaixadores dentro da organiza\u00e7\u00e3o e convide-os a compartilhar publicamente (em redes sociais, grupos, &#8230;) e em particular (entre seus colegas) como \u00e9 o trabalho di\u00e1rio nessas novas circunst\u00e2ncias.<\/li>\n<\/ul>\n<p>[\/et_pb_text][et_pb_image src=&#8221;http:\/\/ideaspt.llorenteycuenca.com\/wp-content\/uploads\/sites\/9\/2020\/05\/3-1.jpg&#8221; align=&#8221;center&#8221; _builder_version=&#8221;3.1.1&#8243; align_last_edited=&#8221;on|desktop&#8221; align_tablet=&#8221;center&#8221;]<\/p>\n<p>&nbsp;<\/p>\n<p>[\/et_pb_image][et_pb_text admin_label=&#8221;Destacado&#8221; _builder_version=&#8221;3.1.1&#8243; background_color=&#8221;#e6eef4&#8243; custom_margin=&#8221;60px|60px|60px|60px&#8221; custom_padding=&#8221;30px|30px|30px|30px&#8221; text_orientation=&#8221;left&#8221;]<\/p>\n<h2 style=\"text-align: center;\">\u201cAs lideran\u00e7as de n\u00edvel intermedi\u00e1rio desempenham um papel fundamental e, nestes momentos, costumam ficar sob press\u00e3o.Recompense os comportamentos que voc\u00ea deseja impulsionar e implemente-os a partir do direcionamento da empresa.\u201d<\/h2>\n<p>[\/et_pb_text][et_pb_text _builder_version=&#8221;3.1.1&#8243; text_orientation=&#8221;left&#8221;]<\/p>\n<p>Por \u00faltimo, mas n\u00e3o menos importante, devemos <strong>medir e perguntar constantemente.<\/strong> Hoje, a tecnologia nos permite obter informa\u00e7\u00f5es de nossos profissionais quase em tempo real. Recorra \u00e0s ferramentas de pesquisa para perguntar a seus profissionais como eles est\u00e3o e o que est\u00e3o sentindo falta. Contar com eles far\u00e1 com que se sintam ouvidos e tamb\u00e9m lhe dar\u00e1 ideias sobre quais mensagens e \/ ou a\u00e7\u00f5es precisam ser refor\u00e7adas.<\/p>\n<p>\u00c9 verdade que o Covid mudou muita coisa em n\u00f3s. A maneira como trabalhamos mudou, o modo como nos relacionamos com a nossa empresa e entre os funcion\u00e1rios. Nossas prioridades e comportamentos mudaram. Ent\u00e3o, vamos mudar nossa maneira de nos comunicar para estar presente agora e quando tudo acontecer.<\/p>\n<p style=\"text-align: center;\"><span style=\"text-decoration: underline; color: #0c71c3;\"><strong>Este art\u00edculo fue elaborado con la colaboraci\u00f3n de Roc\u00edo Tornero, Consultora de <em>Talent Engagement<\/em> de LLYC.<\/strong><\/span><\/p>\n<p>[\/et_pb_text][et_pb_text _builder_version=&#8221;3.1.1&#8243; text_orientation=&#8221;left&#8221;]<\/p>\n<p style=\"text-align: center;\"><span style=\"text-decoration: underline; color: #0c71c3;\"><em>\u00bfTe ha gustado este art\u00edculo? \u00bfQuieres contactar con nosotros?<\/em><\/span><\/p>\n<p>[\/et_pb_text][\/et_pb_column][\/et_pb_row][\/et_pb_section]<\/p>\n","protected":false},"excerpt":{"rendered":"<p>[et_pb_section bb_built=&#8221;1&#8243; _builder_version=&#8221;3.0.47&#8243; inner_width=&#8221;auto&#8221; inner_max_width=&#8221;none&#8221;][et_pb_row _builder_version=&#8221;3.0.47&#8243; background_size=&#8221;initial&#8221; background_position=&#8221;top_left&#8221; background_repeat=&#8221;repeat&#8221; width=&#8221;80%&#8221; max_width=&#8221;1080px&#8221;][et_pb_column type=&#8221;4_4&#8243; _builder_version=&#8221;3.0.47&#8243; parallax=&#8221;off&#8221; parallax_method=&#8221;on&#8221; custom_padding__hover=&#8221;|||&#8221; custom_padding=&#8221;|||&#8221;][et_pb_image src=&#8221;http:\/\/ideaspt.llorenteycuenca.com\/wp-content\/uploads\/sites\/9\/2020\/06\/PODCAST-PT.jpg&#8221; url=&#8221;https:\/\/www.ivoox.com\/covid-19-claves-para-gestionar-engagement-el-audios-mp3_rf_49532484_1.html&#8221; _builder_version=&#8221;4.4.8&#8243; align_last_edited=&#8221;on|desktop&#8221; align_tablet=&#8221;center&#8221; box_shadow_horizontal_tablet=&#8221;0px&#8221; box_shadow_vertical_tablet=&#8221;0px&#8221; box_shadow_blur_tablet=&#8221;40px&#8221; box_shadow_spread_tablet=&#8221;0px&#8221; vertical_offset_tablet=&#8221;0&#8243; horizontal_offset_tablet=&#8221;0&#8243; z_index_tablet=&#8221;0&#8243;] &nbsp; [\/et_pb_image][et_pb_image src=&#8221;http:\/\/ideaspt.llorenteycuenca.com\/wp-content\/uploads\/sites\/9\/2020\/06\/PODCAST-PT.jpg&#8221; url=&#8221;https:\/\/www.ivoox.com\/covid-19-claves-para-gestionar-engagement-el-audios-mp3_rf_49532484_1.html&#8221; _builder_version=&#8221;4.4.8&#8243; align_last_edited=&#8221;on|desktop&#8221; align_tablet=&#8221;center&#8221; box_shadow_horizontal_tablet=&#8221;0px&#8221; box_shadow_vertical_tablet=&#8221;0px&#8221; box_shadow_blur_tablet=&#8221;40px&#8221; box_shadow_spread_tablet=&#8221;0px&#8221; vertical_offset_tablet=&#8221;0&#8243; horizontal_offset_tablet=&#8221;0&#8243; z_index_tablet=&#8221;0&#8243;] &nbsp; [\/et_pb_image][et_pb_text _builder_version=&#8221;3.1.1&#8243; text_orientation=&#8221;left&#8221;] Quando demos as boas-vindas a esta nova d\u00e9cada [&hellip;]<\/p>\n","protected":false},"author":4,"featured_media":58432,"comment_status":"closed","ping_status":"closed","sticky":false,"template":"","format":"standard","meta":{"_acf_changed":false,"_et_pb_use_builder":"","_et_pb_old_content":"","_et_gb_content_width":"","footnotes":""},"categories":[88],"class_list":["post-58431","post","type-post","status-publish","format-standard","has-post-thumbnail","hentry","category-ideas"],"acf":[],"yoast_head":"<!-- This site is optimized with the Yoast SEO Premium plugin v24.7 (Yoast SEO v24.7) - https:\/\/yoast.com\/wordpress\/plugins\/seo\/ -->\n<title>COVID-19 CRIAR ENGAGEMENT COM OS COLABORADORES NUM PER\u00cdODO DE INCERTEZA - LLYC<\/title>\n<meta name=\"robots\" content=\"index, follow, max-snippet:-1, max-image-preview:large, max-video-preview:-1\" \/>\n<link rel=\"canonical\" href=\"https:\/\/llyc.global\/pt-pt\/ideas\/covid-19-criar-engagement-com-os-colaboradores-num-periodo-de-incerteza\/\" \/>\n<meta property=\"og:locale\" content=\"pt_PT\" \/>\n<meta property=\"og:type\" content=\"article\" \/>\n<meta property=\"og:title\" content=\"COVID-19 CRIAR ENGAGEMENT COM OS COLABORADORES NUM PER\u00cdODO DE INCERTEZA\" \/>\n<meta property=\"og:description\" content=\"[et_pb_section bb_built=&#8221;1&#8243; _builder_version=&#8221;3.0.47&#8243; inner_width=&#8221;auto&#8221; inner_max_width=&#8221;none&#8221;][et_pb_row _builder_version=&#8221;3.0.47&#8243; background_size=&#8221;initial&#8221; background_position=&#8221;top_left&#8221; background_repeat=&#8221;repeat&#8221; width=&#8221;80%&#8221; max_width=&#8221;1080px&#8221;][et_pb_column type=&#8221;4_4&#8243; _builder_version=&#8221;3.0.47&#8243; parallax=&#8221;off&#8221; parallax_method=&#8221;on&#8221; custom_padding__hover=&#8221;|||&#8221; custom_padding=&#8221;|||&#8221;][et_pb_image src=&#8221;http:\/\/ideaspt.llorenteycuenca.com\/wp-content\/uploads\/sites\/9\/2020\/06\/PODCAST-PT.jpg&#8221; url=&#8221;https:\/\/www.ivoox.com\/covid-19-claves-para-gestionar-engagement-el-audios-mp3_rf_49532484_1.html&#8221; _builder_version=&#8221;4.4.8&#8243; align_last_edited=&#8221;on|desktop&#8221; align_tablet=&#8221;center&#8221; box_shadow_horizontal_tablet=&#8221;0px&#8221; box_shadow_vertical_tablet=&#8221;0px&#8221; box_shadow_blur_tablet=&#8221;40px&#8221; box_shadow_spread_tablet=&#8221;0px&#8221; vertical_offset_tablet=&#8221;0&#8243; horizontal_offset_tablet=&#8221;0&#8243; z_index_tablet=&#8221;0&#8243;] &nbsp; [\/et_pb_image][et_pb_image src=&#8221;http:\/\/ideaspt.llorenteycuenca.com\/wp-content\/uploads\/sites\/9\/2020\/06\/PODCAST-PT.jpg&#8221; url=&#8221;https:\/\/www.ivoox.com\/covid-19-claves-para-gestionar-engagement-el-audios-mp3_rf_49532484_1.html&#8221; _builder_version=&#8221;4.4.8&#8243; align_last_edited=&#8221;on|desktop&#8221; align_tablet=&#8221;center&#8221; box_shadow_horizontal_tablet=&#8221;0px&#8221; box_shadow_vertical_tablet=&#8221;0px&#8221; box_shadow_blur_tablet=&#8221;40px&#8221; box_shadow_spread_tablet=&#8221;0px&#8221; vertical_offset_tablet=&#8221;0&#8243; horizontal_offset_tablet=&#8221;0&#8243; z_index_tablet=&#8221;0&#8243;] &nbsp; [\/et_pb_image][et_pb_text _builder_version=&#8221;3.1.1&#8243; text_orientation=&#8221;left&#8221;] Quando demos as boas-vindas a esta nova d\u00e9cada [&hellip;]\" \/>\n<meta property=\"og:url\" content=\"https:\/\/llyc.global\/pt-pt\/ideas\/covid-19-criar-engagement-com-os-colaboradores-num-periodo-de-incerteza\/\" \/>\n<meta property=\"og:site_name\" content=\"LLYC\" \/>\n<meta property=\"article:publisher\" content=\"https:\/\/www.facebook.com\/LLYC.Global\/\" \/>\n<meta property=\"article:published_time\" content=\"2020-03-31T22:00:00+00:00\" \/>\n<meta property=\"article:modified_time\" content=\"2023-10-27T09:08:31+00:00\" \/>\n<meta property=\"og:image\" content=\"https:\/\/llyc.global\/wp-content\/uploads\/2023\/09\/slider1.png\" \/>\n\t<meta property=\"og:image:width\" content=\"1695\" \/>\n\t<meta property=\"og:image:height\" content=\"718\" \/>\n\t<meta property=\"og:image:type\" content=\"image\/png\" \/>\n<meta name=\"author\" content=\"maguilar\" \/>\n<meta name=\"twitter:card\" content=\"summary_large_image\" \/>\n<meta name=\"twitter:image\" content=\"https:\/\/llyc.global\/wp-content\/uploads\/2023\/09\/slider1.png\" \/>\n<meta name=\"twitter:creator\" content=\"@llorenteycuenca\" \/>\n<meta name=\"twitter:site\" content=\"@llorenteycuenca\" \/>\n<meta name=\"twitter:label1\" content=\"Written by\" \/>\n\t<meta name=\"twitter:data1\" content=\"maguilar\" \/>\n\t<meta name=\"twitter:label2\" content=\"Est. reading time\" \/>\n\t<meta name=\"twitter:data2\" content=\"8 minutos\" \/>\n<!-- \/ Yoast SEO Premium plugin. -->","yoast_head_json":{"title":"COVID-19 CRIAR ENGAGEMENT COM OS COLABORADORES NUM PER\u00cdODO DE INCERTEZA - LLYC","robots":{"index":"index","follow":"follow","max-snippet":"max-snippet:-1","max-image-preview":"max-image-preview:large","max-video-preview":"max-video-preview:-1"},"canonical":"https:\/\/llyc.global\/pt-pt\/ideas\/covid-19-criar-engagement-com-os-colaboradores-num-periodo-de-incerteza\/","og_locale":"pt_PT","og_type":"article","og_title":"COVID-19 CRIAR ENGAGEMENT COM OS COLABORADORES NUM PER\u00cdODO DE INCERTEZA","og_description":"[et_pb_section bb_built=&#8221;1&#8243; _builder_version=&#8221;3.0.47&#8243; inner_width=&#8221;auto&#8221; inner_max_width=&#8221;none&#8221;][et_pb_row _builder_version=&#8221;3.0.47&#8243; background_size=&#8221;initial&#8221; background_position=&#8221;top_left&#8221; background_repeat=&#8221;repeat&#8221; width=&#8221;80%&#8221; max_width=&#8221;1080px&#8221;][et_pb_column type=&#8221;4_4&#8243; _builder_version=&#8221;3.0.47&#8243; parallax=&#8221;off&#8221; parallax_method=&#8221;on&#8221; custom_padding__hover=&#8221;|||&#8221; custom_padding=&#8221;|||&#8221;][et_pb_image src=&#8221;http:\/\/ideaspt.llorenteycuenca.com\/wp-content\/uploads\/sites\/9\/2020\/06\/PODCAST-PT.jpg&#8221; url=&#8221;https:\/\/www.ivoox.com\/covid-19-claves-para-gestionar-engagement-el-audios-mp3_rf_49532484_1.html&#8221; _builder_version=&#8221;4.4.8&#8243; align_last_edited=&#8221;on|desktop&#8221; align_tablet=&#8221;center&#8221; box_shadow_horizontal_tablet=&#8221;0px&#8221; box_shadow_vertical_tablet=&#8221;0px&#8221; box_shadow_blur_tablet=&#8221;40px&#8221; box_shadow_spread_tablet=&#8221;0px&#8221; vertical_offset_tablet=&#8221;0&#8243; horizontal_offset_tablet=&#8221;0&#8243; z_index_tablet=&#8221;0&#8243;] &nbsp; [\/et_pb_image][et_pb_image src=&#8221;http:\/\/ideaspt.llorenteycuenca.com\/wp-content\/uploads\/sites\/9\/2020\/06\/PODCAST-PT.jpg&#8221; url=&#8221;https:\/\/www.ivoox.com\/covid-19-claves-para-gestionar-engagement-el-audios-mp3_rf_49532484_1.html&#8221; _builder_version=&#8221;4.4.8&#8243; align_last_edited=&#8221;on|desktop&#8221; align_tablet=&#8221;center&#8221; box_shadow_horizontal_tablet=&#8221;0px&#8221; box_shadow_vertical_tablet=&#8221;0px&#8221; box_shadow_blur_tablet=&#8221;40px&#8221; box_shadow_spread_tablet=&#8221;0px&#8221; vertical_offset_tablet=&#8221;0&#8243; horizontal_offset_tablet=&#8221;0&#8243; z_index_tablet=&#8221;0&#8243;] &nbsp; [\/et_pb_image][et_pb_text _builder_version=&#8221;3.1.1&#8243; text_orientation=&#8221;left&#8221;] Quando demos as boas-vindas a esta nova d\u00e9cada [&hellip;]","og_url":"https:\/\/llyc.global\/pt-pt\/ideas\/covid-19-criar-engagement-com-os-colaboradores-num-periodo-de-incerteza\/","og_site_name":"LLYC","article_publisher":"https:\/\/www.facebook.com\/LLYC.Global\/","article_published_time":"2020-03-31T22:00:00+00:00","article_modified_time":"2023-10-27T09:08:31+00:00","og_image":[{"width":1695,"height":718,"url":"https:\/\/llyc.global\/wp-content\/uploads\/2023\/09\/slider1.png","type":"image\/png"}],"author":"maguilar","twitter_card":"summary_large_image","twitter_image":"https:\/\/llyc.global\/wp-content\/uploads\/2023\/09\/slider1.png","twitter_creator":"@llorenteycuenca","twitter_site":"@llorenteycuenca","twitter_misc":{"Written by":"maguilar","Est. reading time":"8 minutos"},"schema":{"@context":"https:\/\/schema.org","@graph":[{"@type":"WebPage","@id":"https:\/\/llyc.global\/pt-pt\/ideas\/covid-19-criar-engagement-com-os-colaboradores-num-periodo-de-incerteza\/","url":"https:\/\/llyc.global\/pt-pt\/ideas\/covid-19-criar-engagement-com-os-colaboradores-num-periodo-de-incerteza\/","name":"COVID-19 CRIAR ENGAGEMENT COM OS COLABORADORES NUM PER\u00cdODO DE INCERTEZA - LLYC","isPartOf":{"@id":"https:\/\/llyc.global\/pt-pt\/#website"},"primaryImageOfPage":{"@id":"https:\/\/llyc.global\/pt-pt\/ideas\/covid-19-criar-engagement-com-os-colaboradores-num-periodo-de-incerteza\/#primaryimage"},"image":{"@id":"https:\/\/llyc.global\/pt-pt\/ideas\/covid-19-criar-engagement-com-os-colaboradores-num-periodo-de-incerteza\/#primaryimage"},"thumbnailUrl":"https:\/\/llyc.global\/wp-content\/uploads\/2023\/10\/200331_Ideas_engagement_covid_CUERPO-INTERIOR-WEB-2.jpg","datePublished":"2020-03-31T22:00:00+00:00","dateModified":"2023-10-27T09:08:31+00:00","author":{"@id":"https:\/\/llyc.global\/pt-pt\/#\/schema\/person\/8187160eba73b996b064cce622bd4541"},"breadcrumb":{"@id":"https:\/\/llyc.global\/pt-pt\/ideas\/covid-19-criar-engagement-com-os-colaboradores-num-periodo-de-incerteza\/#breadcrumb"},"inLanguage":"pt-PT","potentialAction":[{"@type":"ReadAction","target":["https:\/\/llyc.global\/pt-pt\/ideas\/covid-19-criar-engagement-com-os-colaboradores-num-periodo-de-incerteza\/"]}]},{"@type":"ImageObject","inLanguage":"pt-PT","@id":"https:\/\/llyc.global\/pt-pt\/ideas\/covid-19-criar-engagement-com-os-colaboradores-num-periodo-de-incerteza\/#primaryimage","url":"https:\/\/llyc.global\/wp-content\/uploads\/2023\/10\/200331_Ideas_engagement_covid_CUERPO-INTERIOR-WEB-2.jpg","contentUrl":"https:\/\/llyc.global\/wp-content\/uploads\/2023\/10\/200331_Ideas_engagement_covid_CUERPO-INTERIOR-WEB-2.jpg","width":350,"height":194},{"@type":"BreadcrumbList","@id":"https:\/\/llyc.global\/pt-pt\/ideas\/covid-19-criar-engagement-com-os-colaboradores-num-periodo-de-incerteza\/#breadcrumb","itemListElement":[{"@type":"ListItem","position":1,"name":"Home","item":"https:\/\/llyc.global\/pt-pt\/"},{"@type":"ListItem","position":2,"name":"COVID-19 CRIAR ENGAGEMENT COM OS COLABORADORES NUM PER\u00cdODO DE INCERTEZA"}]},{"@type":"WebSite","@id":"https:\/\/llyc.global\/pt-pt\/#website","url":"https:\/\/llyc.global\/pt-pt\/","name":"LLYC","description":"Consultoria de comunicaci\u00f3n marketing y asuntos p\u00fablicos","potentialAction":[{"@type":"SearchAction","target":{"@type":"EntryPoint","urlTemplate":"https:\/\/llyc.global\/pt-pt\/?s={search_term_string}"},"query-input":{"@type":"PropertyValueSpecification","valueRequired":true,"valueName":"search_term_string"}}],"inLanguage":"pt-PT"},{"@type":"Person","@id":"https:\/\/llyc.global\/pt-pt\/#\/schema\/person\/8187160eba73b996b064cce622bd4541","name":"maguilar","image":{"@type":"ImageObject","inLanguage":"pt-PT","@id":"https:\/\/llyc.global\/pt-pt\/#\/schema\/person\/image\/","url":"https:\/\/secure.gravatar.com\/avatar\/2567cb4cb8cda24204d7f7cde2c10fbd?s=96&d=mm&r=g","contentUrl":"https:\/\/secure.gravatar.com\/avatar\/2567cb4cb8cda24204d7f7cde2c10fbd?s=96&d=mm&r=g","caption":"maguilar"}}]}},"_links":{"self":[{"href":"https:\/\/llyc.global\/pt-pt\/wp-json\/wp\/v2\/posts\/58431","targetHints":{"allow":["GET"]}}],"collection":[{"href":"https:\/\/llyc.global\/pt-pt\/wp-json\/wp\/v2\/posts"}],"about":[{"href":"https:\/\/llyc.global\/pt-pt\/wp-json\/wp\/v2\/types\/post"}],"author":[{"embeddable":true,"href":"https:\/\/llyc.global\/pt-pt\/wp-json\/wp\/v2\/users\/4"}],"replies":[{"embeddable":true,"href":"https:\/\/llyc.global\/pt-pt\/wp-json\/wp\/v2\/comments?post=58431"}],"version-history":[{"count":1,"href":"https:\/\/llyc.global\/pt-pt\/wp-json\/wp\/v2\/posts\/58431\/revisions"}],"predecessor-version":[{"id":63289,"href":"https:\/\/llyc.global\/pt-pt\/wp-json\/wp\/v2\/posts\/58431\/revisions\/63289"}],"wp:featuredmedia":[{"embeddable":true,"href":"https:\/\/llyc.global\/pt-pt\/wp-json\/wp\/v2\/media\/58432"}],"wp:attachment":[{"href":"https:\/\/llyc.global\/pt-pt\/wp-json\/wp\/v2\/media?parent=58431"}],"wp:term":[{"taxonomy":"category","embeddable":true,"href":"https:\/\/llyc.global\/pt-pt\/wp-json\/wp\/v2\/categories?post=58431"}],"curies":[{"name":"wp","href":"https:\/\/api.w.org\/{rel}","templated":true}]}}