{"id":90221,"date":"2020-06-30T00:00:00","date_gmt":"2020-06-29T22:00:00","guid":{"rendered":"https:\/\/llyc.global\/?p=90221"},"modified":"2023-11-10T22:26:54","modified_gmt":"2023-11-10T21:26:54","slug":"vencedores-nos-premios-sabre-emea-2020","status":"publish","type":"post","link":"https:\/\/llyc.global\/pt-pt\/marketing\/tendencias\/vencedores-nos-premios-sabre-emea-2020\/","title":{"rendered":"Vencedores nos Pr\u00e9mios SABRE EMEA 2020!"},"content":{"rendered":"<p>O nosso projeto Elevate Mission, no qual trabalh\u00e1mos em conjunto com a Talent Engagement e a Digital para a Schindler Iberia, foi premiado na categoria Iberia dos SABRE Awards EMEA 2020.<\/p>\n<p>Estes pr\u00e9mios reconhecem os melhores trabalhos no sector da comunica\u00e7\u00e3o que alcan\u00e7am resultados atrav\u00e9s do planeamento estrat\u00e9gico e da criatividade. Mais de 600 candidaturas foram submetidas para os SABRE Awards EMEA deste ano.<\/p>\n<p>Que emo\u00e7\u00e3o!<\/p>\n<p>[\/et_pb_text][et_pb_video _builder_version=&#8221;3.1.1&#8243; src=&#8221;https:\/\/www.youtube.com\/watch?v=KTY15k90-p8&amp;feature=emb_title&#8221; \/][et_pb_button _builder_version=&#8221;3.1. 1&#8243; button_text=&#8221;Visite o caso completo&#8221; url_new_window=&#8221;on&#8221; background_layout=&#8221;dark&#8221; custom_button=&#8221;on&#8221; button_text_color=&#8221;#ffffff&#8221; button_bg_color=&#8221;#d74154&#8243; button_url=&#8221;https:\/\/marcasconectadas. comunicacionyreputacion.com\/2020\/07\/08\/elevate-mission-as-schindler-iberia-connect-with-employees-through-entertainment\/&#8221; \/][\/et_pb_column][\/et_pb_row][\/et_pb_section][\/et_pb_section]<\/p>\n","protected":false},"excerpt":{"rendered":"<p>O nosso projeto Elevate Mission, no qual trabalh\u00e1mos em conjunto com a Talent Engagement e a Digital para a Schindler Iberia, foi premiado na categoria Iberia dos SABRE Awards EMEA 2020. Estes pr\u00e9mios reconhecem os melhores trabalhos no sector da comunica\u00e7\u00e3o que alcan\u00e7am resultados atrav\u00e9s do planeamento estrat\u00e9gico e da criatividade. Mais de 600 candidaturas [&hellip;]<\/p>\n","protected":false},"author":2,"featured_media":0,"comment_status":"closed","ping_status":"closed","sticky":false,"template":"","format":"standard","meta":{"_acf_changed":false,"_et_pb_use_builder":"","_et_pb_old_content":"","_et_gb_content_width":"","footnotes":""},"categories":[95],"class_list":["post-90221","post","type-post","status-publish","format-standard","hentry","category-marketing"],"acf":[],"yoast_head":"<!-- This site is optimized with the Yoast SEO Premium plugin v24.7 (Yoast SEO v24.7) - https:\/\/yoast.com\/wordpress\/plugins\/seo\/ -->\n<title>Vencedores nos Pr\u00e9mios SABRE EMEA 2020! - LLYC<\/title>\n<meta name=\"robots\" content=\"index, follow, max-snippet:-1, max-image-preview:large, max-video-preview:-1\" \/>\n<link rel=\"canonical\" href=\"https:\/\/llyc.global\/pt-pt\/marketing\/tendencias\/vencedores-nos-premios-sabre-emea-2020\/\" \/>\n<meta property=\"og:locale\" content=\"pt_PT\" \/>\n<meta property=\"og:type\" content=\"article\" \/>\n<meta property=\"og:title\" content=\"Vencedores nos Pr\u00e9mios SABRE EMEA 2020!\" \/>\n<meta property=\"og:description\" content=\"O nosso projeto Elevate Mission, no qual trabalh\u00e1mos em conjunto com a Talent Engagement e a Digital para a Schindler Iberia, foi premiado na categoria Iberia dos SABRE Awards EMEA 2020. Estes pr\u00e9mios reconhecem os melhores trabalhos no sector da comunica\u00e7\u00e3o que alcan\u00e7am resultados atrav\u00e9s do planeamento estrat\u00e9gico e da criatividade. Mais de 600 candidaturas [&hellip;]\" \/>\n<meta property=\"og:url\" content=\"https:\/\/llyc.global\/pt-pt\/marketing\/tendencias\/vencedores-nos-premios-sabre-emea-2020\/\" \/>\n<meta property=\"og:site_name\" content=\"LLYC\" \/>\n<meta property=\"article:publisher\" content=\"https:\/\/www.facebook.com\/LLYC.Global\/\" \/>\n<meta property=\"article:published_time\" content=\"2020-06-29T22:00:00+00:00\" \/>\n<meta property=\"article:modified_time\" content=\"2023-11-10T21:26:54+00:00\" \/>\n<meta name=\"author\" content=\"vvalencia\" \/>\n<meta name=\"twitter:card\" content=\"summary_large_image\" \/>\n<meta name=\"twitter:creator\" content=\"@llorenteycuenca\" \/>\n<meta name=\"twitter:site\" content=\"@llorenteycuenca\" \/>\n<meta name=\"twitter:label1\" content=\"Written by\" \/>\n\t<meta name=\"twitter:data1\" content=\"vvalencia\" \/>\n\t<meta name=\"twitter:label2\" content=\"Est. reading time\" \/>\n\t<meta name=\"twitter:data2\" content=\"1 minuto\" \/>\n<!-- \/ Yoast SEO Premium plugin. -->","yoast_head_json":{"title":"Vencedores nos Pr\u00e9mios SABRE EMEA 2020! - LLYC","robots":{"index":"index","follow":"follow","max-snippet":"max-snippet:-1","max-image-preview":"max-image-preview:large","max-video-preview":"max-video-preview:-1"},"canonical":"https:\/\/llyc.global\/pt-pt\/marketing\/tendencias\/vencedores-nos-premios-sabre-emea-2020\/","og_locale":"pt_PT","og_type":"article","og_title":"Vencedores nos Pr\u00e9mios SABRE EMEA 2020!","og_description":"O nosso projeto Elevate Mission, no qual trabalh\u00e1mos em conjunto com a Talent Engagement e a Digital para a Schindler Iberia, foi premiado na categoria Iberia dos SABRE Awards EMEA 2020. Estes pr\u00e9mios reconhecem os melhores trabalhos no sector da comunica\u00e7\u00e3o que alcan\u00e7am resultados atrav\u00e9s do planeamento estrat\u00e9gico e da criatividade. Mais de 600 candidaturas [&hellip;]","og_url":"https:\/\/llyc.global\/pt-pt\/marketing\/tendencias\/vencedores-nos-premios-sabre-emea-2020\/","og_site_name":"LLYC","article_publisher":"https:\/\/www.facebook.com\/LLYC.Global\/","article_published_time":"2020-06-29T22:00:00+00:00","article_modified_time":"2023-11-10T21:26:54+00:00","author":"vvalencia","twitter_card":"summary_large_image","twitter_creator":"@llorenteycuenca","twitter_site":"@llorenteycuenca","twitter_misc":{"Written by":"vvalencia","Est. reading time":"1 minuto"},"schema":{"@context":"https:\/\/schema.org","@graph":[{"@type":"WebPage","@id":"https:\/\/llyc.global\/pt-pt\/marketing\/tendencias\/vencedores-nos-premios-sabre-emea-2020\/","url":"https:\/\/llyc.global\/pt-pt\/marketing\/tendencias\/vencedores-nos-premios-sabre-emea-2020\/","name":"Vencedores nos Pr\u00e9mios SABRE EMEA 2020! - LLYC","isPartOf":{"@id":"https:\/\/llyc.global\/pt-pt\/#website"},"datePublished":"2020-06-29T22:00:00+00:00","dateModified":"2023-11-10T21:26:54+00:00","author":{"@id":"https:\/\/llyc.global\/pt-pt\/#\/schema\/person\/97bcdc005c6c36858ad3d12ef8b1503a"},"breadcrumb":{"@id":"https:\/\/llyc.global\/pt-pt\/marketing\/tendencias\/vencedores-nos-premios-sabre-emea-2020\/#breadcrumb"},"inLanguage":"pt-PT","potentialAction":[{"@type":"ReadAction","target":["https:\/\/llyc.global\/pt-pt\/marketing\/tendencias\/vencedores-nos-premios-sabre-emea-2020\/"]}]},{"@type":"BreadcrumbList","@id":"https:\/\/llyc.global\/pt-pt\/marketing\/tendencias\/vencedores-nos-premios-sabre-emea-2020\/#breadcrumb","itemListElement":[{"@type":"ListItem","position":1,"name":"Home","item":"https:\/\/llyc.global\/pt-pt\/"},{"@type":"ListItem","position":2,"name":"Vencedores nos Pr\u00e9mios SABRE EMEA 2020!"}]},{"@type":"WebSite","@id":"https:\/\/llyc.global\/pt-pt\/#website","url":"https:\/\/llyc.global\/pt-pt\/","name":"LLYC","description":"Consultoria de comunicaci\u00f3n marketing y asuntos p\u00fablicos","potentialAction":[{"@type":"SearchAction","target":{"@type":"EntryPoint","urlTemplate":"https:\/\/llyc.global\/pt-pt\/?s={search_term_string}"},"query-input":{"@type":"PropertyValueSpecification","valueRequired":true,"valueName":"search_term_string"}}],"inLanguage":"pt-PT"},{"@type":"Person","@id":"https:\/\/llyc.global\/pt-pt\/#\/schema\/person\/97bcdc005c6c36858ad3d12ef8b1503a","name":"vvalencia","image":{"@type":"ImageObject","inLanguage":"pt-PT","@id":"https:\/\/llyc.global\/pt-pt\/#\/schema\/person\/image\/","url":"https:\/\/secure.gravatar.com\/avatar\/b81bdea2bf92a26d04ce686d71056b1f?s=96&d=mm&r=g","contentUrl":"https:\/\/secure.gravatar.com\/avatar\/b81bdea2bf92a26d04ce686d71056b1f?s=96&d=mm&r=g","caption":"vvalencia"}}]}},"_links":{"self":[{"href":"https:\/\/llyc.global\/pt-pt\/wp-json\/wp\/v2\/posts\/90221","targetHints":{"allow":["GET"]}}],"collection":[{"href":"https:\/\/llyc.global\/pt-pt\/wp-json\/wp\/v2\/posts"}],"about":[{"href":"https:\/\/llyc.global\/pt-pt\/wp-json\/wp\/v2\/types\/post"}],"author":[{"embeddable":true,"href":"https:\/\/llyc.global\/pt-pt\/wp-json\/wp\/v2\/users\/2"}],"replies":[{"embeddable":true,"href":"https:\/\/llyc.global\/pt-pt\/wp-json\/wp\/v2\/comments?post=90221"}],"version-history":[{"count":1,"href":"https:\/\/llyc.global\/pt-pt\/wp-json\/wp\/v2\/posts\/90221\/revisions"}],"predecessor-version":[{"id":90224,"href":"https:\/\/llyc.global\/pt-pt\/wp-json\/wp\/v2\/posts\/90221\/revisions\/90224"}],"wp:attachment":[{"href":"https:\/\/llyc.global\/pt-pt\/wp-json\/wp\/v2\/media?parent=90221"}],"wp:term":[{"taxonomy":"category","embeddable":true,"href":"https:\/\/llyc.global\/pt-pt\/wp-json\/wp\/v2\/categories?post=90221"}],"curies":[{"name":"wp","href":"https:\/\/api.w.org\/{rel}","templated":true}]}}